{"id":65127,"date":"2012-10-27T08:03:54","date_gmt":"2012-10-27T07:03:54","guid":{"rendered":"http:\/\/www.visit-ulcinj.com\/blog\/?p=65127"},"modified":"2012-10-27T08:03:54","modified_gmt":"2012-10-27T07:03:54","slug":"cungu-telegram-cestitka-povodom-kurban-bajrama","status":"publish","type":"post","link":"https:\/\/www.visit-ulcinj.com\/blog\/2012\/10\/27\/cungu-telegram-cestitka-povodom-kurban-bajrama\/","title":{"rendered":"Cungu: Telegram \u010destitka povodom Kurban Bajrama"},"content":{"rendered":"<p><a href=\"http:\/\/www.visit-ulcinj.com\/blog\/wp-content\/uploads\/2012\/10\/nazif-cungu1.jpg\"><img loading=\"lazy\" class=\"alignleft size-full wp-image-65128\" title=\"nazif-cungu\" src=\"http:\/\/www.visit-ulcinj.com\/blog\/wp-content\/uploads\/2012\/10\/nazif-cungu1.jpg\" alt=\"\" width=\"440\" height=\"291\" srcset=\"https:\/\/www.visit-ulcinj.com\/blog\/wp-content\/uploads\/2012\/10\/nazif-cungu1.jpg 440w, https:\/\/www.visit-ulcinj.com\/blog\/wp-content\/uploads\/2012\/10\/nazif-cungu1-300x198.jpg 300w\" sizes=\"(max-width: 440px) 100vw, 440px\" \/><\/a>Na ovaj veoma zna\u010dajnom danu, sa posebnom \u017eeljom i zadovoljstvom obra\u0107am se svim muslimanskim vjernicima sa najboljim i najsrda\u010dnijim \u010destitkama povodom slave Kurban Bajrama.<\/p>\n<p>Kurban Bajram je slava koja kruni\u0161e blagodet, \u017ertvovanje i poniznost svakog vjernika.<\/p>\n<p>Ova slava neka bude dobra prilika da \u0161to bolje i ubjedljivije iska\u017eemo dobru volju i me\u0111usobno po\u0161tovanje.<\/p>\n<p>Ovaj dan mi daje priliku da svim vjernicima muslimanske vjeroispovjesti najsrda\u010dnije \u010destitam Kurban Bajram i \u017eelim im porodi\u010dnu harmoniju i prosperitet.<\/p>\n<p>Sre\u0107no!<\/p>\n<p>Predsjednik Op\u0161tine Ulcinj<br \/>\nNazif Cungu<\/p>\n<p><strong>Op\u0161tina Ulcinj \/ Komuna e Ulqinit<\/strong><br \/>\nTel: +382 30 412 050<br \/>\nFax: +382 30 412 413<br \/>\nAdresa: Bul. Skenderbeu bb, 85360 Ulcinj, MNE<\/p>\n","protected":false},"excerpt":{"rendered":"<p>Na ovaj veoma zna\u010dajnom danu, sa posebnom \u017eeljom i zadovoljstvom obra\u0107am se svim muslimanskim vjernicima sa najboljim i najsrda\u010dnijim \u010destitkama povodom slave Kurban Bajrama. Kurban Bajram je slava koja kruni\u0161e blagodet, \u017ertvovanje i poniznost svakog vjernika. Ova slava neka bude dobra prilika da \u0161to bolje i ubjedljivije iska\u017eemo dobru volju i me\u0111usobno po\u0161tovanje. Ovaj dan [&hellip;]<\/p>\n","protected":false},"author":1,"featured_media":0,"comment_status":"open","ping_status":"closed","sticky":false,"template":"","format":"standard","meta":{"spay_email":"","jetpack_publicize_message":"","jetpack_is_tweetstorm":false,"jetpack_publicize_feature_enabled":true},"categories":[6950],"tags":[21289],"jetpack_publicize_connections":[],"yoast_head":"<!-- This site is optimized with the Yoast SEO plugin v19.1 - https:\/\/yoast.com\/wordpress\/plugins\/seo\/ -->\n<title>Cungu: Telegram \u010destitka povodom Kurban Bajrama - Lajme nga Ulqini<\/title>\n<meta name=\"description\" content=\"Na ovaj veoma zna\u010dajnom danu, sa posebnom \u017eeljom i zadovoljstvom obra\u0107am se svim muslimanskim vjernicima sa najboljim i najsrda\u010dnijim \u010destitkama povodom\" \/>\n<meta name=\"robots\" content=\"index, follow, max-snippet:-1, max-image-preview:large, max-video-preview:-1\" \/>\n<link rel=\"canonical\" href=\"https:\/\/www.visit-ulcinj.com\/blog\/2012\/10\/27\/cungu-telegram-cestitka-povodom-kurban-bajrama\/\" \/>\n<meta property=\"og:locale\" content=\"en_US\" \/>\n<meta property=\"og:type\" content=\"article\" \/>\n<meta property=\"og:title\" content=\"Cungu: Telegram \u010destitka povodom Kurban Bajrama - Lajme nga Ulqini\" \/>\n<meta property=\"og:description\" content=\"Na ovaj veoma zna\u010dajnom danu, sa posebnom \u017eeljom i zadovoljstvom obra\u0107am se svim muslimanskim vjernicima sa najboljim i najsrda\u010dnijim \u010destitkama povodom\" \/>\n<meta property=\"og:url\" content=\"https:\/\/www.visit-ulcinj.com\/blog\/2012\/10\/27\/cungu-telegram-cestitka-povodom-kurban-bajrama\/\" \/>\n<meta property=\"og:site_name\" content=\"Lajme nga Ulqini\" \/>\n<meta property=\"article:published_time\" content=\"2012-10-27T07:03:54+00:00\" \/>\n<meta property=\"og:image\" content=\"http:\/\/www.visit-ulcinj.com\/blog\/wp-content\/uploads\/2012\/10\/nazif-cungu1.jpg\" \/>\n<meta name=\"twitter:label1\" content=\"Written by\" \/>\n\t<meta name=\"twitter:data1\" content=\"ulqini\" \/>\n\t<meta name=\"twitter:label2\" content=\"Est. reading time\" \/>\n\t<meta name=\"twitter:data2\" content=\"1 minute\" \/>\n<script type=\"application\/ld+json\" class=\"yoast-schema-graph\">{\"@context\":\"https:\/\/schema.org\",\"@graph\":[{\"@type\":\"WebSite\",\"@id\":\"https:\/\/www.visit-ulcinj.com\/blog\/#website\",\"url\":\"https:\/\/www.visit-ulcinj.com\/blog\/\",\"name\":\"Lajme nga Ulqini\",\"description\":\"Lajme,Vijesti,Ulqini,Ulqin,Crna Gora,Mali i Zi\",\"potentialAction\":[{\"@type\":\"SearchAction\",\"target\":{\"@type\":\"EntryPoint\",\"urlTemplate\":\"https:\/\/www.visit-ulcinj.com\/blog\/?s={search_term_string}\"},\"query-input\":\"required name=search_term_string\"}],\"inLanguage\":\"en-US\"},{\"@type\":\"ImageObject\",\"inLanguage\":\"en-US\",\"@id\":\"https:\/\/www.visit-ulcinj.com\/blog\/2012\/10\/27\/cungu-telegram-cestitka-povodom-kurban-bajrama\/#primaryimage\",\"url\":\"https:\/\/www.visit-ulcinj.com\/blog\/wp-content\/uploads\/2012\/10\/nazif-cungu1.jpg\",\"contentUrl\":\"https:\/\/www.visit-ulcinj.com\/blog\/wp-content\/uploads\/2012\/10\/nazif-cungu1.jpg\",\"width\":\"440\",\"height\":\"291\"},{\"@type\":\"WebPage\",\"@id\":\"https:\/\/www.visit-ulcinj.com\/blog\/2012\/10\/27\/cungu-telegram-cestitka-povodom-kurban-bajrama\/#webpage\",\"url\":\"https:\/\/www.visit-ulcinj.com\/blog\/2012\/10\/27\/cungu-telegram-cestitka-povodom-kurban-bajrama\/\",\"name\":\"Cungu: Telegram \u010destitka povodom Kurban Bajrama - Lajme nga Ulqini\",\"isPartOf\":{\"@id\":\"https:\/\/www.visit-ulcinj.com\/blog\/#website\"},\"primaryImageOfPage\":{\"@id\":\"https:\/\/www.visit-ulcinj.com\/blog\/2012\/10\/27\/cungu-telegram-cestitka-povodom-kurban-bajrama\/#primaryimage\"},\"datePublished\":\"2012-10-27T07:03:54+00:00\",\"dateModified\":\"2012-10-27T07:03:54+00:00\",\"author\":{\"@id\":\"https:\/\/www.visit-ulcinj.com\/blog\/#\/schema\/person\/dcab619c614d3038751c63bc2aadc06d\"},\"description\":\"Na ovaj veoma zna\u010dajnom danu, sa posebnom \u017eeljom i zadovoljstvom obra\u0107am se svim muslimanskim vjernicima sa najboljim i najsrda\u010dnijim \u010destitkama povodom\",\"breadcrumb\":{\"@id\":\"https:\/\/www.visit-ulcinj.com\/blog\/2012\/10\/27\/cungu-telegram-cestitka-povodom-kurban-bajrama\/#breadcrumb\"},\"inLanguage\":\"en-US\",\"potentialAction\":[{\"@type\":\"ReadAction\",\"target\":[\"https:\/\/www.visit-ulcinj.com\/blog\/2012\/10\/27\/cungu-telegram-cestitka-povodom-kurban-bajrama\/\"]}]},{\"@type\":\"BreadcrumbList\",\"@id\":\"https:\/\/www.visit-ulcinj.com\/blog\/2012\/10\/27\/cungu-telegram-cestitka-povodom-kurban-bajrama\/#breadcrumb\",\"itemListElement\":[{\"@type\":\"ListItem\",\"position\":1,\"name\":\"Cungu: Telegram \u010destitka povodom Kurban Bajrama\"}]},{\"@type\":\"Person\",\"@id\":\"https:\/\/www.visit-ulcinj.com\/blog\/#\/schema\/person\/dcab619c614d3038751c63bc2aadc06d\",\"name\":\"ulqini\",\"sameAs\":[\"http:\/\/www.visit-ulcinj.com\"],\"url\":\"https:\/\/www.visit-ulcinj.com\/blog\/author\/admin\/\"}]}<\/script>\n<!-- \/ Yoast SEO plugin. -->","yoast_head_json":{"title":"Cungu: Telegram \u010destitka povodom Kurban Bajrama - Lajme nga Ulqini","description":"Na ovaj veoma zna\u010dajnom danu, sa posebnom \u017eeljom i zadovoljstvom obra\u0107am se svim muslimanskim vjernicima sa najboljim i najsrda\u010dnijim \u010destitkama povodom","robots":{"index":"index","follow":"follow","max-snippet":"max-snippet:-1","max-image-preview":"max-image-preview:large","max-video-preview":"max-video-preview:-1"},"canonical":"https:\/\/www.visit-ulcinj.com\/blog\/2012\/10\/27\/cungu-telegram-cestitka-povodom-kurban-bajrama\/","og_locale":"en_US","og_type":"article","og_title":"Cungu: Telegram \u010destitka povodom Kurban Bajrama - Lajme nga Ulqini","og_description":"Na ovaj veoma zna\u010dajnom danu, sa posebnom \u017eeljom i zadovoljstvom obra\u0107am se svim muslimanskim vjernicima sa najboljim i najsrda\u010dnijim \u010destitkama povodom","og_url":"https:\/\/www.visit-ulcinj.com\/blog\/2012\/10\/27\/cungu-telegram-cestitka-povodom-kurban-bajrama\/","og_site_name":"Lajme nga Ulqini","article_published_time":"2012-10-27T07:03:54+00:00","og_image":[{"url":"http:\/\/www.visit-ulcinj.com\/blog\/wp-content\/uploads\/2012\/10\/nazif-cungu1.jpg"}],"twitter_misc":{"Written by":"ulqini","Est. reading time":"1 minute"},"schema":{"@context":"https:\/\/schema.org","@graph":[{"@type":"WebSite","@id":"https:\/\/www.visit-ulcinj.com\/blog\/#website","url":"https:\/\/www.visit-ulcinj.com\/blog\/","name":"Lajme nga Ulqini","description":"Lajme,Vijesti,Ulqini,Ulqin,Crna Gora,Mali i Zi","potentialAction":[{"@type":"SearchAction","target":{"@type":"EntryPoint","urlTemplate":"https:\/\/www.visit-ulcinj.com\/blog\/?s={search_term_string}"},"query-input":"required name=search_term_string"}],"inLanguage":"en-US"},{"@type":"ImageObject","inLanguage":"en-US","@id":"https:\/\/www.visit-ulcinj.com\/blog\/2012\/10\/27\/cungu-telegram-cestitka-povodom-kurban-bajrama\/#primaryimage","url":"https:\/\/www.visit-ulcinj.com\/blog\/wp-content\/uploads\/2012\/10\/nazif-cungu1.jpg","contentUrl":"https:\/\/www.visit-ulcinj.com\/blog\/wp-content\/uploads\/2012\/10\/nazif-cungu1.jpg","width":"440","height":"291"},{"@type":"WebPage","@id":"https:\/\/www.visit-ulcinj.com\/blog\/2012\/10\/27\/cungu-telegram-cestitka-povodom-kurban-bajrama\/#webpage","url":"https:\/\/www.visit-ulcinj.com\/blog\/2012\/10\/27\/cungu-telegram-cestitka-povodom-kurban-bajrama\/","name":"Cungu: Telegram \u010destitka povodom Kurban Bajrama - Lajme nga Ulqini","isPartOf":{"@id":"https:\/\/www.visit-ulcinj.com\/blog\/#website"},"primaryImageOfPage":{"@id":"https:\/\/www.visit-ulcinj.com\/blog\/2012\/10\/27\/cungu-telegram-cestitka-povodom-kurban-bajrama\/#primaryimage"},"datePublished":"2012-10-27T07:03:54+00:00","dateModified":"2012-10-27T07:03:54+00:00","author":{"@id":"https:\/\/www.visit-ulcinj.com\/blog\/#\/schema\/person\/dcab619c614d3038751c63bc2aadc06d"},"description":"Na ovaj veoma zna\u010dajnom danu, sa posebnom \u017eeljom i zadovoljstvom obra\u0107am se svim muslimanskim vjernicima sa najboljim i najsrda\u010dnijim \u010destitkama povodom","breadcrumb":{"@id":"https:\/\/www.visit-ulcinj.com\/blog\/2012\/10\/27\/cungu-telegram-cestitka-povodom-kurban-bajrama\/#breadcrumb"},"inLanguage":"en-US","potentialAction":[{"@type":"ReadAction","target":["https:\/\/www.visit-ulcinj.com\/blog\/2012\/10\/27\/cungu-telegram-cestitka-povodom-kurban-bajrama\/"]}]},{"@type":"BreadcrumbList","@id":"https:\/\/www.visit-ulcinj.com\/blog\/2012\/10\/27\/cungu-telegram-cestitka-povodom-kurban-bajrama\/#breadcrumb","itemListElement":[{"@type":"ListItem","position":1,"name":"Cungu: Telegram \u010destitka povodom Kurban Bajrama"}]},{"@type":"Person","@id":"https:\/\/www.visit-ulcinj.com\/blog\/#\/schema\/person\/dcab619c614d3038751c63bc2aadc06d","name":"ulqini","sameAs":["http:\/\/www.visit-ulcinj.com"],"url":"https:\/\/www.visit-ulcinj.com\/blog\/author\/admin\/"}]}},"jetpack_featured_media_url":"","jetpack_sharing_enabled":true,"jetpack_shortlink":"https:\/\/wp.me\/pe6lTn-gWr","_links":{"self":[{"href":"https:\/\/www.visit-ulcinj.com\/blog\/wp-json\/wp\/v2\/posts\/65127"}],"collection":[{"href":"https:\/\/www.visit-ulcinj.com\/blog\/wp-json\/wp\/v2\/posts"}],"about":[{"href":"https:\/\/www.visit-ulcinj.com\/blog\/wp-json\/wp\/v2\/types\/post"}],"author":[{"embeddable":true,"href":"https:\/\/www.visit-ulcinj.com\/blog\/wp-json\/wp\/v2\/users\/1"}],"replies":[{"embeddable":true,"href":"https:\/\/www.visit-ulcinj.com\/blog\/wp-json\/wp\/v2\/comments?post=65127"}],"version-history":[{"count":2,"href":"https:\/\/www.visit-ulcinj.com\/blog\/wp-json\/wp\/v2\/posts\/65127\/revisions"}],"predecessor-version":[{"id":65130,"href":"https:\/\/www.visit-ulcinj.com\/blog\/wp-json\/wp\/v2\/posts\/65127\/revisions\/65130"}],"wp:attachment":[{"href":"https:\/\/www.visit-ulcinj.com\/blog\/wp-json\/wp\/v2\/media?parent=65127"}],"wp:term":[{"taxonomy":"category","embeddable":true,"href":"https:\/\/www.visit-ulcinj.com\/blog\/wp-json\/wp\/v2\/categories?post=65127"},{"taxonomy":"post_tag","embeddable":true,"href":"https:\/\/www.visit-ulcinj.com\/blog\/wp-json\/wp\/v2\/tags?post=65127"}],"curies":[{"name":"wp","href":"https:\/\/api.w.org\/{rel}","templated":true}]}}