{"id":65150,"date":"2012-10-29T17:58:59","date_gmt":"2012-10-29T16:58:59","guid":{"rendered":"http:\/\/www.visit-ulcinj.com\/blog\/?p=65150"},"modified":"2012-10-29T18:04:31","modified_gmt":"2012-10-29T17:04:31","slug":"zeneli-pljackaska-privatizacija-pojela-plate","status":"publish","type":"post","link":"https:\/\/www.visit-ulcinj.com\/blog\/2012\/10\/29\/zeneli-pljackaska-privatizacija-pojela-plate\/","title":{"rendered":"Zeneli: Plja\u010dka\u0161ka privatizacija \u201epojela\u201d plate"},"content":{"rendered":"<p><a href=\"http:\/\/www.visit-ulcinj.com\/blog\/wp-content\/uploads\/2012\/10\/ASLAN-ZENELI.jpg\"><img loading=\"lazy\" class=\"alignleft size-full wp-image-65151\" title=\"ASLAN ZENELI\" src=\"http:\/\/www.visit-ulcinj.com\/blog\/wp-content\/uploads\/2012\/10\/ASLAN-ZENELI.jpg\" alt=\"\" width=\"500\" height=\"431\" srcset=\"https:\/\/www.visit-ulcinj.com\/blog\/wp-content\/uploads\/2012\/10\/ASLAN-ZENELI.jpg 500w, https:\/\/www.visit-ulcinj.com\/blog\/wp-content\/uploads\/2012\/10\/ASLAN-ZENELI-300x258.jpg 300w\" sizes=\"(max-width: 500px) 100vw, 500px\" \/><\/a>ULCINj \u2013 Za Ulcinj se danas sa pravom mo\u017ee re\u0107i da osim \u0161to je prepoznat kao grad ste\u010daja i likvidiranih preduze\u0107a prednja\u010di i po najmanjim primanjima u dr\u017eavi. Prema podacima Monstata prosje\u010dna zarada u najju\u017enijoj op\u0161tini iznosi svega 318 eura. Ako se tome doda podatak da je prosje\u010dna potro\u0161a\u010dka korpa 783 eura, onda nije te\u0161ko zaklju\u010diti da ve\u0107ina stanovni\u0161tva jedva sastavlja kraj sa krajem. Upu\u0107eni u ekonomsko socijalna kretanja smatraju da za sada\u0161nju situaciju nije te\u0161ko prona\u010di krivca. Predsjednik OSP za Ulcinj \u0160efki Keko Ljamovi\u0107 ka\u017ee da je lo\u0161e sprovedena privatizacija uticala da se u najju\u017enijoj crnogorskoj op\u0161tini danas \u017eivi lo\u0161e.<br \/>\n\u2013 Ulcinjska privreda je u kolapsu, preduze\u0107a ne rade ili su u ste\u010daju, hoteli su sru\u0161eni a radnici ne primaju redovno li\u010dne dohodke. Od tursti\u010dke privrede drugi ubiraju prihode, a ne Ulcinjani. Ove godine je bilo dosta radnika sa strane, jer su mnogi sa strane, koji su vlasnici hotela najmanje zapo\u0161ljavali ovda\u0161nju radnu snagu. Pola prihoda koji su ostvareni od turizma, prema na\u0161im podacima odnijeto je iz Ulcinja. \u010cesti su slu\u010dajevi da poslovni ljudi koji imaju neki posao ovdje dovode radnu snagu sa strane pa novac koji zarade posle sezone nose sa sobom. U takvim uslovima i ne \u010dudi \u0161to je prosje\u010dna plata u op\u0161tini najmanja u Crnoj Gori &#8211; ka\u017ee Ljamovi\u0107.<br \/>\nPrema njegovim rije\u010dima odgovornost je na rukovodstvu koje je dozvolilo propadanje op\u0161tine.<\/p>\n<p><a href=\"http:\/\/www.visit-ulcinj.com\/blog\/wp-content\/uploads\/2012\/10\/SEFKI-LAMOVIC.jpg\"><img loading=\"lazy\" class=\"alignleft  wp-image-65154\" title=\"SEFKI LAMOVIC\" src=\"http:\/\/www.visit-ulcinj.com\/blog\/wp-content\/uploads\/2012\/10\/SEFKI-LAMOVIC.jpg\" alt=\"\" width=\"508\" height=\"300\" \/><\/a><br \/>\n&#8211; Radnici u Ulcinju su danas u veoma te\u0161koj ekonomsko -socijalnoj poziciji. Lokalna samouprava i javna preuze\u0107a ve\u0107 godinama nisu u mogu\u0107nosti da redovno izmiruju obaveze prema radnicima. Veliki broj zaposlenih plate ne prima mjesecima i prema procjenama na rubu egzistencije nalazi se izme\u0111u \u010detiri i pet hiljada ljudi. Od preko pet hiljada radnika koliko ih je nekada bilo u Ulcinju, danas radi oko dvije hiljade a i oni nemaju redovna primanja.Zbog toga su ljudi prinu\u0111eni da se snalaze na svakojake na\u010dine kako bi pre\u017eivjeli. Sre\u0107ni su oni koji mogu od turizma izdavanja da ne\u0161to zarade. Mi iz sindikata smatramo da je ovakvo stanje neodr\u017eivo i o\u010dekujemo mjere za o\u017eivljavanje privrede &#8211; isti\u010de Ljamovi\u0107.<br \/>\nFunkcioner UNSCG-a Aslan Zeneli smatra \u201eda poslije plja\u010dka\u0161ke privatizacije koja je sprovedena u Ulcinju, poslije rasturanja svih privrednih subjekata i vi\u0161e od 20 godina bez pravih investicija, nije se moglo o\u010dekivati da prosje\u010dna plata bude ve\u0107a od 318 eura\u201d.<br \/>\n\u2013 Centralna vlast je Ulcinj ostavila sa strane i namjerno dovela do takvog stanja jer valjda tako mora, da bi neko na\u0161e resurse kupio za d\u017eabe , mislim na to \u0161to je ostalo, Velika pla\u017ea, Valdanos\u2026 Za d\u017eabe su dali Solanu, \u201ePrimorje\u201d , \u201eOtrantkomerc\u201d i hotele. U\u010dinili su nas ekonomsko zavisnim, do te mjere da sada manipuli\u0161u narodom kako ho\u0107e i kupuju ga, kad im zatreba, vrlo jeftino. Od srednje razvijene op\u0161tine, koja je to bila 90. godine, doveli su nas do ovog stanja, pa sad imamo najni\u017eu prosje\u010dnu platu u CG, \u0161to je velika sramota za one koji su to uradili, a ni\u0161ta manje za ove lokalne politi\u010dare odavde koji su im pomagali cijelo vrijeme. Bog \u0107e suditi i jednima i drugima vrlo brzo &#8211; kategori\u010dan je Zeneli.<br \/>\n<strong>M.KNE\u017dEVI\u0106<\/strong><\/p>\n<p><strong>U Op\u0161tini smanjivali plate u dva navrata<\/strong><\/p>\n<p>U lokalnoj samoupravi su zbog te\u0161ke finansijske situacije u op\u0161tinskoj kasi i velikih dugova koji se procjenjuju na 22 miliona eura plate smanjenje u dva navrata. Prvi put primanja su umanjena za 10, a drugi put za pet odsto. Rukovodstvo Op\u0161tine razmatra i mogu\u0107nost dodatnog smanjenja primanja jer godinama unazad glomazna administracija previ\u0161e optere\u0107uje op\u0161tinsku kasu. Za vi\u0161ak radnika se predvi\u0111a socijalni program ali se jo\u0161 uvijek ne zna koliko \u0107e zaposlenih ostati bez posla i kada \u0107e se to desiti.<\/p>\n<p><strong>\u010cista alhemija<\/strong><br \/>\nSa druge strane radnici koji \u017eive isklju\u010divo od zarada odavno se i ne \u017eale jer ka\u017eu da niti imaju kome niti od \u017ealbi ima neke vajde. Na pitanje kako je i da li je mogu\u0107e \u017eivjeti sa 300 eura mjese\u010dno, mo\u017eda najbolji odgovor dao je mje\u0161tanin Bojan Lazarevi\u0107.<br \/>\n\u2013 Jedini na\u010din da neko ko ima platu od 300 eura, pre\u017eivi mjesec, je da materijalizuje zlato ni iz \u010dega. Treba se baviti alhemijom&#8230;kao Leonardo da Vin\u010di. Ili to ili da se bavi jednim doma\u0107im tradicionalnim poslom, da ilegalno dinamitom lovi ribu, kako bi pre\u017eivio od prvog do prvog &#8211; kazao je uz osmjeh Lazarevi\u0107.<\/p>\n<p>&nbsp;<\/p>\n<p><a href=\"http:\/\/www.dan.co.me\/?nivo=3&amp;rubrika=Regioni&amp;clanak=353555&amp;datum=2012-10-29&amp;naslov=Pljakaka%20privatizacija%20%E2%80%9Epojela%E2%80%9D%20%20plate\" target=\"_blank\"><strong>Izvor: DAN<\/strong><\/a><strong><\/strong><\/p>\n","protected":false},"excerpt":{"rendered":"<p>ULCINj \u2013 Za Ulcinj se danas sa pravom mo\u017ee re\u0107i da osim \u0161to je prepoznat kao grad ste\u010daja i likvidiranih preduze\u0107a prednja\u010di i po najmanjim primanjima u dr\u017eavi. Prema podacima Monstata prosje\u010dna zarada u najju\u017enijoj op\u0161tini iznosi svega 318 eura. Ako se tome doda podatak da je prosje\u010dna potro\u0161a\u010dka korpa 783 eura, onda nije te\u0161ko [&hellip;]<\/p>\n","protected":false},"author":1,"featured_media":0,"comment_status":"open","ping_status":"closed","sticky":false,"template":"","format":"standard","meta":{"spay_email":"","jetpack_publicize_message":"","jetpack_is_tweetstorm":false,"jetpack_publicize_feature_enabled":true},"categories":[8337],"tags":[7208,19],"jetpack_publicize_connections":[],"yoast_head":"<!-- This site is optimized with the Yoast SEO plugin v19.1 - https:\/\/yoast.com\/wordpress\/plugins\/seo\/ -->\n<title>Zeneli: Plja\u010dka\u0161ka privatizacija \u201epojela\u201d plate - Lajme nga Ulqini<\/title>\n<meta name=\"description\" content=\"ULCINj \u2013 Za Ulcinj se danas sa pravom mo\u017ee re\u0107i da osim \u0161to je prepoznat kao grad ste\u010daja i likvidiranih preduze\u0107a prednja\u010di i po najmanjim primanjima u\" \/>\n<meta name=\"robots\" content=\"index, follow, max-snippet:-1, max-image-preview:large, max-video-preview:-1\" \/>\n<link rel=\"canonical\" href=\"https:\/\/www.visit-ulcinj.com\/blog\/2012\/10\/29\/zeneli-pljackaska-privatizacija-pojela-plate\/\" \/>\n<meta property=\"og:locale\" content=\"en_US\" \/>\n<meta property=\"og:type\" content=\"article\" \/>\n<meta property=\"og:title\" content=\"Zeneli: Plja\u010dka\u0161ka privatizacija \u201epojela\u201d plate - Lajme nga Ulqini\" \/>\n<meta property=\"og:description\" content=\"ULCINj \u2013 Za Ulcinj se danas sa pravom mo\u017ee re\u0107i da osim \u0161to je prepoznat kao grad ste\u010daja i likvidiranih preduze\u0107a prednja\u010di i po najmanjim primanjima u\" \/>\n<meta property=\"og:url\" content=\"https:\/\/www.visit-ulcinj.com\/blog\/2012\/10\/29\/zeneli-pljackaska-privatizacija-pojela-plate\/\" \/>\n<meta property=\"og:site_name\" content=\"Lajme nga Ulqini\" \/>\n<meta property=\"article:published_time\" content=\"2012-10-29T16:58:59+00:00\" \/>\n<meta property=\"article:modified_time\" content=\"2012-10-29T17:04:31+00:00\" \/>\n<meta property=\"og:image\" content=\"http:\/\/www.visit-ulcinj.com\/blog\/wp-content\/uploads\/2012\/10\/ASLAN-ZENELI.jpg\" \/>\n<meta name=\"twitter:label1\" content=\"Written by\" \/>\n\t<meta name=\"twitter:data1\" content=\"ulqini\" \/>\n\t<meta name=\"twitter:label2\" content=\"Est. reading time\" \/>\n\t<meta name=\"twitter:data2\" content=\"4 minutes\" \/>\n<script type=\"application\/ld+json\" class=\"yoast-schema-graph\">{\"@context\":\"https:\/\/schema.org\",\"@graph\":[{\"@type\":\"WebSite\",\"@id\":\"https:\/\/www.visit-ulcinj.com\/blog\/#website\",\"url\":\"https:\/\/www.visit-ulcinj.com\/blog\/\",\"name\":\"Lajme nga Ulqini\",\"description\":\"Lajme,Vijesti,Ulqini,Ulqin,Crna Gora,Mali i Zi\",\"potentialAction\":[{\"@type\":\"SearchAction\",\"target\":{\"@type\":\"EntryPoint\",\"urlTemplate\":\"https:\/\/www.visit-ulcinj.com\/blog\/?s={search_term_string}\"},\"query-input\":\"required name=search_term_string\"}],\"inLanguage\":\"en-US\"},{\"@type\":\"ImageObject\",\"inLanguage\":\"en-US\",\"@id\":\"https:\/\/www.visit-ulcinj.com\/blog\/2012\/10\/29\/zeneli-pljackaska-privatizacija-pojela-plate\/#primaryimage\",\"url\":\"https:\/\/www.visit-ulcinj.com\/blog\/wp-content\/uploads\/2012\/10\/ASLAN-ZENELI.jpg\",\"contentUrl\":\"https:\/\/www.visit-ulcinj.com\/blog\/wp-content\/uploads\/2012\/10\/ASLAN-ZENELI.jpg\",\"width\":\"500\",\"height\":\"431\"},{\"@type\":\"WebPage\",\"@id\":\"https:\/\/www.visit-ulcinj.com\/blog\/2012\/10\/29\/zeneli-pljackaska-privatizacija-pojela-plate\/#webpage\",\"url\":\"https:\/\/www.visit-ulcinj.com\/blog\/2012\/10\/29\/zeneli-pljackaska-privatizacija-pojela-plate\/\",\"name\":\"Zeneli: Plja\u010dka\u0161ka privatizacija \u201epojela\u201d plate - Lajme nga Ulqini\",\"isPartOf\":{\"@id\":\"https:\/\/www.visit-ulcinj.com\/blog\/#website\"},\"primaryImageOfPage\":{\"@id\":\"https:\/\/www.visit-ulcinj.com\/blog\/2012\/10\/29\/zeneli-pljackaska-privatizacija-pojela-plate\/#primaryimage\"},\"datePublished\":\"2012-10-29T16:58:59+00:00\",\"dateModified\":\"2012-10-29T17:04:31+00:00\",\"author\":{\"@id\":\"https:\/\/www.visit-ulcinj.com\/blog\/#\/schema\/person\/dcab619c614d3038751c63bc2aadc06d\"},\"description\":\"ULCINj \u2013 Za Ulcinj se danas sa pravom mo\u017ee re\u0107i da osim \u0161to je prepoznat kao grad ste\u010daja i likvidiranih preduze\u0107a prednja\u010di i po najmanjim primanjima u\",\"breadcrumb\":{\"@id\":\"https:\/\/www.visit-ulcinj.com\/blog\/2012\/10\/29\/zeneli-pljackaska-privatizacija-pojela-plate\/#breadcrumb\"},\"inLanguage\":\"en-US\",\"potentialAction\":[{\"@type\":\"ReadAction\",\"target\":[\"https:\/\/www.visit-ulcinj.com\/blog\/2012\/10\/29\/zeneli-pljackaska-privatizacija-pojela-plate\/\"]}]},{\"@type\":\"BreadcrumbList\",\"@id\":\"https:\/\/www.visit-ulcinj.com\/blog\/2012\/10\/29\/zeneli-pljackaska-privatizacija-pojela-plate\/#breadcrumb\",\"itemListElement\":[{\"@type\":\"ListItem\",\"position\":1,\"name\":\"Zeneli: Plja\u010dka\u0161ka privatizacija \u201epojela\u201d plate\"}]},{\"@type\":\"Person\",\"@id\":\"https:\/\/www.visit-ulcinj.com\/blog\/#\/schema\/person\/dcab619c614d3038751c63bc2aadc06d\",\"name\":\"ulqini\",\"sameAs\":[\"http:\/\/www.visit-ulcinj.com\"],\"url\":\"https:\/\/www.visit-ulcinj.com\/blog\/author\/admin\/\"}]}<\/script>\n<!-- \/ Yoast SEO plugin. -->","yoast_head_json":{"title":"Zeneli: Plja\u010dka\u0161ka privatizacija \u201epojela\u201d plate - Lajme nga Ulqini","description":"ULCINj \u2013 Za Ulcinj se danas sa pravom mo\u017ee re\u0107i da osim \u0161to je prepoznat kao grad ste\u010daja i likvidiranih preduze\u0107a prednja\u010di i po najmanjim primanjima u","robots":{"index":"index","follow":"follow","max-snippet":"max-snippet:-1","max-image-preview":"max-image-preview:large","max-video-preview":"max-video-preview:-1"},"canonical":"https:\/\/www.visit-ulcinj.com\/blog\/2012\/10\/29\/zeneli-pljackaska-privatizacija-pojela-plate\/","og_locale":"en_US","og_type":"article","og_title":"Zeneli: Plja\u010dka\u0161ka privatizacija \u201epojela\u201d plate - Lajme nga Ulqini","og_description":"ULCINj \u2013 Za Ulcinj se danas sa pravom mo\u017ee re\u0107i da osim \u0161to je prepoznat kao grad ste\u010daja i likvidiranih preduze\u0107a prednja\u010di i po najmanjim primanjima u","og_url":"https:\/\/www.visit-ulcinj.com\/blog\/2012\/10\/29\/zeneli-pljackaska-privatizacija-pojela-plate\/","og_site_name":"Lajme nga Ulqini","article_published_time":"2012-10-29T16:58:59+00:00","article_modified_time":"2012-10-29T17:04:31+00:00","og_image":[{"url":"http:\/\/www.visit-ulcinj.com\/blog\/wp-content\/uploads\/2012\/10\/ASLAN-ZENELI.jpg"}],"twitter_misc":{"Written by":"ulqini","Est. reading time":"4 minutes"},"schema":{"@context":"https:\/\/schema.org","@graph":[{"@type":"WebSite","@id":"https:\/\/www.visit-ulcinj.com\/blog\/#website","url":"https:\/\/www.visit-ulcinj.com\/blog\/","name":"Lajme nga Ulqini","description":"Lajme,Vijesti,Ulqini,Ulqin,Crna Gora,Mali i Zi","potentialAction":[{"@type":"SearchAction","target":{"@type":"EntryPoint","urlTemplate":"https:\/\/www.visit-ulcinj.com\/blog\/?s={search_term_string}"},"query-input":"required name=search_term_string"}],"inLanguage":"en-US"},{"@type":"ImageObject","inLanguage":"en-US","@id":"https:\/\/www.visit-ulcinj.com\/blog\/2012\/10\/29\/zeneli-pljackaska-privatizacija-pojela-plate\/#primaryimage","url":"https:\/\/www.visit-ulcinj.com\/blog\/wp-content\/uploads\/2012\/10\/ASLAN-ZENELI.jpg","contentUrl":"https:\/\/www.visit-ulcinj.com\/blog\/wp-content\/uploads\/2012\/10\/ASLAN-ZENELI.jpg","width":"500","height":"431"},{"@type":"WebPage","@id":"https:\/\/www.visit-ulcinj.com\/blog\/2012\/10\/29\/zeneli-pljackaska-privatizacija-pojela-plate\/#webpage","url":"https:\/\/www.visit-ulcinj.com\/blog\/2012\/10\/29\/zeneli-pljackaska-privatizacija-pojela-plate\/","name":"Zeneli: Plja\u010dka\u0161ka privatizacija \u201epojela\u201d plate - Lajme nga Ulqini","isPartOf":{"@id":"https:\/\/www.visit-ulcinj.com\/blog\/#website"},"primaryImageOfPage":{"@id":"https:\/\/www.visit-ulcinj.com\/blog\/2012\/10\/29\/zeneli-pljackaska-privatizacija-pojela-plate\/#primaryimage"},"datePublished":"2012-10-29T16:58:59+00:00","dateModified":"2012-10-29T17:04:31+00:00","author":{"@id":"https:\/\/www.visit-ulcinj.com\/blog\/#\/schema\/person\/dcab619c614d3038751c63bc2aadc06d"},"description":"ULCINj \u2013 Za Ulcinj se danas sa pravom mo\u017ee re\u0107i da osim \u0161to je prepoznat kao grad ste\u010daja i likvidiranih preduze\u0107a prednja\u010di i po najmanjim primanjima u","breadcrumb":{"@id":"https:\/\/www.visit-ulcinj.com\/blog\/2012\/10\/29\/zeneli-pljackaska-privatizacija-pojela-plate\/#breadcrumb"},"inLanguage":"en-US","potentialAction":[{"@type":"ReadAction","target":["https:\/\/www.visit-ulcinj.com\/blog\/2012\/10\/29\/zeneli-pljackaska-privatizacija-pojela-plate\/"]}]},{"@type":"BreadcrumbList","@id":"https:\/\/www.visit-ulcinj.com\/blog\/2012\/10\/29\/zeneli-pljackaska-privatizacija-pojela-plate\/#breadcrumb","itemListElement":[{"@type":"ListItem","position":1,"name":"Zeneli: Plja\u010dka\u0161ka privatizacija \u201epojela\u201d plate"}]},{"@type":"Person","@id":"https:\/\/www.visit-ulcinj.com\/blog\/#\/schema\/person\/dcab619c614d3038751c63bc2aadc06d","name":"ulqini","sameAs":["http:\/\/www.visit-ulcinj.com"],"url":"https:\/\/www.visit-ulcinj.com\/blog\/author\/admin\/"}]}},"jetpack_featured_media_url":"","jetpack_sharing_enabled":true,"jetpack_shortlink":"https:\/\/wp.me\/pe6lTn-gWO","_links":{"self":[{"href":"https:\/\/www.visit-ulcinj.com\/blog\/wp-json\/wp\/v2\/posts\/65150"}],"collection":[{"href":"https:\/\/www.visit-ulcinj.com\/blog\/wp-json\/wp\/v2\/posts"}],"about":[{"href":"https:\/\/www.visit-ulcinj.com\/blog\/wp-json\/wp\/v2\/types\/post"}],"author":[{"embeddable":true,"href":"https:\/\/www.visit-ulcinj.com\/blog\/wp-json\/wp\/v2\/users\/1"}],"replies":[{"embeddable":true,"href":"https:\/\/www.visit-ulcinj.com\/blog\/wp-json\/wp\/v2\/comments?post=65150"}],"version-history":[{"count":4,"href":"https:\/\/www.visit-ulcinj.com\/blog\/wp-json\/wp\/v2\/posts\/65150\/revisions"}],"predecessor-version":[{"id":65155,"href":"https:\/\/www.visit-ulcinj.com\/blog\/wp-json\/wp\/v2\/posts\/65150\/revisions\/65155"}],"wp:attachment":[{"href":"https:\/\/www.visit-ulcinj.com\/blog\/wp-json\/wp\/v2\/media?parent=65150"}],"wp:term":[{"taxonomy":"category","embeddable":true,"href":"https:\/\/www.visit-ulcinj.com\/blog\/wp-json\/wp\/v2\/categories?post=65150"},{"taxonomy":"post_tag","embeddable":true,"href":"https:\/\/www.visit-ulcinj.com\/blog\/wp-json\/wp\/v2\/tags?post=65150"}],"curies":[{"name":"wp","href":"https:\/\/api.w.org\/{rel}","templated":true}]}}