{"id":65157,"date":"2012-10-30T18:12:35","date_gmt":"2012-10-30T17:12:35","guid":{"rendered":"http:\/\/www.visit-ulcinj.com\/blog\/?p=65157"},"modified":"2012-10-30T20:21:18","modified_gmt":"2012-10-30T19:21:18","slug":"perfaqesuesit-e-partive-te-pakicave-sot-pritet-te-nenshkruajne-platformen","status":"publish","type":"post","link":"https:\/\/www.visit-ulcinj.com\/blog\/2012\/10\/30\/perfaqesuesit-e-partive-te-pakicave-sot-pritet-te-nenshkruajne-platformen\/","title":{"rendered":"P\u00ebrfaq\u00ebsuesit e partive t\u00eb pakicave sot pritet t\u00eb n\u00ebnshkruajn\u00eb platform\u00ebn"},"content":{"rendered":"<p><a href=\"http:\/\/www.visit-ulcinj.com\/blog\/wp-content\/uploads\/2012\/10\/Partia-e-pakicave-n\u00eb-Mal-te-zi.jpg\"><img loading=\"lazy\" class=\"alignleft  wp-image-65158\" title=\"Partia e pakicave n\u00eb Mal te zi\" src=\"http:\/\/www.visit-ulcinj.com\/blog\/wp-content\/uploads\/2012\/10\/Partia-e-pakicave-n\u00eb-Mal-te-zi.jpg\" alt=\"\" width=\"508\" height=\"360\" \/><\/a>P\u00ebrfaq\u00ebsuesit e partive t\u00eb pakicave sot pritet t\u00eb n\u00ebnshkruajn\u00eb platform\u00ebn me t\u00eb cil\u00ebn do t\u00eb definohet bashk\u00ebpunimi afatgjat\u00eb dhe paraqitja e p\u00ebrbashk\u00ebt gjat\u00eb formimit t\u00eb shumic\u00ebs parlamentare me Malin e Zi Evropian.<\/p>\n<p>Platform\u00ebn duhet ta n\u00ebnshkruajn\u00eb p\u00ebrfaq\u00ebsuesit e partis\u00eb Boshnjake, Forc\u00ebs dhe Iniciativ\u00ebs Qytetare Kroate. K\u00ebto tri parti kan\u00eb fituar 5 mandate, kurse Mali i Zi Evropian 39.<\/p>\n<p>Kandidati p\u00ebr deputet\u00eb i Forc\u00ebs Genci Nimanbegu ka th\u00ebn\u00eb dje se pret q\u00eb partit\u00eb e pakicave, bisedimet rreth tekstit p\u00ebrfundimtar t\u00eb platform\u00ebs,do t\u00eb vazhdojn\u00eb sot.<\/p>\n<p>Jam optimist q\u00eb platforma do t\u00eb n\u00ebnshkruhet, na nevojit\u00ebn harmonizime t\u00eb vogla, por sipas t\u00eb gjitha gjasave ky dokument do t\u00eb n\u00ebnshkruhet nes\u00ebr, ka th\u00ebn\u00eb ai.<\/p>\n<p>Funksionari i partis\u00eb Boshnjake, Sulo Mustafiq ka th\u00ebn\u00eb m\u00eb par\u00eb se ka mbetur q\u00eb n\u00eb platform\u00eb t\u00eb definohen edhe disa holl\u00ebsi t\u00eb caktuara, t\u00eb cilat m\u00eb tep\u00ebr kan\u00eb natyr\u00eb teknike se p\u00ebrmbajtjesore.<\/p>\n<p><strong>TVCG<\/strong><\/p>\n<p>&nbsp;<\/p>\n","protected":false},"excerpt":{"rendered":"<p>P\u00ebrfaq\u00ebsuesit e partive t\u00eb pakicave sot pritet t\u00eb n\u00ebnshkruajn\u00eb platform\u00ebn me t\u00eb cil\u00ebn do t\u00eb definohet bashk\u00ebpunimi afatgjat\u00eb dhe paraqitja e p\u00ebrbashk\u00ebt gjat\u00eb formimit t\u00eb shumic\u00ebs parlamentare me Malin e Zi Evropian. Platform\u00ebn duhet ta n\u00ebnshkruajn\u00eb p\u00ebrfaq\u00ebsuesit e partis\u00eb Boshnjake, Forc\u00ebs dhe Iniciativ\u00ebs Qytetare Kroate. K\u00ebto tri parti kan\u00eb fituar 5 mandate, kurse Mali i [&hellip;]<\/p>\n","protected":false},"author":1,"featured_media":0,"comment_status":"open","ping_status":"closed","sticky":false,"template":"","format":"standard","meta":{"spay_email":"","jetpack_publicize_message":"","jetpack_is_tweetstorm":false,"jetpack_publicize_feature_enabled":true},"categories":[6],"tags":[117,95,11584,200,18],"jetpack_publicize_connections":[],"yoast_head":"<!-- This site is optimized with the Yoast SEO plugin v19.1 - https:\/\/yoast.com\/wordpress\/plugins\/seo\/ -->\n<title>P\u00ebrfaq\u00ebsuesit e partive t\u00eb pakicave sot pritet t\u00eb n\u00ebnshkruajn\u00eb platform\u00ebn - Lajme nga Ulqini<\/title>\n<meta name=\"description\" content=\"P\u00ebrfaq\u00ebsuesit e partive t\u00eb pakicave sot pritet t\u00eb n\u00ebnshkruajn\u00eb platform\u00ebn me t\u00eb cil\u00ebn do t\u00eb definohet bashk\u00ebpunimi afatgjat\u00eb dhe paraqitja e p\u00ebrbashk\u00ebt\" \/>\n<meta name=\"robots\" content=\"index, follow, max-snippet:-1, max-image-preview:large, max-video-preview:-1\" \/>\n<link rel=\"canonical\" href=\"https:\/\/www.visit-ulcinj.com\/blog\/2012\/10\/30\/perfaqesuesit-e-partive-te-pakicave-sot-pritet-te-nenshkruajne-platformen\/\" \/>\n<meta property=\"og:locale\" content=\"en_US\" \/>\n<meta property=\"og:type\" content=\"article\" \/>\n<meta property=\"og:title\" content=\"P\u00ebrfaq\u00ebsuesit e partive t\u00eb pakicave sot pritet t\u00eb n\u00ebnshkruajn\u00eb platform\u00ebn - Lajme nga Ulqini\" \/>\n<meta property=\"og:description\" content=\"P\u00ebrfaq\u00ebsuesit e partive t\u00eb pakicave sot pritet t\u00eb n\u00ebnshkruajn\u00eb platform\u00ebn me t\u00eb cil\u00ebn do t\u00eb definohet bashk\u00ebpunimi afatgjat\u00eb dhe paraqitja e p\u00ebrbashk\u00ebt\" \/>\n<meta property=\"og:url\" content=\"https:\/\/www.visit-ulcinj.com\/blog\/2012\/10\/30\/perfaqesuesit-e-partive-te-pakicave-sot-pritet-te-nenshkruajne-platformen\/\" \/>\n<meta property=\"og:site_name\" content=\"Lajme nga Ulqini\" \/>\n<meta property=\"article:published_time\" content=\"2012-10-30T17:12:35+00:00\" \/>\n<meta property=\"article:modified_time\" content=\"2012-10-30T19:21:18+00:00\" \/>\n<meta name=\"twitter:label1\" content=\"Written by\" \/>\n\t<meta name=\"twitter:data1\" content=\"ulqini\" \/>\n\t<meta name=\"twitter:label2\" content=\"Est. reading time\" \/>\n\t<meta name=\"twitter:data2\" content=\"1 minute\" \/>\n<script type=\"application\/ld+json\" class=\"yoast-schema-graph\">{\"@context\":\"https:\/\/schema.org\",\"@graph\":[{\"@type\":\"WebSite\",\"@id\":\"https:\/\/www.visit-ulcinj.com\/blog\/#website\",\"url\":\"https:\/\/www.visit-ulcinj.com\/blog\/\",\"name\":\"Lajme nga Ulqini\",\"description\":\"Lajme,Vijesti,Ulqini,Ulqin,Crna Gora,Mali i Zi\",\"potentialAction\":[{\"@type\":\"SearchAction\",\"target\":{\"@type\":\"EntryPoint\",\"urlTemplate\":\"https:\/\/www.visit-ulcinj.com\/blog\/?s={search_term_string}\"},\"query-input\":\"required name=search_term_string\"}],\"inLanguage\":\"en-US\"},{\"@type\":\"WebPage\",\"@id\":\"https:\/\/www.visit-ulcinj.com\/blog\/2012\/10\/30\/perfaqesuesit-e-partive-te-pakicave-sot-pritet-te-nenshkruajne-platformen\/#webpage\",\"url\":\"https:\/\/www.visit-ulcinj.com\/blog\/2012\/10\/30\/perfaqesuesit-e-partive-te-pakicave-sot-pritet-te-nenshkruajne-platformen\/\",\"name\":\"P\u00ebrfaq\u00ebsuesit e partive t\u00eb pakicave sot pritet t\u00eb n\u00ebnshkruajn\u00eb platform\u00ebn - Lajme nga Ulqini\",\"isPartOf\":{\"@id\":\"https:\/\/www.visit-ulcinj.com\/blog\/#website\"},\"datePublished\":\"2012-10-30T17:12:35+00:00\",\"dateModified\":\"2012-10-30T19:21:18+00:00\",\"author\":{\"@id\":\"https:\/\/www.visit-ulcinj.com\/blog\/#\/schema\/person\/dcab619c614d3038751c63bc2aadc06d\"},\"description\":\"P\u00ebrfaq\u00ebsuesit e partive t\u00eb pakicave sot pritet t\u00eb n\u00ebnshkruajn\u00eb platform\u00ebn me t\u00eb cil\u00ebn do t\u00eb definohet bashk\u00ebpunimi afatgjat\u00eb dhe paraqitja e p\u00ebrbashk\u00ebt\",\"breadcrumb\":{\"@id\":\"https:\/\/www.visit-ulcinj.com\/blog\/2012\/10\/30\/perfaqesuesit-e-partive-te-pakicave-sot-pritet-te-nenshkruajne-platformen\/#breadcrumb\"},\"inLanguage\":\"en-US\",\"potentialAction\":[{\"@type\":\"ReadAction\",\"target\":[\"https:\/\/www.visit-ulcinj.com\/blog\/2012\/10\/30\/perfaqesuesit-e-partive-te-pakicave-sot-pritet-te-nenshkruajne-platformen\/\"]}]},{\"@type\":\"BreadcrumbList\",\"@id\":\"https:\/\/www.visit-ulcinj.com\/blog\/2012\/10\/30\/perfaqesuesit-e-partive-te-pakicave-sot-pritet-te-nenshkruajne-platformen\/#breadcrumb\",\"itemListElement\":[{\"@type\":\"ListItem\",\"position\":1,\"name\":\"P\u00ebrfaq\u00ebsuesit e partive t\u00eb pakicave sot pritet t\u00eb n\u00ebnshkruajn\u00eb platform\u00ebn\"}]},{\"@type\":\"Person\",\"@id\":\"https:\/\/www.visit-ulcinj.com\/blog\/#\/schema\/person\/dcab619c614d3038751c63bc2aadc06d\",\"name\":\"ulqini\",\"sameAs\":[\"http:\/\/www.visit-ulcinj.com\"],\"url\":\"https:\/\/www.visit-ulcinj.com\/blog\/author\/admin\/\"}]}<\/script>\n<!-- \/ Yoast SEO plugin. -->","yoast_head_json":{"title":"P\u00ebrfaq\u00ebsuesit e partive t\u00eb pakicave sot pritet t\u00eb n\u00ebnshkruajn\u00eb platform\u00ebn - Lajme nga Ulqini","description":"P\u00ebrfaq\u00ebsuesit e partive t\u00eb pakicave sot pritet t\u00eb n\u00ebnshkruajn\u00eb platform\u00ebn me t\u00eb cil\u00ebn do t\u00eb definohet bashk\u00ebpunimi afatgjat\u00eb dhe paraqitja e p\u00ebrbashk\u00ebt","robots":{"index":"index","follow":"follow","max-snippet":"max-snippet:-1","max-image-preview":"max-image-preview:large","max-video-preview":"max-video-preview:-1"},"canonical":"https:\/\/www.visit-ulcinj.com\/blog\/2012\/10\/30\/perfaqesuesit-e-partive-te-pakicave-sot-pritet-te-nenshkruajne-platformen\/","og_locale":"en_US","og_type":"article","og_title":"P\u00ebrfaq\u00ebsuesit e partive t\u00eb pakicave sot pritet t\u00eb n\u00ebnshkruajn\u00eb platform\u00ebn - Lajme nga Ulqini","og_description":"P\u00ebrfaq\u00ebsuesit e partive t\u00eb pakicave sot pritet t\u00eb n\u00ebnshkruajn\u00eb platform\u00ebn me t\u00eb cil\u00ebn do t\u00eb definohet bashk\u00ebpunimi afatgjat\u00eb dhe paraqitja e p\u00ebrbashk\u00ebt","og_url":"https:\/\/www.visit-ulcinj.com\/blog\/2012\/10\/30\/perfaqesuesit-e-partive-te-pakicave-sot-pritet-te-nenshkruajne-platformen\/","og_site_name":"Lajme nga Ulqini","article_published_time":"2012-10-30T17:12:35+00:00","article_modified_time":"2012-10-30T19:21:18+00:00","twitter_misc":{"Written by":"ulqini","Est. reading time":"1 minute"},"schema":{"@context":"https:\/\/schema.org","@graph":[{"@type":"WebSite","@id":"https:\/\/www.visit-ulcinj.com\/blog\/#website","url":"https:\/\/www.visit-ulcinj.com\/blog\/","name":"Lajme nga Ulqini","description":"Lajme,Vijesti,Ulqini,Ulqin,Crna Gora,Mali i Zi","potentialAction":[{"@type":"SearchAction","target":{"@type":"EntryPoint","urlTemplate":"https:\/\/www.visit-ulcinj.com\/blog\/?s={search_term_string}"},"query-input":"required name=search_term_string"}],"inLanguage":"en-US"},{"@type":"WebPage","@id":"https:\/\/www.visit-ulcinj.com\/blog\/2012\/10\/30\/perfaqesuesit-e-partive-te-pakicave-sot-pritet-te-nenshkruajne-platformen\/#webpage","url":"https:\/\/www.visit-ulcinj.com\/blog\/2012\/10\/30\/perfaqesuesit-e-partive-te-pakicave-sot-pritet-te-nenshkruajne-platformen\/","name":"P\u00ebrfaq\u00ebsuesit e partive t\u00eb pakicave sot pritet t\u00eb n\u00ebnshkruajn\u00eb platform\u00ebn - Lajme nga Ulqini","isPartOf":{"@id":"https:\/\/www.visit-ulcinj.com\/blog\/#website"},"datePublished":"2012-10-30T17:12:35+00:00","dateModified":"2012-10-30T19:21:18+00:00","author":{"@id":"https:\/\/www.visit-ulcinj.com\/blog\/#\/schema\/person\/dcab619c614d3038751c63bc2aadc06d"},"description":"P\u00ebrfaq\u00ebsuesit e partive t\u00eb pakicave sot pritet t\u00eb n\u00ebnshkruajn\u00eb platform\u00ebn me t\u00eb cil\u00ebn do t\u00eb definohet bashk\u00ebpunimi afatgjat\u00eb dhe paraqitja e p\u00ebrbashk\u00ebt","breadcrumb":{"@id":"https:\/\/www.visit-ulcinj.com\/blog\/2012\/10\/30\/perfaqesuesit-e-partive-te-pakicave-sot-pritet-te-nenshkruajne-platformen\/#breadcrumb"},"inLanguage":"en-US","potentialAction":[{"@type":"ReadAction","target":["https:\/\/www.visit-ulcinj.com\/blog\/2012\/10\/30\/perfaqesuesit-e-partive-te-pakicave-sot-pritet-te-nenshkruajne-platformen\/"]}]},{"@type":"BreadcrumbList","@id":"https:\/\/www.visit-ulcinj.com\/blog\/2012\/10\/30\/perfaqesuesit-e-partive-te-pakicave-sot-pritet-te-nenshkruajne-platformen\/#breadcrumb","itemListElement":[{"@type":"ListItem","position":1,"name":"P\u00ebrfaq\u00ebsuesit e partive t\u00eb pakicave sot pritet t\u00eb n\u00ebnshkruajn\u00eb platform\u00ebn"}]},{"@type":"Person","@id":"https:\/\/www.visit-ulcinj.com\/blog\/#\/schema\/person\/dcab619c614d3038751c63bc2aadc06d","name":"ulqini","sameAs":["http:\/\/www.visit-ulcinj.com"],"url":"https:\/\/www.visit-ulcinj.com\/blog\/author\/admin\/"}]}},"jetpack_featured_media_url":"","jetpack_sharing_enabled":true,"jetpack_shortlink":"https:\/\/wp.me\/pe6lTn-gWV","_links":{"self":[{"href":"https:\/\/www.visit-ulcinj.com\/blog\/wp-json\/wp\/v2\/posts\/65157"}],"collection":[{"href":"https:\/\/www.visit-ulcinj.com\/blog\/wp-json\/wp\/v2\/posts"}],"about":[{"href":"https:\/\/www.visit-ulcinj.com\/blog\/wp-json\/wp\/v2\/types\/post"}],"author":[{"embeddable":true,"href":"https:\/\/www.visit-ulcinj.com\/blog\/wp-json\/wp\/v2\/users\/1"}],"replies":[{"embeddable":true,"href":"https:\/\/www.visit-ulcinj.com\/blog\/wp-json\/wp\/v2\/comments?post=65157"}],"version-history":[{"count":2,"href":"https:\/\/www.visit-ulcinj.com\/blog\/wp-json\/wp\/v2\/posts\/65157\/revisions"}],"predecessor-version":[{"id":65179,"href":"https:\/\/www.visit-ulcinj.com\/blog\/wp-json\/wp\/v2\/posts\/65157\/revisions\/65179"}],"wp:attachment":[{"href":"https:\/\/www.visit-ulcinj.com\/blog\/wp-json\/wp\/v2\/media?parent=65157"}],"wp:term":[{"taxonomy":"category","embeddable":true,"href":"https:\/\/www.visit-ulcinj.com\/blog\/wp-json\/wp\/v2\/categories?post=65157"},{"taxonomy":"post_tag","embeddable":true,"href":"https:\/\/www.visit-ulcinj.com\/blog\/wp-json\/wp\/v2\/tags?post=65157"}],"curies":[{"name":"wp","href":"https:\/\/api.w.org\/{rel}","templated":true}]}}