{"id":6516,"date":"2008-11-23T11:13:57","date_gmt":"2008-11-23T16:13:57","guid":{"rendered":"http:\/\/www.visit-ulcinj.com\/blog\/?p=6516"},"modified":"2008-11-23T11:13:57","modified_gmt":"2008-11-23T16:13:57","slug":"domicilno-stanovnistvo-ulcinja-dovedeno-u-neravnopravan-polozaj-sa-vikendasima","status":"publish","type":"post","link":"https:\/\/www.visit-ulcinj.com\/blog\/2008\/11\/23\/domicilno-stanovnistvo-ulcinja-dovedeno-u-neravnopravan-polozaj-sa-vikendasima\/","title":{"rendered":"Domicilno stanovni\u0161tvo Ulcinja dovedeno u neravnopravan polo\u017eaj sa vikenda\u0161ima"},"content":{"rendered":"<p><a href=\"http:\/\/www.visit-ulcinj.com\/blog\/wp-content\/uploads\/2008\/04\/vaso-radovic_dps.jpg\"><img loading=\"lazy\" class=\"alignleft size-medium wp-image-1428\" title=\"Vaso Radovic\" src=\"http:\/\/www.visit-ulcinj.com\/blog\/wp-content\/uploads\/2008\/04\/vaso-radovic_dps.jpg\" alt=\"\" width=\"300\" height=\"278\" \/><\/a><strong>Doma?i su neravnopravni<\/strong><br \/>\nUlcinj je jedna od op\u0161tina u kojoj se turisti?ka taksa ne napla?uje, iako je Skup\u0161tina tu odluku usvojila uo?i sezone. Sekretar za privredu i ekonomski razvoj Vasko Radovi? ka\u017ee da zbog vremenskog cajtnota tehni?ki nije bilo mogu?e odluku sprovesti u djelo, i isti?e da je taksa prvenstveno uperena protiv vlasnika vikendica koji ne \u017eive u Ulcinju.<br \/>\n\u201cTakvih vikendica u Ulcinju ima mnogo i njihovi vlasnici, naro?ito u posljednje vrijeme, koriste ih u komercijalne svrhe. Ve?i dio tih objekata vi\u0161e i nijesu vikendice, ve? su, dogra?ivanjem, dobile status objekata koji slu\u017ee za izdavanje. Njihovi vlasnici u Ulcinju borave mjesec, dva ili tri, neki i ne dolaze, ve? ih izdaju za pozama\u0161ne svote\u201d, kazao je Radovi? za \u201cVijesti\u201d.<br \/>\nOn navodi da je ovim zakonom domicilno stanovni\u0161tvo dovedeno u neravnopravan polo\u017eaj sa vikenda\u0161ima koji ne \u017eive u Ulcinju ili Crnoj Gori.<br \/>\n<strong>Vijesti<\/strong><\/p>\n","protected":false},"excerpt":{"rendered":"<p>Doma?i su neravnopravni Ulcinj je jedna od op\u0161tina u kojoj se turisti?ka taksa ne napla?uje, iako je Skup\u0161tina tu odluku usvojila uo?i sezone. Sekretar za privredu i ekonomski razvoj Vasko Radovi? ka\u017ee da zbog vremenskog cajtnota tehni?ki nije bilo mogu?e odluku sprovesti u djelo, i isti?e da je taksa prvenstveno uperena protiv vlasnika vikendica koji [&hellip;]<\/p>\n","protected":false},"author":1,"featured_media":0,"comment_status":"open","ping_status":"closed","sticky":false,"template":"","format":"standard","meta":{"spay_email":"","jetpack_publicize_message":"","jetpack_is_tweetstorm":false,"jetpack_publicize_feature_enabled":true},"categories":[10],"tags":[19,5122],"jetpack_publicize_connections":[],"yoast_head":"<!-- This site is optimized with the Yoast SEO plugin v19.1 - https:\/\/yoast.com\/wordpress\/plugins\/seo\/ -->\n<title>Domicilno stanovni\u0161tvo Ulcinja dovedeno u neravnopravan polo\u017eaj sa vikenda\u0161ima - Lajme nga Ulqini<\/title>\n<meta name=\"description\" content=\"Doma?i su neravnopravni Ulcinj je jedna od op\u0161tina u kojoj se turisti?ka taksa ne napla?uje, iako je Skup\u0161tina tu odluku usvojila uo?i sezone. Sekretar za\" \/>\n<meta name=\"robots\" content=\"index, follow, max-snippet:-1, max-image-preview:large, max-video-preview:-1\" \/>\n<link rel=\"canonical\" href=\"https:\/\/www.visit-ulcinj.com\/blog\/2008\/11\/23\/domicilno-stanovnistvo-ulcinja-dovedeno-u-neravnopravan-polozaj-sa-vikendasima\/\" \/>\n<meta property=\"og:locale\" content=\"en_US\" \/>\n<meta property=\"og:type\" content=\"article\" \/>\n<meta property=\"og:title\" content=\"Domicilno stanovni\u0161tvo Ulcinja dovedeno u neravnopravan polo\u017eaj sa vikenda\u0161ima - Lajme nga Ulqini\" \/>\n<meta property=\"og:description\" content=\"Doma?i su neravnopravni Ulcinj je jedna od op\u0161tina u kojoj se turisti?ka taksa ne napla?uje, iako je Skup\u0161tina tu odluku usvojila uo?i sezone. Sekretar za\" \/>\n<meta property=\"og:url\" content=\"https:\/\/www.visit-ulcinj.com\/blog\/2008\/11\/23\/domicilno-stanovnistvo-ulcinja-dovedeno-u-neravnopravan-polozaj-sa-vikendasima\/\" \/>\n<meta property=\"og:site_name\" content=\"Lajme nga Ulqini\" \/>\n<meta property=\"article:published_time\" content=\"2008-11-23T16:13:57+00:00\" \/>\n<meta property=\"og:image\" content=\"http:\/\/www.visit-ulcinj.com\/blog\/wp-content\/uploads\/2008\/04\/vaso-radovic_dps.jpg\" \/>\n<meta name=\"twitter:label1\" content=\"Written by\" \/>\n\t<meta name=\"twitter:data1\" content=\"ulqini\" \/>\n\t<meta name=\"twitter:label2\" content=\"Est. reading time\" \/>\n\t<meta name=\"twitter:data2\" content=\"1 minute\" \/>\n<script type=\"application\/ld+json\" class=\"yoast-schema-graph\">{\"@context\":\"https:\/\/schema.org\",\"@graph\":[{\"@type\":\"WebSite\",\"@id\":\"https:\/\/www.visit-ulcinj.com\/blog\/#website\",\"url\":\"https:\/\/www.visit-ulcinj.com\/blog\/\",\"name\":\"Lajme nga Ulqini\",\"description\":\"Lajme,Vijesti,Ulqini,Ulqin,Crna Gora,Mali i Zi\",\"potentialAction\":[{\"@type\":\"SearchAction\",\"target\":{\"@type\":\"EntryPoint\",\"urlTemplate\":\"https:\/\/www.visit-ulcinj.com\/blog\/?s={search_term_string}\"},\"query-input\":\"required name=search_term_string\"}],\"inLanguage\":\"en-US\"},{\"@type\":\"ImageObject\",\"inLanguage\":\"en-US\",\"@id\":\"https:\/\/www.visit-ulcinj.com\/blog\/2008\/11\/23\/domicilno-stanovnistvo-ulcinja-dovedeno-u-neravnopravan-polozaj-sa-vikendasima\/#primaryimage\",\"url\":\"http:\/\/www.visit-ulcinj.com\/blog\/wp-content\/uploads\/2008\/04\/vaso-radovic_dps.jpg\",\"contentUrl\":\"http:\/\/www.visit-ulcinj.com\/blog\/wp-content\/uploads\/2008\/04\/vaso-radovic_dps.jpg\"},{\"@type\":\"WebPage\",\"@id\":\"https:\/\/www.visit-ulcinj.com\/blog\/2008\/11\/23\/domicilno-stanovnistvo-ulcinja-dovedeno-u-neravnopravan-polozaj-sa-vikendasima\/#webpage\",\"url\":\"https:\/\/www.visit-ulcinj.com\/blog\/2008\/11\/23\/domicilno-stanovnistvo-ulcinja-dovedeno-u-neravnopravan-polozaj-sa-vikendasima\/\",\"name\":\"Domicilno stanovni\u0161tvo Ulcinja dovedeno u neravnopravan polo\u017eaj sa vikenda\u0161ima - Lajme nga Ulqini\",\"isPartOf\":{\"@id\":\"https:\/\/www.visit-ulcinj.com\/blog\/#website\"},\"primaryImageOfPage\":{\"@id\":\"https:\/\/www.visit-ulcinj.com\/blog\/2008\/11\/23\/domicilno-stanovnistvo-ulcinja-dovedeno-u-neravnopravan-polozaj-sa-vikendasima\/#primaryimage\"},\"datePublished\":\"2008-11-23T16:13:57+00:00\",\"dateModified\":\"2008-11-23T16:13:57+00:00\",\"author\":{\"@id\":\"https:\/\/www.visit-ulcinj.com\/blog\/#\/schema\/person\/dcab619c614d3038751c63bc2aadc06d\"},\"description\":\"Doma?i su neravnopravni Ulcinj je jedna od op\u0161tina u kojoj se turisti?ka taksa ne napla?uje, iako je Skup\u0161tina tu odluku usvojila uo?i sezone. Sekretar za\",\"breadcrumb\":{\"@id\":\"https:\/\/www.visit-ulcinj.com\/blog\/2008\/11\/23\/domicilno-stanovnistvo-ulcinja-dovedeno-u-neravnopravan-polozaj-sa-vikendasima\/#breadcrumb\"},\"inLanguage\":\"en-US\",\"potentialAction\":[{\"@type\":\"ReadAction\",\"target\":[\"https:\/\/www.visit-ulcinj.com\/blog\/2008\/11\/23\/domicilno-stanovnistvo-ulcinja-dovedeno-u-neravnopravan-polozaj-sa-vikendasima\/\"]}]},{\"@type\":\"BreadcrumbList\",\"@id\":\"https:\/\/www.visit-ulcinj.com\/blog\/2008\/11\/23\/domicilno-stanovnistvo-ulcinja-dovedeno-u-neravnopravan-polozaj-sa-vikendasima\/#breadcrumb\",\"itemListElement\":[{\"@type\":\"ListItem\",\"position\":1,\"name\":\"Domicilno stanovni\u0161tvo Ulcinja dovedeno u neravnopravan polo\u017eaj sa vikenda\u0161ima\"}]},{\"@type\":\"Person\",\"@id\":\"https:\/\/www.visit-ulcinj.com\/blog\/#\/schema\/person\/dcab619c614d3038751c63bc2aadc06d\",\"name\":\"ulqini\",\"sameAs\":[\"http:\/\/www.visit-ulcinj.com\"],\"url\":\"https:\/\/www.visit-ulcinj.com\/blog\/author\/admin\/\"}]}<\/script>\n<!-- \/ Yoast SEO plugin. -->","yoast_head_json":{"title":"Domicilno stanovni\u0161tvo Ulcinja dovedeno u neravnopravan polo\u017eaj sa vikenda\u0161ima - Lajme nga Ulqini","description":"Doma?i su neravnopravni Ulcinj je jedna od op\u0161tina u kojoj se turisti?ka taksa ne napla?uje, iako je Skup\u0161tina tu odluku usvojila uo?i sezone. Sekretar za","robots":{"index":"index","follow":"follow","max-snippet":"max-snippet:-1","max-image-preview":"max-image-preview:large","max-video-preview":"max-video-preview:-1"},"canonical":"https:\/\/www.visit-ulcinj.com\/blog\/2008\/11\/23\/domicilno-stanovnistvo-ulcinja-dovedeno-u-neravnopravan-polozaj-sa-vikendasima\/","og_locale":"en_US","og_type":"article","og_title":"Domicilno stanovni\u0161tvo Ulcinja dovedeno u neravnopravan polo\u017eaj sa vikenda\u0161ima - Lajme nga Ulqini","og_description":"Doma?i su neravnopravni Ulcinj je jedna od op\u0161tina u kojoj se turisti?ka taksa ne napla?uje, iako je Skup\u0161tina tu odluku usvojila uo?i sezone. Sekretar za","og_url":"https:\/\/www.visit-ulcinj.com\/blog\/2008\/11\/23\/domicilno-stanovnistvo-ulcinja-dovedeno-u-neravnopravan-polozaj-sa-vikendasima\/","og_site_name":"Lajme nga Ulqini","article_published_time":"2008-11-23T16:13:57+00:00","og_image":[{"url":"http:\/\/www.visit-ulcinj.com\/blog\/wp-content\/uploads\/2008\/04\/vaso-radovic_dps.jpg"}],"twitter_misc":{"Written by":"ulqini","Est. reading time":"1 minute"},"schema":{"@context":"https:\/\/schema.org","@graph":[{"@type":"WebSite","@id":"https:\/\/www.visit-ulcinj.com\/blog\/#website","url":"https:\/\/www.visit-ulcinj.com\/blog\/","name":"Lajme nga Ulqini","description":"Lajme,Vijesti,Ulqini,Ulqin,Crna Gora,Mali i Zi","potentialAction":[{"@type":"SearchAction","target":{"@type":"EntryPoint","urlTemplate":"https:\/\/www.visit-ulcinj.com\/blog\/?s={search_term_string}"},"query-input":"required name=search_term_string"}],"inLanguage":"en-US"},{"@type":"ImageObject","inLanguage":"en-US","@id":"https:\/\/www.visit-ulcinj.com\/blog\/2008\/11\/23\/domicilno-stanovnistvo-ulcinja-dovedeno-u-neravnopravan-polozaj-sa-vikendasima\/#primaryimage","url":"http:\/\/www.visit-ulcinj.com\/blog\/wp-content\/uploads\/2008\/04\/vaso-radovic_dps.jpg","contentUrl":"http:\/\/www.visit-ulcinj.com\/blog\/wp-content\/uploads\/2008\/04\/vaso-radovic_dps.jpg"},{"@type":"WebPage","@id":"https:\/\/www.visit-ulcinj.com\/blog\/2008\/11\/23\/domicilno-stanovnistvo-ulcinja-dovedeno-u-neravnopravan-polozaj-sa-vikendasima\/#webpage","url":"https:\/\/www.visit-ulcinj.com\/blog\/2008\/11\/23\/domicilno-stanovnistvo-ulcinja-dovedeno-u-neravnopravan-polozaj-sa-vikendasima\/","name":"Domicilno stanovni\u0161tvo Ulcinja dovedeno u neravnopravan polo\u017eaj sa vikenda\u0161ima - Lajme nga Ulqini","isPartOf":{"@id":"https:\/\/www.visit-ulcinj.com\/blog\/#website"},"primaryImageOfPage":{"@id":"https:\/\/www.visit-ulcinj.com\/blog\/2008\/11\/23\/domicilno-stanovnistvo-ulcinja-dovedeno-u-neravnopravan-polozaj-sa-vikendasima\/#primaryimage"},"datePublished":"2008-11-23T16:13:57+00:00","dateModified":"2008-11-23T16:13:57+00:00","author":{"@id":"https:\/\/www.visit-ulcinj.com\/blog\/#\/schema\/person\/dcab619c614d3038751c63bc2aadc06d"},"description":"Doma?i su neravnopravni Ulcinj je jedna od op\u0161tina u kojoj se turisti?ka taksa ne napla?uje, iako je Skup\u0161tina tu odluku usvojila uo?i sezone. Sekretar za","breadcrumb":{"@id":"https:\/\/www.visit-ulcinj.com\/blog\/2008\/11\/23\/domicilno-stanovnistvo-ulcinja-dovedeno-u-neravnopravan-polozaj-sa-vikendasima\/#breadcrumb"},"inLanguage":"en-US","potentialAction":[{"@type":"ReadAction","target":["https:\/\/www.visit-ulcinj.com\/blog\/2008\/11\/23\/domicilno-stanovnistvo-ulcinja-dovedeno-u-neravnopravan-polozaj-sa-vikendasima\/"]}]},{"@type":"BreadcrumbList","@id":"https:\/\/www.visit-ulcinj.com\/blog\/2008\/11\/23\/domicilno-stanovnistvo-ulcinja-dovedeno-u-neravnopravan-polozaj-sa-vikendasima\/#breadcrumb","itemListElement":[{"@type":"ListItem","position":1,"name":"Domicilno stanovni\u0161tvo Ulcinja dovedeno u neravnopravan polo\u017eaj sa vikenda\u0161ima"}]},{"@type":"Person","@id":"https:\/\/www.visit-ulcinj.com\/blog\/#\/schema\/person\/dcab619c614d3038751c63bc2aadc06d","name":"ulqini","sameAs":["http:\/\/www.visit-ulcinj.com"],"url":"https:\/\/www.visit-ulcinj.com\/blog\/author\/admin\/"}]}},"jetpack_featured_media_url":"","jetpack_sharing_enabled":true,"jetpack_shortlink":"https:\/\/wp.me\/pe6lTn-1H6","_links":{"self":[{"href":"https:\/\/www.visit-ulcinj.com\/blog\/wp-json\/wp\/v2\/posts\/6516"}],"collection":[{"href":"https:\/\/www.visit-ulcinj.com\/blog\/wp-json\/wp\/v2\/posts"}],"about":[{"href":"https:\/\/www.visit-ulcinj.com\/blog\/wp-json\/wp\/v2\/types\/post"}],"author":[{"embeddable":true,"href":"https:\/\/www.visit-ulcinj.com\/blog\/wp-json\/wp\/v2\/users\/1"}],"replies":[{"embeddable":true,"href":"https:\/\/www.visit-ulcinj.com\/blog\/wp-json\/wp\/v2\/comments?post=6516"}],"version-history":[{"count":0,"href":"https:\/\/www.visit-ulcinj.com\/blog\/wp-json\/wp\/v2\/posts\/6516\/revisions"}],"wp:attachment":[{"href":"https:\/\/www.visit-ulcinj.com\/blog\/wp-json\/wp\/v2\/media?parent=6516"}],"wp:term":[{"taxonomy":"category","embeddable":true,"href":"https:\/\/www.visit-ulcinj.com\/blog\/wp-json\/wp\/v2\/categories?post=6516"},{"taxonomy":"post_tag","embeddable":true,"href":"https:\/\/www.visit-ulcinj.com\/blog\/wp-json\/wp\/v2\/tags?post=6516"}],"curies":[{"name":"wp","href":"https:\/\/api.w.org\/{rel}","templated":true}]}}