{"id":65167,"date":"2012-10-30T18:28:06","date_gmt":"2012-10-30T17:28:06","guid":{"rendered":"http:\/\/www.visit-ulcinj.com\/blog\/?p=65167"},"modified":"2012-10-30T18:29:15","modified_gmt":"2012-10-30T17:29:15","slug":"nimanbegu-manjine-traze-vecu-zastupljenost","status":"publish","type":"post","link":"https:\/\/www.visit-ulcinj.com\/blog\/2012\/10\/30\/nimanbegu-manjine-traze-vecu-zastupljenost\/","title":{"rendered":"Nimanbegu: Manjine tra\u017ee ve\u0107u zastupljenost"},"content":{"rendered":"<p><a href=\"http:\/\/www.visit-ulcinj.com\/blog\/wp-content\/uploads\/2012\/10\/GenciNimanbegu.jpg\"><img loading=\"lazy\" class=\"alignleft  wp-image-65168\" title=\"GenciNimanbegu\" src=\"http:\/\/www.visit-ulcinj.com\/blog\/wp-content\/uploads\/2012\/10\/GenciNimanbegu.jpg\" alt=\"\" width=\"350\" height=\"400\" \/><\/a>Poslani\u010dki kandidat Force Genci Nimanbegu o\u010dekuje da \u0107e manjinske partije danas potpisati platformu kojom \u0107e biti definisani dugoro\u010dna saradnja i zajedni\u010dki nastup prilikom formiranja parlamentarne ve\u0107ine sa koalicijom \u201eEvropska Crna Gora\u201d. Platformu bi trebalo da potpi\u0161u predstavnici Bo\u0161nja\u010dke stranke, Force i Hrvatske gra\u0111anske inicijative.<br \/>\n\u2013 Optimista sam da \u0107e se platforma potpisati, potrebna su bila mala usagla\u0161avanja, a najvjerovatnije da \u0107e taj dokument i sjutra biti potpisan \u2013 rekao je on agenciji Mina.<br \/>\nIzme\u0111u ostalog, manjinske partije u platformi tra\u017ee ve\u0107u zastupljenost pripadnika manjina u organima dr\u017eavne uprave, efikasnije rje\u0161avanje pitanja restitucije i ve\u0107a ulaganja na sjeveru Crne Gore.<br \/>\nNimanbegu je podsjetio da \u0107e manjinske partije danas nastaviti razgovore oko kona\u010dnog teksta platforme. Prema rije\u010dima Nimanbegua, politi\u010dka platforma je osnova za saradnju manjinskih partija i za pregovore oko formiranja budu\u0107e vlade.<\/p>\n<p><strong>V.R.<\/strong><br \/>\n<strong>Izvor: DAN<\/strong><\/p>\n","protected":false},"excerpt":{"rendered":"<p>Poslani\u010dki kandidat Force Genci Nimanbegu o\u010dekuje da \u0107e manjinske partije danas potpisati platformu kojom \u0107e biti definisani dugoro\u010dna saradnja i zajedni\u010dki nastup prilikom formiranja parlamentarne ve\u0107ine sa koalicijom \u201eEvropska Crna Gora\u201d. Platformu bi trebalo da potpi\u0161u predstavnici Bo\u0161nja\u010dke stranke, Force i Hrvatske gra\u0111anske inicijative. \u2013 Optimista sam da \u0107e se platforma potpisati, potrebna su bila [&hellip;]<\/p>\n","protected":false},"author":1,"featured_media":0,"comment_status":"open","ping_status":"closed","sticky":false,"template":"","format":"standard","meta":{"spay_email":"","jetpack_publicize_message":"","jetpack_is_tweetstorm":false,"jetpack_publicize_feature_enabled":true},"categories":[8337],"tags":[117,1073],"jetpack_publicize_connections":[],"yoast_head":"<!-- This site is optimized with the Yoast SEO plugin v19.1 - https:\/\/yoast.com\/wordpress\/plugins\/seo\/ -->\n<title>Nimanbegu: Manjine tra\u017ee ve\u0107u zastupljenost - Lajme nga Ulqini<\/title>\n<meta name=\"description\" content=\"Poslani\u010dki kandidat Force Genci Nimanbegu o\u010dekuje da \u0107e manjinske partije danas potpisati platformu kojom \u0107e biti definisani dugoro\u010dna saradnja i\" \/>\n<meta name=\"robots\" content=\"index, follow, max-snippet:-1, max-image-preview:large, max-video-preview:-1\" \/>\n<link rel=\"canonical\" href=\"https:\/\/www.visit-ulcinj.com\/blog\/2012\/10\/30\/nimanbegu-manjine-traze-vecu-zastupljenost\/\" \/>\n<meta property=\"og:locale\" content=\"en_US\" \/>\n<meta property=\"og:type\" content=\"article\" \/>\n<meta property=\"og:title\" content=\"Nimanbegu: Manjine tra\u017ee ve\u0107u zastupljenost - Lajme nga Ulqini\" \/>\n<meta property=\"og:description\" content=\"Poslani\u010dki kandidat Force Genci Nimanbegu o\u010dekuje da \u0107e manjinske partije danas potpisati platformu kojom \u0107e biti definisani dugoro\u010dna saradnja i\" \/>\n<meta property=\"og:url\" content=\"https:\/\/www.visit-ulcinj.com\/blog\/2012\/10\/30\/nimanbegu-manjine-traze-vecu-zastupljenost\/\" \/>\n<meta property=\"og:site_name\" content=\"Lajme nga Ulqini\" \/>\n<meta property=\"article:published_time\" content=\"2012-10-30T17:28:06+00:00\" \/>\n<meta property=\"article:modified_time\" content=\"2012-10-30T17:29:15+00:00\" \/>\n<meta property=\"og:image\" content=\"http:\/\/www.visit-ulcinj.com\/blog\/wp-content\/uploads\/2012\/10\/GenciNimanbegu.jpg\" \/>\n<meta name=\"twitter:label1\" content=\"Written by\" \/>\n\t<meta name=\"twitter:data1\" content=\"ulqini\" \/>\n\t<meta name=\"twitter:label2\" content=\"Est. reading time\" \/>\n\t<meta name=\"twitter:data2\" content=\"1 minute\" \/>\n<script type=\"application\/ld+json\" class=\"yoast-schema-graph\">{\"@context\":\"https:\/\/schema.org\",\"@graph\":[{\"@type\":\"WebSite\",\"@id\":\"https:\/\/www.visit-ulcinj.com\/blog\/#website\",\"url\":\"https:\/\/www.visit-ulcinj.com\/blog\/\",\"name\":\"Lajme nga Ulqini\",\"description\":\"Lajme,Vijesti,Ulqini,Ulqin,Crna Gora,Mali i Zi\",\"potentialAction\":[{\"@type\":\"SearchAction\",\"target\":{\"@type\":\"EntryPoint\",\"urlTemplate\":\"https:\/\/www.visit-ulcinj.com\/blog\/?s={search_term_string}\"},\"query-input\":\"required name=search_term_string\"}],\"inLanguage\":\"en-US\"},{\"@type\":\"ImageObject\",\"inLanguage\":\"en-US\",\"@id\":\"https:\/\/www.visit-ulcinj.com\/blog\/2012\/10\/30\/nimanbegu-manjine-traze-vecu-zastupljenost\/#primaryimage\",\"url\":\"https:\/\/www.visit-ulcinj.com\/blog\/wp-content\/uploads\/2012\/10\/GenciNimanbegu.jpg\",\"contentUrl\":\"https:\/\/www.visit-ulcinj.com\/blog\/wp-content\/uploads\/2012\/10\/GenciNimanbegu.jpg\",\"width\":\"425\",\"height\":\"640\"},{\"@type\":\"WebPage\",\"@id\":\"https:\/\/www.visit-ulcinj.com\/blog\/2012\/10\/30\/nimanbegu-manjine-traze-vecu-zastupljenost\/#webpage\",\"url\":\"https:\/\/www.visit-ulcinj.com\/blog\/2012\/10\/30\/nimanbegu-manjine-traze-vecu-zastupljenost\/\",\"name\":\"Nimanbegu: Manjine tra\u017ee ve\u0107u zastupljenost - Lajme nga Ulqini\",\"isPartOf\":{\"@id\":\"https:\/\/www.visit-ulcinj.com\/blog\/#website\"},\"primaryImageOfPage\":{\"@id\":\"https:\/\/www.visit-ulcinj.com\/blog\/2012\/10\/30\/nimanbegu-manjine-traze-vecu-zastupljenost\/#primaryimage\"},\"datePublished\":\"2012-10-30T17:28:06+00:00\",\"dateModified\":\"2012-10-30T17:29:15+00:00\",\"author\":{\"@id\":\"https:\/\/www.visit-ulcinj.com\/blog\/#\/schema\/person\/dcab619c614d3038751c63bc2aadc06d\"},\"description\":\"Poslani\u010dki kandidat Force Genci Nimanbegu o\u010dekuje da \u0107e manjinske partije danas potpisati platformu kojom \u0107e biti definisani dugoro\u010dna saradnja i\",\"breadcrumb\":{\"@id\":\"https:\/\/www.visit-ulcinj.com\/blog\/2012\/10\/30\/nimanbegu-manjine-traze-vecu-zastupljenost\/#breadcrumb\"},\"inLanguage\":\"en-US\",\"potentialAction\":[{\"@type\":\"ReadAction\",\"target\":[\"https:\/\/www.visit-ulcinj.com\/blog\/2012\/10\/30\/nimanbegu-manjine-traze-vecu-zastupljenost\/\"]}]},{\"@type\":\"BreadcrumbList\",\"@id\":\"https:\/\/www.visit-ulcinj.com\/blog\/2012\/10\/30\/nimanbegu-manjine-traze-vecu-zastupljenost\/#breadcrumb\",\"itemListElement\":[{\"@type\":\"ListItem\",\"position\":1,\"name\":\"Nimanbegu: Manjine tra\u017ee ve\u0107u zastupljenost\"}]},{\"@type\":\"Person\",\"@id\":\"https:\/\/www.visit-ulcinj.com\/blog\/#\/schema\/person\/dcab619c614d3038751c63bc2aadc06d\",\"name\":\"ulqini\",\"sameAs\":[\"http:\/\/www.visit-ulcinj.com\"],\"url\":\"https:\/\/www.visit-ulcinj.com\/blog\/author\/admin\/\"}]}<\/script>\n<!-- \/ Yoast SEO plugin. -->","yoast_head_json":{"title":"Nimanbegu: Manjine tra\u017ee ve\u0107u zastupljenost - Lajme nga Ulqini","description":"Poslani\u010dki kandidat Force Genci Nimanbegu o\u010dekuje da \u0107e manjinske partije danas potpisati platformu kojom \u0107e biti definisani dugoro\u010dna saradnja i","robots":{"index":"index","follow":"follow","max-snippet":"max-snippet:-1","max-image-preview":"max-image-preview:large","max-video-preview":"max-video-preview:-1"},"canonical":"https:\/\/www.visit-ulcinj.com\/blog\/2012\/10\/30\/nimanbegu-manjine-traze-vecu-zastupljenost\/","og_locale":"en_US","og_type":"article","og_title":"Nimanbegu: Manjine tra\u017ee ve\u0107u zastupljenost - Lajme nga Ulqini","og_description":"Poslani\u010dki kandidat Force Genci Nimanbegu o\u010dekuje da \u0107e manjinske partije danas potpisati platformu kojom \u0107e biti definisani dugoro\u010dna saradnja i","og_url":"https:\/\/www.visit-ulcinj.com\/blog\/2012\/10\/30\/nimanbegu-manjine-traze-vecu-zastupljenost\/","og_site_name":"Lajme nga Ulqini","article_published_time":"2012-10-30T17:28:06+00:00","article_modified_time":"2012-10-30T17:29:15+00:00","og_image":[{"url":"http:\/\/www.visit-ulcinj.com\/blog\/wp-content\/uploads\/2012\/10\/GenciNimanbegu.jpg"}],"twitter_misc":{"Written by":"ulqini","Est. reading time":"1 minute"},"schema":{"@context":"https:\/\/schema.org","@graph":[{"@type":"WebSite","@id":"https:\/\/www.visit-ulcinj.com\/blog\/#website","url":"https:\/\/www.visit-ulcinj.com\/blog\/","name":"Lajme nga Ulqini","description":"Lajme,Vijesti,Ulqini,Ulqin,Crna Gora,Mali i Zi","potentialAction":[{"@type":"SearchAction","target":{"@type":"EntryPoint","urlTemplate":"https:\/\/www.visit-ulcinj.com\/blog\/?s={search_term_string}"},"query-input":"required name=search_term_string"}],"inLanguage":"en-US"},{"@type":"ImageObject","inLanguage":"en-US","@id":"https:\/\/www.visit-ulcinj.com\/blog\/2012\/10\/30\/nimanbegu-manjine-traze-vecu-zastupljenost\/#primaryimage","url":"https:\/\/www.visit-ulcinj.com\/blog\/wp-content\/uploads\/2012\/10\/GenciNimanbegu.jpg","contentUrl":"https:\/\/www.visit-ulcinj.com\/blog\/wp-content\/uploads\/2012\/10\/GenciNimanbegu.jpg","width":"425","height":"640"},{"@type":"WebPage","@id":"https:\/\/www.visit-ulcinj.com\/blog\/2012\/10\/30\/nimanbegu-manjine-traze-vecu-zastupljenost\/#webpage","url":"https:\/\/www.visit-ulcinj.com\/blog\/2012\/10\/30\/nimanbegu-manjine-traze-vecu-zastupljenost\/","name":"Nimanbegu: Manjine tra\u017ee ve\u0107u zastupljenost - Lajme nga Ulqini","isPartOf":{"@id":"https:\/\/www.visit-ulcinj.com\/blog\/#website"},"primaryImageOfPage":{"@id":"https:\/\/www.visit-ulcinj.com\/blog\/2012\/10\/30\/nimanbegu-manjine-traze-vecu-zastupljenost\/#primaryimage"},"datePublished":"2012-10-30T17:28:06+00:00","dateModified":"2012-10-30T17:29:15+00:00","author":{"@id":"https:\/\/www.visit-ulcinj.com\/blog\/#\/schema\/person\/dcab619c614d3038751c63bc2aadc06d"},"description":"Poslani\u010dki kandidat Force Genci Nimanbegu o\u010dekuje da \u0107e manjinske partije danas potpisati platformu kojom \u0107e biti definisani dugoro\u010dna saradnja i","breadcrumb":{"@id":"https:\/\/www.visit-ulcinj.com\/blog\/2012\/10\/30\/nimanbegu-manjine-traze-vecu-zastupljenost\/#breadcrumb"},"inLanguage":"en-US","potentialAction":[{"@type":"ReadAction","target":["https:\/\/www.visit-ulcinj.com\/blog\/2012\/10\/30\/nimanbegu-manjine-traze-vecu-zastupljenost\/"]}]},{"@type":"BreadcrumbList","@id":"https:\/\/www.visit-ulcinj.com\/blog\/2012\/10\/30\/nimanbegu-manjine-traze-vecu-zastupljenost\/#breadcrumb","itemListElement":[{"@type":"ListItem","position":1,"name":"Nimanbegu: Manjine tra\u017ee ve\u0107u zastupljenost"}]},{"@type":"Person","@id":"https:\/\/www.visit-ulcinj.com\/blog\/#\/schema\/person\/dcab619c614d3038751c63bc2aadc06d","name":"ulqini","sameAs":["http:\/\/www.visit-ulcinj.com"],"url":"https:\/\/www.visit-ulcinj.com\/blog\/author\/admin\/"}]}},"jetpack_featured_media_url":"","jetpack_sharing_enabled":true,"jetpack_shortlink":"https:\/\/wp.me\/pe6lTn-gX5","_links":{"self":[{"href":"https:\/\/www.visit-ulcinj.com\/blog\/wp-json\/wp\/v2\/posts\/65167"}],"collection":[{"href":"https:\/\/www.visit-ulcinj.com\/blog\/wp-json\/wp\/v2\/posts"}],"about":[{"href":"https:\/\/www.visit-ulcinj.com\/blog\/wp-json\/wp\/v2\/types\/post"}],"author":[{"embeddable":true,"href":"https:\/\/www.visit-ulcinj.com\/blog\/wp-json\/wp\/v2\/users\/1"}],"replies":[{"embeddable":true,"href":"https:\/\/www.visit-ulcinj.com\/blog\/wp-json\/wp\/v2\/comments?post=65167"}],"version-history":[{"count":2,"href":"https:\/\/www.visit-ulcinj.com\/blog\/wp-json\/wp\/v2\/posts\/65167\/revisions"}],"predecessor-version":[{"id":65170,"href":"https:\/\/www.visit-ulcinj.com\/blog\/wp-json\/wp\/v2\/posts\/65167\/revisions\/65170"}],"wp:attachment":[{"href":"https:\/\/www.visit-ulcinj.com\/blog\/wp-json\/wp\/v2\/media?parent=65167"}],"wp:term":[{"taxonomy":"category","embeddable":true,"href":"https:\/\/www.visit-ulcinj.com\/blog\/wp-json\/wp\/v2\/categories?post=65167"},{"taxonomy":"post_tag","embeddable":true,"href":"https:\/\/www.visit-ulcinj.com\/blog\/wp-json\/wp\/v2\/tags?post=65167"}],"curies":[{"name":"wp","href":"https:\/\/api.w.org\/{rel}","templated":true}]}}