{"id":65171,"date":"2012-10-30T20:04:34","date_gmt":"2012-10-30T19:04:34","guid":{"rendered":"http:\/\/www.visit-ulcinj.com\/blog\/?p=65171"},"modified":"2012-10-31T22:29:48","modified_gmt":"2012-10-31T21:29:48","slug":"bs-hgi-i-forca-potpisale-platformu-o-zajednickom-djelovanju","status":"publish","type":"post","link":"https:\/\/www.visit-ulcinj.com\/blog\/2012\/10\/30\/bs-hgi-i-forca-potpisale-platformu-o-zajednickom-djelovanju\/","title":{"rendered":"BS, HGI i Forca potpisale platformu o zajedni\u010dkom djelovanju &#8211; Video"},"content":{"rendered":"<p>Predstavnici manjinskih partija potpisali su danas u Tivtu platformu kojom su definisali dugoro\u010dnu saradnju i zajedni\u010dki nastup prilikom formiranja parlamentarne ve\u0107ine sa koalicijom Evropska Crna Gora.<br \/>\n<a href=\"http:\/\/www.visit-ulcinj.com\/blog\/wp-content\/uploads\/2012\/10\/BS-HGI-i-Forca-potpisale-platformu.jpg\"><img loading=\"lazy\" class=\" wp-image-65172 alignleft\" title=\"BS, HGI i Forca potpisale platformu\" src=\"http:\/\/www.visit-ulcinj.com\/blog\/wp-content\/uploads\/2012\/10\/BS-HGI-i-Forca-potpisale-platformu.jpg\" alt=\"\" width=\"508\" height=\"360\" \/><\/a><\/p>\n<p>Platformu su potpisali lideri Bo\u0161nja\u010dke stranke (BS), Hrvatske gra\u0111anske inicijative (HGI) i Force \u2013 Rafet Husovi\u0107, Marija Vu\u010dinovi\u0107 i Nazif Cungu.<\/p>\n<p>Predstavnik BS Suljo Mustafi\u0107 kazao je agenciji MINA da platforma sadr\u017ei temeljne principe koji se ti\u010du unaprje\u0111enja polo\u017eaja manjinskih naroda, pobolj\u0161anja njihovog ekonomskog i socijalnog polo\u017eaja u sredinama u kojima \u017eive.<\/p>\n<p>Mustafi\u0107 je kazao da se principi ti\u010du i evropskih i evroatlanskih integracija Crne Gore, odnosno njihovog ubrzavanja, kao i ja\u010danja pravne dr\u017eave.<\/p>\n<p>Prema njegovim rije\u010dima, platforma se ne bavi kadrovskim rje\u0161enjima.<\/p>\n<p>\u201eTo \u0107e biti konkretizovano u drugoj fazi, odnosno u toku samih pregovora\u201c, pojasnio je Mustafi\u0107.<\/p>\n<p>On je kazao da je platforma upu\u0107ena koaliciji Evropska Crna Gora, i da njihov odgovor o\u010dekuju narednih dana.<\/p>\n<p>\u201eO\u010dekujemo odgovor u kratkom roku, s obzirom na to da se radi o op\u0161tepoznatim ciljevima i zalaganjima manjinskih politi\u010dkih subjekata, koje smo vi\u0161e puta isticali u parlamentu, javnim istupima i u na\u0161im izbornim programima, na osnovu kojih smo i dobili povjerenje bira\u010da\u201c, naveo je Mustafi\u0107.<\/p>\n<p>On je dodao da u platforma ne sadr\u017ei ni\u0161ta \u0161to bi moglo biti prepreka daljim razgovorima.<\/p>\n<p>\u201eVjerujemo u pozitivan ishod tih razgovora, i da \u0107e se u relativno kratkom roku formirati i parlamentarna ve\u0107ina i izvr\u0161na vlast\u201c, kazao je Mustafi\u0107.<\/p>\n<p>BS, Forca i HGI su na parlamentarnim izborima osvojile ukupno pet mandata, a koalicija Evropska Crna Gora 39.<\/p>\n<p><strong>MINA<\/strong><\/p>\n<p>&nbsp;<br \/>\n<iframe loading=\"lazy\" width=\"508\" height=\"360\" src=\"http:\/\/www.youtube.com\/embed\/cKVqL0qeBVA?rel=0\" frameborder=\"0\" allowfullscreen><\/iframe><\/p>\n","protected":false},"excerpt":{"rendered":"<p>Predstavnici manjinskih partija potpisali su danas u Tivtu platformu kojom su definisali dugoro\u010dnu saradnju i zajedni\u010dki nastup prilikom formiranja parlamentarne ve\u0107ine sa koalicijom Evropska Crna Gora. Platformu su potpisali lideri Bo\u0161nja\u010dke stranke (BS), Hrvatske gra\u0111anske inicijative (HGI) i Force \u2013 Rafet Husovi\u0107, Marija Vu\u010dinovi\u0107 i Nazif Cungu. Predstavnik BS Suljo Mustafi\u0107 kazao je agenciji MINA [&hellip;]<\/p>\n","protected":false},"author":1,"featured_media":0,"comment_status":"open","ping_status":"closed","sticky":false,"template":"","format":"standard","meta":{"spay_email":"","jetpack_publicize_message":"","jetpack_is_tweetstorm":false,"jetpack_publicize_feature_enabled":true},"categories":[8337],"tags":[117,19],"jetpack_publicize_connections":[],"yoast_head":"<!-- This site is optimized with the Yoast SEO plugin v19.1 - https:\/\/yoast.com\/wordpress\/plugins\/seo\/ -->\n<title>BS, HGI i Forca potpisale platformu o zajedni\u010dkom djelovanju - Video - Lajme nga Ulqini<\/title>\n<meta name=\"description\" content=\"Predstavnici manjinskih partija potpisali su danas u Tivtu platformu kojom su definisali dugoro\u010dnu saradnju i zajedni\u010dki nastup prilikom formiranja\" \/>\n<meta name=\"robots\" content=\"index, follow, max-snippet:-1, max-image-preview:large, max-video-preview:-1\" \/>\n<link rel=\"canonical\" href=\"https:\/\/www.visit-ulcinj.com\/blog\/2012\/10\/30\/bs-hgi-i-forca-potpisale-platformu-o-zajednickom-djelovanju\/\" \/>\n<meta property=\"og:locale\" content=\"en_US\" \/>\n<meta property=\"og:type\" content=\"article\" \/>\n<meta property=\"og:title\" content=\"BS, HGI i Forca potpisale platformu o zajedni\u010dkom djelovanju - Video - Lajme nga Ulqini\" \/>\n<meta property=\"og:description\" content=\"Predstavnici manjinskih partija potpisali su danas u Tivtu platformu kojom su definisali dugoro\u010dnu saradnju i zajedni\u010dki nastup prilikom formiranja\" \/>\n<meta property=\"og:url\" content=\"https:\/\/www.visit-ulcinj.com\/blog\/2012\/10\/30\/bs-hgi-i-forca-potpisale-platformu-o-zajednickom-djelovanju\/\" \/>\n<meta property=\"og:site_name\" content=\"Lajme nga Ulqini\" \/>\n<meta property=\"article:published_time\" content=\"2012-10-30T19:04:34+00:00\" \/>\n<meta property=\"article:modified_time\" content=\"2012-10-31T21:29:48+00:00\" \/>\n<meta property=\"og:image\" content=\"http:\/\/www.visit-ulcinj.com\/blog\/wp-content\/uploads\/2012\/10\/BS-HGI-i-Forca-potpisale-platformu.jpg\" \/>\n<meta name=\"twitter:label1\" content=\"Written by\" \/>\n\t<meta name=\"twitter:data1\" content=\"ulqini\" \/>\n\t<meta name=\"twitter:label2\" content=\"Est. reading time\" \/>\n\t<meta name=\"twitter:data2\" content=\"1 minute\" \/>\n<script type=\"application\/ld+json\" class=\"yoast-schema-graph\">{\"@context\":\"https:\/\/schema.org\",\"@graph\":[{\"@type\":\"WebSite\",\"@id\":\"https:\/\/www.visit-ulcinj.com\/blog\/#website\",\"url\":\"https:\/\/www.visit-ulcinj.com\/blog\/\",\"name\":\"Lajme nga Ulqini\",\"description\":\"Lajme,Vijesti,Ulqini,Ulqin,Crna Gora,Mali i Zi\",\"potentialAction\":[{\"@type\":\"SearchAction\",\"target\":{\"@type\":\"EntryPoint\",\"urlTemplate\":\"https:\/\/www.visit-ulcinj.com\/blog\/?s={search_term_string}\"},\"query-input\":\"required name=search_term_string\"}],\"inLanguage\":\"en-US\"},{\"@type\":\"ImageObject\",\"inLanguage\":\"en-US\",\"@id\":\"https:\/\/www.visit-ulcinj.com\/blog\/2012\/10\/30\/bs-hgi-i-forca-potpisale-platformu-o-zajednickom-djelovanju\/#primaryimage\",\"url\":\"https:\/\/www.visit-ulcinj.com\/blog\/wp-content\/uploads\/2012\/10\/BS-HGI-i-Forca-potpisale-platformu.jpg\",\"contentUrl\":\"https:\/\/www.visit-ulcinj.com\/blog\/wp-content\/uploads\/2012\/10\/BS-HGI-i-Forca-potpisale-platformu.jpg\",\"width\":\"667\",\"height\":\"500\"},{\"@type\":\"WebPage\",\"@id\":\"https:\/\/www.visit-ulcinj.com\/blog\/2012\/10\/30\/bs-hgi-i-forca-potpisale-platformu-o-zajednickom-djelovanju\/#webpage\",\"url\":\"https:\/\/www.visit-ulcinj.com\/blog\/2012\/10\/30\/bs-hgi-i-forca-potpisale-platformu-o-zajednickom-djelovanju\/\",\"name\":\"BS, HGI i Forca potpisale platformu o zajedni\u010dkom djelovanju - Video - Lajme nga Ulqini\",\"isPartOf\":{\"@id\":\"https:\/\/www.visit-ulcinj.com\/blog\/#website\"},\"primaryImageOfPage\":{\"@id\":\"https:\/\/www.visit-ulcinj.com\/blog\/2012\/10\/30\/bs-hgi-i-forca-potpisale-platformu-o-zajednickom-djelovanju\/#primaryimage\"},\"datePublished\":\"2012-10-30T19:04:34+00:00\",\"dateModified\":\"2012-10-31T21:29:48+00:00\",\"author\":{\"@id\":\"https:\/\/www.visit-ulcinj.com\/blog\/#\/schema\/person\/dcab619c614d3038751c63bc2aadc06d\"},\"description\":\"Predstavnici manjinskih partija potpisali su danas u Tivtu platformu kojom su definisali dugoro\u010dnu saradnju i zajedni\u010dki nastup prilikom formiranja\",\"breadcrumb\":{\"@id\":\"https:\/\/www.visit-ulcinj.com\/blog\/2012\/10\/30\/bs-hgi-i-forca-potpisale-platformu-o-zajednickom-djelovanju\/#breadcrumb\"},\"inLanguage\":\"en-US\",\"potentialAction\":[{\"@type\":\"ReadAction\",\"target\":[\"https:\/\/www.visit-ulcinj.com\/blog\/2012\/10\/30\/bs-hgi-i-forca-potpisale-platformu-o-zajednickom-djelovanju\/\"]}]},{\"@type\":\"BreadcrumbList\",\"@id\":\"https:\/\/www.visit-ulcinj.com\/blog\/2012\/10\/30\/bs-hgi-i-forca-potpisale-platformu-o-zajednickom-djelovanju\/#breadcrumb\",\"itemListElement\":[{\"@type\":\"ListItem\",\"position\":1,\"name\":\"BS, HGI i Forca potpisale platformu o zajedni\u010dkom djelovanju &#8211; Video\"}]},{\"@type\":\"Person\",\"@id\":\"https:\/\/www.visit-ulcinj.com\/blog\/#\/schema\/person\/dcab619c614d3038751c63bc2aadc06d\",\"name\":\"ulqini\",\"sameAs\":[\"http:\/\/www.visit-ulcinj.com\"],\"url\":\"https:\/\/www.visit-ulcinj.com\/blog\/author\/admin\/\"}]}<\/script>\n<!-- \/ Yoast SEO plugin. -->","yoast_head_json":{"title":"BS, HGI i Forca potpisale platformu o zajedni\u010dkom djelovanju - Video - Lajme nga Ulqini","description":"Predstavnici manjinskih partija potpisali su danas u Tivtu platformu kojom su definisali dugoro\u010dnu saradnju i zajedni\u010dki nastup prilikom formiranja","robots":{"index":"index","follow":"follow","max-snippet":"max-snippet:-1","max-image-preview":"max-image-preview:large","max-video-preview":"max-video-preview:-1"},"canonical":"https:\/\/www.visit-ulcinj.com\/blog\/2012\/10\/30\/bs-hgi-i-forca-potpisale-platformu-o-zajednickom-djelovanju\/","og_locale":"en_US","og_type":"article","og_title":"BS, HGI i Forca potpisale platformu o zajedni\u010dkom djelovanju - Video - Lajme nga Ulqini","og_description":"Predstavnici manjinskih partija potpisali su danas u Tivtu platformu kojom su definisali dugoro\u010dnu saradnju i zajedni\u010dki nastup prilikom formiranja","og_url":"https:\/\/www.visit-ulcinj.com\/blog\/2012\/10\/30\/bs-hgi-i-forca-potpisale-platformu-o-zajednickom-djelovanju\/","og_site_name":"Lajme nga Ulqini","article_published_time":"2012-10-30T19:04:34+00:00","article_modified_time":"2012-10-31T21:29:48+00:00","og_image":[{"url":"http:\/\/www.visit-ulcinj.com\/blog\/wp-content\/uploads\/2012\/10\/BS-HGI-i-Forca-potpisale-platformu.jpg"}],"twitter_misc":{"Written by":"ulqini","Est. reading time":"1 minute"},"schema":{"@context":"https:\/\/schema.org","@graph":[{"@type":"WebSite","@id":"https:\/\/www.visit-ulcinj.com\/blog\/#website","url":"https:\/\/www.visit-ulcinj.com\/blog\/","name":"Lajme nga Ulqini","description":"Lajme,Vijesti,Ulqini,Ulqin,Crna Gora,Mali i Zi","potentialAction":[{"@type":"SearchAction","target":{"@type":"EntryPoint","urlTemplate":"https:\/\/www.visit-ulcinj.com\/blog\/?s={search_term_string}"},"query-input":"required name=search_term_string"}],"inLanguage":"en-US"},{"@type":"ImageObject","inLanguage":"en-US","@id":"https:\/\/www.visit-ulcinj.com\/blog\/2012\/10\/30\/bs-hgi-i-forca-potpisale-platformu-o-zajednickom-djelovanju\/#primaryimage","url":"https:\/\/www.visit-ulcinj.com\/blog\/wp-content\/uploads\/2012\/10\/BS-HGI-i-Forca-potpisale-platformu.jpg","contentUrl":"https:\/\/www.visit-ulcinj.com\/blog\/wp-content\/uploads\/2012\/10\/BS-HGI-i-Forca-potpisale-platformu.jpg","width":"667","height":"500"},{"@type":"WebPage","@id":"https:\/\/www.visit-ulcinj.com\/blog\/2012\/10\/30\/bs-hgi-i-forca-potpisale-platformu-o-zajednickom-djelovanju\/#webpage","url":"https:\/\/www.visit-ulcinj.com\/blog\/2012\/10\/30\/bs-hgi-i-forca-potpisale-platformu-o-zajednickom-djelovanju\/","name":"BS, HGI i Forca potpisale platformu o zajedni\u010dkom djelovanju - Video - Lajme nga Ulqini","isPartOf":{"@id":"https:\/\/www.visit-ulcinj.com\/blog\/#website"},"primaryImageOfPage":{"@id":"https:\/\/www.visit-ulcinj.com\/blog\/2012\/10\/30\/bs-hgi-i-forca-potpisale-platformu-o-zajednickom-djelovanju\/#primaryimage"},"datePublished":"2012-10-30T19:04:34+00:00","dateModified":"2012-10-31T21:29:48+00:00","author":{"@id":"https:\/\/www.visit-ulcinj.com\/blog\/#\/schema\/person\/dcab619c614d3038751c63bc2aadc06d"},"description":"Predstavnici manjinskih partija potpisali su danas u Tivtu platformu kojom su definisali dugoro\u010dnu saradnju i zajedni\u010dki nastup prilikom formiranja","breadcrumb":{"@id":"https:\/\/www.visit-ulcinj.com\/blog\/2012\/10\/30\/bs-hgi-i-forca-potpisale-platformu-o-zajednickom-djelovanju\/#breadcrumb"},"inLanguage":"en-US","potentialAction":[{"@type":"ReadAction","target":["https:\/\/www.visit-ulcinj.com\/blog\/2012\/10\/30\/bs-hgi-i-forca-potpisale-platformu-o-zajednickom-djelovanju\/"]}]},{"@type":"BreadcrumbList","@id":"https:\/\/www.visit-ulcinj.com\/blog\/2012\/10\/30\/bs-hgi-i-forca-potpisale-platformu-o-zajednickom-djelovanju\/#breadcrumb","itemListElement":[{"@type":"ListItem","position":1,"name":"BS, HGI i Forca potpisale platformu o zajedni\u010dkom djelovanju &#8211; Video"}]},{"@type":"Person","@id":"https:\/\/www.visit-ulcinj.com\/blog\/#\/schema\/person\/dcab619c614d3038751c63bc2aadc06d","name":"ulqini","sameAs":["http:\/\/www.visit-ulcinj.com"],"url":"https:\/\/www.visit-ulcinj.com\/blog\/author\/admin\/"}]}},"jetpack_featured_media_url":"","jetpack_sharing_enabled":true,"jetpack_shortlink":"https:\/\/wp.me\/pe6lTn-gX9","_links":{"self":[{"href":"https:\/\/www.visit-ulcinj.com\/blog\/wp-json\/wp\/v2\/posts\/65171"}],"collection":[{"href":"https:\/\/www.visit-ulcinj.com\/blog\/wp-json\/wp\/v2\/posts"}],"about":[{"href":"https:\/\/www.visit-ulcinj.com\/blog\/wp-json\/wp\/v2\/types\/post"}],"author":[{"embeddable":true,"href":"https:\/\/www.visit-ulcinj.com\/blog\/wp-json\/wp\/v2\/users\/1"}],"replies":[{"embeddable":true,"href":"https:\/\/www.visit-ulcinj.com\/blog\/wp-json\/wp\/v2\/comments?post=65171"}],"version-history":[{"count":4,"href":"https:\/\/www.visit-ulcinj.com\/blog\/wp-json\/wp\/v2\/posts\/65171\/revisions"}],"predecessor-version":[{"id":65225,"href":"https:\/\/www.visit-ulcinj.com\/blog\/wp-json\/wp\/v2\/posts\/65171\/revisions\/65225"}],"wp:attachment":[{"href":"https:\/\/www.visit-ulcinj.com\/blog\/wp-json\/wp\/v2\/media?parent=65171"}],"wp:term":[{"taxonomy":"category","embeddable":true,"href":"https:\/\/www.visit-ulcinj.com\/blog\/wp-json\/wp\/v2\/categories?post=65171"},{"taxonomy":"post_tag","embeddable":true,"href":"https:\/\/www.visit-ulcinj.com\/blog\/wp-json\/wp\/v2\/tags?post=65171"}],"curies":[{"name":"wp","href":"https:\/\/api.w.org\/{rel}","templated":true}]}}