{"id":65176,"date":"2012-10-30T20:20:45","date_gmt":"2012-10-30T19:20:45","guid":{"rendered":"http:\/\/www.visit-ulcinj.com\/blog\/?p=65176"},"modified":"2012-10-31T22:28:49","modified_gmt":"2012-10-31T21:28:49","slug":"partite-e-pakicave-duan-udheheqje-te-ministrive","status":"publish","type":"post","link":"https:\/\/www.visit-ulcinj.com\/blog\/2012\/10\/30\/partite-e-pakicave-duan-udheheqje-te-ministrive\/","title":{"rendered":"Partit\u00eb e pakicave duan udh\u00ebheqje t\u00eb ministrive &#8211; Video"},"content":{"rendered":"<p><a href=\"http:\/\/www.visit-ulcinj.com\/blog\/wp-content\/uploads\/2012\/10\/BS-HGI-i-Forca-NENSHKRUAJN-BASHKE.jpg\"><img loading=\"lazy\" class=\"alignleft  wp-image-65177\" title=\"BS, HGI i Forca NENSHKRUAJN BASHKE\" src=\"http:\/\/www.visit-ulcinj.com\/blog\/wp-content\/uploads\/2012\/10\/BS-HGI-i-Forca-NENSHKRUAJN-BASHKE.jpg\" alt=\"\" width=\"508\" height=\"360\" \/><\/a>Ende nuk \u00ebsht\u00eb e qart\u00eb se cilat jan\u00eb vendet q\u00eb do t\u00eb u takojn\u00eb partive t\u00eb pakicave n\u00eb qeverin\u00eb e ardhshme.<\/p>\n<p>N\u00ebse gjykojm\u00eb informatat t\u00eb cilat i shkruan gazeta DN, at\u00ebher\u00eb \u201cForc\u00ebs p\u00ebr Bashkim\u201d do t\u00eb i ofrohet nj\u00eb nga postet ministrore, ministria p\u00ebr t\u00eb drejtat e njeriut dhe pakicave, ministria e turizmit por \u00ebsht\u00eb p\u00ebrfolur edhe ministria e arsimit, gj\u00eb q\u00eb nuk \u00ebsht\u00eb aq e besueshme se mund t\u00eb ndodhin.<\/p>\n<p>Gjith\u00e7ka \u00ebsht\u00eb n\u00eb tryez\u00eb, t\u00eb gjitha opsionet jan\u00eb t\u00eb mundshme, pasi duhet formuar qeveri, kurse pakicat edhe k\u00ebsaj her\u00eb do t\u00eb jen\u00eb vendimtar\u00ebt. Ndoshta do t\u00eb pranojn\u00eb ofert\u00ebn pa hezituar, si\u00e7 b\u00ebri p\u00ebrfaq\u00ebsuesi i \u201cKoalicionit Shqiptar\u201d Fatmir Gjeka, shkruan gazeta DN.<\/p>\n<p>Sipas po t\u00eb nj\u00ebjtit burim, pik\u00ebrisht Fatmir Gjeka ka dob\u00ebsuar rrolin e shqiptar\u00ebve n\u00eb k\u00ebto bisedime, sepse ka mb\u00ebshtetur DPS-in pa e kusht\u00ebzuar.<br \/>\nSi shp\u00ebrblim do t\u00eb fitoj\u00eb nj\u00eb nga vendet e k\u00ebshilltar\u00ebve. Kjo \u00ebsht\u00eb m\u00eb s\u00eb shumti \u00e7ka do t\u00eb fitoj\u00eb.<\/p>\n<p>Nga koalicioni \u201cForca p\u00ebr Bashkim\u201d ende nuk kan\u00eb theksuar publikisht se cilat jan\u00eb kushtet n\u00eb t\u00eb cilat ata do t\u00eb pajtoheshin p\u00ebr t\u00eb formuar nj\u00eb shumic\u00eb qeveris\u00ebse me DPS. Kreu i Forc\u00ebs Genci Nimanbegu i tha gazet\u00ebs DN se pritet \u00a0q\u00eb partit\u00eb e pakicave sot t\u00eb n\u00ebnshkruaj\u00eb platform\u00ebn e p\u00ebrbashk\u00ebt.<\/p>\n<p>P\u00ebr subjektin kroat me r\u00ebnd\u00ebsi \u00ebsht\u00eb q\u00eb ata t\u00eb jen\u00eb pjes\u00eb e qeveris\u00eb dhe nuk kan\u00eb pretendime t\u00eb caktuara.<br \/>\nKurse Partia boshnjake sipas gjitha gjasave do t\u00eb k\u00ebrkojn\u00eb nj\u00eb nga postet m\u00eb t\u00eb r\u00ebnd\u00ebsishme. Sipas informatave aktuale, ata do t\u00eb k\u00ebrkojn\u00eb postin e z\u00ebvend\u00ebs-kryeministrit, n\u00ebnkryetarit t\u00eb Parlamentit por edhe ministrin\u00eb e bujq\u00ebsis\u00eb, shkruan n\u00eb gazet\u00ebn e p\u00ebrditshme DN. \/Malesia.Org\/<\/p>\n<p><iframe loading=\"lazy\" width=\"508\" height=\"360\" src=\"http:\/\/www.youtube.com\/embed\/cKVqL0qeBVA?rel=0\" frameborder=\"0\" allowfullscreen><\/iframe><\/p>\n","protected":false},"excerpt":{"rendered":"<p>Ende nuk \u00ebsht\u00eb e qart\u00eb se cilat jan\u00eb vendet q\u00eb do t\u00eb u takojn\u00eb partive t\u00eb pakicave n\u00eb qeverin\u00eb e ardhshme. N\u00ebse gjykojm\u00eb informatat t\u00eb cilat i shkruan gazeta DN, at\u00ebher\u00eb \u201cForc\u00ebs p\u00ebr Bashkim\u201d do t\u00eb i ofrohet nj\u00eb nga postet ministrore, ministria p\u00ebr t\u00eb drejtat e njeriut dhe pakicave, ministria e turizmit por \u00ebsht\u00eb [&hellip;]<\/p>\n","protected":false},"author":1,"featured_media":0,"comment_status":"open","ping_status":"closed","sticky":false,"template":"","format":"standard","meta":{"spay_email":"","jetpack_publicize_message":"","jetpack_is_tweetstorm":false,"jetpack_publicize_feature_enabled":true},"categories":[1,12],"tags":[117,200],"jetpack_publicize_connections":[],"yoast_head":"<!-- This site is optimized with the Yoast SEO plugin v19.1 - https:\/\/yoast.com\/wordpress\/plugins\/seo\/ -->\n<title>Partit\u00eb e pakicave duan udh\u00ebheqje t\u00eb ministrive - Video - Lajme nga Ulqini<\/title>\n<meta name=\"description\" content=\"Ende nuk \u00ebsht\u00eb e qart\u00eb se cilat jan\u00eb vendet q\u00eb do t\u00eb u takojn\u00eb partive t\u00eb pakicave n\u00eb qeverin\u00eb e ardhshme. N\u00ebse gjykojm\u00eb informatat t\u00eb cilat i shkruan\" \/>\n<meta name=\"robots\" content=\"index, follow, max-snippet:-1, max-image-preview:large, max-video-preview:-1\" \/>\n<link rel=\"canonical\" href=\"https:\/\/www.visit-ulcinj.com\/blog\/2012\/10\/30\/partite-e-pakicave-duan-udheheqje-te-ministrive\/\" \/>\n<meta property=\"og:locale\" content=\"en_US\" \/>\n<meta property=\"og:type\" content=\"article\" \/>\n<meta property=\"og:title\" content=\"Partit\u00eb e pakicave duan udh\u00ebheqje t\u00eb ministrive - Video - Lajme nga Ulqini\" \/>\n<meta property=\"og:description\" content=\"Ende nuk \u00ebsht\u00eb e qart\u00eb se cilat jan\u00eb vendet q\u00eb do t\u00eb u takojn\u00eb partive t\u00eb pakicave n\u00eb qeverin\u00eb e ardhshme. N\u00ebse gjykojm\u00eb informatat t\u00eb cilat i shkruan\" \/>\n<meta property=\"og:url\" content=\"https:\/\/www.visit-ulcinj.com\/blog\/2012\/10\/30\/partite-e-pakicave-duan-udheheqje-te-ministrive\/\" \/>\n<meta property=\"og:site_name\" content=\"Lajme nga Ulqini\" \/>\n<meta property=\"article:published_time\" content=\"2012-10-30T19:20:45+00:00\" \/>\n<meta property=\"article:modified_time\" content=\"2012-10-31T21:28:49+00:00\" \/>\n<meta property=\"og:image\" content=\"http:\/\/www.visit-ulcinj.com\/blog\/wp-content\/uploads\/2012\/10\/BS-HGI-i-Forca-NENSHKRUAJN-BASHKE.jpg\" \/>\n<meta name=\"twitter:label1\" content=\"Written by\" \/>\n\t<meta name=\"twitter:data1\" content=\"ulqini\" \/>\n\t<meta name=\"twitter:label2\" content=\"Est. reading time\" \/>\n\t<meta name=\"twitter:data2\" content=\"2 minutes\" \/>\n<script type=\"application\/ld+json\" class=\"yoast-schema-graph\">{\"@context\":\"https:\/\/schema.org\",\"@graph\":[{\"@type\":\"WebSite\",\"@id\":\"https:\/\/www.visit-ulcinj.com\/blog\/#website\",\"url\":\"https:\/\/www.visit-ulcinj.com\/blog\/\",\"name\":\"Lajme nga Ulqini\",\"description\":\"Lajme,Vijesti,Ulqini,Ulqin,Crna Gora,Mali i Zi\",\"potentialAction\":[{\"@type\":\"SearchAction\",\"target\":{\"@type\":\"EntryPoint\",\"urlTemplate\":\"https:\/\/www.visit-ulcinj.com\/blog\/?s={search_term_string}\"},\"query-input\":\"required name=search_term_string\"}],\"inLanguage\":\"en-US\"},{\"@type\":\"ImageObject\",\"inLanguage\":\"en-US\",\"@id\":\"https:\/\/www.visit-ulcinj.com\/blog\/2012\/10\/30\/partite-e-pakicave-duan-udheheqje-te-ministrive\/#primaryimage\",\"url\":\"https:\/\/www.visit-ulcinj.com\/blog\/wp-content\/uploads\/2012\/10\/BS-HGI-i-Forca-NENSHKRUAJN-BASHKE.jpg\",\"contentUrl\":\"https:\/\/www.visit-ulcinj.com\/blog\/wp-content\/uploads\/2012\/10\/BS-HGI-i-Forca-NENSHKRUAJN-BASHKE.jpg\",\"width\":\"667\",\"height\":\"500\"},{\"@type\":\"WebPage\",\"@id\":\"https:\/\/www.visit-ulcinj.com\/blog\/2012\/10\/30\/partite-e-pakicave-duan-udheheqje-te-ministrive\/#webpage\",\"url\":\"https:\/\/www.visit-ulcinj.com\/blog\/2012\/10\/30\/partite-e-pakicave-duan-udheheqje-te-ministrive\/\",\"name\":\"Partit\u00eb e pakicave duan udh\u00ebheqje t\u00eb ministrive - Video - Lajme nga Ulqini\",\"isPartOf\":{\"@id\":\"https:\/\/www.visit-ulcinj.com\/blog\/#website\"},\"primaryImageOfPage\":{\"@id\":\"https:\/\/www.visit-ulcinj.com\/blog\/2012\/10\/30\/partite-e-pakicave-duan-udheheqje-te-ministrive\/#primaryimage\"},\"datePublished\":\"2012-10-30T19:20:45+00:00\",\"dateModified\":\"2012-10-31T21:28:49+00:00\",\"author\":{\"@id\":\"https:\/\/www.visit-ulcinj.com\/blog\/#\/schema\/person\/dcab619c614d3038751c63bc2aadc06d\"},\"description\":\"Ende nuk \u00ebsht\u00eb e qart\u00eb se cilat jan\u00eb vendet q\u00eb do t\u00eb u takojn\u00eb partive t\u00eb pakicave n\u00eb qeverin\u00eb e ardhshme. N\u00ebse gjykojm\u00eb informatat t\u00eb cilat i shkruan\",\"breadcrumb\":{\"@id\":\"https:\/\/www.visit-ulcinj.com\/blog\/2012\/10\/30\/partite-e-pakicave-duan-udheheqje-te-ministrive\/#breadcrumb\"},\"inLanguage\":\"en-US\",\"potentialAction\":[{\"@type\":\"ReadAction\",\"target\":[\"https:\/\/www.visit-ulcinj.com\/blog\/2012\/10\/30\/partite-e-pakicave-duan-udheheqje-te-ministrive\/\"]}]},{\"@type\":\"BreadcrumbList\",\"@id\":\"https:\/\/www.visit-ulcinj.com\/blog\/2012\/10\/30\/partite-e-pakicave-duan-udheheqje-te-ministrive\/#breadcrumb\",\"itemListElement\":[{\"@type\":\"ListItem\",\"position\":1,\"name\":\"Partit\u00eb e pakicave duan udh\u00ebheqje t\u00eb ministrive &#8211; Video\"}]},{\"@type\":\"Person\",\"@id\":\"https:\/\/www.visit-ulcinj.com\/blog\/#\/schema\/person\/dcab619c614d3038751c63bc2aadc06d\",\"name\":\"ulqini\",\"sameAs\":[\"http:\/\/www.visit-ulcinj.com\"],\"url\":\"https:\/\/www.visit-ulcinj.com\/blog\/author\/admin\/\"}]}<\/script>\n<!-- \/ Yoast SEO plugin. -->","yoast_head_json":{"title":"Partit\u00eb e pakicave duan udh\u00ebheqje t\u00eb ministrive - Video - Lajme nga Ulqini","description":"Ende nuk \u00ebsht\u00eb e qart\u00eb se cilat jan\u00eb vendet q\u00eb do t\u00eb u takojn\u00eb partive t\u00eb pakicave n\u00eb qeverin\u00eb e ardhshme. N\u00ebse gjykojm\u00eb informatat t\u00eb cilat i shkruan","robots":{"index":"index","follow":"follow","max-snippet":"max-snippet:-1","max-image-preview":"max-image-preview:large","max-video-preview":"max-video-preview:-1"},"canonical":"https:\/\/www.visit-ulcinj.com\/blog\/2012\/10\/30\/partite-e-pakicave-duan-udheheqje-te-ministrive\/","og_locale":"en_US","og_type":"article","og_title":"Partit\u00eb e pakicave duan udh\u00ebheqje t\u00eb ministrive - Video - Lajme nga Ulqini","og_description":"Ende nuk \u00ebsht\u00eb e qart\u00eb se cilat jan\u00eb vendet q\u00eb do t\u00eb u takojn\u00eb partive t\u00eb pakicave n\u00eb qeverin\u00eb e ardhshme. N\u00ebse gjykojm\u00eb informatat t\u00eb cilat i shkruan","og_url":"https:\/\/www.visit-ulcinj.com\/blog\/2012\/10\/30\/partite-e-pakicave-duan-udheheqje-te-ministrive\/","og_site_name":"Lajme nga Ulqini","article_published_time":"2012-10-30T19:20:45+00:00","article_modified_time":"2012-10-31T21:28:49+00:00","og_image":[{"url":"http:\/\/www.visit-ulcinj.com\/blog\/wp-content\/uploads\/2012\/10\/BS-HGI-i-Forca-NENSHKRUAJN-BASHKE.jpg"}],"twitter_misc":{"Written by":"ulqini","Est. reading time":"2 minutes"},"schema":{"@context":"https:\/\/schema.org","@graph":[{"@type":"WebSite","@id":"https:\/\/www.visit-ulcinj.com\/blog\/#website","url":"https:\/\/www.visit-ulcinj.com\/blog\/","name":"Lajme nga Ulqini","description":"Lajme,Vijesti,Ulqini,Ulqin,Crna Gora,Mali i Zi","potentialAction":[{"@type":"SearchAction","target":{"@type":"EntryPoint","urlTemplate":"https:\/\/www.visit-ulcinj.com\/blog\/?s={search_term_string}"},"query-input":"required name=search_term_string"}],"inLanguage":"en-US"},{"@type":"ImageObject","inLanguage":"en-US","@id":"https:\/\/www.visit-ulcinj.com\/blog\/2012\/10\/30\/partite-e-pakicave-duan-udheheqje-te-ministrive\/#primaryimage","url":"https:\/\/www.visit-ulcinj.com\/blog\/wp-content\/uploads\/2012\/10\/BS-HGI-i-Forca-NENSHKRUAJN-BASHKE.jpg","contentUrl":"https:\/\/www.visit-ulcinj.com\/blog\/wp-content\/uploads\/2012\/10\/BS-HGI-i-Forca-NENSHKRUAJN-BASHKE.jpg","width":"667","height":"500"},{"@type":"WebPage","@id":"https:\/\/www.visit-ulcinj.com\/blog\/2012\/10\/30\/partite-e-pakicave-duan-udheheqje-te-ministrive\/#webpage","url":"https:\/\/www.visit-ulcinj.com\/blog\/2012\/10\/30\/partite-e-pakicave-duan-udheheqje-te-ministrive\/","name":"Partit\u00eb e pakicave duan udh\u00ebheqje t\u00eb ministrive - Video - Lajme nga Ulqini","isPartOf":{"@id":"https:\/\/www.visit-ulcinj.com\/blog\/#website"},"primaryImageOfPage":{"@id":"https:\/\/www.visit-ulcinj.com\/blog\/2012\/10\/30\/partite-e-pakicave-duan-udheheqje-te-ministrive\/#primaryimage"},"datePublished":"2012-10-30T19:20:45+00:00","dateModified":"2012-10-31T21:28:49+00:00","author":{"@id":"https:\/\/www.visit-ulcinj.com\/blog\/#\/schema\/person\/dcab619c614d3038751c63bc2aadc06d"},"description":"Ende nuk \u00ebsht\u00eb e qart\u00eb se cilat jan\u00eb vendet q\u00eb do t\u00eb u takojn\u00eb partive t\u00eb pakicave n\u00eb qeverin\u00eb e ardhshme. N\u00ebse gjykojm\u00eb informatat t\u00eb cilat i shkruan","breadcrumb":{"@id":"https:\/\/www.visit-ulcinj.com\/blog\/2012\/10\/30\/partite-e-pakicave-duan-udheheqje-te-ministrive\/#breadcrumb"},"inLanguage":"en-US","potentialAction":[{"@type":"ReadAction","target":["https:\/\/www.visit-ulcinj.com\/blog\/2012\/10\/30\/partite-e-pakicave-duan-udheheqje-te-ministrive\/"]}]},{"@type":"BreadcrumbList","@id":"https:\/\/www.visit-ulcinj.com\/blog\/2012\/10\/30\/partite-e-pakicave-duan-udheheqje-te-ministrive\/#breadcrumb","itemListElement":[{"@type":"ListItem","position":1,"name":"Partit\u00eb e pakicave duan udh\u00ebheqje t\u00eb ministrive &#8211; Video"}]},{"@type":"Person","@id":"https:\/\/www.visit-ulcinj.com\/blog\/#\/schema\/person\/dcab619c614d3038751c63bc2aadc06d","name":"ulqini","sameAs":["http:\/\/www.visit-ulcinj.com"],"url":"https:\/\/www.visit-ulcinj.com\/blog\/author\/admin\/"}]}},"jetpack_featured_media_url":"","jetpack_sharing_enabled":true,"jetpack_shortlink":"https:\/\/wp.me\/pe6lTn-gXe","_links":{"self":[{"href":"https:\/\/www.visit-ulcinj.com\/blog\/wp-json\/wp\/v2\/posts\/65176"}],"collection":[{"href":"https:\/\/www.visit-ulcinj.com\/blog\/wp-json\/wp\/v2\/posts"}],"about":[{"href":"https:\/\/www.visit-ulcinj.com\/blog\/wp-json\/wp\/v2\/types\/post"}],"author":[{"embeddable":true,"href":"https:\/\/www.visit-ulcinj.com\/blog\/wp-json\/wp\/v2\/users\/1"}],"replies":[{"embeddable":true,"href":"https:\/\/www.visit-ulcinj.com\/blog\/wp-json\/wp\/v2\/comments?post=65176"}],"version-history":[{"count":4,"href":"https:\/\/www.visit-ulcinj.com\/blog\/wp-json\/wp\/v2\/posts\/65176\/revisions"}],"predecessor-version":[{"id":65224,"href":"https:\/\/www.visit-ulcinj.com\/blog\/wp-json\/wp\/v2\/posts\/65176\/revisions\/65224"}],"wp:attachment":[{"href":"https:\/\/www.visit-ulcinj.com\/blog\/wp-json\/wp\/v2\/media?parent=65176"}],"wp:term":[{"taxonomy":"category","embeddable":true,"href":"https:\/\/www.visit-ulcinj.com\/blog\/wp-json\/wp\/v2\/categories?post=65176"},{"taxonomy":"post_tag","embeddable":true,"href":"https:\/\/www.visit-ulcinj.com\/blog\/wp-json\/wp\/v2\/tags?post=65176"}],"curies":[{"name":"wp","href":"https:\/\/api.w.org\/{rel}","templated":true}]}}