{"id":6518,"date":"2008-11-23T11:26:24","date_gmt":"2008-11-23T16:26:24","guid":{"rendered":"http:\/\/www.visit-ulcinj.com\/blog\/?p=6518"},"modified":"2008-11-23T11:26:24","modified_gmt":"2008-11-23T16:26:24","slug":"turisticke-opstine-odlucile-da-popune-kase-iz-dzepova-vlasnika-vikendica-stanova-i-vila","status":"publish","type":"post","link":"https:\/\/www.visit-ulcinj.com\/blog\/2008\/11\/23\/turisticke-opstine-odlucile-da-popune-kase-iz-dzepova-vlasnika-vikendica-stanova-i-vila\/","title":{"rendered":"Turisti?ke op\u0161tine odlu?ile da popune kase iz d\u017eepova vlasnika vikendica, stanova i vila"},"content":{"rendered":"<p><a href=\"http:\/\/www.visit-ulcinj.com\/blog\/wp-content\/uploads\/2008\/03\/budva3.jpg\"><img loading=\"lazy\" class=\"size-medium wp-image-805 alignleft\" title=\"Budva_mali i zi\" src=\"http:\/\/www.visit-ulcinj.com\/blog\/wp-content\/uploads\/2008\/03\/budva3.jpg\" alt=\"Budva\" width=\"397\" height=\"263\" \/><\/a><\/p>\n<p>Vladisav Simi? iz Zemuna, koji od \u201886. godine u Radovi?ima u Tivtu ima vikend-stan, pokrenuo je pred Ustavnim sudom Crne Gore spor protiv Op\u0161tine i dr\u017eave zbog na?ina na koji je njegova nekretnina oporezovana.<\/p>\n<p>U jeku sudske bitke zbog \u201cnekorektne poreske stope\u201d, Vladislavu je stigla i obaveza da za stan na Jadranu koji se vodi kao \u201cnekretnina za odmor i rekreaciju\u201d plati i turisti?ku taksu, po 0,70 eura dnevno na obra?unski period od 45 dana.<\/p>\n<p>I ne samo Vladislavu, ve? svim vlasnicima stanova, apartmana, vila&#8230; u nekoliko turisti?kih gradova u Crnoj Gori, nerezidentima, ali i domicilnom (doma?e) stanovni\u0161tvu. Neki su ra?une ve? dobili, a neke tek o?ekuju&#8230;<\/p>\n<p>Na novi namet dr\u017eave Vladislav je odgovorio tu\u017ebom pred Ustavnim sudom, jer smatra da su mu naru\u0161ena ljudska i gra?anska prava.<\/p>\n<p>\u201cUz porez od 143,34 eura, sada tra\u017ee da platim i novu turisti?ku taksu od 47,25 eura\u201d, ka\u017ee Vladislav.<\/p>\n<p>Op\u0161tina Tivat je me?u prvim u Crnoj Gori koja je po?ela da napla?uje novu turisti?ku taksu. Sekretar za finansije i bud\u017eet Ivan Novosel ka\u017ee da u Tivtu ima oko 2.500 obveznika pla?anja ove takse, ?ije je ukupno zadu\u017eenje 145.000 eura, te da je do sada napla?eno oko 80.000.<\/p>\n<p>U zakonu o turisti?kim organizacijama stoji da se turisti?ka taksa pla?a za \u201csekundarnu stambenu jedinicu\u201d u turisti?kom mjestu A kategorije, \u0161to zna?i za stan koji se ne nalazi u stalnom mjestu boravka vlasnika nekretnine, niti, pak, ?lanova njegove u\u017ee porodice. (Sekundarnom stambenom jedinicom smatra se apartman, stan ili ku?a , koju za odmor i rekreaciju koristi vlasnik, njegova porodica ili gosti.) Me?utim, prema zakonu, lokalna uprava mo\u017ee uvesti turisti?ku taksu i u turisti?kom mjestu B, C i D kategorije.<\/p>\n<p>Visina godi\u0161njeg iznosa turisti?ke takse predstavlja, prema slovu zakona, proizvod broja kreveta u sekundarnoj jedinici, iznosa boravi\u0161ne takse, procijenjenog broja dana pune popunjenosti kapaciteta u privatnom smje\u0161taju, a to je 45 dana, i koeficijenta 0,5 za strance i 0,2 za doma?e stanovni\u0161tvo, koji predstavlja koeficijent umanjenja iznosa boravi\u0161ne takse. Prema zakonu, jedan krevet je jednak 15 metara kvadratnih stambenog prostora, \u0161to zna?i da ?e vlasnik sekundarne jedinice povr\u0161ine od 60 kvadrata pla?ati godi\u0161nje oko 45 eura turisti?ke takse. Od napla?enog novca na teritoriji grada, precizirano je u zakonu, po 40 odsto na?i ?e se u kasama op\u0161tine i lokalne turisti?ke organizacije, a ostatak od 20 odsto dobija Nacionalna turisti?ka organizacija (NTO).<\/p>\n<p>Mogu?nost dono\u0161enja odluke o ubiranju turisti?ke takse lokalnim skup\u0161tinama je ostavljena Zakonom o izmjenama i dopunama Zakona o turisti?kim organizacijama.<\/p>\n<p>Direktor NTO Sa\u0161a Radovi? ka\u017ee da ove godine o?ekuju manje prihoda nego \u0161to je planirano.<\/p>\n<p>\u201cO?ekujemo da ?emo, na ime turisti?ke takse, ove godine ukupno naplatiti oko 250.000 eura, od kojih ?e 50.000 i?i u bud\u017eet Nacionalne turisti?ke organizacije\u201d, ka\u017ee Radovi?.<\/p>\n<p>Naplata je, dodaje, niska, jer mnoge lokalne uprave jo\u0161 nijesu donijele odluke o naplati ove naknade.<\/p>\n<p>\u201cZa prvih deset mjeseci ukupno u svim op\u0161tinama napla?eno je oko 180.000 eura. Novac ?e biti utro\u0161en na propagandu, \u0161to je i jasno precizirano izmjenama zakona\u201d, kazao je Radovi? za \u201cVijesti\u201d.<\/p>\n<p>Osim stranih vikenda\u0161a, turisti?kom taksom bi?e \u201cpogo?eni\u201d i brojni domicilni stanovnici koji \u017eive u jednom gradu, a imaju stanove ili ku?e u drugom mjestu, bez obzira na to koriste li ih u turisti?ke svrhe ili ne. Prema ranijim podacima, gra?ani Srbije na Crnogorskom primorju imaju oko 20.000 stanova, a najmanje jo\u0161 dvostruko vi\u0161e je u vlasni\u0161tvu gra?ana Crne Gore i gra?ana susjednih dr\u017eava.<\/p>\n<p>Na?elnik za privredu i finansije u Budvi Mihajlo ?urovi? smatra da ?e uvo?enje nove turisti?ke takse smanjiti problem nelegalnog izdavanja kreveta u privatnom smje\u0161taju. Na Budvanskoj rivijeri, ka\u017ee, ima oko 6.727 takvih, takozvanih vikend-stanova, a procjenjuje se da njihova ukupna povr\u0161ina iznosi preko pola miliona kvadrata, ta?nije 561.163 metra kvadratna. Ovim ?e biti obuhva?eno novih 37.400 le\u017eaja.<\/p>\n<p>\u201cObavezu pla?anja turisti?ke takse ima?e svi oni koji imaju stan, a nemaju prebivali\u0161te u Budvi. Dakle, i gra?ani svih ostalih gradova u Crnoj Gori. Svi su du\u017eni da izmire obaveze. Imaju mogu?nost da se \u017eale na visinu naknade, ali ne i na njeno izmirivanje\u201d, poru?uje ?urovi?.<\/p>\n<p>Rukovodilac Odjeljenja za privredu Sekretarijata za privredu i finansije u Op\u0161tini Budva Vasko Milanovi? obja\u0161njava da, ukoliko nerezident ima imovinu na teritoriji Budve, a za stalno prijavljenog stanara nekog bli\u017enjeg, prvi i drugi nasljedni red, onda oni u tom slu?aju nijesu obveznici pla?anja turisti?ke takse.<\/p>\n<p>Iako je naplata turisti?ke takse i u Budvi znatno manja od planirane, o?ekuje se da ?e Op\u0161tina ove godine, po tom osnovu, zaraditi 200.000 eura.<\/p>\n<p>U Baru su na ime turisti?ke takse ve? naplatili 43.000 eura. U Sekretarijatu za ekonomiju i finansije otkucano je 10.133 rje\u0161enja, kojima su nerezidenti zadu\u017eeni sa 353.000 eura, a rezidenti, ljudi koji imaju vi\u0161e objekata, sa 55.000 eura. Osobe koje imaju odobrenja za izdavanje le\u017eajeva u privatnom smje\u0161taju izuzete su od obaveze pla?anja ove takse.<\/p>\n<p>Turisti?ka taksa u hercegnovskoj op\u0161tini po?e?e da se napla?uje od sljede?e godine, a gra?ani ?e zadu\u017eenja dobiti u maju, zajedno sa obra?unom poreza na nepokretnosti.<\/p>\n<p>Direktorica Uprave lokalnih prihoda Nata\u0161a Musi? ka\u017ee da u hercegnovskoj op\u0161tini ima oko 6.000 stanova za odmor i u Upravi lokalnih prihoda procjenjuju da ?e godi\u0161nji prihod od turisti?ke takse iznositi oko 200.000 eura.<\/p>\n<p>\u201cOve godine taksa ne?e biti napla?ena, jer je odluka stupila na snagu po?etkom septembra, a zadu\u017eenja se donose na godi\u0161njem nivou\u201d, obja\u0161njava Musi?.<\/p>\n<p><strong>Ko ne plati, bi?e ka\u017enjen<\/strong><br \/>\nRukovodilac Odjeljenja za privredu Sekretarijata za privredu i finansije u Op\u0161tini Budva Vasko Milanovi? ka\u017ee da je za sve one koji ne ispune obaveze predvi?ena prinudna naplata turisti?ke takse.<br \/>\n\u201cImamo ku?e koje su u vlasni\u0161tvu nerezidenata koje imaju po 300,400 kvadrata. Ove godine smo zadu\u017eili nerezidente sa iznosom od 509.000 eura, a naplatili smo do sada oko 100.000 eura. Cifra se mijenja svakodnevno u zavisnosti od toga kako se rje\u0161enja dostavljaju. Za sve koji na ispune obaveze predvi?ena je prinudna naplata\u201d, ka\u017ee Milanovi?.<br \/>\nU saop\u0161tenju Nacionalne turisti?ke organizacije ka\u017ee se da ?e se nov?anom kaznom od dvostrukog do desetostrukog iznosa minimalne zarade u dr\u017eavi kazniti \u201cfizi?ko lice za prekr\u0161aj ako ne plati turisti?ku taksu u propisanom roku\u201d.<br \/>\n\u201cNa odnose koji nijesu posebno ure?eni ovim zakonom, a koji se odnose na pla?anje turisti?ke takse, primjenjuje se zakon kojim se ure?uje poreski postupak\u201d, navodi se u saop\u0161tenju.<\/p>\n<p><strong>Doma?i su neravnopravni<\/strong><br \/>\nUlcinj je jedna od op\u0161tina u kojoj se turisti?ka taksa ne napla?uje, iako je Skup\u0161tina tu odluku usvojila uo?i sezone. Sekretar za privredu i ekonomski razvoj Vasko Radovi? ka\u017ee da zbog vremenskog cajtnota tehni?ki nije bilo mogu?e odluku sprovesti u djelo, i isti?e da je taksa prvenstveno uperena protiv vlasnika vikendica koji ne \u017eive u Ulcinju.<br \/>\n\u201cTakvih vikendica u Ulcinju ima mnogo i njihovi vlasnici, naro?ito u posljednje vrijeme, koriste ih u komercijalne svrhe. Ve?i dio tih objekata vi\u0161e i nijesu vikendice, ve? su, dogra?ivanjem, dobile status objekata koji slu\u017ee za izdavanje. Njihovi vlasnici u Ulcinju borave mjesec, dva ili tri, neki i ne dolaze, ve? ih izdaju za pozama\u0161ne svote\u201d, kazao je Radovi? za \u201cVijesti\u201d.<br \/>\nOn navodi da je ovim zakonom domicilno stanovni\u0161tvo dovedeno u neravnopravan polo\u017eaj sa vikenda\u0161ima koji ne \u017eive u Ulcinju ili Crnoj Gori.<\/p>\n<p><strong>Na sjeveru se jo\u0161 prebrojavaju<\/strong><br \/>\nU turisti?kim op\u0161tinama na sjeveru situacija je ne\u0161to druga?ija.<br \/>\nSva dosada\u0161nja prebrojavanja i istra\u017eivanja o broju vikend ku?a na \u017dabljaku nijesu dala pravi rezultat, ?ak nema ni evidencije po osnovu poreskih prihoda, turisti?ke ili boravi\u0161ne takse. Nadle\u017eni nijesu u situaciji da pru\u017ee valjan podatak o prihodima po osnovu turisti?ke takse koju pla?aju vlasnici vikendica. U evidencijama se nalaze 64 stanodavca, a svaki peti je vlasnik vikendice koji po tom osnovu pla?a porez, turisti?ku i boravi\u0161nu taksu. Kada je u pitanju izdavanje smje\u0161taja turistima, praksa je da se ti prihodi prijavljuju uglavnom na po jedan mjesec, ljeti i zimi.<br \/>\nU plavskoj op\u0161tini tek je nedavno otvorena lokalna turisti?ka organizacija i imenovan direktor stru?ne slu\u017ebe. Glavni administrator Op\u0161tine Ervin Kandi? ka\u017ee da ?e se na dnevnom redu naredne sjednice Skup\u0161tine na?i odluka o boravi\u0161noj taksi, a da ?e odluka o turisti?koj taksi biti aktuelna kasnije.<br \/>\n<strong>Ekipa \u201eVijesti\u201d<\/strong><\/p>\n","protected":false},"excerpt":{"rendered":"<p>Vladisav Simi? iz Zemuna, koji od \u201886. godine u Radovi?ima u Tivtu ima vikend-stan, pokrenuo je pred Ustavnim sudom Crne Gore spor protiv Op\u0161tine i dr\u017eave zbog na?ina na koji je njegova nekretnina oporezovana. U jeku sudske bitke zbog \u201cnekorektne poreske stope\u201d, Vladislavu je stigla i obaveza da za stan na Jadranu koji se vodi [&hellip;]<\/p>\n","protected":false},"author":1,"featured_media":0,"comment_status":"open","ping_status":"closed","sticky":false,"template":"","format":"standard","meta":{"spay_email":"","jetpack_publicize_message":"","jetpack_is_tweetstorm":false,"jetpack_publicize_feature_enabled":true},"categories":[13],"tags":[21,20],"jetpack_publicize_connections":[],"yoast_head":"<!-- This site is optimized with the Yoast SEO plugin v19.1 - https:\/\/yoast.com\/wordpress\/plugins\/seo\/ -->\n<title>Turisti?ke op\u0161tine odlu?ile da popune kase iz d\u017eepova vlasnika vikendica, stanova i vila - Lajme nga Ulqini<\/title>\n<meta name=\"description\" content=\"Vladisav Simi? iz Zemuna, koji od \u201886. godine u Radovi?ima u Tivtu ima vikend-stan, pokrenuo je pred Ustavnim sudom Crne Gore spor protiv Op\u0161tine i dr\u017eave\" \/>\n<meta name=\"robots\" content=\"index, follow, max-snippet:-1, max-image-preview:large, max-video-preview:-1\" \/>\n<link rel=\"canonical\" href=\"https:\/\/www.visit-ulcinj.com\/blog\/2008\/11\/23\/turisticke-opstine-odlucile-da-popune-kase-iz-dzepova-vlasnika-vikendica-stanova-i-vila\/\" \/>\n<meta property=\"og:locale\" content=\"en_US\" \/>\n<meta property=\"og:type\" content=\"article\" \/>\n<meta property=\"og:title\" content=\"Turisti?ke op\u0161tine odlu?ile da popune kase iz d\u017eepova vlasnika vikendica, stanova i vila - Lajme nga Ulqini\" \/>\n<meta property=\"og:description\" content=\"Vladisav Simi? iz Zemuna, koji od \u201886. godine u Radovi?ima u Tivtu ima vikend-stan, pokrenuo je pred Ustavnim sudom Crne Gore spor protiv Op\u0161tine i dr\u017eave\" \/>\n<meta property=\"og:url\" content=\"https:\/\/www.visit-ulcinj.com\/blog\/2008\/11\/23\/turisticke-opstine-odlucile-da-popune-kase-iz-dzepova-vlasnika-vikendica-stanova-i-vila\/\" \/>\n<meta property=\"og:site_name\" content=\"Lajme nga Ulqini\" \/>\n<meta property=\"article:published_time\" content=\"2008-11-23T16:26:24+00:00\" \/>\n<meta property=\"og:image\" content=\"http:\/\/www.visit-ulcinj.com\/blog\/wp-content\/uploads\/2008\/03\/budva3.jpg\" \/>\n<meta name=\"twitter:label1\" content=\"Written by\" \/>\n\t<meta name=\"twitter:data1\" content=\"ulqini\" \/>\n\t<meta name=\"twitter:label2\" content=\"Est. reading time\" \/>\n\t<meta name=\"twitter:data2\" content=\"7 minutes\" \/>\n<script type=\"application\/ld+json\" class=\"yoast-schema-graph\">{\"@context\":\"https:\/\/schema.org\",\"@graph\":[{\"@type\":\"WebSite\",\"@id\":\"https:\/\/www.visit-ulcinj.com\/blog\/#website\",\"url\":\"https:\/\/www.visit-ulcinj.com\/blog\/\",\"name\":\"Lajme nga Ulqini\",\"description\":\"Lajme,Vijesti,Ulqini,Ulqin,Crna Gora,Mali i Zi\",\"potentialAction\":[{\"@type\":\"SearchAction\",\"target\":{\"@type\":\"EntryPoint\",\"urlTemplate\":\"https:\/\/www.visit-ulcinj.com\/blog\/?s={search_term_string}\"},\"query-input\":\"required name=search_term_string\"}],\"inLanguage\":\"en-US\"},{\"@type\":\"ImageObject\",\"inLanguage\":\"en-US\",\"@id\":\"https:\/\/www.visit-ulcinj.com\/blog\/2008\/11\/23\/turisticke-opstine-odlucile-da-popune-kase-iz-dzepova-vlasnika-vikendica-stanova-i-vila\/#primaryimage\",\"url\":\"http:\/\/www.visit-ulcinj.com\/blog\/wp-content\/uploads\/2008\/03\/budva3.jpg\",\"contentUrl\":\"http:\/\/www.visit-ulcinj.com\/blog\/wp-content\/uploads\/2008\/03\/budva3.jpg\"},{\"@type\":\"WebPage\",\"@id\":\"https:\/\/www.visit-ulcinj.com\/blog\/2008\/11\/23\/turisticke-opstine-odlucile-da-popune-kase-iz-dzepova-vlasnika-vikendica-stanova-i-vila\/#webpage\",\"url\":\"https:\/\/www.visit-ulcinj.com\/blog\/2008\/11\/23\/turisticke-opstine-odlucile-da-popune-kase-iz-dzepova-vlasnika-vikendica-stanova-i-vila\/\",\"name\":\"Turisti?ke op\u0161tine odlu?ile da popune kase iz d\u017eepova vlasnika vikendica, stanova i vila - Lajme nga Ulqini\",\"isPartOf\":{\"@id\":\"https:\/\/www.visit-ulcinj.com\/blog\/#website\"},\"primaryImageOfPage\":{\"@id\":\"https:\/\/www.visit-ulcinj.com\/blog\/2008\/11\/23\/turisticke-opstine-odlucile-da-popune-kase-iz-dzepova-vlasnika-vikendica-stanova-i-vila\/#primaryimage\"},\"datePublished\":\"2008-11-23T16:26:24+00:00\",\"dateModified\":\"2008-11-23T16:26:24+00:00\",\"author\":{\"@id\":\"https:\/\/www.visit-ulcinj.com\/blog\/#\/schema\/person\/dcab619c614d3038751c63bc2aadc06d\"},\"description\":\"Vladisav Simi? iz Zemuna, koji od \u201886. godine u Radovi?ima u Tivtu ima vikend-stan, pokrenuo je pred Ustavnim sudom Crne Gore spor protiv Op\u0161tine i dr\u017eave\",\"breadcrumb\":{\"@id\":\"https:\/\/www.visit-ulcinj.com\/blog\/2008\/11\/23\/turisticke-opstine-odlucile-da-popune-kase-iz-dzepova-vlasnika-vikendica-stanova-i-vila\/#breadcrumb\"},\"inLanguage\":\"en-US\",\"potentialAction\":[{\"@type\":\"ReadAction\",\"target\":[\"https:\/\/www.visit-ulcinj.com\/blog\/2008\/11\/23\/turisticke-opstine-odlucile-da-popune-kase-iz-dzepova-vlasnika-vikendica-stanova-i-vila\/\"]}]},{\"@type\":\"BreadcrumbList\",\"@id\":\"https:\/\/www.visit-ulcinj.com\/blog\/2008\/11\/23\/turisticke-opstine-odlucile-da-popune-kase-iz-dzepova-vlasnika-vikendica-stanova-i-vila\/#breadcrumb\",\"itemListElement\":[{\"@type\":\"ListItem\",\"position\":1,\"name\":\"Turisti?ke op\u0161tine odlu?ile da popune kase iz d\u017eepova vlasnika vikendica, stanova i vila\"}]},{\"@type\":\"Person\",\"@id\":\"https:\/\/www.visit-ulcinj.com\/blog\/#\/schema\/person\/dcab619c614d3038751c63bc2aadc06d\",\"name\":\"ulqini\",\"sameAs\":[\"http:\/\/www.visit-ulcinj.com\"],\"url\":\"https:\/\/www.visit-ulcinj.com\/blog\/author\/admin\/\"}]}<\/script>\n<!-- \/ Yoast SEO plugin. -->","yoast_head_json":{"title":"Turisti?ke op\u0161tine odlu?ile da popune kase iz d\u017eepova vlasnika vikendica, stanova i vila - Lajme nga Ulqini","description":"Vladisav Simi? iz Zemuna, koji od \u201886. godine u Radovi?ima u Tivtu ima vikend-stan, pokrenuo je pred Ustavnim sudom Crne Gore spor protiv Op\u0161tine i dr\u017eave","robots":{"index":"index","follow":"follow","max-snippet":"max-snippet:-1","max-image-preview":"max-image-preview:large","max-video-preview":"max-video-preview:-1"},"canonical":"https:\/\/www.visit-ulcinj.com\/blog\/2008\/11\/23\/turisticke-opstine-odlucile-da-popune-kase-iz-dzepova-vlasnika-vikendica-stanova-i-vila\/","og_locale":"en_US","og_type":"article","og_title":"Turisti?ke op\u0161tine odlu?ile da popune kase iz d\u017eepova vlasnika vikendica, stanova i vila - Lajme nga Ulqini","og_description":"Vladisav Simi? iz Zemuna, koji od \u201886. godine u Radovi?ima u Tivtu ima vikend-stan, pokrenuo je pred Ustavnim sudom Crne Gore spor protiv Op\u0161tine i dr\u017eave","og_url":"https:\/\/www.visit-ulcinj.com\/blog\/2008\/11\/23\/turisticke-opstine-odlucile-da-popune-kase-iz-dzepova-vlasnika-vikendica-stanova-i-vila\/","og_site_name":"Lajme nga Ulqini","article_published_time":"2008-11-23T16:26:24+00:00","og_image":[{"url":"http:\/\/www.visit-ulcinj.com\/blog\/wp-content\/uploads\/2008\/03\/budva3.jpg"}],"twitter_misc":{"Written by":"ulqini","Est. reading time":"7 minutes"},"schema":{"@context":"https:\/\/schema.org","@graph":[{"@type":"WebSite","@id":"https:\/\/www.visit-ulcinj.com\/blog\/#website","url":"https:\/\/www.visit-ulcinj.com\/blog\/","name":"Lajme nga Ulqini","description":"Lajme,Vijesti,Ulqini,Ulqin,Crna Gora,Mali i Zi","potentialAction":[{"@type":"SearchAction","target":{"@type":"EntryPoint","urlTemplate":"https:\/\/www.visit-ulcinj.com\/blog\/?s={search_term_string}"},"query-input":"required name=search_term_string"}],"inLanguage":"en-US"},{"@type":"ImageObject","inLanguage":"en-US","@id":"https:\/\/www.visit-ulcinj.com\/blog\/2008\/11\/23\/turisticke-opstine-odlucile-da-popune-kase-iz-dzepova-vlasnika-vikendica-stanova-i-vila\/#primaryimage","url":"http:\/\/www.visit-ulcinj.com\/blog\/wp-content\/uploads\/2008\/03\/budva3.jpg","contentUrl":"http:\/\/www.visit-ulcinj.com\/blog\/wp-content\/uploads\/2008\/03\/budva3.jpg"},{"@type":"WebPage","@id":"https:\/\/www.visit-ulcinj.com\/blog\/2008\/11\/23\/turisticke-opstine-odlucile-da-popune-kase-iz-dzepova-vlasnika-vikendica-stanova-i-vila\/#webpage","url":"https:\/\/www.visit-ulcinj.com\/blog\/2008\/11\/23\/turisticke-opstine-odlucile-da-popune-kase-iz-dzepova-vlasnika-vikendica-stanova-i-vila\/","name":"Turisti?ke op\u0161tine odlu?ile da popune kase iz d\u017eepova vlasnika vikendica, stanova i vila - Lajme nga Ulqini","isPartOf":{"@id":"https:\/\/www.visit-ulcinj.com\/blog\/#website"},"primaryImageOfPage":{"@id":"https:\/\/www.visit-ulcinj.com\/blog\/2008\/11\/23\/turisticke-opstine-odlucile-da-popune-kase-iz-dzepova-vlasnika-vikendica-stanova-i-vila\/#primaryimage"},"datePublished":"2008-11-23T16:26:24+00:00","dateModified":"2008-11-23T16:26:24+00:00","author":{"@id":"https:\/\/www.visit-ulcinj.com\/blog\/#\/schema\/person\/dcab619c614d3038751c63bc2aadc06d"},"description":"Vladisav Simi? iz Zemuna, koji od \u201886. godine u Radovi?ima u Tivtu ima vikend-stan, pokrenuo je pred Ustavnim sudom Crne Gore spor protiv Op\u0161tine i dr\u017eave","breadcrumb":{"@id":"https:\/\/www.visit-ulcinj.com\/blog\/2008\/11\/23\/turisticke-opstine-odlucile-da-popune-kase-iz-dzepova-vlasnika-vikendica-stanova-i-vila\/#breadcrumb"},"inLanguage":"en-US","potentialAction":[{"@type":"ReadAction","target":["https:\/\/www.visit-ulcinj.com\/blog\/2008\/11\/23\/turisticke-opstine-odlucile-da-popune-kase-iz-dzepova-vlasnika-vikendica-stanova-i-vila\/"]}]},{"@type":"BreadcrumbList","@id":"https:\/\/www.visit-ulcinj.com\/blog\/2008\/11\/23\/turisticke-opstine-odlucile-da-popune-kase-iz-dzepova-vlasnika-vikendica-stanova-i-vila\/#breadcrumb","itemListElement":[{"@type":"ListItem","position":1,"name":"Turisti?ke op\u0161tine odlu?ile da popune kase iz d\u017eepova vlasnika vikendica, stanova i vila"}]},{"@type":"Person","@id":"https:\/\/www.visit-ulcinj.com\/blog\/#\/schema\/person\/dcab619c614d3038751c63bc2aadc06d","name":"ulqini","sameAs":["http:\/\/www.visit-ulcinj.com"],"url":"https:\/\/www.visit-ulcinj.com\/blog\/author\/admin\/"}]}},"jetpack_featured_media_url":"","jetpack_sharing_enabled":true,"jetpack_shortlink":"https:\/\/wp.me\/pe6lTn-1H8","_links":{"self":[{"href":"https:\/\/www.visit-ulcinj.com\/blog\/wp-json\/wp\/v2\/posts\/6518"}],"collection":[{"href":"https:\/\/www.visit-ulcinj.com\/blog\/wp-json\/wp\/v2\/posts"}],"about":[{"href":"https:\/\/www.visit-ulcinj.com\/blog\/wp-json\/wp\/v2\/types\/post"}],"author":[{"embeddable":true,"href":"https:\/\/www.visit-ulcinj.com\/blog\/wp-json\/wp\/v2\/users\/1"}],"replies":[{"embeddable":true,"href":"https:\/\/www.visit-ulcinj.com\/blog\/wp-json\/wp\/v2\/comments?post=6518"}],"version-history":[{"count":0,"href":"https:\/\/www.visit-ulcinj.com\/blog\/wp-json\/wp\/v2\/posts\/6518\/revisions"}],"wp:attachment":[{"href":"https:\/\/www.visit-ulcinj.com\/blog\/wp-json\/wp\/v2\/media?parent=6518"}],"wp:term":[{"taxonomy":"category","embeddable":true,"href":"https:\/\/www.visit-ulcinj.com\/blog\/wp-json\/wp\/v2\/categories?post=6518"},{"taxonomy":"post_tag","embeddable":true,"href":"https:\/\/www.visit-ulcinj.com\/blog\/wp-json\/wp\/v2\/tags?post=6518"}],"curies":[{"name":"wp","href":"https:\/\/api.w.org\/{rel}","templated":true}]}}