{"id":65180,"date":"2012-10-31T16:18:08","date_gmt":"2012-10-31T15:18:08","guid":{"rendered":"http:\/\/www.visit-ulcinj.com\/blog\/?p=65180"},"modified":"2012-11-01T09:13:10","modified_gmt":"2012-11-01T08:13:10","slug":"miss-globe-zbarkon-ne-ulqin","status":"publish","type":"post","link":"https:\/\/www.visit-ulcinj.com\/blog\/2012\/10\/31\/miss-globe-zbarkon-ne-ulqin\/","title":{"rendered":"\u2018\u2019Miss Globe\u2019\u2019 zbarkon n\u00eb Ulqin + Foto"},"content":{"rendered":"<p><a href=\"http:\/\/www.visit-ulcinj.com\/blog\/wp-content\/uploads\/2012\/10\/Miss-Globe-ne-Ulqin.jpg\"><img loading=\"lazy\" class=\"alignleft  wp-image-65181\" title=\"Miss Globe ne Ulqin\" src=\"http:\/\/www.visit-ulcinj.com\/blog\/wp-content\/uploads\/2012\/10\/Miss-Globe-ne-Ulqin.jpg\" alt=\"\" width=\"508\" height=\"360\" \/><\/a>Nga 26 tetori deri m\u00eb 10 n\u00ebntor pritet q\u00eb n\u00eb Shqip\u00ebri e m\u00eb sakt\u00eb n\u00eb qytetin e bukur t\u00eb Vlor\u00ebs t\u00eb organizohet spektakli i bukuris\u00eb \u2018\u2019Miss Globe 2012\u2032\u2019. Nga 26 deri m\u00eb 29 t\u00eb gjitha bukuroshet pritet q\u00eb t\u00eb arrijn\u00eb n\u00eb Aeroportin e Rinasit, ku do t\u00eb ken\u00eb nj\u00eb pritje madh\u00ebshtore. \u00a0Nd\u00ebrkoh\u00eb nga data 30 tetor e deri m\u00eb 5 n\u00ebntor pritet q\u00eb bukuroshet e globit t\u00eb kalojn\u00eb nj\u00eb tur sh\u00ebtitjesh nga Durr\u00ebsi, Tirana, Lezha, Kuk\u00ebsi, Ulqini, Prishtina, Struga dhe m\u00eb pas, kthimin n\u00eb Vlor\u00eb.<br \/>\n<a href=\"http:\/\/www.visit-ulcinj.com\/blog\/wp-content\/uploads\/2012\/10\/loreta_abdyli_miss-kosova.jpg\"><img loading=\"lazy\" class=\"alignleft  wp-image-65185\" title=\"loreta_abdyli_miss kosova\" src=\"http:\/\/www.visit-ulcinj.com\/blog\/wp-content\/uploads\/2012\/10\/loreta_abdyli_miss-kosova.jpg\" alt=\"\" width=\"508\" height=\"600\" \/><\/a><\/p>\n<p>Pas dat\u00ebs 5 deri n\u00eb 9 n\u00ebntor do t\u00eb b\u00ebhen provat e spektaklit, nd\u00ebrsa m\u00eb dat\u00eb 9 pritet q\u00eb t\u00eb ndahen tri \u00e7mime, \u2018\u2019Miss Bikini, Miss Talent dhe Miss Disco Queen\u2019\u2019. Nd\u00ebrsa m\u00eb dat\u00eb 10 n\u00ebntor do t\u00eb jet\u00eb finalja e madhe e \u2018\u2019Miss Globe\u2019\u2019, q\u00eb pritet t\u00eb transmetohet n\u00eb disa kanale t\u00eb ndryshme televizive.<\/p>\n<p><a href=\"http:\/\/www.visit-ulcinj.com\/blog\/wp-content\/uploads\/2012\/10\/Kleoniki-Delijorgji-Shqiperi.jpg\"><img loading=\"lazy\" class=\"alignleft  wp-image-65183\" title=\"Kleoniki Delijorgji -Shqiperi\" src=\"http:\/\/www.visit-ulcinj.com\/blog\/wp-content\/uploads\/2012\/10\/Kleoniki-Delijorgji-Shqiperi.jpg\" alt=\"\" width=\"508\" height=\"600\" \/><\/a><\/p>\n<p>Bukurin\u00eb shqiptare k\u00ebt\u00eb radh\u00eb do ta p\u00ebrfaq\u00ebsojn\u00eb Kleoniki Delijorgji (Shqip\u00ebrin\u00eb) dhe Loreta Avdyli (Kosov\u00ebn). Angola, Bjellorusia, Bolivia, Bonaire, Bosnja &amp; Hercegovina, Brazili, Bullgaria, Kanada, Kina, Kolumbia, Kroacia, Danimarka, Republika Domenikane, Anglia, Estonia, Finlanda, Gjermania, Greqia, Hungaria, India, Italia, Xhamajka, Kazakistani, Korea e Jugut, Letonia, Lituania, Maqedonia, Malajzia, Meksika, Mali i Zi, Nigeria, Norvegjia, Pakistani, Filipinet, Polonia, Portugalia, Romania, Rusia, Serbia, Sllovakia, Sllovenia, Afrika e Jugut, Spanja, Suedia, Tajvani, Trinidad Tabago, Turqia, Ukraina dhe Shtetet e Bashkuara, jan\u00eb k\u00ebto shtete t\u00eb cilat do t\u00eb d\u00ebrgojn\u00eb bukuroshet e tyre si p\u00ebrfaq\u00ebsuese n\u00eb \u2018\u2019Miss Globe\u2019\u2019, q\u00eb mbahet n\u00eb Shqip\u00ebri (Vlor\u00eb).<\/p>\n<p><strong>Panorama<\/strong><br \/>\n<a href=\"http:\/\/www.visit-ulcinj.com\/blog\/wp-content\/uploads\/2012\/10\/Miss-Globe-Vlora-Albania.jpg\"><img loading=\"lazy\" class=\"alignleft size-full wp-image-65186\" title=\"Miss Globe Vlora Albania\" src=\"http:\/\/www.visit-ulcinj.com\/blog\/wp-content\/uploads\/2012\/10\/Miss-Globe-Vlora-Albania.jpg\" alt=\"\" width=\"508\" height=\"340\" \/><\/a><\/p>\n<p><a href=\"http:\/\/www.visit-ulcinj.com\/blog\/wp-content\/uploads\/2012\/10\/Miss-Globe-International-2012-in-Ulqin-mali-i-zi.2.jpg\"><img loading=\"lazy\" src=\"http:\/\/www.visit-ulcinj.com\/blog\/wp-content\/uploads\/2012\/10\/Miss-Globe-International-2012-in-Ulqin-mali-i-zi.2.jpg\" alt=\"\" title=\"Miss Globe International 2012 in Ulqin-mali i zi.2\" width=\"508\" height=\"600\" class=\"alignleft size-full wp-image-65205\" \/><\/a><\/p>\n<p><a href=\"http:\/\/www.visit-ulcinj.com\/blog\/wp-content\/uploads\/2012\/10\/Miss-Globe-International-2012-in-Ulqin-mali-i-zi.jpg\"><img loading=\"lazy\" src=\"http:\/\/www.visit-ulcinj.com\/blog\/wp-content\/uploads\/2012\/10\/Miss-Globe-International-2012-in-Ulqin-mali-i-zi.jpg\" alt=\"\" title=\"Miss Globe International 2012 in Ulqin-mali i zi\" width=\"508\" height=\"360\" class=\"alignleft size-full wp-image-65203\" \/><\/a><\/p>\n<p><a href=\"http:\/\/www.visit-ulcinj.com\/blog\/wp-content\/uploads\/2012\/10\/Miss-Globe-International-2012-in-Ulqin-mali-i-zi.4.jpg\"><img loading=\"lazy\" src=\"http:\/\/www.visit-ulcinj.com\/blog\/wp-content\/uploads\/2012\/10\/Miss-Globe-International-2012-in-Ulqin-mali-i-zi.4.jpg\" alt=\"\" title=\"Miss Globe International 2012 in Ulqin-mali i zi.4\" width=\"508\" height=\"360\" class=\"alignleft size-full wp-image-65208\" \/><\/a><br \/>\n<iframe loading=\"lazy\" src=\"http:\/\/www.youtube.com\/embed\/6sS6jvhs9tM?rel=0\" frameborder=\"0\" width=\"508\" height=\"360\"><\/iframe><\/p>\n","protected":false},"excerpt":{"rendered":"<p>Nga 26 tetori deri m\u00eb 10 n\u00ebntor pritet q\u00eb n\u00eb Shqip\u00ebri e m\u00eb sakt\u00eb n\u00eb qytetin e bukur t\u00eb Vlor\u00ebs t\u00eb organizohet spektakli i bukuris\u00eb \u2018\u2019Miss Globe 2012\u2032\u2019. Nga 26 deri m\u00eb 29 t\u00eb gjitha bukuroshet pritet q\u00eb t\u00eb arrijn\u00eb n\u00eb Aeroportin e Rinasit, ku do t\u00eb ken\u00eb nj\u00eb pritje madh\u00ebshtore. \u00a0Nd\u00ebrkoh\u00eb nga data 30 [&hellip;]<\/p>\n","protected":false},"author":1,"featured_media":0,"comment_status":"open","ping_status":"closed","sticky":false,"template":"","format":"standard","meta":{"spay_email":"","jetpack_publicize_message":"","jetpack_is_tweetstorm":false,"jetpack_publicize_feature_enabled":true},"categories":[1,13],"tags":[21292,15379,21296,21293,5494,21297,21295,21294],"jetpack_publicize_connections":[],"yoast_head":"<!-- This site is optimized with the Yoast SEO plugin v19.1 - https:\/\/yoast.com\/wordpress\/plugins\/seo\/ -->\n<title>\u2018\u2019Miss Globe\u2019\u2019 zbarkon n\u00eb Ulqin + Foto - Lajme nga Ulqini<\/title>\n<meta name=\"description\" content=\"Nga 26 tetori deri m\u00eb 10 n\u00ebntor pritet q\u00eb n\u00eb Shqip\u00ebri e m\u00eb sakt\u00eb n\u00eb qytetin e bukur t\u00eb Vlor\u00ebs t\u00eb organizohet spektakli i bukuris\u00eb \u2018\u2019Miss Globe 2012\u2032\u2019. Nga\" \/>\n<meta name=\"robots\" content=\"index, follow, max-snippet:-1, max-image-preview:large, max-video-preview:-1\" \/>\n<link rel=\"canonical\" href=\"https:\/\/www.visit-ulcinj.com\/blog\/2012\/10\/31\/miss-globe-zbarkon-ne-ulqin\/\" \/>\n<meta property=\"og:locale\" content=\"en_US\" \/>\n<meta property=\"og:type\" content=\"article\" \/>\n<meta property=\"og:title\" content=\"\u2018\u2019Miss Globe\u2019\u2019 zbarkon n\u00eb Ulqin + Foto - Lajme nga Ulqini\" \/>\n<meta property=\"og:description\" content=\"Nga 26 tetori deri m\u00eb 10 n\u00ebntor pritet q\u00eb n\u00eb Shqip\u00ebri e m\u00eb sakt\u00eb n\u00eb qytetin e bukur t\u00eb Vlor\u00ebs t\u00eb organizohet spektakli i bukuris\u00eb \u2018\u2019Miss Globe 2012\u2032\u2019. Nga\" \/>\n<meta property=\"og:url\" content=\"https:\/\/www.visit-ulcinj.com\/blog\/2012\/10\/31\/miss-globe-zbarkon-ne-ulqin\/\" \/>\n<meta property=\"og:site_name\" content=\"Lajme nga Ulqini\" \/>\n<meta property=\"article:published_time\" content=\"2012-10-31T15:18:08+00:00\" \/>\n<meta property=\"article:modified_time\" content=\"2012-11-01T08:13:10+00:00\" \/>\n<meta property=\"og:image\" content=\"http:\/\/www.visit-ulcinj.com\/blog\/wp-content\/uploads\/2012\/10\/Miss-Globe-ne-Ulqin.jpg\" \/>\n<meta name=\"twitter:label1\" content=\"Written by\" \/>\n\t<meta name=\"twitter:data1\" content=\"ulqini\" \/>\n\t<meta name=\"twitter:label2\" content=\"Est. reading time\" \/>\n\t<meta name=\"twitter:data2\" content=\"1 minute\" \/>\n<script type=\"application\/ld+json\" class=\"yoast-schema-graph\">{\"@context\":\"https:\/\/schema.org\",\"@graph\":[{\"@type\":\"WebSite\",\"@id\":\"https:\/\/www.visit-ulcinj.com\/blog\/#website\",\"url\":\"https:\/\/www.visit-ulcinj.com\/blog\/\",\"name\":\"Lajme nga Ulqini\",\"description\":\"Lajme,Vijesti,Ulqini,Ulqin,Crna Gora,Mali i Zi\",\"potentialAction\":[{\"@type\":\"SearchAction\",\"target\":{\"@type\":\"EntryPoint\",\"urlTemplate\":\"https:\/\/www.visit-ulcinj.com\/blog\/?s={search_term_string}\"},\"query-input\":\"required name=search_term_string\"}],\"inLanguage\":\"en-US\"},{\"@type\":\"ImageObject\",\"inLanguage\":\"en-US\",\"@id\":\"https:\/\/www.visit-ulcinj.com\/blog\/2012\/10\/31\/miss-globe-zbarkon-ne-ulqin\/#primaryimage\",\"url\":\"https:\/\/www.visit-ulcinj.com\/blog\/wp-content\/uploads\/2012\/10\/Miss-Globe-ne-Ulqin.jpg\",\"contentUrl\":\"https:\/\/www.visit-ulcinj.com\/blog\/wp-content\/uploads\/2012\/10\/Miss-Globe-ne-Ulqin.jpg\",\"width\":\"960\",\"height\":\"720\"},{\"@type\":\"WebPage\",\"@id\":\"https:\/\/www.visit-ulcinj.com\/blog\/2012\/10\/31\/miss-globe-zbarkon-ne-ulqin\/#webpage\",\"url\":\"https:\/\/www.visit-ulcinj.com\/blog\/2012\/10\/31\/miss-globe-zbarkon-ne-ulqin\/\",\"name\":\"\u2018\u2019Miss Globe\u2019\u2019 zbarkon n\u00eb Ulqin + Foto - Lajme nga Ulqini\",\"isPartOf\":{\"@id\":\"https:\/\/www.visit-ulcinj.com\/blog\/#website\"},\"primaryImageOfPage\":{\"@id\":\"https:\/\/www.visit-ulcinj.com\/blog\/2012\/10\/31\/miss-globe-zbarkon-ne-ulqin\/#primaryimage\"},\"datePublished\":\"2012-10-31T15:18:08+00:00\",\"dateModified\":\"2012-11-01T08:13:10+00:00\",\"author\":{\"@id\":\"https:\/\/www.visit-ulcinj.com\/blog\/#\/schema\/person\/dcab619c614d3038751c63bc2aadc06d\"},\"description\":\"Nga 26 tetori deri m\u00eb 10 n\u00ebntor pritet q\u00eb n\u00eb Shqip\u00ebri e m\u00eb sakt\u00eb n\u00eb qytetin e bukur t\u00eb Vlor\u00ebs t\u00eb organizohet spektakli i bukuris\u00eb \u2018\u2019Miss Globe 2012\u2032\u2019. Nga\",\"breadcrumb\":{\"@id\":\"https:\/\/www.visit-ulcinj.com\/blog\/2012\/10\/31\/miss-globe-zbarkon-ne-ulqin\/#breadcrumb\"},\"inLanguage\":\"en-US\",\"potentialAction\":[{\"@type\":\"ReadAction\",\"target\":[\"https:\/\/www.visit-ulcinj.com\/blog\/2012\/10\/31\/miss-globe-zbarkon-ne-ulqin\/\"]}]},{\"@type\":\"BreadcrumbList\",\"@id\":\"https:\/\/www.visit-ulcinj.com\/blog\/2012\/10\/31\/miss-globe-zbarkon-ne-ulqin\/#breadcrumb\",\"itemListElement\":[{\"@type\":\"ListItem\",\"position\":1,\"name\":\"\u2018\u2019Miss Globe\u2019\u2019 zbarkon n\u00eb Ulqin + Foto\"}]},{\"@type\":\"Person\",\"@id\":\"https:\/\/www.visit-ulcinj.com\/blog\/#\/schema\/person\/dcab619c614d3038751c63bc2aadc06d\",\"name\":\"ulqini\",\"sameAs\":[\"http:\/\/www.visit-ulcinj.com\"],\"url\":\"https:\/\/www.visit-ulcinj.com\/blog\/author\/admin\/\"}]}<\/script>\n<!-- \/ Yoast SEO plugin. -->","yoast_head_json":{"title":"\u2018\u2019Miss Globe\u2019\u2019 zbarkon n\u00eb Ulqin + Foto - Lajme nga Ulqini","description":"Nga 26 tetori deri m\u00eb 10 n\u00ebntor pritet q\u00eb n\u00eb Shqip\u00ebri e m\u00eb sakt\u00eb n\u00eb qytetin e bukur t\u00eb Vlor\u00ebs t\u00eb organizohet spektakli i bukuris\u00eb \u2018\u2019Miss Globe 2012\u2032\u2019. Nga","robots":{"index":"index","follow":"follow","max-snippet":"max-snippet:-1","max-image-preview":"max-image-preview:large","max-video-preview":"max-video-preview:-1"},"canonical":"https:\/\/www.visit-ulcinj.com\/blog\/2012\/10\/31\/miss-globe-zbarkon-ne-ulqin\/","og_locale":"en_US","og_type":"article","og_title":"\u2018\u2019Miss Globe\u2019\u2019 zbarkon n\u00eb Ulqin + Foto - Lajme nga Ulqini","og_description":"Nga 26 tetori deri m\u00eb 10 n\u00ebntor pritet q\u00eb n\u00eb Shqip\u00ebri e m\u00eb sakt\u00eb n\u00eb qytetin e bukur t\u00eb Vlor\u00ebs t\u00eb organizohet spektakli i bukuris\u00eb \u2018\u2019Miss Globe 2012\u2032\u2019. Nga","og_url":"https:\/\/www.visit-ulcinj.com\/blog\/2012\/10\/31\/miss-globe-zbarkon-ne-ulqin\/","og_site_name":"Lajme nga Ulqini","article_published_time":"2012-10-31T15:18:08+00:00","article_modified_time":"2012-11-01T08:13:10+00:00","og_image":[{"url":"http:\/\/www.visit-ulcinj.com\/blog\/wp-content\/uploads\/2012\/10\/Miss-Globe-ne-Ulqin.jpg"}],"twitter_misc":{"Written by":"ulqini","Est. reading time":"1 minute"},"schema":{"@context":"https:\/\/schema.org","@graph":[{"@type":"WebSite","@id":"https:\/\/www.visit-ulcinj.com\/blog\/#website","url":"https:\/\/www.visit-ulcinj.com\/blog\/","name":"Lajme nga Ulqini","description":"Lajme,Vijesti,Ulqini,Ulqin,Crna Gora,Mali i Zi","potentialAction":[{"@type":"SearchAction","target":{"@type":"EntryPoint","urlTemplate":"https:\/\/www.visit-ulcinj.com\/blog\/?s={search_term_string}"},"query-input":"required name=search_term_string"}],"inLanguage":"en-US"},{"@type":"ImageObject","inLanguage":"en-US","@id":"https:\/\/www.visit-ulcinj.com\/blog\/2012\/10\/31\/miss-globe-zbarkon-ne-ulqin\/#primaryimage","url":"https:\/\/www.visit-ulcinj.com\/blog\/wp-content\/uploads\/2012\/10\/Miss-Globe-ne-Ulqin.jpg","contentUrl":"https:\/\/www.visit-ulcinj.com\/blog\/wp-content\/uploads\/2012\/10\/Miss-Globe-ne-Ulqin.jpg","width":"960","height":"720"},{"@type":"WebPage","@id":"https:\/\/www.visit-ulcinj.com\/blog\/2012\/10\/31\/miss-globe-zbarkon-ne-ulqin\/#webpage","url":"https:\/\/www.visit-ulcinj.com\/blog\/2012\/10\/31\/miss-globe-zbarkon-ne-ulqin\/","name":"\u2018\u2019Miss Globe\u2019\u2019 zbarkon n\u00eb Ulqin + Foto - Lajme nga Ulqini","isPartOf":{"@id":"https:\/\/www.visit-ulcinj.com\/blog\/#website"},"primaryImageOfPage":{"@id":"https:\/\/www.visit-ulcinj.com\/blog\/2012\/10\/31\/miss-globe-zbarkon-ne-ulqin\/#primaryimage"},"datePublished":"2012-10-31T15:18:08+00:00","dateModified":"2012-11-01T08:13:10+00:00","author":{"@id":"https:\/\/www.visit-ulcinj.com\/blog\/#\/schema\/person\/dcab619c614d3038751c63bc2aadc06d"},"description":"Nga 26 tetori deri m\u00eb 10 n\u00ebntor pritet q\u00eb n\u00eb Shqip\u00ebri e m\u00eb sakt\u00eb n\u00eb qytetin e bukur t\u00eb Vlor\u00ebs t\u00eb organizohet spektakli i bukuris\u00eb \u2018\u2019Miss Globe 2012\u2032\u2019. Nga","breadcrumb":{"@id":"https:\/\/www.visit-ulcinj.com\/blog\/2012\/10\/31\/miss-globe-zbarkon-ne-ulqin\/#breadcrumb"},"inLanguage":"en-US","potentialAction":[{"@type":"ReadAction","target":["https:\/\/www.visit-ulcinj.com\/blog\/2012\/10\/31\/miss-globe-zbarkon-ne-ulqin\/"]}]},{"@type":"BreadcrumbList","@id":"https:\/\/www.visit-ulcinj.com\/blog\/2012\/10\/31\/miss-globe-zbarkon-ne-ulqin\/#breadcrumb","itemListElement":[{"@type":"ListItem","position":1,"name":"\u2018\u2019Miss Globe\u2019\u2019 zbarkon n\u00eb Ulqin + Foto"}]},{"@type":"Person","@id":"https:\/\/www.visit-ulcinj.com\/blog\/#\/schema\/person\/dcab619c614d3038751c63bc2aadc06d","name":"ulqini","sameAs":["http:\/\/www.visit-ulcinj.com"],"url":"https:\/\/www.visit-ulcinj.com\/blog\/author\/admin\/"}]}},"jetpack_featured_media_url":"","jetpack_sharing_enabled":true,"jetpack_shortlink":"https:\/\/wp.me\/pe6lTn-gXi","_links":{"self":[{"href":"https:\/\/www.visit-ulcinj.com\/blog\/wp-json\/wp\/v2\/posts\/65180"}],"collection":[{"href":"https:\/\/www.visit-ulcinj.com\/blog\/wp-json\/wp\/v2\/posts"}],"about":[{"href":"https:\/\/www.visit-ulcinj.com\/blog\/wp-json\/wp\/v2\/types\/post"}],"author":[{"embeddable":true,"href":"https:\/\/www.visit-ulcinj.com\/blog\/wp-json\/wp\/v2\/users\/1"}],"replies":[{"embeddable":true,"href":"https:\/\/www.visit-ulcinj.com\/blog\/wp-json\/wp\/v2\/comments?post=65180"}],"version-history":[{"count":7,"href":"https:\/\/www.visit-ulcinj.com\/blog\/wp-json\/wp\/v2\/posts\/65180\/revisions"}],"predecessor-version":[{"id":65231,"href":"https:\/\/www.visit-ulcinj.com\/blog\/wp-json\/wp\/v2\/posts\/65180\/revisions\/65231"}],"wp:attachment":[{"href":"https:\/\/www.visit-ulcinj.com\/blog\/wp-json\/wp\/v2\/media?parent=65180"}],"wp:term":[{"taxonomy":"category","embeddable":true,"href":"https:\/\/www.visit-ulcinj.com\/blog\/wp-json\/wp\/v2\/categories?post=65180"},{"taxonomy":"post_tag","embeddable":true,"href":"https:\/\/www.visit-ulcinj.com\/blog\/wp-json\/wp\/v2\/tags?post=65180"}],"curies":[{"name":"wp","href":"https:\/\/api.w.org\/{rel}","templated":true}]}}