{"id":65228,"date":"2012-11-01T09:05:24","date_gmt":"2012-11-01T08:05:24","guid":{"rendered":"http:\/\/www.visit-ulcinj.com\/blog\/?p=65228"},"modified":"2012-11-01T22:47:58","modified_gmt":"2012-11-01T21:47:58","slug":"hana-cakuli-frikeson-si-vampire-per-halloween","status":"publish","type":"post","link":"https:\/\/www.visit-ulcinj.com\/blog\/2012\/11\/01\/hana-cakuli-frikeson-si-vampire-per-halloween\/","title":{"rendered":"Hana Cakuli frik\u00ebson si vampir\u00eb p\u00ebr Halloween + Foto"},"content":{"rendered":"<p><a href=\"http:\/\/www.visit-ulcinj.com\/blog\/wp-content\/uploads\/2012\/11\/HanaCakuli-si-vampir-Halloween.jpg\"><img loading=\"lazy\" class=\"alignleft  wp-image-65229\" title=\"HanaCakuli si vampir-Halloween\" src=\"http:\/\/www.visit-ulcinj.com\/blog\/wp-content\/uploads\/2012\/11\/HanaCakuli-si-vampir-Halloween.jpg\" alt=\"\" width=\"508\" height=\"360\" \/><\/a>Gjithmon\u00eb duhet t\u00eb pres\u00ebsh t\u00eb papritur\u00ebn p\u00ebr Halloween.Hana Cakuli duket se nuk \u00ebsht\u00eb nj\u00eb fanse e \u201cfest\u00ebs s\u00eb shtrigave\u201d, apo si\u00e7 njihet ndryshe Halloween.Kjo fest\u00eb n\u00eb vendin ton\u00eb tashm\u00eb \u00ebsht\u00eb shnd\u00ebrruar n\u00eb nj\u00eb tradit\u00eb dhe festohet \u00e7do vit, nd\u00ebrsa n\u00eb festa nuk mungojn\u00eb as fytyrat publike.<\/p>\n<p>Disa prej tyre tashm\u00eb kan\u00eb filluar p\u00ebrgatitjet dhe kan\u00eb zgjedhur personazhet do t\u00eb b\u00ebhen. Por ka edhe t\u00eb till\u00eb q\u00eb k\u00ebt\u00eb fest\u00eb nuk e kan\u00eb edhe aq n\u00eb qejf, mes t\u00eb cilave edhe k\u00ebng\u00ebtarja \u00a0e njohur nga Ulqini,Hana Cakuli.<\/p>\n<p>Hana po e p\u00ebrjeton jet\u00ebn e vet\u00eb n\u00eb t\u00eb gjitha aspektet. Dhe n\u00eb baz\u00eb t\u00eb fotove q\u00eb po publikon duket se k\u00ebng\u00ebtarja v\u00ebrtet\u00eb ka gjet vet\u00ebn. Hana duket se \u00ebsht\u00eb k\u00ebnaq tej mase si vampir\u00eb.<\/p>\n<p><strong>Lajme nga Ulqini<\/strong><\/p>\n<p>\n\t\t<style type=\"text\/css\">\n\t\t\t#gallery-1 {\n\t\t\t\tmargin: auto;\n\t\t\t}\n\t\t\t#gallery-1 .gallery-item {\n\t\t\t\tfloat: left;\n\t\t\t\tmargin-top: 10px;\n\t\t\t\ttext-align: center;\n\t\t\t\twidth: 33%;\n\t\t\t}\n\t\t\t#gallery-1 img {\n\t\t\t\tborder: 2px solid #cfcfcf;\n\t\t\t}\n\t\t\t#gallery-1 .gallery-caption {\n\t\t\t\tmargin-left: 0;\n\t\t\t}\n\t\t\t\/* see gallery_shortcode() in wp-includes\/media.php *\/\n\t\t<\/style>\n\t\t<div id='gallery-1' class='gallery galleryid-65228 gallery-columns-3 gallery-size-thumbnail'><dl class='gallery-item'>\n\t\t\t<dt class='gallery-icon landscape'>\n\t\t\t\t<a href='https:\/\/www.visit-ulcinj.com\/blog\/wp-content\/uploads\/2012\/11\/HanaCakuli-si-vampir-Halloween.jpg'><img width=\"150\" height=\"150\" src=\"https:\/\/www.visit-ulcinj.com\/blog\/wp-content\/uploads\/2012\/11\/HanaCakuli-si-vampir-Halloween-150x150.jpg\" class=\"attachment-thumbnail size-thumbnail\" alt=\"\" loading=\"lazy\" \/><\/a>\n\t\t\t<\/dt><\/dl><dl class='gallery-item'>\n\t\t\t<dt class='gallery-icon landscape'>\n\t\t\t\t<a href='https:\/\/www.visit-ulcinj.com\/blog\/wp-content\/uploads\/2012\/11\/Hana-Cakuli-Halloween.1.jpg'><img width=\"150\" height=\"150\" src=\"https:\/\/www.visit-ulcinj.com\/blog\/wp-content\/uploads\/2012\/11\/Hana-Cakuli-Halloween.1-150x150.jpg\" class=\"attachment-thumbnail size-thumbnail\" alt=\"\" loading=\"lazy\" \/><\/a>\n\t\t\t<\/dt><\/dl><dl class='gallery-item'>\n\t\t\t<dt class='gallery-icon portrait'>\n\t\t\t\t<a href='https:\/\/www.visit-ulcinj.com\/blog\/wp-content\/uploads\/2012\/11\/Hana-Cakuli-Halloween.2.jpg'><img width=\"150\" height=\"150\" src=\"https:\/\/www.visit-ulcinj.com\/blog\/wp-content\/uploads\/2012\/11\/Hana-Cakuli-Halloween.2-150x150.jpg\" class=\"attachment-thumbnail size-thumbnail\" alt=\"\" loading=\"lazy\" \/><\/a>\n\t\t\t<\/dt><\/dl><br style=\"clear: both\" \/><dl class='gallery-item'>\n\t\t\t<dt class='gallery-icon portrait'>\n\t\t\t\t<a href='https:\/\/www.visit-ulcinj.com\/blog\/wp-content\/uploads\/2012\/11\/Hana-Cakuli-Halloween.3.jpg'><img width=\"150\" height=\"150\" src=\"https:\/\/www.visit-ulcinj.com\/blog\/wp-content\/uploads\/2012\/11\/Hana-Cakuli-Halloween.3-150x150.jpg\" class=\"attachment-thumbnail size-thumbnail\" alt=\"\" loading=\"lazy\" \/><\/a>\n\t\t\t<\/dt><\/dl><dl class='gallery-item'>\n\t\t\t<dt class='gallery-icon portrait'>\n\t\t\t\t<a href='https:\/\/www.visit-ulcinj.com\/blog\/wp-content\/uploads\/2012\/11\/Hana-Cakuli-Halloween.4.jpg'><img width=\"150\" height=\"150\" src=\"https:\/\/www.visit-ulcinj.com\/blog\/wp-content\/uploads\/2012\/11\/Hana-Cakuli-Halloween.4-150x150.jpg\" class=\"attachment-thumbnail size-thumbnail\" alt=\"\" loading=\"lazy\" \/><\/a>\n\t\t\t<\/dt><\/dl><dl class='gallery-item'>\n\t\t\t<dt class='gallery-icon portrait'>\n\t\t\t\t<a href='https:\/\/www.visit-ulcinj.com\/blog\/wp-content\/uploads\/2012\/11\/Hana-Cakuli-Halloween.5.jpg'><img width=\"150\" height=\"150\" src=\"https:\/\/www.visit-ulcinj.com\/blog\/wp-content\/uploads\/2012\/11\/Hana-Cakuli-Halloween.5-150x150.jpg\" class=\"attachment-thumbnail size-thumbnail\" alt=\"\" loading=\"lazy\" \/><\/a>\n\t\t\t<\/dt><\/dl><br style=\"clear: both\" \/><dl class='gallery-item'>\n\t\t\t<dt class='gallery-icon portrait'>\n\t\t\t\t<a href='https:\/\/www.visit-ulcinj.com\/blog\/wp-content\/uploads\/2012\/11\/Hana-Cakuli-Halloween.6.jpg'><img width=\"150\" height=\"150\" src=\"https:\/\/www.visit-ulcinj.com\/blog\/wp-content\/uploads\/2012\/11\/Hana-Cakuli-Halloween.6-150x150.jpg\" class=\"attachment-thumbnail size-thumbnail\" alt=\"\" loading=\"lazy\" \/><\/a>\n\t\t\t<\/dt><\/dl><dl class='gallery-item'>\n\t\t\t<dt class='gallery-icon landscape'>\n\t\t\t\t<a href='https:\/\/www.visit-ulcinj.com\/blog\/wp-content\/uploads\/2012\/11\/Hana-Cakuli-Halloween.7.jpg'><img width=\"150\" height=\"150\" src=\"https:\/\/www.visit-ulcinj.com\/blog\/wp-content\/uploads\/2012\/11\/Hana-Cakuli-Halloween.7-150x150.jpg\" class=\"attachment-thumbnail size-thumbnail\" alt=\"\" loading=\"lazy\" \/><\/a>\n\t\t\t<\/dt><\/dl><dl class='gallery-item'>\n\t\t\t<dt class='gallery-icon portrait'>\n\t\t\t\t<a href='https:\/\/www.visit-ulcinj.com\/blog\/wp-content\/uploads\/2012\/11\/Hana-Cakuli-Halloween.8.jpg'><img width=\"150\" height=\"150\" src=\"https:\/\/www.visit-ulcinj.com\/blog\/wp-content\/uploads\/2012\/11\/Hana-Cakuli-Halloween.8-150x150.jpg\" class=\"attachment-thumbnail size-thumbnail\" alt=\"\" loading=\"lazy\" \/><\/a>\n\t\t\t<\/dt><\/dl><br style=\"clear: both\" \/><dl class='gallery-item'>\n\t\t\t<dt class='gallery-icon landscape'>\n\t\t\t\t<a href='https:\/\/www.visit-ulcinj.com\/blog\/wp-content\/uploads\/2012\/11\/Hana-Cakuli-Halloween.9.jpg'><img width=\"150\" height=\"150\" src=\"https:\/\/www.visit-ulcinj.com\/blog\/wp-content\/uploads\/2012\/11\/Hana-Cakuli-Halloween.9-150x150.jpg\" class=\"attachment-thumbnail size-thumbnail\" alt=\"\" loading=\"lazy\" \/><\/a>\n\t\t\t<\/dt><\/dl><dl class='gallery-item'>\n\t\t\t<dt class='gallery-icon portrait'>\n\t\t\t\t<a href='https:\/\/www.visit-ulcinj.com\/blog\/wp-content\/uploads\/2012\/11\/Hana-Cakuli-Halloween.10.jpg'><img width=\"150\" height=\"150\" src=\"https:\/\/www.visit-ulcinj.com\/blog\/wp-content\/uploads\/2012\/11\/Hana-Cakuli-Halloween.10-150x150.jpg\" class=\"attachment-thumbnail size-thumbnail\" alt=\"\" loading=\"lazy\" \/><\/a>\n\t\t\t<\/dt><\/dl><dl class='gallery-item'>\n\t\t\t<dt class='gallery-icon landscape'>\n\t\t\t\t<a href='https:\/\/www.visit-ulcinj.com\/blog\/wp-content\/uploads\/2012\/11\/Hana-Cakuli-Halloween.11.jpg'><img width=\"150\" height=\"150\" src=\"https:\/\/www.visit-ulcinj.com\/blog\/wp-content\/uploads\/2012\/11\/Hana-Cakuli-Halloween.11-150x150.jpg\" class=\"attachment-thumbnail size-thumbnail\" alt=\"\" loading=\"lazy\" \/><\/a>\n\t\t\t<\/dt><\/dl><br style=\"clear: both\" \/><dl class='gallery-item'>\n\t\t\t<dt class='gallery-icon landscape'>\n\t\t\t\t<a href='https:\/\/www.visit-ulcinj.com\/blog\/wp-content\/uploads\/2012\/11\/Hana-Cakuli-Halloween.jpg'><img width=\"150\" height=\"150\" src=\"https:\/\/www.visit-ulcinj.com\/blog\/wp-content\/uploads\/2012\/11\/Hana-Cakuli-Halloween-150x150.jpg\" class=\"attachment-thumbnail size-thumbnail\" alt=\"\" loading=\"lazy\" \/><\/a>\n\t\t\t<\/dt><\/dl><dl class='gallery-item'>\n\t\t\t<dt class='gallery-icon landscape'>\n\t\t\t\t<a href='https:\/\/www.visit-ulcinj.com\/blog\/wp-content\/uploads\/2012\/11\/HanaCakuli-si-vampir-Halloween1.jpg'><img width=\"150\" height=\"150\" src=\"https:\/\/www.visit-ulcinj.com\/blog\/wp-content\/uploads\/2012\/11\/HanaCakuli-si-vampir-Halloween1-150x150.jpg\" class=\"attachment-thumbnail size-thumbnail\" alt=\"\" loading=\"lazy\" \/><\/a>\n\t\t\t<\/dt><\/dl>\n\t\t\t<br style='clear: both' \/>\n\t\t<\/div>\n<br \/>\n<iframe loading=\"lazy\" src=\"http:\/\/www.youtube.com\/embed\/mECVi9bk9QM?rel=0\" frameborder=\"0\" width=\"508\" height=\"360\"><\/iframe><\/p>\n","protected":false},"excerpt":{"rendered":"<p>Gjithmon\u00eb duhet t\u00eb pres\u00ebsh t\u00eb papritur\u00ebn p\u00ebr Halloween.Hana Cakuli duket se nuk \u00ebsht\u00eb nj\u00eb fanse e \u201cfest\u00ebs s\u00eb shtrigave\u201d, apo si\u00e7 njihet ndryshe Halloween.Kjo fest\u00eb n\u00eb vendin ton\u00eb tashm\u00eb \u00ebsht\u00eb shnd\u00ebrruar n\u00eb nj\u00eb tradit\u00eb dhe festohet \u00e7do vit, nd\u00ebrsa n\u00eb festa nuk mungojn\u00eb as fytyrat publike. Disa prej tyre tashm\u00eb kan\u00eb filluar p\u00ebrgatitjet dhe kan\u00eb [&hellip;]<\/p>\n","protected":false},"author":1,"featured_media":0,"comment_status":"open","ping_status":"closed","sticky":false,"template":"","format":"standard","meta":{"spay_email":"","jetpack_publicize_message":"","jetpack_is_tweetstorm":false,"jetpack_publicize_feature_enabled":true},"categories":[1],"tags":[19677,19806,16036,3201,19514,19511,19459,19513,4684,200,18,19460],"jetpack_publicize_connections":[],"yoast_head":"<!-- This site is optimized with the Yoast SEO plugin v19.1 - https:\/\/yoast.com\/wordpress\/plugins\/seo\/ -->\n<title>Hana Cakuli frik\u00ebson si vampir\u00eb p\u00ebr Halloween + Foto - Lajme nga Ulqini<\/title>\n<meta name=\"description\" content=\"Gjithmon\u00eb duhet t\u00eb pres\u00ebsh t\u00eb papritur\u00ebn p\u00ebr Halloween.Hana Cakuli duket se nuk \u00ebsht\u00eb nj\u00eb fanse e \u201cfest\u00ebs s\u00eb shtrigave\u201d, apo si\u00e7 njihet ndryshe\" \/>\n<meta name=\"robots\" content=\"index, follow, max-snippet:-1, max-image-preview:large, max-video-preview:-1\" \/>\n<link rel=\"canonical\" href=\"https:\/\/www.visit-ulcinj.com\/blog\/2012\/11\/01\/hana-cakuli-frikeson-si-vampire-per-halloween\/\" \/>\n<meta property=\"og:locale\" content=\"en_US\" \/>\n<meta property=\"og:type\" content=\"article\" \/>\n<meta property=\"og:title\" content=\"Hana Cakuli frik\u00ebson si vampir\u00eb p\u00ebr Halloween + Foto - Lajme nga Ulqini\" \/>\n<meta property=\"og:description\" content=\"Gjithmon\u00eb duhet t\u00eb pres\u00ebsh t\u00eb papritur\u00ebn p\u00ebr Halloween.Hana Cakuli duket se nuk \u00ebsht\u00eb nj\u00eb fanse e \u201cfest\u00ebs s\u00eb shtrigave\u201d, apo si\u00e7 njihet ndryshe\" \/>\n<meta property=\"og:url\" content=\"https:\/\/www.visit-ulcinj.com\/blog\/2012\/11\/01\/hana-cakuli-frikeson-si-vampire-per-halloween\/\" \/>\n<meta property=\"og:site_name\" content=\"Lajme nga Ulqini\" \/>\n<meta property=\"article:published_time\" content=\"2012-11-01T08:05:24+00:00\" \/>\n<meta property=\"article:modified_time\" content=\"2012-11-01T21:47:58+00:00\" \/>\n<meta property=\"og:image\" content=\"https:\/\/www.visit-ulcinj.com\/blog\/wp-content\/uploads\/2012\/11\/HanaCakuli-si-vampir-Halloween-150x150.jpg\" \/>\n<meta name=\"twitter:label1\" content=\"Written by\" \/>\n\t<meta name=\"twitter:data1\" content=\"ulqini\" \/>\n\t<meta name=\"twitter:label2\" content=\"Est. reading time\" \/>\n\t<meta name=\"twitter:data2\" content=\"1 minute\" \/>\n<script type=\"application\/ld+json\" class=\"yoast-schema-graph\">{\"@context\":\"https:\/\/schema.org\",\"@graph\":[{\"@type\":\"WebSite\",\"@id\":\"https:\/\/www.visit-ulcinj.com\/blog\/#website\",\"url\":\"https:\/\/www.visit-ulcinj.com\/blog\/\",\"name\":\"Lajme nga Ulqini\",\"description\":\"Lajme,Vijesti,Ulqini,Ulqin,Crna Gora,Mali i Zi\",\"potentialAction\":[{\"@type\":\"SearchAction\",\"target\":{\"@type\":\"EntryPoint\",\"urlTemplate\":\"https:\/\/www.visit-ulcinj.com\/blog\/?s={search_term_string}\"},\"query-input\":\"required name=search_term_string\"}],\"inLanguage\":\"en-US\"},{\"@type\":\"ImageObject\",\"inLanguage\":\"en-US\",\"@id\":\"https:\/\/www.visit-ulcinj.com\/blog\/2012\/11\/01\/hana-cakuli-frikeson-si-vampire-per-halloween\/#primaryimage\",\"url\":\"https:\/\/www.visit-ulcinj.com\/blog\/wp-content\/uploads\/2012\/11\/HanaCakuli-si-vampir-Halloween.jpg\",\"contentUrl\":\"https:\/\/www.visit-ulcinj.com\/blog\/wp-content\/uploads\/2012\/11\/HanaCakuli-si-vampir-Halloween.jpg\",\"width\":\"960\",\"height\":\"676\"},{\"@type\":\"WebPage\",\"@id\":\"https:\/\/www.visit-ulcinj.com\/blog\/2012\/11\/01\/hana-cakuli-frikeson-si-vampire-per-halloween\/#webpage\",\"url\":\"https:\/\/www.visit-ulcinj.com\/blog\/2012\/11\/01\/hana-cakuli-frikeson-si-vampire-per-halloween\/\",\"name\":\"Hana Cakuli frik\u00ebson si vampir\u00eb p\u00ebr Halloween + Foto - Lajme nga Ulqini\",\"isPartOf\":{\"@id\":\"https:\/\/www.visit-ulcinj.com\/blog\/#website\"},\"primaryImageOfPage\":{\"@id\":\"https:\/\/www.visit-ulcinj.com\/blog\/2012\/11\/01\/hana-cakuli-frikeson-si-vampire-per-halloween\/#primaryimage\"},\"datePublished\":\"2012-11-01T08:05:24+00:00\",\"dateModified\":\"2012-11-01T21:47:58+00:00\",\"author\":{\"@id\":\"https:\/\/www.visit-ulcinj.com\/blog\/#\/schema\/person\/dcab619c614d3038751c63bc2aadc06d\"},\"description\":\"Gjithmon\u00eb duhet t\u00eb pres\u00ebsh t\u00eb papritur\u00ebn p\u00ebr Halloween.Hana Cakuli duket se nuk \u00ebsht\u00eb nj\u00eb fanse e \u201cfest\u00ebs s\u00eb shtrigave\u201d, apo si\u00e7 njihet ndryshe\",\"breadcrumb\":{\"@id\":\"https:\/\/www.visit-ulcinj.com\/blog\/2012\/11\/01\/hana-cakuli-frikeson-si-vampire-per-halloween\/#breadcrumb\"},\"inLanguage\":\"en-US\",\"potentialAction\":[{\"@type\":\"ReadAction\",\"target\":[\"https:\/\/www.visit-ulcinj.com\/blog\/2012\/11\/01\/hana-cakuli-frikeson-si-vampire-per-halloween\/\"]}]},{\"@type\":\"BreadcrumbList\",\"@id\":\"https:\/\/www.visit-ulcinj.com\/blog\/2012\/11\/01\/hana-cakuli-frikeson-si-vampire-per-halloween\/#breadcrumb\",\"itemListElement\":[{\"@type\":\"ListItem\",\"position\":1,\"name\":\"Hana Cakuli frik\u00ebson si vampir\u00eb p\u00ebr Halloween + Foto\"}]},{\"@type\":\"Person\",\"@id\":\"https:\/\/www.visit-ulcinj.com\/blog\/#\/schema\/person\/dcab619c614d3038751c63bc2aadc06d\",\"name\":\"ulqini\",\"sameAs\":[\"http:\/\/www.visit-ulcinj.com\"],\"url\":\"https:\/\/www.visit-ulcinj.com\/blog\/author\/admin\/\"}]}<\/script>\n<!-- \/ Yoast SEO plugin. -->","yoast_head_json":{"title":"Hana Cakuli frik\u00ebson si vampir\u00eb p\u00ebr Halloween + Foto - Lajme nga Ulqini","description":"Gjithmon\u00eb duhet t\u00eb pres\u00ebsh t\u00eb papritur\u00ebn p\u00ebr Halloween.Hana Cakuli duket se nuk \u00ebsht\u00eb nj\u00eb fanse e \u201cfest\u00ebs s\u00eb shtrigave\u201d, apo si\u00e7 njihet ndryshe","robots":{"index":"index","follow":"follow","max-snippet":"max-snippet:-1","max-image-preview":"max-image-preview:large","max-video-preview":"max-video-preview:-1"},"canonical":"https:\/\/www.visit-ulcinj.com\/blog\/2012\/11\/01\/hana-cakuli-frikeson-si-vampire-per-halloween\/","og_locale":"en_US","og_type":"article","og_title":"Hana Cakuli frik\u00ebson si vampir\u00eb p\u00ebr Halloween + Foto - Lajme nga Ulqini","og_description":"Gjithmon\u00eb duhet t\u00eb pres\u00ebsh t\u00eb papritur\u00ebn p\u00ebr Halloween.Hana Cakuli duket se nuk \u00ebsht\u00eb nj\u00eb fanse e \u201cfest\u00ebs s\u00eb shtrigave\u201d, apo si\u00e7 njihet ndryshe","og_url":"https:\/\/www.visit-ulcinj.com\/blog\/2012\/11\/01\/hana-cakuli-frikeson-si-vampire-per-halloween\/","og_site_name":"Lajme nga Ulqini","article_published_time":"2012-11-01T08:05:24+00:00","article_modified_time":"2012-11-01T21:47:58+00:00","og_image":[{"url":"https:\/\/www.visit-ulcinj.com\/blog\/wp-content\/uploads\/2012\/11\/HanaCakuli-si-vampir-Halloween-150x150.jpg"}],"twitter_misc":{"Written by":"ulqini","Est. reading time":"1 minute"},"schema":{"@context":"https:\/\/schema.org","@graph":[{"@type":"WebSite","@id":"https:\/\/www.visit-ulcinj.com\/blog\/#website","url":"https:\/\/www.visit-ulcinj.com\/blog\/","name":"Lajme nga Ulqini","description":"Lajme,Vijesti,Ulqini,Ulqin,Crna Gora,Mali i Zi","potentialAction":[{"@type":"SearchAction","target":{"@type":"EntryPoint","urlTemplate":"https:\/\/www.visit-ulcinj.com\/blog\/?s={search_term_string}"},"query-input":"required name=search_term_string"}],"inLanguage":"en-US"},{"@type":"ImageObject","inLanguage":"en-US","@id":"https:\/\/www.visit-ulcinj.com\/blog\/2012\/11\/01\/hana-cakuli-frikeson-si-vampire-per-halloween\/#primaryimage","url":"https:\/\/www.visit-ulcinj.com\/blog\/wp-content\/uploads\/2012\/11\/HanaCakuli-si-vampir-Halloween.jpg","contentUrl":"https:\/\/www.visit-ulcinj.com\/blog\/wp-content\/uploads\/2012\/11\/HanaCakuli-si-vampir-Halloween.jpg","width":"960","height":"676"},{"@type":"WebPage","@id":"https:\/\/www.visit-ulcinj.com\/blog\/2012\/11\/01\/hana-cakuli-frikeson-si-vampire-per-halloween\/#webpage","url":"https:\/\/www.visit-ulcinj.com\/blog\/2012\/11\/01\/hana-cakuli-frikeson-si-vampire-per-halloween\/","name":"Hana Cakuli frik\u00ebson si vampir\u00eb p\u00ebr Halloween + Foto - Lajme nga Ulqini","isPartOf":{"@id":"https:\/\/www.visit-ulcinj.com\/blog\/#website"},"primaryImageOfPage":{"@id":"https:\/\/www.visit-ulcinj.com\/blog\/2012\/11\/01\/hana-cakuli-frikeson-si-vampire-per-halloween\/#primaryimage"},"datePublished":"2012-11-01T08:05:24+00:00","dateModified":"2012-11-01T21:47:58+00:00","author":{"@id":"https:\/\/www.visit-ulcinj.com\/blog\/#\/schema\/person\/dcab619c614d3038751c63bc2aadc06d"},"description":"Gjithmon\u00eb duhet t\u00eb pres\u00ebsh t\u00eb papritur\u00ebn p\u00ebr Halloween.Hana Cakuli duket se nuk \u00ebsht\u00eb nj\u00eb fanse e \u201cfest\u00ebs s\u00eb shtrigave\u201d, apo si\u00e7 njihet ndryshe","breadcrumb":{"@id":"https:\/\/www.visit-ulcinj.com\/blog\/2012\/11\/01\/hana-cakuli-frikeson-si-vampire-per-halloween\/#breadcrumb"},"inLanguage":"en-US","potentialAction":[{"@type":"ReadAction","target":["https:\/\/www.visit-ulcinj.com\/blog\/2012\/11\/01\/hana-cakuli-frikeson-si-vampire-per-halloween\/"]}]},{"@type":"BreadcrumbList","@id":"https:\/\/www.visit-ulcinj.com\/blog\/2012\/11\/01\/hana-cakuli-frikeson-si-vampire-per-halloween\/#breadcrumb","itemListElement":[{"@type":"ListItem","position":1,"name":"Hana Cakuli frik\u00ebson si vampir\u00eb p\u00ebr Halloween + Foto"}]},{"@type":"Person","@id":"https:\/\/www.visit-ulcinj.com\/blog\/#\/schema\/person\/dcab619c614d3038751c63bc2aadc06d","name":"ulqini","sameAs":["http:\/\/www.visit-ulcinj.com"],"url":"https:\/\/www.visit-ulcinj.com\/blog\/author\/admin\/"}]}},"jetpack_featured_media_url":"","jetpack_sharing_enabled":true,"jetpack_shortlink":"https:\/\/wp.me\/pe6lTn-gY4","_links":{"self":[{"href":"https:\/\/www.visit-ulcinj.com\/blog\/wp-json\/wp\/v2\/posts\/65228"}],"collection":[{"href":"https:\/\/www.visit-ulcinj.com\/blog\/wp-json\/wp\/v2\/posts"}],"about":[{"href":"https:\/\/www.visit-ulcinj.com\/blog\/wp-json\/wp\/v2\/types\/post"}],"author":[{"embeddable":true,"href":"https:\/\/www.visit-ulcinj.com\/blog\/wp-json\/wp\/v2\/users\/1"}],"replies":[{"embeddable":true,"href":"https:\/\/www.visit-ulcinj.com\/blog\/wp-json\/wp\/v2\/comments?post=65228"}],"version-history":[{"count":4,"href":"https:\/\/www.visit-ulcinj.com\/blog\/wp-json\/wp\/v2\/posts\/65228\/revisions"}],"predecessor-version":[{"id":65296,"href":"https:\/\/www.visit-ulcinj.com\/blog\/wp-json\/wp\/v2\/posts\/65228\/revisions\/65296"}],"wp:attachment":[{"href":"https:\/\/www.visit-ulcinj.com\/blog\/wp-json\/wp\/v2\/media?parent=65228"}],"wp:term":[{"taxonomy":"category","embeddable":true,"href":"https:\/\/www.visit-ulcinj.com\/blog\/wp-json\/wp\/v2\/categories?post=65228"},{"taxonomy":"post_tag","embeddable":true,"href":"https:\/\/www.visit-ulcinj.com\/blog\/wp-json\/wp\/v2\/tags?post=65228"}],"curies":[{"name":"wp","href":"https:\/\/api.w.org\/{rel}","templated":true}]}}