{"id":65232,"date":"2012-11-01T09:39:58","date_gmt":"2012-11-01T08:39:58","guid":{"rendered":"http:\/\/www.visit-ulcinj.com\/blog\/?p=65232"},"modified":"2012-11-01T09:40:40","modified_gmt":"2012-11-01T08:40:40","slug":"per-ke-ka-mall-argjentina-ramosaj","status":"publish","type":"post","link":"https:\/\/www.visit-ulcinj.com\/blog\/2012\/11\/01\/per-ke-ka-mall-argjentina-ramosaj\/","title":{"rendered":"P\u00ebr k\u00eb ka mall Argjentina Ramosaj?!"},"content":{"rendered":"<p>Ca pika shiu ran\u00eb mbi qelq\u2026\u201d,- \u00ebsht\u00eb kjo dixhitura e k\u00ebsaj fotoje t\u00eb bukur t\u00eb k\u00ebng\u00ebtares Argjentina Ramosaj.Bukuroshja kosovare ka postuar n\u00eb Facebook nj\u00eb fotografi, ku duket mjaft e menduar dhe e malluar p\u00ebr dik\u00eb.<\/p>\n<p><a href=\"http:\/\/www.visit-ulcinj.com\/blog\/wp-content\/uploads\/2012\/11\/ArgjentinaRamosaj.jpg\"><img loading=\"lazy\" class=\"alignleft  wp-image-65233\" title=\"ArgjentinaRamosaj\" src=\"http:\/\/www.visit-ulcinj.com\/blog\/wp-content\/uploads\/2012\/11\/ArgjentinaRamosaj.jpg\" alt=\"\" width=\"508\" height=\"300\" \/><\/a><\/p>\n<p>P\u00ebr k\u00eb ket\u00eb mall Argjentina, p\u00ebr ndonj\u00eb familjar\u00eb apo p\u00ebr ish t\u00eb dashurin e saj.Ajo q\u00eb dime me siguri \u00ebsht\u00eb q\u00eb ka dal shum\u00eb bukur, edhe pse n\u00eb sy ka vendosur lente jeshile.<\/p>\n<p>xh.k\/shqiptarja.com<\/p>\n<p><iframe loading=\"lazy\" width=\"508\" height=\"360\" src=\"http:\/\/www.youtube.com\/embed\/_5Ln88FVJQM?rel=0\" frameborder=\"0\" allowfullscreen><\/iframe><\/p>\n","protected":false},"excerpt":{"rendered":"<p>Ca pika shiu ran\u00eb mbi qelq\u2026\u201d,- \u00ebsht\u00eb kjo dixhitura e k\u00ebsaj fotoje t\u00eb bukur t\u00eb k\u00ebng\u00ebtares Argjentina Ramosaj.Bukuroshja kosovare ka postuar n\u00eb Facebook nj\u00eb fotografi, ku duket mjaft e menduar dhe e malluar p\u00ebr dik\u00eb. P\u00ebr k\u00eb ket\u00eb mall Argjentina, p\u00ebr ndonj\u00eb familjar\u00eb apo p\u00ebr ish t\u00eb dashurin e saj.Ajo q\u00eb dime me siguri \u00ebsht\u00eb [&hellip;]<\/p>\n","protected":false},"author":1,"featured_media":0,"comment_status":"open","ping_status":"closed","sticky":false,"template":"","format":"standard","meta":{"spay_email":"","jetpack_publicize_message":"","jetpack_is_tweetstorm":false,"jetpack_publicize_feature_enabled":true},"categories":[1],"tags":[16524,19677,19806,16036,19514,19511,19513,6693,4684,19460],"jetpack_publicize_connections":[],"yoast_head":"<!-- This site is optimized with the Yoast SEO plugin v19.1 - https:\/\/yoast.com\/wordpress\/plugins\/seo\/ -->\n<title>P\u00ebr k\u00eb ka mall Argjentina Ramosaj?! - Lajme nga Ulqini<\/title>\n<meta name=\"description\" content=\"Ca pika shiu ran\u00eb mbi qelq\u2026\u201d,- \u00ebsht\u00eb kjo dixhitura e k\u00ebsaj fotoje t\u00eb bukur t\u00eb k\u00ebng\u00ebtares Argjentina Ramosaj.Bukuroshja kosovare ka postuar n\u00eb Facebook nj\u00eb\" \/>\n<meta name=\"robots\" content=\"index, follow, max-snippet:-1, max-image-preview:large, max-video-preview:-1\" \/>\n<link rel=\"canonical\" href=\"https:\/\/www.visit-ulcinj.com\/blog\/2012\/11\/01\/per-ke-ka-mall-argjentina-ramosaj\/\" \/>\n<meta property=\"og:locale\" content=\"en_US\" \/>\n<meta property=\"og:type\" content=\"article\" \/>\n<meta property=\"og:title\" content=\"P\u00ebr k\u00eb ka mall Argjentina Ramosaj?! - Lajme nga Ulqini\" \/>\n<meta property=\"og:description\" content=\"Ca pika shiu ran\u00eb mbi qelq\u2026\u201d,- \u00ebsht\u00eb kjo dixhitura e k\u00ebsaj fotoje t\u00eb bukur t\u00eb k\u00ebng\u00ebtares Argjentina Ramosaj.Bukuroshja kosovare ka postuar n\u00eb Facebook nj\u00eb\" \/>\n<meta property=\"og:url\" content=\"https:\/\/www.visit-ulcinj.com\/blog\/2012\/11\/01\/per-ke-ka-mall-argjentina-ramosaj\/\" \/>\n<meta property=\"og:site_name\" content=\"Lajme nga Ulqini\" \/>\n<meta property=\"article:published_time\" content=\"2012-11-01T08:39:58+00:00\" \/>\n<meta property=\"article:modified_time\" content=\"2012-11-01T08:40:40+00:00\" \/>\n<meta property=\"og:image\" content=\"http:\/\/www.visit-ulcinj.com\/blog\/wp-content\/uploads\/2012\/11\/ArgjentinaRamosaj.jpg\" \/>\n<meta name=\"twitter:label1\" content=\"Written by\" \/>\n\t<meta name=\"twitter:data1\" content=\"ulqini\" \/>\n<script type=\"application\/ld+json\" class=\"yoast-schema-graph\">{\"@context\":\"https:\/\/schema.org\",\"@graph\":[{\"@type\":\"WebSite\",\"@id\":\"https:\/\/www.visit-ulcinj.com\/blog\/#website\",\"url\":\"https:\/\/www.visit-ulcinj.com\/blog\/\",\"name\":\"Lajme nga Ulqini\",\"description\":\"Lajme,Vijesti,Ulqini,Ulqin,Crna Gora,Mali i Zi\",\"potentialAction\":[{\"@type\":\"SearchAction\",\"target\":{\"@type\":\"EntryPoint\",\"urlTemplate\":\"https:\/\/www.visit-ulcinj.com\/blog\/?s={search_term_string}\"},\"query-input\":\"required name=search_term_string\"}],\"inLanguage\":\"en-US\"},{\"@type\":\"ImageObject\",\"inLanguage\":\"en-US\",\"@id\":\"https:\/\/www.visit-ulcinj.com\/blog\/2012\/11\/01\/per-ke-ka-mall-argjentina-ramosaj\/#primaryimage\",\"url\":\"http:\/\/www.visit-ulcinj.com\/blog\/wp-content\/uploads\/2012\/11\/ArgjentinaRamosaj.jpg\",\"contentUrl\":\"http:\/\/www.visit-ulcinj.com\/blog\/wp-content\/uploads\/2012\/11\/ArgjentinaRamosaj.jpg\"},{\"@type\":\"WebPage\",\"@id\":\"https:\/\/www.visit-ulcinj.com\/blog\/2012\/11\/01\/per-ke-ka-mall-argjentina-ramosaj\/#webpage\",\"url\":\"https:\/\/www.visit-ulcinj.com\/blog\/2012\/11\/01\/per-ke-ka-mall-argjentina-ramosaj\/\",\"name\":\"P\u00ebr k\u00eb ka mall Argjentina Ramosaj?! - Lajme nga Ulqini\",\"isPartOf\":{\"@id\":\"https:\/\/www.visit-ulcinj.com\/blog\/#website\"},\"primaryImageOfPage\":{\"@id\":\"https:\/\/www.visit-ulcinj.com\/blog\/2012\/11\/01\/per-ke-ka-mall-argjentina-ramosaj\/#primaryimage\"},\"datePublished\":\"2012-11-01T08:39:58+00:00\",\"dateModified\":\"2012-11-01T08:40:40+00:00\",\"author\":{\"@id\":\"https:\/\/www.visit-ulcinj.com\/blog\/#\/schema\/person\/dcab619c614d3038751c63bc2aadc06d\"},\"description\":\"Ca pika shiu ran\u00eb mbi qelq\u2026\u201d,- \u00ebsht\u00eb kjo dixhitura e k\u00ebsaj fotoje t\u00eb bukur t\u00eb k\u00ebng\u00ebtares Argjentina Ramosaj.Bukuroshja kosovare ka postuar n\u00eb Facebook nj\u00eb\",\"breadcrumb\":{\"@id\":\"https:\/\/www.visit-ulcinj.com\/blog\/2012\/11\/01\/per-ke-ka-mall-argjentina-ramosaj\/#breadcrumb\"},\"inLanguage\":\"en-US\",\"potentialAction\":[{\"@type\":\"ReadAction\",\"target\":[\"https:\/\/www.visit-ulcinj.com\/blog\/2012\/11\/01\/per-ke-ka-mall-argjentina-ramosaj\/\"]}]},{\"@type\":\"BreadcrumbList\",\"@id\":\"https:\/\/www.visit-ulcinj.com\/blog\/2012\/11\/01\/per-ke-ka-mall-argjentina-ramosaj\/#breadcrumb\",\"itemListElement\":[{\"@type\":\"ListItem\",\"position\":1,\"name\":\"P\u00ebr k\u00eb ka mall Argjentina Ramosaj?!\"}]},{\"@type\":\"Person\",\"@id\":\"https:\/\/www.visit-ulcinj.com\/blog\/#\/schema\/person\/dcab619c614d3038751c63bc2aadc06d\",\"name\":\"ulqini\",\"sameAs\":[\"http:\/\/www.visit-ulcinj.com\"],\"url\":\"https:\/\/www.visit-ulcinj.com\/blog\/author\/admin\/\"}]}<\/script>\n<!-- \/ Yoast SEO plugin. -->","yoast_head_json":{"title":"P\u00ebr k\u00eb ka mall Argjentina Ramosaj?! - Lajme nga Ulqini","description":"Ca pika shiu ran\u00eb mbi qelq\u2026\u201d,- \u00ebsht\u00eb kjo dixhitura e k\u00ebsaj fotoje t\u00eb bukur t\u00eb k\u00ebng\u00ebtares Argjentina Ramosaj.Bukuroshja kosovare ka postuar n\u00eb Facebook nj\u00eb","robots":{"index":"index","follow":"follow","max-snippet":"max-snippet:-1","max-image-preview":"max-image-preview:large","max-video-preview":"max-video-preview:-1"},"canonical":"https:\/\/www.visit-ulcinj.com\/blog\/2012\/11\/01\/per-ke-ka-mall-argjentina-ramosaj\/","og_locale":"en_US","og_type":"article","og_title":"P\u00ebr k\u00eb ka mall Argjentina Ramosaj?! - Lajme nga Ulqini","og_description":"Ca pika shiu ran\u00eb mbi qelq\u2026\u201d,- \u00ebsht\u00eb kjo dixhitura e k\u00ebsaj fotoje t\u00eb bukur t\u00eb k\u00ebng\u00ebtares Argjentina Ramosaj.Bukuroshja kosovare ka postuar n\u00eb Facebook nj\u00eb","og_url":"https:\/\/www.visit-ulcinj.com\/blog\/2012\/11\/01\/per-ke-ka-mall-argjentina-ramosaj\/","og_site_name":"Lajme nga Ulqini","article_published_time":"2012-11-01T08:39:58+00:00","article_modified_time":"2012-11-01T08:40:40+00:00","og_image":[{"url":"http:\/\/www.visit-ulcinj.com\/blog\/wp-content\/uploads\/2012\/11\/ArgjentinaRamosaj.jpg"}],"twitter_misc":{"Written by":"ulqini"},"schema":{"@context":"https:\/\/schema.org","@graph":[{"@type":"WebSite","@id":"https:\/\/www.visit-ulcinj.com\/blog\/#website","url":"https:\/\/www.visit-ulcinj.com\/blog\/","name":"Lajme nga Ulqini","description":"Lajme,Vijesti,Ulqini,Ulqin,Crna Gora,Mali i Zi","potentialAction":[{"@type":"SearchAction","target":{"@type":"EntryPoint","urlTemplate":"https:\/\/www.visit-ulcinj.com\/blog\/?s={search_term_string}"},"query-input":"required name=search_term_string"}],"inLanguage":"en-US"},{"@type":"ImageObject","inLanguage":"en-US","@id":"https:\/\/www.visit-ulcinj.com\/blog\/2012\/11\/01\/per-ke-ka-mall-argjentina-ramosaj\/#primaryimage","url":"http:\/\/www.visit-ulcinj.com\/blog\/wp-content\/uploads\/2012\/11\/ArgjentinaRamosaj.jpg","contentUrl":"http:\/\/www.visit-ulcinj.com\/blog\/wp-content\/uploads\/2012\/11\/ArgjentinaRamosaj.jpg"},{"@type":"WebPage","@id":"https:\/\/www.visit-ulcinj.com\/blog\/2012\/11\/01\/per-ke-ka-mall-argjentina-ramosaj\/#webpage","url":"https:\/\/www.visit-ulcinj.com\/blog\/2012\/11\/01\/per-ke-ka-mall-argjentina-ramosaj\/","name":"P\u00ebr k\u00eb ka mall Argjentina Ramosaj?! - Lajme nga Ulqini","isPartOf":{"@id":"https:\/\/www.visit-ulcinj.com\/blog\/#website"},"primaryImageOfPage":{"@id":"https:\/\/www.visit-ulcinj.com\/blog\/2012\/11\/01\/per-ke-ka-mall-argjentina-ramosaj\/#primaryimage"},"datePublished":"2012-11-01T08:39:58+00:00","dateModified":"2012-11-01T08:40:40+00:00","author":{"@id":"https:\/\/www.visit-ulcinj.com\/blog\/#\/schema\/person\/dcab619c614d3038751c63bc2aadc06d"},"description":"Ca pika shiu ran\u00eb mbi qelq\u2026\u201d,- \u00ebsht\u00eb kjo dixhitura e k\u00ebsaj fotoje t\u00eb bukur t\u00eb k\u00ebng\u00ebtares Argjentina Ramosaj.Bukuroshja kosovare ka postuar n\u00eb Facebook nj\u00eb","breadcrumb":{"@id":"https:\/\/www.visit-ulcinj.com\/blog\/2012\/11\/01\/per-ke-ka-mall-argjentina-ramosaj\/#breadcrumb"},"inLanguage":"en-US","potentialAction":[{"@type":"ReadAction","target":["https:\/\/www.visit-ulcinj.com\/blog\/2012\/11\/01\/per-ke-ka-mall-argjentina-ramosaj\/"]}]},{"@type":"BreadcrumbList","@id":"https:\/\/www.visit-ulcinj.com\/blog\/2012\/11\/01\/per-ke-ka-mall-argjentina-ramosaj\/#breadcrumb","itemListElement":[{"@type":"ListItem","position":1,"name":"P\u00ebr k\u00eb ka mall Argjentina Ramosaj?!"}]},{"@type":"Person","@id":"https:\/\/www.visit-ulcinj.com\/blog\/#\/schema\/person\/dcab619c614d3038751c63bc2aadc06d","name":"ulqini","sameAs":["http:\/\/www.visit-ulcinj.com"],"url":"https:\/\/www.visit-ulcinj.com\/blog\/author\/admin\/"}]}},"jetpack_featured_media_url":"","jetpack_sharing_enabled":true,"jetpack_shortlink":"https:\/\/wp.me\/pe6lTn-gY8","_links":{"self":[{"href":"https:\/\/www.visit-ulcinj.com\/blog\/wp-json\/wp\/v2\/posts\/65232"}],"collection":[{"href":"https:\/\/www.visit-ulcinj.com\/blog\/wp-json\/wp\/v2\/posts"}],"about":[{"href":"https:\/\/www.visit-ulcinj.com\/blog\/wp-json\/wp\/v2\/types\/post"}],"author":[{"embeddable":true,"href":"https:\/\/www.visit-ulcinj.com\/blog\/wp-json\/wp\/v2\/users\/1"}],"replies":[{"embeddable":true,"href":"https:\/\/www.visit-ulcinj.com\/blog\/wp-json\/wp\/v2\/comments?post=65232"}],"version-history":[{"count":2,"href":"https:\/\/www.visit-ulcinj.com\/blog\/wp-json\/wp\/v2\/posts\/65232\/revisions"}],"predecessor-version":[{"id":65235,"href":"https:\/\/www.visit-ulcinj.com\/blog\/wp-json\/wp\/v2\/posts\/65232\/revisions\/65235"}],"wp:attachment":[{"href":"https:\/\/www.visit-ulcinj.com\/blog\/wp-json\/wp\/v2\/media?parent=65232"}],"wp:term":[{"taxonomy":"category","embeddable":true,"href":"https:\/\/www.visit-ulcinj.com\/blog\/wp-json\/wp\/v2\/categories?post=65232"},{"taxonomy":"post_tag","embeddable":true,"href":"https:\/\/www.visit-ulcinj.com\/blog\/wp-json\/wp\/v2\/tags?post=65232"}],"curies":[{"name":"wp","href":"https:\/\/api.w.org\/{rel}","templated":true}]}}