{"id":65236,"date":"2012-11-01T10:59:15","date_gmt":"2012-11-01T09:59:15","guid":{"rendered":"http:\/\/www.visit-ulcinj.com\/blog\/?p=65236"},"modified":"2012-11-03T11:01:46","modified_gmt":"2012-11-03T10:01:46","slug":"era-e-forte-shkakton-deme-materiale-ne-ulqin","status":"publish","type":"post","link":"https:\/\/www.visit-ulcinj.com\/blog\/2012\/11\/01\/era-e-forte-shkakton-deme-materiale-ne-ulqin\/","title":{"rendered":"Era e fort\u00eb shkakton d\u00ebme materiale n\u00eb Ulqin"},"content":{"rendered":"<p><a href=\"http:\/\/www.visit-ulcinj.com\/blog\/wp-content\/uploads\/2012\/11\/Deme-materiale-ne-Ulqin.1.jpg\"><img loading=\"lazy\" class=\"alignleft  wp-image-65237\" title=\"Deme materiale ne Ulqin.1\" src=\"http:\/\/www.visit-ulcinj.com\/blog\/wp-content\/uploads\/2012\/11\/Deme-materiale-ne-Ulqin.1.jpg\" alt=\"\" width=\"508\" height=\"360\" \/><\/a>Qyteti i Ulqinit ka p\u00ebrjetuar m\u00eb s\u00eb shumti nga er\u00ebrat e fuqishme dhe rreshjet e r\u00ebn\u00eb nj\u00eb dit\u00eb m\u00eb par\u00eb n\u00eb t\u00eb gjith\u00eb vendin q\u00eb kan\u00eb shkaktuar d\u00ebme t\u00eb shumta n\u00eb Ulqin. Si pasoj\u00eb e shiut dhe er\u00ebrave t\u00eb forta dallg\u00ebt n\u00eb det kan\u00eb patur nj\u00eb forc\u00eb prej 6 ball\u00ebsh, duke shkaktuar d\u00ebme t\u00eb shumta n\u00eb bregdetin e Ulqinit.Flitet se shum\u00eb sht\u00ebpi e biznese kan\u00eb p\u00ebsuar d\u00ebme materiale t\u00eb konsiderueshme n\u00eb k\u00ebt\u00eb qytet\u00eb.<\/p>\n<p><strong><strong>Shiko Fotografit\u00eb nga <a id=\"js_13\" href=\"https:\/\/www.facebook.com\/tihomir.minic\" data-hovercard=\"\/ajax\/hovercard\/user.php?id=1242404570\">Tihomir Minic Minic<\/a> Facebook<\/strong><\/strong><\/p>\n<p><strong>1.<a href=\"http:\/\/www.visit-ulcinj.com\/blog\/wp-content\/uploads\/2012\/11\/Deme-materiale-ne-Ulqin.3.jpg\"><img loading=\"lazy\" class=\"alignleft size-full wp-image-65238\" title=\"Deme materiale ne Ulqin.3\" src=\"http:\/\/www.visit-ulcinj.com\/blog\/wp-content\/uploads\/2012\/11\/Deme-materiale-ne-Ulqin.3.jpg\" alt=\"\" width=\"508\" height=\"300\" \/><\/a><\/strong><\/p>\n<p>2.<a href=\"http:\/\/www.visit-ulcinj.com\/blog\/wp-content\/uploads\/2012\/11\/Deme-materiale-ne-Ulqin.2.jpg\"><img loading=\"lazy\" class=\"alignleft size-full wp-image-65239\" title=\"Deme materiale ne Ulqin.2\" src=\"http:\/\/www.visit-ulcinj.com\/blog\/wp-content\/uploads\/2012\/11\/Deme-materiale-ne-Ulqin.2.jpg\" alt=\"\" width=\"508\" height=\"600\" \/><\/a><\/p>\n<p>3.<a href=\"http:\/\/www.visit-ulcinj.com\/blog\/wp-content\/uploads\/2012\/11\/Deme-materiale-ne-Ulqin.4.jpg\"><img loading=\"lazy\" class=\"alignleft size-full wp-image-65240\" title=\"Deme materiale ne Ulqin.4\" src=\"http:\/\/www.visit-ulcinj.com\/blog\/wp-content\/uploads\/2012\/11\/Deme-materiale-ne-Ulqin.4.jpg\" alt=\"\" width=\"508\" height=\"300\" \/><\/a><\/p>\n<p><strong>Temperaturat ulen ndjesh\u00ebm pas mesit te jav\u00ebs duke zbritur deri ne 17 grade celsius<\/strong><br \/>\n<a href=\"http:\/\/www.visit-ulcinj.com\/blog\/wp-content\/uploads\/2012\/11\/VERE-NE-TETOR-NE-ULQIN.1.jpg\"><img loading=\"lazy\" class=\"alignleft size-full wp-image-65242\" title=\"VERE NE TETOR NE ULQIN.1\" src=\"http:\/\/www.visit-ulcinj.com\/blog\/wp-content\/uploads\/2012\/11\/VERE-NE-TETOR-NE-ULQIN.1.jpg\" alt=\"\" width=\"508\" height=\"300\" \/><\/a><br \/>\nK\u00ebto dit\u00eb temperaturat e larta si ne pikun e sezonit turistik kane mbushur plot plazhet e Ulqinit.<br \/>\nEdhe pse vjeshte, pushuesit kane shfryt\u00ebzuar rrezet e diellit dhe ujin e detit p\u00ebr te zgjatur edhe pak dite pushimet n\u00eb bregdetin e Ulqinit. Banoret e Ulqinit n\u00eb k\u00ebto fotografi, tregojn\u00eb se plazhin e vijojn\u00eb deri ne n\u00ebntor, kur koha mban mire si k\u00ebt\u00eb vit t\u00eb papar\u00eb vite m\u00eb par\u00eb. Por edhe Kosovar\u00ebt \u00a0jan\u00eb larguar zhurm\u00ebs,dhe ata qe kane sht\u00ebpi verore kane shijuar te plote fundjav\u00ebn ne bregdet t\u00eb Ulqinit<\/p>\n<p><strong>Shiko Fotografit\u00eb nga <a id=\"js_13\" href=\"https:\/\/www.facebook.com\/tihomir.minic\" data-hovercard=\"\/ajax\/hovercard\/user.php?id=1242404570\">Tihomir Minic Minic<\/a> Facebook<\/strong><br \/>\n1.<a href=\"http:\/\/www.visit-ulcinj.com\/blog\/wp-content\/uploads\/2012\/11\/VERE-NE-TETOR-NE-ULQIN.2.jpg\"><img loading=\"lazy\" class=\"alignleft size-full wp-image-65243\" title=\"VERE NE TETOR NE ULQIN.2\" src=\"http:\/\/www.visit-ulcinj.com\/blog\/wp-content\/uploads\/2012\/11\/VERE-NE-TETOR-NE-ULQIN.2.jpg\" alt=\"\" width=\"508\" height=\"300\" \/><\/a><\/p>\n<p>2.<a href=\"http:\/\/www.visit-ulcinj.com\/blog\/wp-content\/uploads\/2012\/11\/VERE-NE-TETOR-NE-ULQIN.jpg\"><img loading=\"lazy\" class=\"alignleft size-full wp-image-65244\" title=\"VERE NE TETOR NE ULQIN\" src=\"http:\/\/www.visit-ulcinj.com\/blog\/wp-content\/uploads\/2012\/11\/VERE-NE-TETOR-NE-ULQIN.jpg\" alt=\"\" width=\"508\" height=\"300\" \/><\/a><\/p>\n","protected":false},"excerpt":{"rendered":"<p>Qyteti i Ulqinit ka p\u00ebrjetuar m\u00eb s\u00eb shumti nga er\u00ebrat e fuqishme dhe rreshjet e r\u00ebn\u00eb nj\u00eb dit\u00eb m\u00eb par\u00eb n\u00eb t\u00eb gjith\u00eb vendin q\u00eb kan\u00eb shkaktuar d\u00ebme t\u00eb shumta n\u00eb Ulqin. Si pasoj\u00eb e shiut dhe er\u00ebrave t\u00eb forta dallg\u00ebt n\u00eb det kan\u00eb patur nj\u00eb forc\u00eb prej 6 ball\u00ebsh, duke shkaktuar d\u00ebme t\u00eb shumta [&hellip;]<\/p>\n","protected":false},"author":1,"featured_media":0,"comment_status":"open","ping_status":"closed","sticky":false,"template":"","format":"standard","meta":{"spay_email":"","jetpack_publicize_message":"","jetpack_is_tweetstorm":false,"jetpack_publicize_feature_enabled":true},"categories":[1,6950],"tags":[21402,21401],"jetpack_publicize_connections":[],"yoast_head":"<!-- This site is optimized with the Yoast SEO plugin v19.1 - https:\/\/yoast.com\/wordpress\/plugins\/seo\/ -->\n<title>Era e fort\u00eb shkakton d\u00ebme materiale n\u00eb Ulqin - Lajme nga Ulqini<\/title>\n<meta name=\"description\" content=\"Qyteti i Ulqinit ka p\u00ebrjetuar m\u00eb s\u00eb shumti nga er\u00ebrat e fuqishme dhe rreshjet e r\u00ebn\u00eb nj\u00eb dit\u00eb m\u00eb par\u00eb n\u00eb t\u00eb gjith\u00eb vendin q\u00eb kan\u00eb shkaktuar d\u00ebme t\u00eb shumta\" \/>\n<meta name=\"robots\" content=\"index, follow, max-snippet:-1, max-image-preview:large, max-video-preview:-1\" \/>\n<link rel=\"canonical\" href=\"https:\/\/www.visit-ulcinj.com\/blog\/2012\/11\/01\/era-e-forte-shkakton-deme-materiale-ne-ulqin\/\" \/>\n<meta property=\"og:locale\" content=\"en_US\" \/>\n<meta property=\"og:type\" content=\"article\" \/>\n<meta property=\"og:title\" content=\"Era e fort\u00eb shkakton d\u00ebme materiale n\u00eb Ulqin - Lajme nga Ulqini\" \/>\n<meta property=\"og:description\" content=\"Qyteti i Ulqinit ka p\u00ebrjetuar m\u00eb s\u00eb shumti nga er\u00ebrat e fuqishme dhe rreshjet e r\u00ebn\u00eb nj\u00eb dit\u00eb m\u00eb par\u00eb n\u00eb t\u00eb gjith\u00eb vendin q\u00eb kan\u00eb shkaktuar d\u00ebme t\u00eb shumta\" \/>\n<meta property=\"og:url\" content=\"https:\/\/www.visit-ulcinj.com\/blog\/2012\/11\/01\/era-e-forte-shkakton-deme-materiale-ne-ulqin\/\" \/>\n<meta property=\"og:site_name\" content=\"Lajme nga Ulqini\" \/>\n<meta property=\"article:published_time\" content=\"2012-11-01T09:59:15+00:00\" \/>\n<meta property=\"article:modified_time\" content=\"2012-11-03T10:01:46+00:00\" \/>\n<meta property=\"og:image\" content=\"http:\/\/www.visit-ulcinj.com\/blog\/wp-content\/uploads\/2012\/11\/Deme-materiale-ne-Ulqin.1.jpg\" \/>\n<meta name=\"twitter:label1\" content=\"Written by\" \/>\n\t<meta name=\"twitter:data1\" content=\"ulqini\" \/>\n\t<meta name=\"twitter:label2\" content=\"Est. reading time\" \/>\n\t<meta name=\"twitter:data2\" content=\"1 minute\" \/>\n<script type=\"application\/ld+json\" class=\"yoast-schema-graph\">{\"@context\":\"https:\/\/schema.org\",\"@graph\":[{\"@type\":\"WebSite\",\"@id\":\"https:\/\/www.visit-ulcinj.com\/blog\/#website\",\"url\":\"https:\/\/www.visit-ulcinj.com\/blog\/\",\"name\":\"Lajme nga Ulqini\",\"description\":\"Lajme,Vijesti,Ulqini,Ulqin,Crna Gora,Mali i Zi\",\"potentialAction\":[{\"@type\":\"SearchAction\",\"target\":{\"@type\":\"EntryPoint\",\"urlTemplate\":\"https:\/\/www.visit-ulcinj.com\/blog\/?s={search_term_string}\"},\"query-input\":\"required name=search_term_string\"}],\"inLanguage\":\"en-US\"},{\"@type\":\"ImageObject\",\"inLanguage\":\"en-US\",\"@id\":\"https:\/\/www.visit-ulcinj.com\/blog\/2012\/11\/01\/era-e-forte-shkakton-deme-materiale-ne-ulqin\/#primaryimage\",\"url\":\"https:\/\/www.visit-ulcinj.com\/blog\/wp-content\/uploads\/2012\/11\/Deme-materiale-ne-Ulqin.1.jpg\",\"contentUrl\":\"https:\/\/www.visit-ulcinj.com\/blog\/wp-content\/uploads\/2012\/11\/Deme-materiale-ne-Ulqin.1.jpg\",\"width\":\"960\",\"height\":\"720\"},{\"@type\":\"WebPage\",\"@id\":\"https:\/\/www.visit-ulcinj.com\/blog\/2012\/11\/01\/era-e-forte-shkakton-deme-materiale-ne-ulqin\/#webpage\",\"url\":\"https:\/\/www.visit-ulcinj.com\/blog\/2012\/11\/01\/era-e-forte-shkakton-deme-materiale-ne-ulqin\/\",\"name\":\"Era e fort\u00eb shkakton d\u00ebme materiale n\u00eb Ulqin - Lajme nga Ulqini\",\"isPartOf\":{\"@id\":\"https:\/\/www.visit-ulcinj.com\/blog\/#website\"},\"primaryImageOfPage\":{\"@id\":\"https:\/\/www.visit-ulcinj.com\/blog\/2012\/11\/01\/era-e-forte-shkakton-deme-materiale-ne-ulqin\/#primaryimage\"},\"datePublished\":\"2012-11-01T09:59:15+00:00\",\"dateModified\":\"2012-11-03T10:01:46+00:00\",\"author\":{\"@id\":\"https:\/\/www.visit-ulcinj.com\/blog\/#\/schema\/person\/dcab619c614d3038751c63bc2aadc06d\"},\"description\":\"Qyteti i Ulqinit ka p\u00ebrjetuar m\u00eb s\u00eb shumti nga er\u00ebrat e fuqishme dhe rreshjet e r\u00ebn\u00eb nj\u00eb dit\u00eb m\u00eb par\u00eb n\u00eb t\u00eb gjith\u00eb vendin q\u00eb kan\u00eb shkaktuar d\u00ebme t\u00eb shumta\",\"breadcrumb\":{\"@id\":\"https:\/\/www.visit-ulcinj.com\/blog\/2012\/11\/01\/era-e-forte-shkakton-deme-materiale-ne-ulqin\/#breadcrumb\"},\"inLanguage\":\"en-US\",\"potentialAction\":[{\"@type\":\"ReadAction\",\"target\":[\"https:\/\/www.visit-ulcinj.com\/blog\/2012\/11\/01\/era-e-forte-shkakton-deme-materiale-ne-ulqin\/\"]}]},{\"@type\":\"BreadcrumbList\",\"@id\":\"https:\/\/www.visit-ulcinj.com\/blog\/2012\/11\/01\/era-e-forte-shkakton-deme-materiale-ne-ulqin\/#breadcrumb\",\"itemListElement\":[{\"@type\":\"ListItem\",\"position\":1,\"name\":\"Era e fort\u00eb shkakton d\u00ebme materiale n\u00eb Ulqin\"}]},{\"@type\":\"Person\",\"@id\":\"https:\/\/www.visit-ulcinj.com\/blog\/#\/schema\/person\/dcab619c614d3038751c63bc2aadc06d\",\"name\":\"ulqini\",\"sameAs\":[\"http:\/\/www.visit-ulcinj.com\"],\"url\":\"https:\/\/www.visit-ulcinj.com\/blog\/author\/admin\/\"}]}<\/script>\n<!-- \/ Yoast SEO plugin. -->","yoast_head_json":{"title":"Era e fort\u00eb shkakton d\u00ebme materiale n\u00eb Ulqin - Lajme nga Ulqini","description":"Qyteti i Ulqinit ka p\u00ebrjetuar m\u00eb s\u00eb shumti nga er\u00ebrat e fuqishme dhe rreshjet e r\u00ebn\u00eb nj\u00eb dit\u00eb m\u00eb par\u00eb n\u00eb t\u00eb gjith\u00eb vendin q\u00eb kan\u00eb shkaktuar d\u00ebme t\u00eb shumta","robots":{"index":"index","follow":"follow","max-snippet":"max-snippet:-1","max-image-preview":"max-image-preview:large","max-video-preview":"max-video-preview:-1"},"canonical":"https:\/\/www.visit-ulcinj.com\/blog\/2012\/11\/01\/era-e-forte-shkakton-deme-materiale-ne-ulqin\/","og_locale":"en_US","og_type":"article","og_title":"Era e fort\u00eb shkakton d\u00ebme materiale n\u00eb Ulqin - Lajme nga Ulqini","og_description":"Qyteti i Ulqinit ka p\u00ebrjetuar m\u00eb s\u00eb shumti nga er\u00ebrat e fuqishme dhe rreshjet e r\u00ebn\u00eb nj\u00eb dit\u00eb m\u00eb par\u00eb n\u00eb t\u00eb gjith\u00eb vendin q\u00eb kan\u00eb shkaktuar d\u00ebme t\u00eb shumta","og_url":"https:\/\/www.visit-ulcinj.com\/blog\/2012\/11\/01\/era-e-forte-shkakton-deme-materiale-ne-ulqin\/","og_site_name":"Lajme nga Ulqini","article_published_time":"2012-11-01T09:59:15+00:00","article_modified_time":"2012-11-03T10:01:46+00:00","og_image":[{"url":"http:\/\/www.visit-ulcinj.com\/blog\/wp-content\/uploads\/2012\/11\/Deme-materiale-ne-Ulqin.1.jpg"}],"twitter_misc":{"Written by":"ulqini","Est. reading time":"1 minute"},"schema":{"@context":"https:\/\/schema.org","@graph":[{"@type":"WebSite","@id":"https:\/\/www.visit-ulcinj.com\/blog\/#website","url":"https:\/\/www.visit-ulcinj.com\/blog\/","name":"Lajme nga Ulqini","description":"Lajme,Vijesti,Ulqini,Ulqin,Crna Gora,Mali i Zi","potentialAction":[{"@type":"SearchAction","target":{"@type":"EntryPoint","urlTemplate":"https:\/\/www.visit-ulcinj.com\/blog\/?s={search_term_string}"},"query-input":"required name=search_term_string"}],"inLanguage":"en-US"},{"@type":"ImageObject","inLanguage":"en-US","@id":"https:\/\/www.visit-ulcinj.com\/blog\/2012\/11\/01\/era-e-forte-shkakton-deme-materiale-ne-ulqin\/#primaryimage","url":"https:\/\/www.visit-ulcinj.com\/blog\/wp-content\/uploads\/2012\/11\/Deme-materiale-ne-Ulqin.1.jpg","contentUrl":"https:\/\/www.visit-ulcinj.com\/blog\/wp-content\/uploads\/2012\/11\/Deme-materiale-ne-Ulqin.1.jpg","width":"960","height":"720"},{"@type":"WebPage","@id":"https:\/\/www.visit-ulcinj.com\/blog\/2012\/11\/01\/era-e-forte-shkakton-deme-materiale-ne-ulqin\/#webpage","url":"https:\/\/www.visit-ulcinj.com\/blog\/2012\/11\/01\/era-e-forte-shkakton-deme-materiale-ne-ulqin\/","name":"Era e fort\u00eb shkakton d\u00ebme materiale n\u00eb Ulqin - Lajme nga Ulqini","isPartOf":{"@id":"https:\/\/www.visit-ulcinj.com\/blog\/#website"},"primaryImageOfPage":{"@id":"https:\/\/www.visit-ulcinj.com\/blog\/2012\/11\/01\/era-e-forte-shkakton-deme-materiale-ne-ulqin\/#primaryimage"},"datePublished":"2012-11-01T09:59:15+00:00","dateModified":"2012-11-03T10:01:46+00:00","author":{"@id":"https:\/\/www.visit-ulcinj.com\/blog\/#\/schema\/person\/dcab619c614d3038751c63bc2aadc06d"},"description":"Qyteti i Ulqinit ka p\u00ebrjetuar m\u00eb s\u00eb shumti nga er\u00ebrat e fuqishme dhe rreshjet e r\u00ebn\u00eb nj\u00eb dit\u00eb m\u00eb par\u00eb n\u00eb t\u00eb gjith\u00eb vendin q\u00eb kan\u00eb shkaktuar d\u00ebme t\u00eb shumta","breadcrumb":{"@id":"https:\/\/www.visit-ulcinj.com\/blog\/2012\/11\/01\/era-e-forte-shkakton-deme-materiale-ne-ulqin\/#breadcrumb"},"inLanguage":"en-US","potentialAction":[{"@type":"ReadAction","target":["https:\/\/www.visit-ulcinj.com\/blog\/2012\/11\/01\/era-e-forte-shkakton-deme-materiale-ne-ulqin\/"]}]},{"@type":"BreadcrumbList","@id":"https:\/\/www.visit-ulcinj.com\/blog\/2012\/11\/01\/era-e-forte-shkakton-deme-materiale-ne-ulqin\/#breadcrumb","itemListElement":[{"@type":"ListItem","position":1,"name":"Era e fort\u00eb shkakton d\u00ebme materiale n\u00eb Ulqin"}]},{"@type":"Person","@id":"https:\/\/www.visit-ulcinj.com\/blog\/#\/schema\/person\/dcab619c614d3038751c63bc2aadc06d","name":"ulqini","sameAs":["http:\/\/www.visit-ulcinj.com"],"url":"https:\/\/www.visit-ulcinj.com\/blog\/author\/admin\/"}]}},"jetpack_featured_media_url":"","jetpack_sharing_enabled":true,"jetpack_shortlink":"https:\/\/wp.me\/pe6lTn-gYc","_links":{"self":[{"href":"https:\/\/www.visit-ulcinj.com\/blog\/wp-json\/wp\/v2\/posts\/65236"}],"collection":[{"href":"https:\/\/www.visit-ulcinj.com\/blog\/wp-json\/wp\/v2\/posts"}],"about":[{"href":"https:\/\/www.visit-ulcinj.com\/blog\/wp-json\/wp\/v2\/types\/post"}],"author":[{"embeddable":true,"href":"https:\/\/www.visit-ulcinj.com\/blog\/wp-json\/wp\/v2\/users\/1"}],"replies":[{"embeddable":true,"href":"https:\/\/www.visit-ulcinj.com\/blog\/wp-json\/wp\/v2\/comments?post=65236"}],"version-history":[{"count":3,"href":"https:\/\/www.visit-ulcinj.com\/blog\/wp-json\/wp\/v2\/posts\/65236\/revisions"}],"predecessor-version":[{"id":65353,"href":"https:\/\/www.visit-ulcinj.com\/blog\/wp-json\/wp\/v2\/posts\/65236\/revisions\/65353"}],"wp:attachment":[{"href":"https:\/\/www.visit-ulcinj.com\/blog\/wp-json\/wp\/v2\/media?parent=65236"}],"wp:term":[{"taxonomy":"category","embeddable":true,"href":"https:\/\/www.visit-ulcinj.com\/blog\/wp-json\/wp\/v2\/categories?post=65236"},{"taxonomy":"post_tag","embeddable":true,"href":"https:\/\/www.visit-ulcinj.com\/blog\/wp-json\/wp\/v2\/tags?post=65236"}],"curies":[{"name":"wp","href":"https:\/\/api.w.org\/{rel}","templated":true}]}}