{"id":65249,"date":"2012-11-01T12:49:20","date_gmt":"2012-11-01T11:49:20","guid":{"rendered":"http:\/\/www.visit-ulcinj.com\/blog\/?p=65249"},"modified":"2012-11-01T12:49:20","modified_gmt":"2012-11-01T11:49:20","slug":"tuna-ofendon-krejt-shqiptarkat-jane-si-dreq","status":"publish","type":"post","link":"https:\/\/www.visit-ulcinj.com\/blog\/2012\/11\/01\/tuna-ofendon-krejt-shqiptarkat-jane-si-dreq\/","title":{"rendered":"Tuna ofendon: Krejt shqiptarkat jan\u00eb si dreq"},"content":{"rendered":"<p><a href=\"http:\/\/www.visit-ulcinj.com\/blog\/wp-content\/uploads\/2012\/11\/Altuna-Sejdi-TUNA.jpg\"><img loading=\"lazy\" class=\"alignleft  wp-image-65250\" title=\"Altuna Sejdi - TUNA\" src=\"http:\/\/www.visit-ulcinj.com\/blog\/wp-content\/uploads\/2012\/11\/Altuna-Sejdi-TUNA.jpg\" alt=\"\" width=\"508\" height=\"400\" \/><\/a>Mbr\u00ebm\u00eb \u00ebsht\u00eb festuar nata e &#8220;Halloween&#8221;, fest\u00eb t\u00eb cil\u00ebs \u00e7do vit e m\u00eb shum\u00eb, po i kushtohet r\u00ebnd\u00ebsi e vecant\u00eb. &#8220;Nat\u00ebn e shtrigave&#8221;, si\u00e7 e quajm\u00eb ndonj\u00ebher\u00eb, po e festojn\u00eb me t\u00eb madhe edhe VIP-at tan\u00eb.<\/p>\n<p>Fest\u00ebs s\u00eb djeshme iu ka bashk\u00ebngjitur edhe k\u00ebng\u00ebtarja, Tuna, por si duket ajo nuk \u00ebsht\u00eb ndier e k\u00ebnaqur me kostumet e vajzave shqiptare p\u00ebrzgjedhur p\u00ebr k\u00ebt\u00eb nat\u00eb.<\/p>\n<p>&#8220;Krejt shqiptarkat si dreqka.E pse?! Hiq s&#8217;keni pas nevoj mi dhon zorr se qasi jeni n&#8217;perditshmeri&#8221;, ka shkruar ajo n\u00eb Twitter.<\/p>\n<p>Nuk e dim\u00eb n\u00ebse Tuna momentin kur ka adresuar k\u00ebt\u00eb ofendim ndaj vajzave shqiptare, i ka shkuar apo jo n\u00eb mendje se, pjes\u00eb e &#8220;shqiptarkave&#8221; \u00ebsht\u00eb edhe vet ajo.<\/p>\n<p>KOHA NET<br \/>\n<iframe loading=\"lazy\" width=\"508\" height=\"360\" src=\"http:\/\/www.youtube.com\/embed\/D3xCOodYsvs?rel=0\" frameborder=\"0\" allowfullscreen><\/iframe><\/p>\n","protected":false},"excerpt":{"rendered":"<p>Mbr\u00ebm\u00eb \u00ebsht\u00eb festuar nata e &#8220;Halloween&#8221;, fest\u00eb t\u00eb cil\u00ebs \u00e7do vit e m\u00eb shum\u00eb, po i kushtohet r\u00ebnd\u00ebsi e vecant\u00eb. &#8220;Nat\u00ebn e shtrigave&#8221;, si\u00e7 e quajm\u00eb ndonj\u00ebher\u00eb, po e festojn\u00eb me t\u00eb madhe edhe VIP-at tan\u00eb. Fest\u00ebs s\u00eb djeshme iu ka bashk\u00ebngjitur edhe k\u00ebng\u00ebtarja, Tuna, por si duket ajo nuk \u00ebsht\u00eb ndier e k\u00ebnaqur me [&hellip;]<\/p>\n","protected":false},"author":1,"featured_media":0,"comment_status":"open","ping_status":"closed","sticky":false,"template":"","format":"standard","meta":{"spay_email":"","jetpack_publicize_message":"","jetpack_is_tweetstorm":false,"jetpack_publicize_feature_enabled":true},"categories":[1],"tags":[12963,21403],"jetpack_publicize_connections":[],"yoast_head":"<!-- This site is optimized with the Yoast SEO plugin v19.1 - https:\/\/yoast.com\/wordpress\/plugins\/seo\/ -->\n<title>Tuna ofendon: Krejt shqiptarkat jan\u00eb si dreq - Lajme nga Ulqini<\/title>\n<meta name=\"description\" content=\"Mbr\u00ebm\u00eb \u00ebsht\u00eb festuar nata e &quot;Halloween&quot;, fest\u00eb t\u00eb cil\u00ebs \u00e7do vit e m\u00eb shum\u00eb, po i kushtohet r\u00ebnd\u00ebsi e vecant\u00eb. &quot;Nat\u00ebn e shtrigave&quot;, si\u00e7 e quajm\u00eb\" \/>\n<meta name=\"robots\" content=\"index, follow, max-snippet:-1, max-image-preview:large, max-video-preview:-1\" \/>\n<link rel=\"canonical\" href=\"https:\/\/www.visit-ulcinj.com\/blog\/2012\/11\/01\/tuna-ofendon-krejt-shqiptarkat-jane-si-dreq\/\" \/>\n<meta property=\"og:locale\" content=\"en_US\" \/>\n<meta property=\"og:type\" content=\"article\" \/>\n<meta property=\"og:title\" content=\"Tuna ofendon: Krejt shqiptarkat jan\u00eb si dreq - Lajme nga Ulqini\" \/>\n<meta property=\"og:description\" content=\"Mbr\u00ebm\u00eb \u00ebsht\u00eb festuar nata e &quot;Halloween&quot;, fest\u00eb t\u00eb cil\u00ebs \u00e7do vit e m\u00eb shum\u00eb, po i kushtohet r\u00ebnd\u00ebsi e vecant\u00eb. &quot;Nat\u00ebn e shtrigave&quot;, si\u00e7 e quajm\u00eb\" \/>\n<meta property=\"og:url\" content=\"https:\/\/www.visit-ulcinj.com\/blog\/2012\/11\/01\/tuna-ofendon-krejt-shqiptarkat-jane-si-dreq\/\" \/>\n<meta property=\"og:site_name\" content=\"Lajme nga Ulqini\" \/>\n<meta property=\"article:published_time\" content=\"2012-11-01T11:49:20+00:00\" \/>\n<meta property=\"og:image\" content=\"http:\/\/www.visit-ulcinj.com\/blog\/wp-content\/uploads\/2012\/11\/Altuna-Sejdi-TUNA.jpg\" \/>\n<meta name=\"twitter:label1\" content=\"Written by\" \/>\n\t<meta name=\"twitter:data1\" content=\"ulqini\" \/>\n\t<meta name=\"twitter:label2\" content=\"Est. reading time\" \/>\n\t<meta name=\"twitter:data2\" content=\"1 minute\" \/>\n<script type=\"application\/ld+json\" class=\"yoast-schema-graph\">{\"@context\":\"https:\/\/schema.org\",\"@graph\":[{\"@type\":\"WebSite\",\"@id\":\"https:\/\/www.visit-ulcinj.com\/blog\/#website\",\"url\":\"https:\/\/www.visit-ulcinj.com\/blog\/\",\"name\":\"Lajme nga Ulqini\",\"description\":\"Lajme,Vijesti,Ulqini,Ulqin,Crna Gora,Mali i Zi\",\"potentialAction\":[{\"@type\":\"SearchAction\",\"target\":{\"@type\":\"EntryPoint\",\"urlTemplate\":\"https:\/\/www.visit-ulcinj.com\/blog\/?s={search_term_string}\"},\"query-input\":\"required name=search_term_string\"}],\"inLanguage\":\"en-US\"},{\"@type\":\"ImageObject\",\"inLanguage\":\"en-US\",\"@id\":\"https:\/\/www.visit-ulcinj.com\/blog\/2012\/11\/01\/tuna-ofendon-krejt-shqiptarkat-jane-si-dreq\/#primaryimage\",\"url\":\"https:\/\/www.visit-ulcinj.com\/blog\/wp-content\/uploads\/2012\/11\/Altuna-Sejdi-TUNA.jpg\",\"contentUrl\":\"https:\/\/www.visit-ulcinj.com\/blog\/wp-content\/uploads\/2012\/11\/Altuna-Sejdi-TUNA.jpg\",\"width\":\"612\",\"height\":\"612\"},{\"@type\":\"WebPage\",\"@id\":\"https:\/\/www.visit-ulcinj.com\/blog\/2012\/11\/01\/tuna-ofendon-krejt-shqiptarkat-jane-si-dreq\/#webpage\",\"url\":\"https:\/\/www.visit-ulcinj.com\/blog\/2012\/11\/01\/tuna-ofendon-krejt-shqiptarkat-jane-si-dreq\/\",\"name\":\"Tuna ofendon: Krejt shqiptarkat jan\u00eb si dreq - Lajme nga Ulqini\",\"isPartOf\":{\"@id\":\"https:\/\/www.visit-ulcinj.com\/blog\/#website\"},\"primaryImageOfPage\":{\"@id\":\"https:\/\/www.visit-ulcinj.com\/blog\/2012\/11\/01\/tuna-ofendon-krejt-shqiptarkat-jane-si-dreq\/#primaryimage\"},\"datePublished\":\"2012-11-01T11:49:20+00:00\",\"dateModified\":\"2012-11-01T11:49:20+00:00\",\"author\":{\"@id\":\"https:\/\/www.visit-ulcinj.com\/blog\/#\/schema\/person\/dcab619c614d3038751c63bc2aadc06d\"},\"description\":\"Mbr\u00ebm\u00eb \u00ebsht\u00eb festuar nata e \\\"Halloween\\\", fest\u00eb t\u00eb cil\u00ebs \u00e7do vit e m\u00eb shum\u00eb, po i kushtohet r\u00ebnd\u00ebsi e vecant\u00eb. \\\"Nat\u00ebn e shtrigave\\\", si\u00e7 e quajm\u00eb\",\"breadcrumb\":{\"@id\":\"https:\/\/www.visit-ulcinj.com\/blog\/2012\/11\/01\/tuna-ofendon-krejt-shqiptarkat-jane-si-dreq\/#breadcrumb\"},\"inLanguage\":\"en-US\",\"potentialAction\":[{\"@type\":\"ReadAction\",\"target\":[\"https:\/\/www.visit-ulcinj.com\/blog\/2012\/11\/01\/tuna-ofendon-krejt-shqiptarkat-jane-si-dreq\/\"]}]},{\"@type\":\"BreadcrumbList\",\"@id\":\"https:\/\/www.visit-ulcinj.com\/blog\/2012\/11\/01\/tuna-ofendon-krejt-shqiptarkat-jane-si-dreq\/#breadcrumb\",\"itemListElement\":[{\"@type\":\"ListItem\",\"position\":1,\"name\":\"Tuna ofendon: Krejt shqiptarkat jan\u00eb si dreq\"}]},{\"@type\":\"Person\",\"@id\":\"https:\/\/www.visit-ulcinj.com\/blog\/#\/schema\/person\/dcab619c614d3038751c63bc2aadc06d\",\"name\":\"ulqini\",\"sameAs\":[\"http:\/\/www.visit-ulcinj.com\"],\"url\":\"https:\/\/www.visit-ulcinj.com\/blog\/author\/admin\/\"}]}<\/script>\n<!-- \/ Yoast SEO plugin. -->","yoast_head_json":{"title":"Tuna ofendon: Krejt shqiptarkat jan\u00eb si dreq - Lajme nga Ulqini","description":"Mbr\u00ebm\u00eb \u00ebsht\u00eb festuar nata e \"Halloween\", fest\u00eb t\u00eb cil\u00ebs \u00e7do vit e m\u00eb shum\u00eb, po i kushtohet r\u00ebnd\u00ebsi e vecant\u00eb. \"Nat\u00ebn e shtrigave\", si\u00e7 e quajm\u00eb","robots":{"index":"index","follow":"follow","max-snippet":"max-snippet:-1","max-image-preview":"max-image-preview:large","max-video-preview":"max-video-preview:-1"},"canonical":"https:\/\/www.visit-ulcinj.com\/blog\/2012\/11\/01\/tuna-ofendon-krejt-shqiptarkat-jane-si-dreq\/","og_locale":"en_US","og_type":"article","og_title":"Tuna ofendon: Krejt shqiptarkat jan\u00eb si dreq - Lajme nga Ulqini","og_description":"Mbr\u00ebm\u00eb \u00ebsht\u00eb festuar nata e \"Halloween\", fest\u00eb t\u00eb cil\u00ebs \u00e7do vit e m\u00eb shum\u00eb, po i kushtohet r\u00ebnd\u00ebsi e vecant\u00eb. \"Nat\u00ebn e shtrigave\", si\u00e7 e quajm\u00eb","og_url":"https:\/\/www.visit-ulcinj.com\/blog\/2012\/11\/01\/tuna-ofendon-krejt-shqiptarkat-jane-si-dreq\/","og_site_name":"Lajme nga Ulqini","article_published_time":"2012-11-01T11:49:20+00:00","og_image":[{"url":"http:\/\/www.visit-ulcinj.com\/blog\/wp-content\/uploads\/2012\/11\/Altuna-Sejdi-TUNA.jpg"}],"twitter_misc":{"Written by":"ulqini","Est. reading time":"1 minute"},"schema":{"@context":"https:\/\/schema.org","@graph":[{"@type":"WebSite","@id":"https:\/\/www.visit-ulcinj.com\/blog\/#website","url":"https:\/\/www.visit-ulcinj.com\/blog\/","name":"Lajme nga Ulqini","description":"Lajme,Vijesti,Ulqini,Ulqin,Crna Gora,Mali i Zi","potentialAction":[{"@type":"SearchAction","target":{"@type":"EntryPoint","urlTemplate":"https:\/\/www.visit-ulcinj.com\/blog\/?s={search_term_string}"},"query-input":"required name=search_term_string"}],"inLanguage":"en-US"},{"@type":"ImageObject","inLanguage":"en-US","@id":"https:\/\/www.visit-ulcinj.com\/blog\/2012\/11\/01\/tuna-ofendon-krejt-shqiptarkat-jane-si-dreq\/#primaryimage","url":"https:\/\/www.visit-ulcinj.com\/blog\/wp-content\/uploads\/2012\/11\/Altuna-Sejdi-TUNA.jpg","contentUrl":"https:\/\/www.visit-ulcinj.com\/blog\/wp-content\/uploads\/2012\/11\/Altuna-Sejdi-TUNA.jpg","width":"612","height":"612"},{"@type":"WebPage","@id":"https:\/\/www.visit-ulcinj.com\/blog\/2012\/11\/01\/tuna-ofendon-krejt-shqiptarkat-jane-si-dreq\/#webpage","url":"https:\/\/www.visit-ulcinj.com\/blog\/2012\/11\/01\/tuna-ofendon-krejt-shqiptarkat-jane-si-dreq\/","name":"Tuna ofendon: Krejt shqiptarkat jan\u00eb si dreq - Lajme nga Ulqini","isPartOf":{"@id":"https:\/\/www.visit-ulcinj.com\/blog\/#website"},"primaryImageOfPage":{"@id":"https:\/\/www.visit-ulcinj.com\/blog\/2012\/11\/01\/tuna-ofendon-krejt-shqiptarkat-jane-si-dreq\/#primaryimage"},"datePublished":"2012-11-01T11:49:20+00:00","dateModified":"2012-11-01T11:49:20+00:00","author":{"@id":"https:\/\/www.visit-ulcinj.com\/blog\/#\/schema\/person\/dcab619c614d3038751c63bc2aadc06d"},"description":"Mbr\u00ebm\u00eb \u00ebsht\u00eb festuar nata e \"Halloween\", fest\u00eb t\u00eb cil\u00ebs \u00e7do vit e m\u00eb shum\u00eb, po i kushtohet r\u00ebnd\u00ebsi e vecant\u00eb. \"Nat\u00ebn e shtrigave\", si\u00e7 e quajm\u00eb","breadcrumb":{"@id":"https:\/\/www.visit-ulcinj.com\/blog\/2012\/11\/01\/tuna-ofendon-krejt-shqiptarkat-jane-si-dreq\/#breadcrumb"},"inLanguage":"en-US","potentialAction":[{"@type":"ReadAction","target":["https:\/\/www.visit-ulcinj.com\/blog\/2012\/11\/01\/tuna-ofendon-krejt-shqiptarkat-jane-si-dreq\/"]}]},{"@type":"BreadcrumbList","@id":"https:\/\/www.visit-ulcinj.com\/blog\/2012\/11\/01\/tuna-ofendon-krejt-shqiptarkat-jane-si-dreq\/#breadcrumb","itemListElement":[{"@type":"ListItem","position":1,"name":"Tuna ofendon: Krejt shqiptarkat jan\u00eb si dreq"}]},{"@type":"Person","@id":"https:\/\/www.visit-ulcinj.com\/blog\/#\/schema\/person\/dcab619c614d3038751c63bc2aadc06d","name":"ulqini","sameAs":["http:\/\/www.visit-ulcinj.com"],"url":"https:\/\/www.visit-ulcinj.com\/blog\/author\/admin\/"}]}},"jetpack_featured_media_url":"","jetpack_sharing_enabled":true,"jetpack_shortlink":"https:\/\/wp.me\/pe6lTn-gYp","_links":{"self":[{"href":"https:\/\/www.visit-ulcinj.com\/blog\/wp-json\/wp\/v2\/posts\/65249"}],"collection":[{"href":"https:\/\/www.visit-ulcinj.com\/blog\/wp-json\/wp\/v2\/posts"}],"about":[{"href":"https:\/\/www.visit-ulcinj.com\/blog\/wp-json\/wp\/v2\/types\/post"}],"author":[{"embeddable":true,"href":"https:\/\/www.visit-ulcinj.com\/blog\/wp-json\/wp\/v2\/users\/1"}],"replies":[{"embeddable":true,"href":"https:\/\/www.visit-ulcinj.com\/blog\/wp-json\/wp\/v2\/comments?post=65249"}],"version-history":[{"count":1,"href":"https:\/\/www.visit-ulcinj.com\/blog\/wp-json\/wp\/v2\/posts\/65249\/revisions"}],"predecessor-version":[{"id":65251,"href":"https:\/\/www.visit-ulcinj.com\/blog\/wp-json\/wp\/v2\/posts\/65249\/revisions\/65251"}],"wp:attachment":[{"href":"https:\/\/www.visit-ulcinj.com\/blog\/wp-json\/wp\/v2\/media?parent=65249"}],"wp:term":[{"taxonomy":"category","embeddable":true,"href":"https:\/\/www.visit-ulcinj.com\/blog\/wp-json\/wp\/v2\/categories?post=65249"},{"taxonomy":"post_tag","embeddable":true,"href":"https:\/\/www.visit-ulcinj.com\/blog\/wp-json\/wp\/v2\/tags?post=65249"}],"curies":[{"name":"wp","href":"https:\/\/api.w.org\/{rel}","templated":true}]}}