{"id":65252,"date":"2012-11-01T13:06:50","date_gmt":"2012-11-01T12:06:50","guid":{"rendered":"http:\/\/www.visit-ulcinj.com\/blog\/?p=65252"},"modified":"2012-11-01T13:06:50","modified_gmt":"2012-11-01T12:06:50","slug":"flori-insiston-se-i-eshte-vjedhur-kenga-nga-gaxha","status":"publish","type":"post","link":"https:\/\/www.visit-ulcinj.com\/blog\/2012\/11\/01\/flori-insiston-se-i-eshte-vjedhur-kenga-nga-gaxha\/","title":{"rendered":"Flori insiston se i \u00ebsht\u00eb vjedhur k\u00ebnga nga Gaxha"},"content":{"rendered":"<p><a href=\"http:\/\/www.visit-ulcinj.com\/blog\/wp-content\/uploads\/2012\/11\/Flori-Mumajesi.jpg\"><img loading=\"lazy\" class=\"alignleft  wp-image-65253\" title=\"Flori Mumajesi\" src=\"http:\/\/www.visit-ulcinj.com\/blog\/wp-content\/uploads\/2012\/11\/Flori-Mumajesi.jpg\" alt=\"\" width=\"350\" height=\"400\" \/><\/a>Ka disa dit\u00eb q\u00eb k\u00ebng\u00ebtar\u00ebt Flori Mumajesi dhe Adrian Gaxha jan\u00eb n\u00eb konflikt p\u00ebr shkak t\u00eb k\u00ebng\u00ebs \u201cNgjyra e kuqe\u201d me t\u00eb cil\u00ebn Adriani u paraqit n\u00eb \u201cK\u00ebnga Magjike\u201d.<\/p>\n<p>Sipas Florit, melodia e k\u00ebsaj k\u00ebnge \u00ebsht\u00eb e vjedhur nga k\u00ebnga \u201cTallava\u201d dhe k\u00ebt\u00eb e kan\u00eb v\u00ebrejtur edhe ekipi i \u201cK\u00ebng\u00ebs Magjike\u201d. \u201cAdrian Gaxha m\u00eb ka vjedhur disa melodi t\u00eb k\u00ebng\u00ebs \u2018Tallava\u2019 q\u00eb e kam b\u00ebr\u00eb un\u00eb dhe t\u00eb gjitha stilet e k\u00ebng\u00ebs jan\u00eb taktet e muzik\u00ebs sime. Kjo \u00ebsht\u00eb b\u00ebr\u00eb e ditur edhe nga stafi \u2018K\u00ebng\u00ebs Magjike\u2019 t\u00eb cil\u00ebt m\u00eb kan\u00eb th\u00ebn\u00eb se taktet jan\u00eb t\u00eb vjedhura nga k\u00ebnga \u2018Tallava\u2019\u201d, ka th\u00ebn\u00eb ai p\u00ebr \u201cZ\u00ebri\u201d.<br \/>\n<a href=\"http:\/\/www.visit-ulcinj.com\/blog\/wp-content\/uploads\/2012\/11\/ADRIAN-GAXHA-FLORIANI.jpg\"><img loading=\"lazy\" src=\"http:\/\/www.visit-ulcinj.com\/blog\/wp-content\/uploads\/2012\/11\/ADRIAN-GAXHA-FLORIANI.jpg\" alt=\"\" title=\"ADRIAN GAXHA &amp; FLORIANI\" width=\"508\" height=\"300\" class=\"alignleft size-full wp-image-65254\" \/><\/a><br \/>\nFlori nuk e mohon faktin se k\u00ebnga me t\u00eb cil\u00ebn Adriani \u00ebsht\u00eb paraqitur n\u00eb festival \u00ebsht\u00eb mir\u00ebpritur mjaft\u00eb shum\u00eb n\u00eb opinion. Flori p\u00ebr momentin ka nisur nj\u00eb bashk\u00ebpunim me bullgaren Alisia dhe shum\u00eb shpejt do t\u00eb fascinoj publikun me nj\u00eb duet t\u00eb ve\u00e7ant\u00eb.<\/p>\n<p><iframe loading=\"lazy\" width=\"508\" height=\"360\" src=\"http:\/\/www.youtube.com\/embed\/_nDQp5YD7RU?rel=0\" frameborder=\"0\" allowfullscreen><\/iframe><\/p>\n","protected":false},"excerpt":{"rendered":"<p>Ka disa dit\u00eb q\u00eb k\u00ebng\u00ebtar\u00ebt Flori Mumajesi dhe Adrian Gaxha jan\u00eb n\u00eb konflikt p\u00ebr shkak t\u00eb k\u00ebng\u00ebs \u201cNgjyra e kuqe\u201d me t\u00eb cil\u00ebn Adriani u paraqit n\u00eb \u201cK\u00ebnga Magjike\u201d. Sipas Florit, melodia e k\u00ebsaj k\u00ebnge \u00ebsht\u00eb e vjedhur nga k\u00ebnga \u201cTallava\u201d dhe k\u00ebt\u00eb e kan\u00eb v\u00ebrejtur edhe ekipi i \u201cK\u00ebng\u00ebs Magjike\u201d. \u201cAdrian Gaxha m\u00eb ka [&hellip;]<\/p>\n","protected":false},"author":1,"featured_media":0,"comment_status":"open","ping_status":"closed","sticky":false,"template":"","format":"standard","meta":{"spay_email":"","jetpack_publicize_message":"","jetpack_is_tweetstorm":false,"jetpack_publicize_feature_enabled":true},"categories":[1],"tags":[6624],"jetpack_publicize_connections":[],"yoast_head":"<!-- This site is optimized with the Yoast SEO plugin v19.1 - https:\/\/yoast.com\/wordpress\/plugins\/seo\/ -->\n<title>Flori insiston se i \u00ebsht\u00eb vjedhur k\u00ebnga nga Gaxha - Lajme nga Ulqini<\/title>\n<meta name=\"description\" content=\"Ka disa dit\u00eb q\u00eb k\u00ebng\u00ebtar\u00ebt Flori Mumajesi dhe Adrian Gaxha jan\u00eb n\u00eb konflikt p\u00ebr shkak t\u00eb k\u00ebng\u00ebs \u201cNgjyra e kuqe\u201d me t\u00eb cil\u00ebn Adriani u paraqit n\u00eb \u201cK\u00ebnga\" \/>\n<meta name=\"robots\" content=\"index, follow, max-snippet:-1, max-image-preview:large, max-video-preview:-1\" \/>\n<link rel=\"canonical\" href=\"https:\/\/www.visit-ulcinj.com\/blog\/2012\/11\/01\/flori-insiston-se-i-eshte-vjedhur-kenga-nga-gaxha\/\" \/>\n<meta property=\"og:locale\" content=\"en_US\" \/>\n<meta property=\"og:type\" content=\"article\" \/>\n<meta property=\"og:title\" content=\"Flori insiston se i \u00ebsht\u00eb vjedhur k\u00ebnga nga Gaxha - Lajme nga Ulqini\" \/>\n<meta property=\"og:description\" content=\"Ka disa dit\u00eb q\u00eb k\u00ebng\u00ebtar\u00ebt Flori Mumajesi dhe Adrian Gaxha jan\u00eb n\u00eb konflikt p\u00ebr shkak t\u00eb k\u00ebng\u00ebs \u201cNgjyra e kuqe\u201d me t\u00eb cil\u00ebn Adriani u paraqit n\u00eb \u201cK\u00ebnga\" \/>\n<meta property=\"og:url\" content=\"https:\/\/www.visit-ulcinj.com\/blog\/2012\/11\/01\/flori-insiston-se-i-eshte-vjedhur-kenga-nga-gaxha\/\" \/>\n<meta property=\"og:site_name\" content=\"Lajme nga Ulqini\" \/>\n<meta property=\"article:published_time\" content=\"2012-11-01T12:06:50+00:00\" \/>\n<meta property=\"og:image\" content=\"http:\/\/www.visit-ulcinj.com\/blog\/wp-content\/uploads\/2012\/11\/Flori-Mumajesi.jpg\" \/>\n<meta name=\"twitter:label1\" content=\"Written by\" \/>\n\t<meta name=\"twitter:data1\" content=\"ulqini\" \/>\n\t<meta name=\"twitter:label2\" content=\"Est. reading time\" \/>\n\t<meta name=\"twitter:data2\" content=\"1 minute\" \/>\n<script type=\"application\/ld+json\" class=\"yoast-schema-graph\">{\"@context\":\"https:\/\/schema.org\",\"@graph\":[{\"@type\":\"WebSite\",\"@id\":\"https:\/\/www.visit-ulcinj.com\/blog\/#website\",\"url\":\"https:\/\/www.visit-ulcinj.com\/blog\/\",\"name\":\"Lajme nga Ulqini\",\"description\":\"Lajme,Vijesti,Ulqini,Ulqin,Crna Gora,Mali i Zi\",\"potentialAction\":[{\"@type\":\"SearchAction\",\"target\":{\"@type\":\"EntryPoint\",\"urlTemplate\":\"https:\/\/www.visit-ulcinj.com\/blog\/?s={search_term_string}\"},\"query-input\":\"required name=search_term_string\"}],\"inLanguage\":\"en-US\"},{\"@type\":\"ImageObject\",\"inLanguage\":\"en-US\",\"@id\":\"https:\/\/www.visit-ulcinj.com\/blog\/2012\/11\/01\/flori-insiston-se-i-eshte-vjedhur-kenga-nga-gaxha\/#primaryimage\",\"url\":\"http:\/\/www.visit-ulcinj.com\/blog\/wp-content\/uploads\/2012\/11\/Flori-Mumajesi.jpg\",\"contentUrl\":\"http:\/\/www.visit-ulcinj.com\/blog\/wp-content\/uploads\/2012\/11\/Flori-Mumajesi.jpg\"},{\"@type\":\"WebPage\",\"@id\":\"https:\/\/www.visit-ulcinj.com\/blog\/2012\/11\/01\/flori-insiston-se-i-eshte-vjedhur-kenga-nga-gaxha\/#webpage\",\"url\":\"https:\/\/www.visit-ulcinj.com\/blog\/2012\/11\/01\/flori-insiston-se-i-eshte-vjedhur-kenga-nga-gaxha\/\",\"name\":\"Flori insiston se i \u00ebsht\u00eb vjedhur k\u00ebnga nga Gaxha - Lajme nga Ulqini\",\"isPartOf\":{\"@id\":\"https:\/\/www.visit-ulcinj.com\/blog\/#website\"},\"primaryImageOfPage\":{\"@id\":\"https:\/\/www.visit-ulcinj.com\/blog\/2012\/11\/01\/flori-insiston-se-i-eshte-vjedhur-kenga-nga-gaxha\/#primaryimage\"},\"datePublished\":\"2012-11-01T12:06:50+00:00\",\"dateModified\":\"2012-11-01T12:06:50+00:00\",\"author\":{\"@id\":\"https:\/\/www.visit-ulcinj.com\/blog\/#\/schema\/person\/dcab619c614d3038751c63bc2aadc06d\"},\"description\":\"Ka disa dit\u00eb q\u00eb k\u00ebng\u00ebtar\u00ebt Flori Mumajesi dhe Adrian Gaxha jan\u00eb n\u00eb konflikt p\u00ebr shkak t\u00eb k\u00ebng\u00ebs \u201cNgjyra e kuqe\u201d me t\u00eb cil\u00ebn Adriani u paraqit n\u00eb \u201cK\u00ebnga\",\"breadcrumb\":{\"@id\":\"https:\/\/www.visit-ulcinj.com\/blog\/2012\/11\/01\/flori-insiston-se-i-eshte-vjedhur-kenga-nga-gaxha\/#breadcrumb\"},\"inLanguage\":\"en-US\",\"potentialAction\":[{\"@type\":\"ReadAction\",\"target\":[\"https:\/\/www.visit-ulcinj.com\/blog\/2012\/11\/01\/flori-insiston-se-i-eshte-vjedhur-kenga-nga-gaxha\/\"]}]},{\"@type\":\"BreadcrumbList\",\"@id\":\"https:\/\/www.visit-ulcinj.com\/blog\/2012\/11\/01\/flori-insiston-se-i-eshte-vjedhur-kenga-nga-gaxha\/#breadcrumb\",\"itemListElement\":[{\"@type\":\"ListItem\",\"position\":1,\"name\":\"Flori insiston se i \u00ebsht\u00eb vjedhur k\u00ebnga nga Gaxha\"}]},{\"@type\":\"Person\",\"@id\":\"https:\/\/www.visit-ulcinj.com\/blog\/#\/schema\/person\/dcab619c614d3038751c63bc2aadc06d\",\"name\":\"ulqini\",\"sameAs\":[\"http:\/\/www.visit-ulcinj.com\"],\"url\":\"https:\/\/www.visit-ulcinj.com\/blog\/author\/admin\/\"}]}<\/script>\n<!-- \/ Yoast SEO plugin. -->","yoast_head_json":{"title":"Flori insiston se i \u00ebsht\u00eb vjedhur k\u00ebnga nga Gaxha - Lajme nga Ulqini","description":"Ka disa dit\u00eb q\u00eb k\u00ebng\u00ebtar\u00ebt Flori Mumajesi dhe Adrian Gaxha jan\u00eb n\u00eb konflikt p\u00ebr shkak t\u00eb k\u00ebng\u00ebs \u201cNgjyra e kuqe\u201d me t\u00eb cil\u00ebn Adriani u paraqit n\u00eb \u201cK\u00ebnga","robots":{"index":"index","follow":"follow","max-snippet":"max-snippet:-1","max-image-preview":"max-image-preview:large","max-video-preview":"max-video-preview:-1"},"canonical":"https:\/\/www.visit-ulcinj.com\/blog\/2012\/11\/01\/flori-insiston-se-i-eshte-vjedhur-kenga-nga-gaxha\/","og_locale":"en_US","og_type":"article","og_title":"Flori insiston se i \u00ebsht\u00eb vjedhur k\u00ebnga nga Gaxha - Lajme nga Ulqini","og_description":"Ka disa dit\u00eb q\u00eb k\u00ebng\u00ebtar\u00ebt Flori Mumajesi dhe Adrian Gaxha jan\u00eb n\u00eb konflikt p\u00ebr shkak t\u00eb k\u00ebng\u00ebs \u201cNgjyra e kuqe\u201d me t\u00eb cil\u00ebn Adriani u paraqit n\u00eb \u201cK\u00ebnga","og_url":"https:\/\/www.visit-ulcinj.com\/blog\/2012\/11\/01\/flori-insiston-se-i-eshte-vjedhur-kenga-nga-gaxha\/","og_site_name":"Lajme nga Ulqini","article_published_time":"2012-11-01T12:06:50+00:00","og_image":[{"url":"http:\/\/www.visit-ulcinj.com\/blog\/wp-content\/uploads\/2012\/11\/Flori-Mumajesi.jpg"}],"twitter_misc":{"Written by":"ulqini","Est. reading time":"1 minute"},"schema":{"@context":"https:\/\/schema.org","@graph":[{"@type":"WebSite","@id":"https:\/\/www.visit-ulcinj.com\/blog\/#website","url":"https:\/\/www.visit-ulcinj.com\/blog\/","name":"Lajme nga Ulqini","description":"Lajme,Vijesti,Ulqini,Ulqin,Crna Gora,Mali i Zi","potentialAction":[{"@type":"SearchAction","target":{"@type":"EntryPoint","urlTemplate":"https:\/\/www.visit-ulcinj.com\/blog\/?s={search_term_string}"},"query-input":"required name=search_term_string"}],"inLanguage":"en-US"},{"@type":"ImageObject","inLanguage":"en-US","@id":"https:\/\/www.visit-ulcinj.com\/blog\/2012\/11\/01\/flori-insiston-se-i-eshte-vjedhur-kenga-nga-gaxha\/#primaryimage","url":"http:\/\/www.visit-ulcinj.com\/blog\/wp-content\/uploads\/2012\/11\/Flori-Mumajesi.jpg","contentUrl":"http:\/\/www.visit-ulcinj.com\/blog\/wp-content\/uploads\/2012\/11\/Flori-Mumajesi.jpg"},{"@type":"WebPage","@id":"https:\/\/www.visit-ulcinj.com\/blog\/2012\/11\/01\/flori-insiston-se-i-eshte-vjedhur-kenga-nga-gaxha\/#webpage","url":"https:\/\/www.visit-ulcinj.com\/blog\/2012\/11\/01\/flori-insiston-se-i-eshte-vjedhur-kenga-nga-gaxha\/","name":"Flori insiston se i \u00ebsht\u00eb vjedhur k\u00ebnga nga Gaxha - Lajme nga Ulqini","isPartOf":{"@id":"https:\/\/www.visit-ulcinj.com\/blog\/#website"},"primaryImageOfPage":{"@id":"https:\/\/www.visit-ulcinj.com\/blog\/2012\/11\/01\/flori-insiston-se-i-eshte-vjedhur-kenga-nga-gaxha\/#primaryimage"},"datePublished":"2012-11-01T12:06:50+00:00","dateModified":"2012-11-01T12:06:50+00:00","author":{"@id":"https:\/\/www.visit-ulcinj.com\/blog\/#\/schema\/person\/dcab619c614d3038751c63bc2aadc06d"},"description":"Ka disa dit\u00eb q\u00eb k\u00ebng\u00ebtar\u00ebt Flori Mumajesi dhe Adrian Gaxha jan\u00eb n\u00eb konflikt p\u00ebr shkak t\u00eb k\u00ebng\u00ebs \u201cNgjyra e kuqe\u201d me t\u00eb cil\u00ebn Adriani u paraqit n\u00eb \u201cK\u00ebnga","breadcrumb":{"@id":"https:\/\/www.visit-ulcinj.com\/blog\/2012\/11\/01\/flori-insiston-se-i-eshte-vjedhur-kenga-nga-gaxha\/#breadcrumb"},"inLanguage":"en-US","potentialAction":[{"@type":"ReadAction","target":["https:\/\/www.visit-ulcinj.com\/blog\/2012\/11\/01\/flori-insiston-se-i-eshte-vjedhur-kenga-nga-gaxha\/"]}]},{"@type":"BreadcrumbList","@id":"https:\/\/www.visit-ulcinj.com\/blog\/2012\/11\/01\/flori-insiston-se-i-eshte-vjedhur-kenga-nga-gaxha\/#breadcrumb","itemListElement":[{"@type":"ListItem","position":1,"name":"Flori insiston se i \u00ebsht\u00eb vjedhur k\u00ebnga nga Gaxha"}]},{"@type":"Person","@id":"https:\/\/www.visit-ulcinj.com\/blog\/#\/schema\/person\/dcab619c614d3038751c63bc2aadc06d","name":"ulqini","sameAs":["http:\/\/www.visit-ulcinj.com"],"url":"https:\/\/www.visit-ulcinj.com\/blog\/author\/admin\/"}]}},"jetpack_featured_media_url":"","jetpack_sharing_enabled":true,"jetpack_shortlink":"https:\/\/wp.me\/pe6lTn-gYs","_links":{"self":[{"href":"https:\/\/www.visit-ulcinj.com\/blog\/wp-json\/wp\/v2\/posts\/65252"}],"collection":[{"href":"https:\/\/www.visit-ulcinj.com\/blog\/wp-json\/wp\/v2\/posts"}],"about":[{"href":"https:\/\/www.visit-ulcinj.com\/blog\/wp-json\/wp\/v2\/types\/post"}],"author":[{"embeddable":true,"href":"https:\/\/www.visit-ulcinj.com\/blog\/wp-json\/wp\/v2\/users\/1"}],"replies":[{"embeddable":true,"href":"https:\/\/www.visit-ulcinj.com\/blog\/wp-json\/wp\/v2\/comments?post=65252"}],"version-history":[{"count":1,"href":"https:\/\/www.visit-ulcinj.com\/blog\/wp-json\/wp\/v2\/posts\/65252\/revisions"}],"predecessor-version":[{"id":65255,"href":"https:\/\/www.visit-ulcinj.com\/blog\/wp-json\/wp\/v2\/posts\/65252\/revisions\/65255"}],"wp:attachment":[{"href":"https:\/\/www.visit-ulcinj.com\/blog\/wp-json\/wp\/v2\/media?parent=65252"}],"wp:term":[{"taxonomy":"category","embeddable":true,"href":"https:\/\/www.visit-ulcinj.com\/blog\/wp-json\/wp\/v2\/categories?post=65252"},{"taxonomy":"post_tag","embeddable":true,"href":"https:\/\/www.visit-ulcinj.com\/blog\/wp-json\/wp\/v2\/tags?post=65252"}],"curies":[{"name":"wp","href":"https:\/\/api.w.org\/{rel}","templated":true}]}}