{"id":65256,"date":"2012-11-01T18:00:00","date_gmt":"2012-11-01T17:00:00","guid":{"rendered":"http:\/\/www.visit-ulcinj.com\/blog\/?p=65256"},"modified":"2012-11-02T20:37:46","modified_gmt":"2012-11-02T19:37:46","slug":"u-ulcinj-mala-lucica-kacema-prazna","status":"publish","type":"post","link":"https:\/\/www.visit-ulcinj.com\/blog\/2012\/11\/01\/u-ulcinj-mala-lucica-kacema-prazna\/","title":{"rendered":"U Ulcinj mala &#8220;lu\u010dica&#8221; Kacema prazna"},"content":{"rendered":"<p><a href=\"http:\/\/www.visit-ulcinj.com\/blog\/wp-content\/uploads\/2012\/11\/Lucica-Kacema-prazna-Ulcinj.jpg\"><img loading=\"lazy\" class=\"alignleft  wp-image-65257\" title=\"Lucica Kacema prazna-Ulcinj\" src=\"http:\/\/www.visit-ulcinj.com\/blog\/wp-content\/uploads\/2012\/11\/Lucica-Kacema-prazna-Ulcinj.jpg\" alt=\"\" width=\"508\" height=\"360\" \/><\/a>Ovako danas izgleda mala &#8220;lu\u010dica&#8221; na na\u0161oj Kacemi. Prazna i tu\u017ena, jer na njoj nema nijednog \u010damca, a pravljena je upravo da za\u0161titi \u010damce od &#8220;Juga&#8221;. Dodu\u0161e, &#8220;Jugo&#8221; je bilo jako i talasi su se prelivali preko pristani\u0161ta, ali oni koji su projektovali marinu morali su razmi\u0161ljati i o tome.<br \/>\nMorali su se konsultovati i sa nama koji tu godinama ve\u017eemo \u010damce. Nije dovoljno znati samo crtati, moraju se konsultovati i mje\u0161tani i poznavati kretanje struja i talasa koji udaraju o obali&#8230; \u010cini mi se da je &#8220;Kacema&#8221; onakva kakva je nekada bila, bila sigurnija, jer na maloj pla\u017ei, na njenoj ju\u017enoj strani su se mogle izvla\u010diti barke gdje su svakakao bile sigurnije nego danas. Danas to nije mogu\u0107e zbog visoke obale i tzv. navoza koji je nepodesan.<br \/>\nMorsko dobro iz Budve je svakako moralo znati, da je novac koji su investirali na na\u0161oj &#8220;Kacemi&#8221; na\u0161 novac, novac koji se uzima sa na\u0161e obale, sa na\u0161ih pla\u017ea i da su ga morali pravilno ulo\u017eiti.<br \/>\nO\u010digledno je, da je novac namijenjen za izgradnju na\u0161e marine bio nedovoljan ili je mo\u017eda i nenamijenski tro\u0161en. Ja nijesam sudija da presu\u0111ujem, ali je o\u010digledno da fali desetak metara lukobrana kako bi se marina za\u0161titila od velikih talasa. To vidi svaki ribar i svaki \u010dovjek koji makar jedanput si\u0111e do pristani\u0161ta. Ovako na\u0161a mala marina ili kako su je iz milo\u0161te nazivali \u010delnici Morskog dobra iz Budve &#8220;Lu\u010dica&#8221; je ostala samo \u0161etali\u0161te i mala marina kada je &#8220;Bonaca&#8221;, kada se \u010damci i barke uglavnom i vezivaju van nje. Da bi se privela svojoj svrsi, dakle za\u0161titi \u010damaca od nevremena, mora se dovr\u0161iti. Zato i pozivam predstavnike Morskog dobra iz Budve da kona\u010dno, novac koji ovdje godinama zara\u0111uju sa na\u0161ih pla\u017ea, makar jedan dio vrate nama.<br \/>\n<a href=\"http:\/\/www.visit-ulcinj.com\/blog\/wp-content\/uploads\/2012\/11\/Lucica-Kacema-prazna-Ulcinj.1.jpg\"><img loading=\"lazy\" class=\"alignleft  wp-image-65258\" title=\"Lucica Kacema prazna-Ulcinj.1\" src=\"http:\/\/www.visit-ulcinj.com\/blog\/wp-content\/uploads\/2012\/11\/Lucica-Kacema-prazna-Ulcinj.1.jpg\" alt=\"\" width=\"508\" height=\"300\" \/><\/a><\/p>\n<p>Mi jesmo u &#8220;vazalnom&#8221; odnosu s obzirom da je 57 od sto Morskog dobra upravo ovdje kod nas u Ulcinju, ali ipak moraju dovr\u0161iti marinu zbog nas, a i zbog svoje savjesti, i ako iskreno sumnjam da je i imaju. Do tada ona \u0107e nositi ime i epitet &#8221; Jakuzzi&#8221; jer zaista i li\u010di na kakav veliki &#8220;Jakuzzi&#8221;. U njoj je voda i toplija, a i vri pri najmanjem nevremenu, tako da zaista i li\u010di na pravi &#8220;Jakuzzi&#8221;. Slika je napravljena sa bedema Starog grada sa ju\u017ene strane iznad &#8221; Palate Venecija&#8221;. Mislim da je i laiku jasno da u njoj moraju biti vezani \u010damci. Ja se iskreno nadam da \u0107e ovo vidjeti i pro\u010ditati i neko od \u010detrdesetak slu\u017ebenika Morskog dobra iz Budve, ..<\/p>\n<p><a href=\"https:\/\/www.facebook.com\/photo.php?fbid=4872922865141&amp;set=a.4872860743588.2192555.1359492972&amp;type=1&amp;theater\" target=\"_blank\"><strong>Ismet Karamanaga Facebook<\/strong><\/a><\/p>\n","protected":false},"excerpt":{"rendered":"<p>Ovako danas izgleda mala &#8220;lu\u010dica&#8221; na na\u0161oj Kacemi. Prazna i tu\u017ena, jer na njoj nema nijednog \u010damca, a pravljena je upravo da za\u0161titi \u010damce od &#8220;Juga&#8221;. Dodu\u0161e, &#8220;Jugo&#8221; je bilo jako i talasi su se prelivali preko pristani\u0161ta, ali oni koji su projektovali marinu morali su razmi\u0161ljati i o tome. Morali su se konsultovati i [&hellip;]<\/p>\n","protected":false},"author":1,"featured_media":0,"comment_status":"open","ping_status":"closed","sticky":false,"template":"","format":"standard","meta":{"spay_email":"","jetpack_publicize_message":"","jetpack_is_tweetstorm":false,"jetpack_publicize_feature_enabled":true},"categories":[8337],"tags":[21,16474,2019,19],"jetpack_publicize_connections":[],"yoast_head":"<!-- This site is optimized with the Yoast SEO plugin v19.1 - https:\/\/yoast.com\/wordpress\/plugins\/seo\/ -->\n<title>U Ulcinj mala &quot;lu\u010dica&quot; Kacema prazna - Lajme nga Ulqini<\/title>\n<meta name=\"description\" content=\"Ovako danas izgleda mala &quot;lu\u010dica&quot; na na\u0161oj Kacemi. Prazna i tu\u017ena, jer na njoj nema nijednog \u010damca, a pravljena je upravo da za\u0161titi \u010damce od &quot;Juga&quot;.\" \/>\n<meta name=\"robots\" content=\"index, follow, max-snippet:-1, max-image-preview:large, max-video-preview:-1\" \/>\n<link rel=\"canonical\" href=\"https:\/\/www.visit-ulcinj.com\/blog\/2012\/11\/01\/u-ulcinj-mala-lucica-kacema-prazna\/\" \/>\n<meta property=\"og:locale\" content=\"en_US\" \/>\n<meta property=\"og:type\" content=\"article\" \/>\n<meta property=\"og:title\" content=\"U Ulcinj mala &quot;lu\u010dica&quot; Kacema prazna - Lajme nga Ulqini\" \/>\n<meta property=\"og:description\" content=\"Ovako danas izgleda mala &quot;lu\u010dica&quot; na na\u0161oj Kacemi. Prazna i tu\u017ena, jer na njoj nema nijednog \u010damca, a pravljena je upravo da za\u0161titi \u010damce od &quot;Juga&quot;.\" \/>\n<meta property=\"og:url\" content=\"https:\/\/www.visit-ulcinj.com\/blog\/2012\/11\/01\/u-ulcinj-mala-lucica-kacema-prazna\/\" \/>\n<meta property=\"og:site_name\" content=\"Lajme nga Ulqini\" \/>\n<meta property=\"article:published_time\" content=\"2012-11-01T17:00:00+00:00\" \/>\n<meta property=\"article:modified_time\" content=\"2012-11-02T19:37:46+00:00\" \/>\n<meta property=\"og:image\" content=\"http:\/\/www.visit-ulcinj.com\/blog\/wp-content\/uploads\/2012\/11\/Lucica-Kacema-prazna-Ulcinj.jpg\" \/>\n<meta name=\"twitter:label1\" content=\"Written by\" \/>\n\t<meta name=\"twitter:data1\" content=\"ulqini\" \/>\n\t<meta name=\"twitter:label2\" content=\"Est. reading time\" \/>\n\t<meta name=\"twitter:data2\" content=\"2 minutes\" \/>\n<script type=\"application\/ld+json\" class=\"yoast-schema-graph\">{\"@context\":\"https:\/\/schema.org\",\"@graph\":[{\"@type\":\"WebSite\",\"@id\":\"https:\/\/www.visit-ulcinj.com\/blog\/#website\",\"url\":\"https:\/\/www.visit-ulcinj.com\/blog\/\",\"name\":\"Lajme nga Ulqini\",\"description\":\"Lajme,Vijesti,Ulqini,Ulqin,Crna Gora,Mali i Zi\",\"potentialAction\":[{\"@type\":\"SearchAction\",\"target\":{\"@type\":\"EntryPoint\",\"urlTemplate\":\"https:\/\/www.visit-ulcinj.com\/blog\/?s={search_term_string}\"},\"query-input\":\"required name=search_term_string\"}],\"inLanguage\":\"en-US\"},{\"@type\":\"ImageObject\",\"inLanguage\":\"en-US\",\"@id\":\"https:\/\/www.visit-ulcinj.com\/blog\/2012\/11\/01\/u-ulcinj-mala-lucica-kacema-prazna\/#primaryimage\",\"url\":\"https:\/\/www.visit-ulcinj.com\/blog\/wp-content\/uploads\/2012\/11\/Lucica-Kacema-prazna-Ulcinj.jpg\",\"contentUrl\":\"https:\/\/www.visit-ulcinj.com\/blog\/wp-content\/uploads\/2012\/11\/Lucica-Kacema-prazna-Ulcinj.jpg\",\"width\":\"960\",\"height\":\"720\"},{\"@type\":\"WebPage\",\"@id\":\"https:\/\/www.visit-ulcinj.com\/blog\/2012\/11\/01\/u-ulcinj-mala-lucica-kacema-prazna\/#webpage\",\"url\":\"https:\/\/www.visit-ulcinj.com\/blog\/2012\/11\/01\/u-ulcinj-mala-lucica-kacema-prazna\/\",\"name\":\"U Ulcinj mala \\\"lu\u010dica\\\" Kacema prazna - Lajme nga Ulqini\",\"isPartOf\":{\"@id\":\"https:\/\/www.visit-ulcinj.com\/blog\/#website\"},\"primaryImageOfPage\":{\"@id\":\"https:\/\/www.visit-ulcinj.com\/blog\/2012\/11\/01\/u-ulcinj-mala-lucica-kacema-prazna\/#primaryimage\"},\"datePublished\":\"2012-11-01T17:00:00+00:00\",\"dateModified\":\"2012-11-02T19:37:46+00:00\",\"author\":{\"@id\":\"https:\/\/www.visit-ulcinj.com\/blog\/#\/schema\/person\/dcab619c614d3038751c63bc2aadc06d\"},\"description\":\"Ovako danas izgleda mala \\\"lu\u010dica\\\" na na\u0161oj Kacemi. Prazna i tu\u017ena, jer na njoj nema nijednog \u010damca, a pravljena je upravo da za\u0161titi \u010damce od \\\"Juga\\\".\",\"breadcrumb\":{\"@id\":\"https:\/\/www.visit-ulcinj.com\/blog\/2012\/11\/01\/u-ulcinj-mala-lucica-kacema-prazna\/#breadcrumb\"},\"inLanguage\":\"en-US\",\"potentialAction\":[{\"@type\":\"ReadAction\",\"target\":[\"https:\/\/www.visit-ulcinj.com\/blog\/2012\/11\/01\/u-ulcinj-mala-lucica-kacema-prazna\/\"]}]},{\"@type\":\"BreadcrumbList\",\"@id\":\"https:\/\/www.visit-ulcinj.com\/blog\/2012\/11\/01\/u-ulcinj-mala-lucica-kacema-prazna\/#breadcrumb\",\"itemListElement\":[{\"@type\":\"ListItem\",\"position\":1,\"name\":\"U Ulcinj mala &#8220;lu\u010dica&#8221; Kacema prazna\"}]},{\"@type\":\"Person\",\"@id\":\"https:\/\/www.visit-ulcinj.com\/blog\/#\/schema\/person\/dcab619c614d3038751c63bc2aadc06d\",\"name\":\"ulqini\",\"sameAs\":[\"http:\/\/www.visit-ulcinj.com\"],\"url\":\"https:\/\/www.visit-ulcinj.com\/blog\/author\/admin\/\"}]}<\/script>\n<!-- \/ Yoast SEO plugin. -->","yoast_head_json":{"title":"U Ulcinj mala \"lu\u010dica\" Kacema prazna - Lajme nga Ulqini","description":"Ovako danas izgleda mala \"lu\u010dica\" na na\u0161oj Kacemi. Prazna i tu\u017ena, jer na njoj nema nijednog \u010damca, a pravljena je upravo da za\u0161titi \u010damce od \"Juga\".","robots":{"index":"index","follow":"follow","max-snippet":"max-snippet:-1","max-image-preview":"max-image-preview:large","max-video-preview":"max-video-preview:-1"},"canonical":"https:\/\/www.visit-ulcinj.com\/blog\/2012\/11\/01\/u-ulcinj-mala-lucica-kacema-prazna\/","og_locale":"en_US","og_type":"article","og_title":"U Ulcinj mala \"lu\u010dica\" Kacema prazna - Lajme nga Ulqini","og_description":"Ovako danas izgleda mala \"lu\u010dica\" na na\u0161oj Kacemi. Prazna i tu\u017ena, jer na njoj nema nijednog \u010damca, a pravljena je upravo da za\u0161titi \u010damce od \"Juga\".","og_url":"https:\/\/www.visit-ulcinj.com\/blog\/2012\/11\/01\/u-ulcinj-mala-lucica-kacema-prazna\/","og_site_name":"Lajme nga Ulqini","article_published_time":"2012-11-01T17:00:00+00:00","article_modified_time":"2012-11-02T19:37:46+00:00","og_image":[{"url":"http:\/\/www.visit-ulcinj.com\/blog\/wp-content\/uploads\/2012\/11\/Lucica-Kacema-prazna-Ulcinj.jpg"}],"twitter_misc":{"Written by":"ulqini","Est. reading time":"2 minutes"},"schema":{"@context":"https:\/\/schema.org","@graph":[{"@type":"WebSite","@id":"https:\/\/www.visit-ulcinj.com\/blog\/#website","url":"https:\/\/www.visit-ulcinj.com\/blog\/","name":"Lajme nga Ulqini","description":"Lajme,Vijesti,Ulqini,Ulqin,Crna Gora,Mali i Zi","potentialAction":[{"@type":"SearchAction","target":{"@type":"EntryPoint","urlTemplate":"https:\/\/www.visit-ulcinj.com\/blog\/?s={search_term_string}"},"query-input":"required name=search_term_string"}],"inLanguage":"en-US"},{"@type":"ImageObject","inLanguage":"en-US","@id":"https:\/\/www.visit-ulcinj.com\/blog\/2012\/11\/01\/u-ulcinj-mala-lucica-kacema-prazna\/#primaryimage","url":"https:\/\/www.visit-ulcinj.com\/blog\/wp-content\/uploads\/2012\/11\/Lucica-Kacema-prazna-Ulcinj.jpg","contentUrl":"https:\/\/www.visit-ulcinj.com\/blog\/wp-content\/uploads\/2012\/11\/Lucica-Kacema-prazna-Ulcinj.jpg","width":"960","height":"720"},{"@type":"WebPage","@id":"https:\/\/www.visit-ulcinj.com\/blog\/2012\/11\/01\/u-ulcinj-mala-lucica-kacema-prazna\/#webpage","url":"https:\/\/www.visit-ulcinj.com\/blog\/2012\/11\/01\/u-ulcinj-mala-lucica-kacema-prazna\/","name":"U Ulcinj mala \"lu\u010dica\" Kacema prazna - Lajme nga Ulqini","isPartOf":{"@id":"https:\/\/www.visit-ulcinj.com\/blog\/#website"},"primaryImageOfPage":{"@id":"https:\/\/www.visit-ulcinj.com\/blog\/2012\/11\/01\/u-ulcinj-mala-lucica-kacema-prazna\/#primaryimage"},"datePublished":"2012-11-01T17:00:00+00:00","dateModified":"2012-11-02T19:37:46+00:00","author":{"@id":"https:\/\/www.visit-ulcinj.com\/blog\/#\/schema\/person\/dcab619c614d3038751c63bc2aadc06d"},"description":"Ovako danas izgleda mala \"lu\u010dica\" na na\u0161oj Kacemi. Prazna i tu\u017ena, jer na njoj nema nijednog \u010damca, a pravljena je upravo da za\u0161titi \u010damce od \"Juga\".","breadcrumb":{"@id":"https:\/\/www.visit-ulcinj.com\/blog\/2012\/11\/01\/u-ulcinj-mala-lucica-kacema-prazna\/#breadcrumb"},"inLanguage":"en-US","potentialAction":[{"@type":"ReadAction","target":["https:\/\/www.visit-ulcinj.com\/blog\/2012\/11\/01\/u-ulcinj-mala-lucica-kacema-prazna\/"]}]},{"@type":"BreadcrumbList","@id":"https:\/\/www.visit-ulcinj.com\/blog\/2012\/11\/01\/u-ulcinj-mala-lucica-kacema-prazna\/#breadcrumb","itemListElement":[{"@type":"ListItem","position":1,"name":"U Ulcinj mala &#8220;lu\u010dica&#8221; Kacema prazna"}]},{"@type":"Person","@id":"https:\/\/www.visit-ulcinj.com\/blog\/#\/schema\/person\/dcab619c614d3038751c63bc2aadc06d","name":"ulqini","sameAs":["http:\/\/www.visit-ulcinj.com"],"url":"https:\/\/www.visit-ulcinj.com\/blog\/author\/admin\/"}]}},"jetpack_featured_media_url":"","jetpack_sharing_enabled":true,"jetpack_shortlink":"https:\/\/wp.me\/pe6lTn-gYw","_links":{"self":[{"href":"https:\/\/www.visit-ulcinj.com\/blog\/wp-json\/wp\/v2\/posts\/65256"}],"collection":[{"href":"https:\/\/www.visit-ulcinj.com\/blog\/wp-json\/wp\/v2\/posts"}],"about":[{"href":"https:\/\/www.visit-ulcinj.com\/blog\/wp-json\/wp\/v2\/types\/post"}],"author":[{"embeddable":true,"href":"https:\/\/www.visit-ulcinj.com\/blog\/wp-json\/wp\/v2\/users\/1"}],"replies":[{"embeddable":true,"href":"https:\/\/www.visit-ulcinj.com\/blog\/wp-json\/wp\/v2\/comments?post=65256"}],"version-history":[{"count":3,"href":"https:\/\/www.visit-ulcinj.com\/blog\/wp-json\/wp\/v2\/posts\/65256\/revisions"}],"predecessor-version":[{"id":65340,"href":"https:\/\/www.visit-ulcinj.com\/blog\/wp-json\/wp\/v2\/posts\/65256\/revisions\/65340"}],"wp:attachment":[{"href":"https:\/\/www.visit-ulcinj.com\/blog\/wp-json\/wp\/v2\/media?parent=65256"}],"wp:term":[{"taxonomy":"category","embeddable":true,"href":"https:\/\/www.visit-ulcinj.com\/blog\/wp-json\/wp\/v2\/categories?post=65256"},{"taxonomy":"post_tag","embeddable":true,"href":"https:\/\/www.visit-ulcinj.com\/blog\/wp-json\/wp\/v2\/tags?post=65256"}],"curies":[{"name":"wp","href":"https:\/\/api.w.org\/{rel}","templated":true}]}}