{"id":65260,"date":"2012-11-01T18:32:21","date_gmt":"2012-11-01T17:32:21","guid":{"rendered":"http:\/\/www.visit-ulcinj.com\/blog\/?p=65260"},"modified":"2012-11-01T18:32:21","modified_gmt":"2012-11-01T17:32:21","slug":"ne-platformen-e-partive-te-pakicave-nuk-permendet-komuna-e-malesise","status":"publish","type":"post","link":"https:\/\/www.visit-ulcinj.com\/blog\/2012\/11\/01\/ne-platformen-e-partive-te-pakicave-nuk-permendet-komuna-e-malesise\/","title":{"rendered":"N\u00eb platform\u00ebn e partive t\u00eb pakicave nuk p\u00ebrmendet Komuna e Mal\u00ebsis\u00eb"},"content":{"rendered":"<p><a href=\"http:\/\/www.visit-ulcinj.com\/blog\/wp-content\/uploads\/2012\/11\/Platforma-e-partive-pakica-ne-Mal-te-Zi.jpg\"><img loading=\"lazy\" class=\"alignleft  wp-image-65261\" title=\"Platforma e partive  pakica ne Mal te Zi\" src=\"http:\/\/www.visit-ulcinj.com\/blog\/wp-content\/uploads\/2012\/11\/Platforma-e-partive-pakica-ne-Mal-te-Zi.jpg\" alt=\"\" width=\"508\" height=\"360\" \/><\/a>K\u00ebrkesa p\u00ebr statusit e Komun\u00ebs s\u00eb Mal\u00ebsis\u00eb nuk p\u00ebrfshihet n\u00eb platform\u00ebn e p\u00ebrbashk\u00ebt t\u00eb partive t\u00eb pakicave, shkruan gazeta Vijesti.<\/p>\n<p>Platforma e p\u00ebrbashk\u00ebt e partive t\u00eb pakicave,\u00a0 koalicionit shqiptar\u00eb \u201cForca p\u00ebr Sashimi\u201d (Forca-Iniciativa Qytetare-L\u00ebvizja Perspektiva), Partia Boshnjake dhe Iniciativa Kroate, e cila do t\u00eb p\u00ebrdoret p\u00ebr negociatat n\u00eb formimin e qeveris\u00eb me Koalicionin Mali i Zi Evropian \u2013 Milo Djukanivic, nuk p\u00ebrmban k\u00ebrkes\u00ebn p\u00ebr statusin e Komun\u00ebs s\u00eb Tuzit \u2013 Mal\u00ebsis\u00eb.<\/p>\n<p><a href=\"http:\/\/www.visit-ulcinj.com\/blog\/wp-content\/uploads\/2012\/11\/Platforma-e-partive-pakica-ne-Mal-te-Zi.1.jpg\"><img loading=\"lazy\" class=\"alignleft  wp-image-65262\" title=\"Platforma e partive  pakica ne Mal te Zi.1\" src=\"http:\/\/www.visit-ulcinj.com\/blog\/wp-content\/uploads\/2012\/11\/Platforma-e-partive-pakica-ne-Mal-te-Zi.1.jpg\" alt=\"\" width=\"415\" height=\"500\" \/><\/a>Sipas Vijesti, ishte k\u00ebrkesa e Partis\u00eb Boshnjake q\u00eb Komuna e Tuzit mos t\u00eb p\u00ebrmendet n\u00eb platform\u00eb me arsyetim se dega e Podgoric\u00ebs e k\u00ebsaj parti ka q\u00ebndrim negativ p\u00ebr komun\u00ebn e Tuzit, duke theksuar q\u00ebndrimin e nj\u00ebrit nd\u00ebr funksionar\u00ebt e saj n\u00eb Tuz, Nedzat Dresevic i cili \u00ebsht\u00eb kund\u00ebrshtar\u00eb i Komun\u00ebs s\u00eb Mal\u00ebsis\u00eb por edhe i kremtimit t\u00eb p\u00ebrvjetorit t\u00eb Kryengritjes s\u00eb Mal\u00ebsis\u00eb t\u00eb 1911.<\/p>\n<p>Si kompromis q\u00eb komuna e Tuzit mos t\u00eb p\u00ebrfshihet n\u00eb platform\u00eb Partia Boshnjake me Forc\u00ebn p\u00ebr Bashkim ka ra dakord q\u00eb t\u00eb k\u00ebrkohet decentralizimi, i cili sipas tyre n\u00ebnkupton krijimin e komunave t\u00eb reja.<\/p>\n<p>\u201cKur p\u00ebrfaq\u00ebsuesit shqiptar\u00eb kishin theksuar se Komuna ishte nd\u00ebr premtimet kryesore gjat\u00eb fushat\u00ebs zgjedhore, nga Partia Boshnjake kan\u00eb fituar premtim se do t\u00eb jen\u00eb pro k\u00ebsaj k\u00ebrkese kur t\u00eb jen\u00eb e nevojshme, por futja e k\u00ebsaj \u00e7\u00ebshtje n\u00eb platform\u00eb do t\u00eb krijonte probleme\u201d, theksoi p\u00ebr Vijesti nj\u00eb funksionar i n\u00ebnshkruesve t\u00eb platform\u00ebs.<\/p>\n<p>Nazif Cungu, kryetari i Forc\u00ebs s\u00eb Re Demokratike tha se n\u00eb platform\u00eb nuk kan\u00eb specifikuar k\u00ebrkesat e ve\u00e7anta, t\u00eb cilat do t\u00eb konkretizohen m\u00eb pas.<\/p>\n<p>Sipas informatave jozyrtare n\u00eb platform\u00eb jan\u00eb k\u00ebrkesat si ajo e decentralizimit t\u00eb pushtetit, pun\u00ebsimi proporcional i pakicave n\u00eb administrat\u00eb, investime n\u00eb vendet ku jetojn\u00eb pakicat, respektimi i ligjit etj.<\/p>\n<p>Platforma ende nuk \u00ebsht\u00eb b\u00eb publike. \/Malesia.Org\/<\/p>\n","protected":false},"excerpt":{"rendered":"<p>K\u00ebrkesa p\u00ebr statusit e Komun\u00ebs s\u00eb Mal\u00ebsis\u00eb nuk p\u00ebrfshihet n\u00eb platform\u00ebn e p\u00ebrbashk\u00ebt t\u00eb partive t\u00eb pakicave, shkruan gazeta Vijesti. Platforma e p\u00ebrbashk\u00ebt e partive t\u00eb pakicave,\u00a0 koalicionit shqiptar\u00eb \u201cForca p\u00ebr Sashimi\u201d (Forca-Iniciativa Qytetare-L\u00ebvizja Perspektiva), Partia Boshnjake dhe Iniciativa Kroate, e cila do t\u00eb p\u00ebrdoret p\u00ebr negociatat n\u00eb formimin e qeveris\u00eb me Koalicionin Mali i [&hellip;]<\/p>\n","protected":false},"author":1,"featured_media":0,"comment_status":"open","ping_status":"closed","sticky":false,"template":"","format":"standard","meta":{"spay_email":"","jetpack_publicize_message":"","jetpack_is_tweetstorm":false,"jetpack_publicize_feature_enabled":true},"categories":[6],"tags":[21405,118,21406,21404,200],"jetpack_publicize_connections":[],"yoast_head":"<!-- This site is optimized with the Yoast SEO plugin v19.1 - https:\/\/yoast.com\/wordpress\/plugins\/seo\/ -->\n<title>N\u00eb platform\u00ebn e partive t\u00eb pakicave nuk p\u00ebrmendet Komuna e Mal\u00ebsis\u00eb - Lajme nga Ulqini<\/title>\n<meta name=\"description\" content=\"K\u00ebrkesa p\u00ebr statusit e Komun\u00ebs s\u00eb Mal\u00ebsis\u00eb nuk p\u00ebrfshihet n\u00eb platform\u00ebn e p\u00ebrbashk\u00ebt t\u00eb partive t\u00eb pakicave, shkruan gazeta Vijesti. Platforma e\" \/>\n<meta name=\"robots\" content=\"index, follow, max-snippet:-1, max-image-preview:large, max-video-preview:-1\" \/>\n<link rel=\"canonical\" href=\"https:\/\/www.visit-ulcinj.com\/blog\/2012\/11\/01\/ne-platformen-e-partive-te-pakicave-nuk-permendet-komuna-e-malesise\/\" \/>\n<meta property=\"og:locale\" content=\"en_US\" \/>\n<meta property=\"og:type\" content=\"article\" \/>\n<meta property=\"og:title\" content=\"N\u00eb platform\u00ebn e partive t\u00eb pakicave nuk p\u00ebrmendet Komuna e Mal\u00ebsis\u00eb - Lajme nga Ulqini\" \/>\n<meta property=\"og:description\" content=\"K\u00ebrkesa p\u00ebr statusit e Komun\u00ebs s\u00eb Mal\u00ebsis\u00eb nuk p\u00ebrfshihet n\u00eb platform\u00ebn e p\u00ebrbashk\u00ebt t\u00eb partive t\u00eb pakicave, shkruan gazeta Vijesti. Platforma e\" \/>\n<meta property=\"og:url\" content=\"https:\/\/www.visit-ulcinj.com\/blog\/2012\/11\/01\/ne-platformen-e-partive-te-pakicave-nuk-permendet-komuna-e-malesise\/\" \/>\n<meta property=\"og:site_name\" content=\"Lajme nga Ulqini\" \/>\n<meta property=\"article:published_time\" content=\"2012-11-01T17:32:21+00:00\" \/>\n<meta property=\"og:image\" content=\"http:\/\/www.visit-ulcinj.com\/blog\/wp-content\/uploads\/2012\/11\/Platforma-e-partive-pakica-ne-Mal-te-Zi.jpg\" \/>\n<meta name=\"twitter:label1\" content=\"Written by\" \/>\n\t<meta name=\"twitter:data1\" content=\"ulqini\" \/>\n\t<meta name=\"twitter:label2\" content=\"Est. reading time\" \/>\n\t<meta name=\"twitter:data2\" content=\"2 minutes\" \/>\n<script type=\"application\/ld+json\" class=\"yoast-schema-graph\">{\"@context\":\"https:\/\/schema.org\",\"@graph\":[{\"@type\":\"WebSite\",\"@id\":\"https:\/\/www.visit-ulcinj.com\/blog\/#website\",\"url\":\"https:\/\/www.visit-ulcinj.com\/blog\/\",\"name\":\"Lajme nga Ulqini\",\"description\":\"Lajme,Vijesti,Ulqini,Ulqin,Crna Gora,Mali i Zi\",\"potentialAction\":[{\"@type\":\"SearchAction\",\"target\":{\"@type\":\"EntryPoint\",\"urlTemplate\":\"https:\/\/www.visit-ulcinj.com\/blog\/?s={search_term_string}\"},\"query-input\":\"required name=search_term_string\"}],\"inLanguage\":\"en-US\"},{\"@type\":\"ImageObject\",\"inLanguage\":\"en-US\",\"@id\":\"https:\/\/www.visit-ulcinj.com\/blog\/2012\/11\/01\/ne-platformen-e-partive-te-pakicave-nuk-permendet-komuna-e-malesise\/#primaryimage\",\"url\":\"https:\/\/www.visit-ulcinj.com\/blog\/wp-content\/uploads\/2012\/11\/Platforma-e-partive-pakica-ne-Mal-te-Zi.jpg\",\"contentUrl\":\"https:\/\/www.visit-ulcinj.com\/blog\/wp-content\/uploads\/2012\/11\/Platforma-e-partive-pakica-ne-Mal-te-Zi.jpg\",\"width\":\"667\",\"height\":\"500\"},{\"@type\":\"WebPage\",\"@id\":\"https:\/\/www.visit-ulcinj.com\/blog\/2012\/11\/01\/ne-platformen-e-partive-te-pakicave-nuk-permendet-komuna-e-malesise\/#webpage\",\"url\":\"https:\/\/www.visit-ulcinj.com\/blog\/2012\/11\/01\/ne-platformen-e-partive-te-pakicave-nuk-permendet-komuna-e-malesise\/\",\"name\":\"N\u00eb platform\u00ebn e partive t\u00eb pakicave nuk p\u00ebrmendet Komuna e Mal\u00ebsis\u00eb - Lajme nga Ulqini\",\"isPartOf\":{\"@id\":\"https:\/\/www.visit-ulcinj.com\/blog\/#website\"},\"primaryImageOfPage\":{\"@id\":\"https:\/\/www.visit-ulcinj.com\/blog\/2012\/11\/01\/ne-platformen-e-partive-te-pakicave-nuk-permendet-komuna-e-malesise\/#primaryimage\"},\"datePublished\":\"2012-11-01T17:32:21+00:00\",\"dateModified\":\"2012-11-01T17:32:21+00:00\",\"author\":{\"@id\":\"https:\/\/www.visit-ulcinj.com\/blog\/#\/schema\/person\/dcab619c614d3038751c63bc2aadc06d\"},\"description\":\"K\u00ebrkesa p\u00ebr statusit e Komun\u00ebs s\u00eb Mal\u00ebsis\u00eb nuk p\u00ebrfshihet n\u00eb platform\u00ebn e p\u00ebrbashk\u00ebt t\u00eb partive t\u00eb pakicave, shkruan gazeta Vijesti. Platforma e\",\"breadcrumb\":{\"@id\":\"https:\/\/www.visit-ulcinj.com\/blog\/2012\/11\/01\/ne-platformen-e-partive-te-pakicave-nuk-permendet-komuna-e-malesise\/#breadcrumb\"},\"inLanguage\":\"en-US\",\"potentialAction\":[{\"@type\":\"ReadAction\",\"target\":[\"https:\/\/www.visit-ulcinj.com\/blog\/2012\/11\/01\/ne-platformen-e-partive-te-pakicave-nuk-permendet-komuna-e-malesise\/\"]}]},{\"@type\":\"BreadcrumbList\",\"@id\":\"https:\/\/www.visit-ulcinj.com\/blog\/2012\/11\/01\/ne-platformen-e-partive-te-pakicave-nuk-permendet-komuna-e-malesise\/#breadcrumb\",\"itemListElement\":[{\"@type\":\"ListItem\",\"position\":1,\"name\":\"N\u00eb platform\u00ebn e partive t\u00eb pakicave nuk p\u00ebrmendet Komuna e Mal\u00ebsis\u00eb\"}]},{\"@type\":\"Person\",\"@id\":\"https:\/\/www.visit-ulcinj.com\/blog\/#\/schema\/person\/dcab619c614d3038751c63bc2aadc06d\",\"name\":\"ulqini\",\"sameAs\":[\"http:\/\/www.visit-ulcinj.com\"],\"url\":\"https:\/\/www.visit-ulcinj.com\/blog\/author\/admin\/\"}]}<\/script>\n<!-- \/ Yoast SEO plugin. -->","yoast_head_json":{"title":"N\u00eb platform\u00ebn e partive t\u00eb pakicave nuk p\u00ebrmendet Komuna e Mal\u00ebsis\u00eb - Lajme nga Ulqini","description":"K\u00ebrkesa p\u00ebr statusit e Komun\u00ebs s\u00eb Mal\u00ebsis\u00eb nuk p\u00ebrfshihet n\u00eb platform\u00ebn e p\u00ebrbashk\u00ebt t\u00eb partive t\u00eb pakicave, shkruan gazeta Vijesti. Platforma e","robots":{"index":"index","follow":"follow","max-snippet":"max-snippet:-1","max-image-preview":"max-image-preview:large","max-video-preview":"max-video-preview:-1"},"canonical":"https:\/\/www.visit-ulcinj.com\/blog\/2012\/11\/01\/ne-platformen-e-partive-te-pakicave-nuk-permendet-komuna-e-malesise\/","og_locale":"en_US","og_type":"article","og_title":"N\u00eb platform\u00ebn e partive t\u00eb pakicave nuk p\u00ebrmendet Komuna e Mal\u00ebsis\u00eb - Lajme nga Ulqini","og_description":"K\u00ebrkesa p\u00ebr statusit e Komun\u00ebs s\u00eb Mal\u00ebsis\u00eb nuk p\u00ebrfshihet n\u00eb platform\u00ebn e p\u00ebrbashk\u00ebt t\u00eb partive t\u00eb pakicave, shkruan gazeta Vijesti. Platforma e","og_url":"https:\/\/www.visit-ulcinj.com\/blog\/2012\/11\/01\/ne-platformen-e-partive-te-pakicave-nuk-permendet-komuna-e-malesise\/","og_site_name":"Lajme nga Ulqini","article_published_time":"2012-11-01T17:32:21+00:00","og_image":[{"url":"http:\/\/www.visit-ulcinj.com\/blog\/wp-content\/uploads\/2012\/11\/Platforma-e-partive-pakica-ne-Mal-te-Zi.jpg"}],"twitter_misc":{"Written by":"ulqini","Est. reading time":"2 minutes"},"schema":{"@context":"https:\/\/schema.org","@graph":[{"@type":"WebSite","@id":"https:\/\/www.visit-ulcinj.com\/blog\/#website","url":"https:\/\/www.visit-ulcinj.com\/blog\/","name":"Lajme nga Ulqini","description":"Lajme,Vijesti,Ulqini,Ulqin,Crna Gora,Mali i Zi","potentialAction":[{"@type":"SearchAction","target":{"@type":"EntryPoint","urlTemplate":"https:\/\/www.visit-ulcinj.com\/blog\/?s={search_term_string}"},"query-input":"required name=search_term_string"}],"inLanguage":"en-US"},{"@type":"ImageObject","inLanguage":"en-US","@id":"https:\/\/www.visit-ulcinj.com\/blog\/2012\/11\/01\/ne-platformen-e-partive-te-pakicave-nuk-permendet-komuna-e-malesise\/#primaryimage","url":"https:\/\/www.visit-ulcinj.com\/blog\/wp-content\/uploads\/2012\/11\/Platforma-e-partive-pakica-ne-Mal-te-Zi.jpg","contentUrl":"https:\/\/www.visit-ulcinj.com\/blog\/wp-content\/uploads\/2012\/11\/Platforma-e-partive-pakica-ne-Mal-te-Zi.jpg","width":"667","height":"500"},{"@type":"WebPage","@id":"https:\/\/www.visit-ulcinj.com\/blog\/2012\/11\/01\/ne-platformen-e-partive-te-pakicave-nuk-permendet-komuna-e-malesise\/#webpage","url":"https:\/\/www.visit-ulcinj.com\/blog\/2012\/11\/01\/ne-platformen-e-partive-te-pakicave-nuk-permendet-komuna-e-malesise\/","name":"N\u00eb platform\u00ebn e partive t\u00eb pakicave nuk p\u00ebrmendet Komuna e Mal\u00ebsis\u00eb - Lajme nga Ulqini","isPartOf":{"@id":"https:\/\/www.visit-ulcinj.com\/blog\/#website"},"primaryImageOfPage":{"@id":"https:\/\/www.visit-ulcinj.com\/blog\/2012\/11\/01\/ne-platformen-e-partive-te-pakicave-nuk-permendet-komuna-e-malesise\/#primaryimage"},"datePublished":"2012-11-01T17:32:21+00:00","dateModified":"2012-11-01T17:32:21+00:00","author":{"@id":"https:\/\/www.visit-ulcinj.com\/blog\/#\/schema\/person\/dcab619c614d3038751c63bc2aadc06d"},"description":"K\u00ebrkesa p\u00ebr statusit e Komun\u00ebs s\u00eb Mal\u00ebsis\u00eb nuk p\u00ebrfshihet n\u00eb platform\u00ebn e p\u00ebrbashk\u00ebt t\u00eb partive t\u00eb pakicave, shkruan gazeta Vijesti. Platforma e","breadcrumb":{"@id":"https:\/\/www.visit-ulcinj.com\/blog\/2012\/11\/01\/ne-platformen-e-partive-te-pakicave-nuk-permendet-komuna-e-malesise\/#breadcrumb"},"inLanguage":"en-US","potentialAction":[{"@type":"ReadAction","target":["https:\/\/www.visit-ulcinj.com\/blog\/2012\/11\/01\/ne-platformen-e-partive-te-pakicave-nuk-permendet-komuna-e-malesise\/"]}]},{"@type":"BreadcrumbList","@id":"https:\/\/www.visit-ulcinj.com\/blog\/2012\/11\/01\/ne-platformen-e-partive-te-pakicave-nuk-permendet-komuna-e-malesise\/#breadcrumb","itemListElement":[{"@type":"ListItem","position":1,"name":"N\u00eb platform\u00ebn e partive t\u00eb pakicave nuk p\u00ebrmendet Komuna e Mal\u00ebsis\u00eb"}]},{"@type":"Person","@id":"https:\/\/www.visit-ulcinj.com\/blog\/#\/schema\/person\/dcab619c614d3038751c63bc2aadc06d","name":"ulqini","sameAs":["http:\/\/www.visit-ulcinj.com"],"url":"https:\/\/www.visit-ulcinj.com\/blog\/author\/admin\/"}]}},"jetpack_featured_media_url":"","jetpack_sharing_enabled":true,"jetpack_shortlink":"https:\/\/wp.me\/pe6lTn-gYA","_links":{"self":[{"href":"https:\/\/www.visit-ulcinj.com\/blog\/wp-json\/wp\/v2\/posts\/65260"}],"collection":[{"href":"https:\/\/www.visit-ulcinj.com\/blog\/wp-json\/wp\/v2\/posts"}],"about":[{"href":"https:\/\/www.visit-ulcinj.com\/blog\/wp-json\/wp\/v2\/types\/post"}],"author":[{"embeddable":true,"href":"https:\/\/www.visit-ulcinj.com\/blog\/wp-json\/wp\/v2\/users\/1"}],"replies":[{"embeddable":true,"href":"https:\/\/www.visit-ulcinj.com\/blog\/wp-json\/wp\/v2\/comments?post=65260"}],"version-history":[{"count":1,"href":"https:\/\/www.visit-ulcinj.com\/blog\/wp-json\/wp\/v2\/posts\/65260\/revisions"}],"predecessor-version":[{"id":65263,"href":"https:\/\/www.visit-ulcinj.com\/blog\/wp-json\/wp\/v2\/posts\/65260\/revisions\/65263"}],"wp:attachment":[{"href":"https:\/\/www.visit-ulcinj.com\/blog\/wp-json\/wp\/v2\/media?parent=65260"}],"wp:term":[{"taxonomy":"category","embeddable":true,"href":"https:\/\/www.visit-ulcinj.com\/blog\/wp-json\/wp\/v2\/categories?post=65260"},{"taxonomy":"post_tag","embeddable":true,"href":"https:\/\/www.visit-ulcinj.com\/blog\/wp-json\/wp\/v2\/tags?post=65260"}],"curies":[{"name":"wp","href":"https:\/\/api.w.org\/{rel}","templated":true}]}}