{"id":65297,"date":"2012-11-02T09:49:42","date_gmt":"2012-11-02T08:49:42","guid":{"rendered":"http:\/\/www.visit-ulcinj.com\/blog\/?p=65297"},"modified":"2012-11-02T09:49:42","modified_gmt":"2012-11-02T08:49:42","slug":"ulcinj-bojana-ce-ostati-u-koritu-foto","status":"publish","type":"post","link":"https:\/\/www.visit-ulcinj.com\/blog\/2012\/11\/02\/ulcinj-bojana-ce-ostati-u-koritu-foto\/","title":{"rendered":"Ulcinj: Bojana \u0107e ostati u koritu + Foto"},"content":{"rendered":"<p><a href=\"http:\/\/www.visit-ulcinj.com\/blog\/wp-content\/uploads\/2012\/11\/Sanacije-nasipa-na-rijeci-Bojani.jpg\"><img loading=\"lazy\" class=\"alignleft  wp-image-65298\" title=\"Sanacije nasipa na rijeci Bojani\" src=\"http:\/\/www.visit-ulcinj.com\/blog\/wp-content\/uploads\/2012\/11\/Sanacije-nasipa-na-rijeci-Bojani-1024x768.jpg\" alt=\"\" width=\"508\" height=\"360\" \/><\/a>Sanacije nasipa na rijeci Bojani, koje su ra\u0111ene pro\u0161le i po\u010detkom ove godine, bi\u0107e dovoljne da sprije\u010de izlivanje rijeke, ukoliko do\u0111e do obimnijih padavina u narednom periodu, re\u010deno je \u201eDanu&#8221; u Sekretarijatu za komunalne djelatnosti Op\u0161tine Ulcinj. No i pored toga nadle\u017eni organ lokalne uprave narednih dana planira susret sa predstavnicima Uprave za vode, kako bi se analizirala situacija pred sezonu ki\u0161a i vidjelo da li su mogu\u0107a dodatna oja\u010danja nasipa. Prema rije\u010dima sekretara Sekretarijata za komunalne poslove Avdula Dervi\u0161ija nasip na Bojani ra\u0111en je prije tri decenije i znatno je o\u0161te\u0107en poplavama proteklih godina.<\/p>\n<p>&#8211; Zbog toga su i vr\u0161ene hitne sanacije nasipa i mjesta koja su bila najkriti\u010dnija su sanirana. Mi za dodatne radove novca nemamo, tako da za eventualno nova oja\u010danja o\u010dekujemo pomo\u0107 dr\u017eave &#8211; ka\u017ee Dervi\u0161i i dodaje da u narednom periodu ne bi trebalo da bude problema ako do\u0111e do porasta nivoa rijeke. Do sada je u poja\u010davanje benta utro\u0161eno oko 200 hiljada eura. Ministar poljoirivrede Tarzan Milo\u0161evi\u0107 izjavio je ranije da \u0107e za trajno saniranje korita Bojane biti potrebno i do 15 miliona eura. Kako za tu investiciju nema sredstava u bud\u017eetu novac \u0107e se zajedno sa Albanijom tra\u017eiti od evropskih fondova i Svjetske banke.<br \/>\n<a href=\"http:\/\/www.visit-ulcinj.com\/blog\/wp-content\/uploads\/2012\/11\/Sanacije-nasipa-na-rijeci-Bojani.5.jpg\"><img loading=\"lazy\" class=\"alignleft  wp-image-65299\" title=\"Sanacije nasipa na rijeci Bojani.5\" src=\"http:\/\/www.visit-ulcinj.com\/blog\/wp-content\/uploads\/2012\/11\/Sanacije-nasipa-na-rijeci-Bojani.5-1024x768.jpg\" alt=\"\" width=\"508\" height=\"300\" \/><\/a><\/p>\n<p>&#8211; Postoji me\u0111udr\u017eavni sporazum izme\u0111u Crne Gore i Albanije po kome sve radove na nasipima treba uskladiti kako bi bili u istom nivou. Moraju biti na istoj koti tako da tu ima jo\u0161 dosta prostora de se radi. Dobro je \u0161to sada nema kriti\u010dnih mjesta ali uvijek postoji mogu\u0107nost da se dodatno interveni\u0161e. Sa albanske strane ura\u0111en je ve\u0107i dio posla i sada bi mi trebalo da radimo na uskla\u0111ivanju kota &#8211; obja\u0161njava Dervi\u0161i.<\/p>\n<p>U Vladi smatraju da se izvori finasiranja tog projekta moraju tra\u017eiti kroz podr\u0161ku Svjetske banke, kako bi bio doveden do kraja, jer ne mo\u017ee biti zavr\u0161en za kratko vrijeme. Stru\u010dnjaci tvrde da nasipi du\u017e granice sa Albanijom od karaule Fraskanjel do ra\u010dve Bojane, uz manje popravke, mogu izdr\u017eati \u010dak i pro\u0161logodi\u0161nji rekordni nivo vode.<\/p>\n<p><strong>Analitika &#8211; Informativni Portal<\/strong><\/p>\n<p>1.<a href=\"http:\/\/www.visit-ulcinj.com\/blog\/wp-content\/uploads\/2012\/11\/Sanacije-nasipa-na-rijeci-Bojani.1.jpg\"><img loading=\"lazy\" src=\"http:\/\/www.visit-ulcinj.com\/blog\/wp-content\/uploads\/2012\/11\/Sanacije-nasipa-na-rijeci-Bojani.1-1024x768.jpg\" alt=\"\" title=\"Sanacije nasipa na rijeci Bojani.1\" width=\"508\" height=\"300\" class=\"alignleft size-large wp-image-65300\" \/><\/a><\/p>\n<p>2.<a href=\"http:\/\/www.visit-ulcinj.com\/blog\/wp-content\/uploads\/2012\/11\/Sanacije-nasipa-na-rijeci-Bojani.2.jpg\"><img loading=\"lazy\" src=\"http:\/\/www.visit-ulcinj.com\/blog\/wp-content\/uploads\/2012\/11\/Sanacije-nasipa-na-rijeci-Bojani.2-1024x768.jpg\" alt=\"\" title=\"Sanacije nasipa na rijeci Bojani.2\" width=\"508\" height=\"300\" class=\"alignleft size-large wp-image-65301\" \/><\/a><\/p>\n<p>3.<a href=\"http:\/\/www.visit-ulcinj.com\/blog\/wp-content\/uploads\/2012\/11\/Sanacije-nasipa-na-rijeci-Bojani.3.jpg\"><img loading=\"lazy\" src=\"http:\/\/www.visit-ulcinj.com\/blog\/wp-content\/uploads\/2012\/11\/Sanacije-nasipa-na-rijeci-Bojani.3-1024x768.jpg\" alt=\"\" title=\"Sanacije nasipa na rijeci Bojani.3\" width=\"508\" height=\"300\" class=\"alignleft size-large wp-image-65302\" \/><\/a><\/p>\n<p>4.<a href=\"http:\/\/www.visit-ulcinj.com\/blog\/wp-content\/uploads\/2012\/11\/Sanacije-nasipa-na-rijeci-Bojani.4.jpg\"><img loading=\"lazy\" src=\"http:\/\/www.visit-ulcinj.com\/blog\/wp-content\/uploads\/2012\/11\/Sanacije-nasipa-na-rijeci-Bojani.4-1024x768.jpg\" alt=\"\" title=\"Sanacije nasipa na rijeci Bojani.4\" width=\"508\" height=\"300\" class=\"alignleft size-large wp-image-65303\" \/><\/a><\/p>\n","protected":false},"excerpt":{"rendered":"<p>Sanacije nasipa na rijeci Bojani, koje su ra\u0111ene pro\u0161le i po\u010detkom ove godine, bi\u0107e dovoljne da sprije\u010de izlivanje rijeke, ukoliko do\u0111e do obimnijih padavina u narednom periodu, re\u010deno je \u201eDanu&#8221; u Sekretarijatu za komunalne djelatnosti Op\u0161tine Ulcinj. No i pored toga nadle\u017eni organ lokalne uprave narednih dana planira susret sa predstavnicima Uprave za vode, kako [&hellip;]<\/p>\n","protected":false},"author":1,"featured_media":0,"comment_status":"open","ping_status":"closed","sticky":false,"template":"","format":"standard","meta":{"spay_email":"","jetpack_publicize_message":"","jetpack_is_tweetstorm":false,"jetpack_publicize_feature_enabled":true},"categories":[6950],"tags":[408,19912,21409],"jetpack_publicize_connections":[],"yoast_head":"<!-- This site is optimized with the Yoast SEO plugin v19.1 - https:\/\/yoast.com\/wordpress\/plugins\/seo\/ -->\n<title>Ulcinj: Bojana \u0107e ostati u koritu + Foto - Lajme nga Ulqini<\/title>\n<meta name=\"description\" content=\"Sanacije nasipa na rijeci Bojani, koje su ra\u0111ene pro\u0161le i po\u010detkom ove godine, bi\u0107e dovoljne da sprije\u010de izlivanje rijeke, ukoliko do\u0111e do obimnijih\" \/>\n<meta name=\"robots\" content=\"index, follow, max-snippet:-1, max-image-preview:large, max-video-preview:-1\" \/>\n<link rel=\"canonical\" href=\"https:\/\/www.visit-ulcinj.com\/blog\/2012\/11\/02\/ulcinj-bojana-ce-ostati-u-koritu-foto\/\" \/>\n<meta property=\"og:locale\" content=\"en_US\" \/>\n<meta property=\"og:type\" content=\"article\" \/>\n<meta property=\"og:title\" content=\"Ulcinj: Bojana \u0107e ostati u koritu + Foto - Lajme nga Ulqini\" \/>\n<meta property=\"og:description\" content=\"Sanacije nasipa na rijeci Bojani, koje su ra\u0111ene pro\u0161le i po\u010detkom ove godine, bi\u0107e dovoljne da sprije\u010de izlivanje rijeke, ukoliko do\u0111e do obimnijih\" \/>\n<meta property=\"og:url\" content=\"https:\/\/www.visit-ulcinj.com\/blog\/2012\/11\/02\/ulcinj-bojana-ce-ostati-u-koritu-foto\/\" \/>\n<meta property=\"og:site_name\" content=\"Lajme nga Ulqini\" \/>\n<meta property=\"article:published_time\" content=\"2012-11-02T08:49:42+00:00\" \/>\n<meta property=\"og:image\" content=\"http:\/\/www.visit-ulcinj.com\/blog\/wp-content\/uploads\/2012\/11\/Sanacije-nasipa-na-rijeci-Bojani-1024x768.jpg\" \/>\n<meta name=\"twitter:label1\" content=\"Written by\" \/>\n\t<meta name=\"twitter:data1\" content=\"ulqini\" \/>\n\t<meta name=\"twitter:label2\" content=\"Est. reading time\" \/>\n\t<meta name=\"twitter:data2\" content=\"2 minutes\" \/>\n<script type=\"application\/ld+json\" class=\"yoast-schema-graph\">{\"@context\":\"https:\/\/schema.org\",\"@graph\":[{\"@type\":\"WebSite\",\"@id\":\"https:\/\/www.visit-ulcinj.com\/blog\/#website\",\"url\":\"https:\/\/www.visit-ulcinj.com\/blog\/\",\"name\":\"Lajme nga Ulqini\",\"description\":\"Lajme,Vijesti,Ulqini,Ulqin,Crna Gora,Mali i Zi\",\"potentialAction\":[{\"@type\":\"SearchAction\",\"target\":{\"@type\":\"EntryPoint\",\"urlTemplate\":\"https:\/\/www.visit-ulcinj.com\/blog\/?s={search_term_string}\"},\"query-input\":\"required name=search_term_string\"}],\"inLanguage\":\"en-US\"},{\"@type\":\"ImageObject\",\"inLanguage\":\"en-US\",\"@id\":\"https:\/\/www.visit-ulcinj.com\/blog\/2012\/11\/02\/ulcinj-bojana-ce-ostati-u-koritu-foto\/#primaryimage\",\"url\":\"https:\/\/www.visit-ulcinj.com\/blog\/wp-content\/uploads\/2012\/11\/Sanacije-nasipa-na-rijeci-Bojani.jpg\",\"contentUrl\":\"https:\/\/www.visit-ulcinj.com\/blog\/wp-content\/uploads\/2012\/11\/Sanacije-nasipa-na-rijeci-Bojani.jpg\",\"width\":\"2048\",\"height\":\"1536\"},{\"@type\":\"WebPage\",\"@id\":\"https:\/\/www.visit-ulcinj.com\/blog\/2012\/11\/02\/ulcinj-bojana-ce-ostati-u-koritu-foto\/#webpage\",\"url\":\"https:\/\/www.visit-ulcinj.com\/blog\/2012\/11\/02\/ulcinj-bojana-ce-ostati-u-koritu-foto\/\",\"name\":\"Ulcinj: Bojana \u0107e ostati u koritu + Foto - Lajme nga Ulqini\",\"isPartOf\":{\"@id\":\"https:\/\/www.visit-ulcinj.com\/blog\/#website\"},\"primaryImageOfPage\":{\"@id\":\"https:\/\/www.visit-ulcinj.com\/blog\/2012\/11\/02\/ulcinj-bojana-ce-ostati-u-koritu-foto\/#primaryimage\"},\"datePublished\":\"2012-11-02T08:49:42+00:00\",\"dateModified\":\"2012-11-02T08:49:42+00:00\",\"author\":{\"@id\":\"https:\/\/www.visit-ulcinj.com\/blog\/#\/schema\/person\/dcab619c614d3038751c63bc2aadc06d\"},\"description\":\"Sanacije nasipa na rijeci Bojani, koje su ra\u0111ene pro\u0161le i po\u010detkom ove godine, bi\u0107e dovoljne da sprije\u010de izlivanje rijeke, ukoliko do\u0111e do obimnijih\",\"breadcrumb\":{\"@id\":\"https:\/\/www.visit-ulcinj.com\/blog\/2012\/11\/02\/ulcinj-bojana-ce-ostati-u-koritu-foto\/#breadcrumb\"},\"inLanguage\":\"en-US\",\"potentialAction\":[{\"@type\":\"ReadAction\",\"target\":[\"https:\/\/www.visit-ulcinj.com\/blog\/2012\/11\/02\/ulcinj-bojana-ce-ostati-u-koritu-foto\/\"]}]},{\"@type\":\"BreadcrumbList\",\"@id\":\"https:\/\/www.visit-ulcinj.com\/blog\/2012\/11\/02\/ulcinj-bojana-ce-ostati-u-koritu-foto\/#breadcrumb\",\"itemListElement\":[{\"@type\":\"ListItem\",\"position\":1,\"name\":\"Ulcinj: Bojana \u0107e ostati u koritu + Foto\"}]},{\"@type\":\"Person\",\"@id\":\"https:\/\/www.visit-ulcinj.com\/blog\/#\/schema\/person\/dcab619c614d3038751c63bc2aadc06d\",\"name\":\"ulqini\",\"sameAs\":[\"http:\/\/www.visit-ulcinj.com\"],\"url\":\"https:\/\/www.visit-ulcinj.com\/blog\/author\/admin\/\"}]}<\/script>\n<!-- \/ Yoast SEO plugin. -->","yoast_head_json":{"title":"Ulcinj: Bojana \u0107e ostati u koritu + Foto - Lajme nga Ulqini","description":"Sanacije nasipa na rijeci Bojani, koje su ra\u0111ene pro\u0161le i po\u010detkom ove godine, bi\u0107e dovoljne da sprije\u010de izlivanje rijeke, ukoliko do\u0111e do obimnijih","robots":{"index":"index","follow":"follow","max-snippet":"max-snippet:-1","max-image-preview":"max-image-preview:large","max-video-preview":"max-video-preview:-1"},"canonical":"https:\/\/www.visit-ulcinj.com\/blog\/2012\/11\/02\/ulcinj-bojana-ce-ostati-u-koritu-foto\/","og_locale":"en_US","og_type":"article","og_title":"Ulcinj: Bojana \u0107e ostati u koritu + Foto - Lajme nga Ulqini","og_description":"Sanacije nasipa na rijeci Bojani, koje su ra\u0111ene pro\u0161le i po\u010detkom ove godine, bi\u0107e dovoljne da sprije\u010de izlivanje rijeke, ukoliko do\u0111e do obimnijih","og_url":"https:\/\/www.visit-ulcinj.com\/blog\/2012\/11\/02\/ulcinj-bojana-ce-ostati-u-koritu-foto\/","og_site_name":"Lajme nga Ulqini","article_published_time":"2012-11-02T08:49:42+00:00","og_image":[{"url":"http:\/\/www.visit-ulcinj.com\/blog\/wp-content\/uploads\/2012\/11\/Sanacije-nasipa-na-rijeci-Bojani-1024x768.jpg"}],"twitter_misc":{"Written by":"ulqini","Est. reading time":"2 minutes"},"schema":{"@context":"https:\/\/schema.org","@graph":[{"@type":"WebSite","@id":"https:\/\/www.visit-ulcinj.com\/blog\/#website","url":"https:\/\/www.visit-ulcinj.com\/blog\/","name":"Lajme nga Ulqini","description":"Lajme,Vijesti,Ulqini,Ulqin,Crna Gora,Mali i Zi","potentialAction":[{"@type":"SearchAction","target":{"@type":"EntryPoint","urlTemplate":"https:\/\/www.visit-ulcinj.com\/blog\/?s={search_term_string}"},"query-input":"required name=search_term_string"}],"inLanguage":"en-US"},{"@type":"ImageObject","inLanguage":"en-US","@id":"https:\/\/www.visit-ulcinj.com\/blog\/2012\/11\/02\/ulcinj-bojana-ce-ostati-u-koritu-foto\/#primaryimage","url":"https:\/\/www.visit-ulcinj.com\/blog\/wp-content\/uploads\/2012\/11\/Sanacije-nasipa-na-rijeci-Bojani.jpg","contentUrl":"https:\/\/www.visit-ulcinj.com\/blog\/wp-content\/uploads\/2012\/11\/Sanacije-nasipa-na-rijeci-Bojani.jpg","width":"2048","height":"1536"},{"@type":"WebPage","@id":"https:\/\/www.visit-ulcinj.com\/blog\/2012\/11\/02\/ulcinj-bojana-ce-ostati-u-koritu-foto\/#webpage","url":"https:\/\/www.visit-ulcinj.com\/blog\/2012\/11\/02\/ulcinj-bojana-ce-ostati-u-koritu-foto\/","name":"Ulcinj: Bojana \u0107e ostati u koritu + Foto - Lajme nga Ulqini","isPartOf":{"@id":"https:\/\/www.visit-ulcinj.com\/blog\/#website"},"primaryImageOfPage":{"@id":"https:\/\/www.visit-ulcinj.com\/blog\/2012\/11\/02\/ulcinj-bojana-ce-ostati-u-koritu-foto\/#primaryimage"},"datePublished":"2012-11-02T08:49:42+00:00","dateModified":"2012-11-02T08:49:42+00:00","author":{"@id":"https:\/\/www.visit-ulcinj.com\/blog\/#\/schema\/person\/dcab619c614d3038751c63bc2aadc06d"},"description":"Sanacije nasipa na rijeci Bojani, koje su ra\u0111ene pro\u0161le i po\u010detkom ove godine, bi\u0107e dovoljne da sprije\u010de izlivanje rijeke, ukoliko do\u0111e do obimnijih","breadcrumb":{"@id":"https:\/\/www.visit-ulcinj.com\/blog\/2012\/11\/02\/ulcinj-bojana-ce-ostati-u-koritu-foto\/#breadcrumb"},"inLanguage":"en-US","potentialAction":[{"@type":"ReadAction","target":["https:\/\/www.visit-ulcinj.com\/blog\/2012\/11\/02\/ulcinj-bojana-ce-ostati-u-koritu-foto\/"]}]},{"@type":"BreadcrumbList","@id":"https:\/\/www.visit-ulcinj.com\/blog\/2012\/11\/02\/ulcinj-bojana-ce-ostati-u-koritu-foto\/#breadcrumb","itemListElement":[{"@type":"ListItem","position":1,"name":"Ulcinj: Bojana \u0107e ostati u koritu + Foto"}]},{"@type":"Person","@id":"https:\/\/www.visit-ulcinj.com\/blog\/#\/schema\/person\/dcab619c614d3038751c63bc2aadc06d","name":"ulqini","sameAs":["http:\/\/www.visit-ulcinj.com"],"url":"https:\/\/www.visit-ulcinj.com\/blog\/author\/admin\/"}]}},"jetpack_featured_media_url":"","jetpack_sharing_enabled":true,"jetpack_shortlink":"https:\/\/wp.me\/pe6lTn-gZb","_links":{"self":[{"href":"https:\/\/www.visit-ulcinj.com\/blog\/wp-json\/wp\/v2\/posts\/65297"}],"collection":[{"href":"https:\/\/www.visit-ulcinj.com\/blog\/wp-json\/wp\/v2\/posts"}],"about":[{"href":"https:\/\/www.visit-ulcinj.com\/blog\/wp-json\/wp\/v2\/types\/post"}],"author":[{"embeddable":true,"href":"https:\/\/www.visit-ulcinj.com\/blog\/wp-json\/wp\/v2\/users\/1"}],"replies":[{"embeddable":true,"href":"https:\/\/www.visit-ulcinj.com\/blog\/wp-json\/wp\/v2\/comments?post=65297"}],"version-history":[{"count":1,"href":"https:\/\/www.visit-ulcinj.com\/blog\/wp-json\/wp\/v2\/posts\/65297\/revisions"}],"predecessor-version":[{"id":65304,"href":"https:\/\/www.visit-ulcinj.com\/blog\/wp-json\/wp\/v2\/posts\/65297\/revisions\/65304"}],"wp:attachment":[{"href":"https:\/\/www.visit-ulcinj.com\/blog\/wp-json\/wp\/v2\/media?parent=65297"}],"wp:term":[{"taxonomy":"category","embeddable":true,"href":"https:\/\/www.visit-ulcinj.com\/blog\/wp-json\/wp\/v2\/categories?post=65297"},{"taxonomy":"post_tag","embeddable":true,"href":"https:\/\/www.visit-ulcinj.com\/blog\/wp-json\/wp\/v2\/tags?post=65297"}],"curies":[{"name":"wp","href":"https:\/\/api.w.org\/{rel}","templated":true}]}}