{"id":65305,"date":"2012-11-02T15:21:24","date_gmt":"2012-11-02T14:21:24","guid":{"rendered":"http:\/\/www.visit-ulcinj.com\/blog\/?p=65305"},"modified":"2012-11-03T10:13:24","modified_gmt":"2012-11-03T09:13:24","slug":"a-do-jet-mea-nje-yll-i-ri-i-ulqinit-video","status":"publish","type":"post","link":"https:\/\/www.visit-ulcinj.com\/blog\/2012\/11\/02\/a-do-jet-mea-nje-yll-i-ri-i-ulqinit-video\/","title":{"rendered":"A do jet Mea nje Yll i ri i Ulqinit &#8211; Video"},"content":{"rendered":"<p><a href=\"http:\/\/www.visit-ulcinj.com\/blog\/wp-content\/uploads\/2012\/11\/Sumea-Hidrio-MEA.jpg\"><img loading=\"lazy\" class=\"alignleft  wp-image-65306\" title=\"Sumea Hidrio - MEA\" src=\"http:\/\/www.visit-ulcinj.com\/blog\/wp-content\/uploads\/2012\/11\/Sumea-Hidrio-MEA.jpg\" alt=\"\" width=\"350\" height=\"400\" \/><\/a>E\u00a0 th\u00ebrasin shkurt Mea,mirpo emri i plot\u00eb i\u00a0 saj\u00eb \u00ebsht\u00eb Sumea Hidrio.\u00a0Si t\u00eb gjith f\u00ebmive &#8211;\u00a0i p\u00eblqen t\u00eb vall\u00ebzoj\u00eb, k\u00ebndoj\u00eb, \u00ebsht\u00eb shum\u00eb kurioze.<\/p>\n<p>Q\u00eb nga mosha 2\u00a0vje\u00e7are ka m\u00ebsuar\u00a0t\u00eb \u00e7el\u00eb Google Chrome, dhe\u00a0t\u00eb klikoj\u00eb n\u00eb shortcut-at q\u00eb ia kam vendosur t\u00eb gatshme,\u00a0me an\u00eb t\u00eb cilave\u00a0\u00e7eleshin videot me alfabet t\u00eb gjuh\u00ebs angleze, dhe disa\u00a0video tjera edukative p\u00ebr f\u00ebmij\u00eb, ku pastaj klikonte n\u00eb video sipas d\u00ebshir\u00ebs s\u00eb saj n\u00eb an\u00eb t\u00eb djatht\u00eb.<\/p>\n<p>S\u00eb shpejti e m\u00ebsoi Alfabetin e gjuh\u00ebs angleze,\u00a0di t\u00eb num\u00ebroj\u00eb anglisht dhe shqip deri n\u00eb 10, reciton vjersha\u00a0 paksa edhe flet gjuh\u00ebn angleze, \u00ebsht\u00eb e regjistruar n\u00eb parashkollore, ku m\u00ebsuesja e\u00a0lavd\u00ebron se\u00a0di ti zgjedh shumic\u00ebn e Puzzle-ave,<\/p>\n<p>Tanim\u00eb i intereson edhe Google Earth, ku thot &#8220;Dua ta shoh Bot\u00ebn&#8221; ,\u00a0 e \u00e7el dhe e luan globin&#8230;<\/p>\n<p>Mea \u00ebsht\u00eb nje vajz shum e embel 3 vje\u00e7are,ku duke shikuar videon,mbeta pa fjal dhe mendoja q\u00eb kjo voglushe\u00a0 duhet t\u00eb garon ne nje emision talentesh per muzik.<br \/>\nMea\u00a0 eshte vertete talente e ve\u00e7ante dhe duhet te jemi krenar qe eshte pjese e kombit tone dhe eshte vetem 3 vje\u00e7are por me nje ze shume shume te ve\u00e7ante!<strong><\/strong><br \/>\nLajme nga Ulqini i deshiron\u00eb suksese dhe jet\u00eb t\u00eb gjat\u00eb Meas.<\/p>\n<p><strong>Ja ne ket video mund te knaqeni me zerin e Meas duke k\u00ebnduar k\u00ebngen e Hana Cakulit &#8211; Une vendos.<\/strong><\/p>\n<p><iframe loading=\"lazy\" src=\"http:\/\/www.youtube.com\/embed\/y4_FYCjGD2c?rel=0\" frameborder=\"0\" width=\"508\" height=\"360\"><\/iframe><\/p>\n","protected":false},"excerpt":{"rendered":"<p>E\u00a0 th\u00ebrasin shkurt Mea,mirpo emri i plot\u00eb i\u00a0 saj\u00eb \u00ebsht\u00eb Sumea Hidrio.\u00a0Si t\u00eb gjith f\u00ebmive &#8211;\u00a0i p\u00eblqen t\u00eb vall\u00ebzoj\u00eb, k\u00ebndoj\u00eb, \u00ebsht\u00eb shum\u00eb kurioze. Q\u00eb nga mosha 2\u00a0vje\u00e7are ka m\u00ebsuar\u00a0t\u00eb \u00e7el\u00eb Google Chrome, dhe\u00a0t\u00eb klikoj\u00eb n\u00eb shortcut-at q\u00eb ia kam vendosur t\u00eb gatshme,\u00a0me an\u00eb t\u00eb cilave\u00a0\u00e7eleshin videot me alfabet t\u00eb gjuh\u00ebs angleze, dhe disa\u00a0video tjera edukative [&hellip;]<\/p>\n","protected":false},"author":1,"featured_media":0,"comment_status":"open","ping_status":"closed","sticky":false,"template":"","format":"standard","meta":{"spay_email":"","jetpack_publicize_message":"","jetpack_is_tweetstorm":false,"jetpack_publicize_feature_enabled":true},"categories":[11],"tags":[19677,19806,21412,16036,19514,19511,19513,21410,4684,200,19460,21411],"jetpack_publicize_connections":[],"yoast_head":"<!-- This site is optimized with the Yoast SEO plugin v19.1 - https:\/\/yoast.com\/wordpress\/plugins\/seo\/ -->\n<title>A do jet Mea nje Yll i ri i Ulqinit - Video - Lajme nga Ulqini<\/title>\n<meta name=\"description\" content=\"E\u00a0 th\u00ebrasin shkurt Mea,mirpo emri i plot\u00eb i\u00a0 saj\u00eb \u00ebsht\u00eb Sumea Hidrio.\u00a0Si t\u00eb gjith f\u00ebmive -\u00a0i p\u00eblqen t\u00eb vall\u00ebzoj\u00eb, k\u00ebndoj\u00eb, \u00ebsht\u00eb shum\u00eb kurioze. Q\u00eb nga\" \/>\n<meta name=\"robots\" content=\"index, follow, max-snippet:-1, max-image-preview:large, max-video-preview:-1\" \/>\n<link rel=\"canonical\" href=\"https:\/\/www.visit-ulcinj.com\/blog\/2012\/11\/02\/a-do-jet-mea-nje-yll-i-ri-i-ulqinit-video\/\" \/>\n<meta property=\"og:locale\" content=\"en_US\" \/>\n<meta property=\"og:type\" content=\"article\" \/>\n<meta property=\"og:title\" content=\"A do jet Mea nje Yll i ri i Ulqinit - Video - Lajme nga Ulqini\" \/>\n<meta property=\"og:description\" content=\"E\u00a0 th\u00ebrasin shkurt Mea,mirpo emri i plot\u00eb i\u00a0 saj\u00eb \u00ebsht\u00eb Sumea Hidrio.\u00a0Si t\u00eb gjith f\u00ebmive -\u00a0i p\u00eblqen t\u00eb vall\u00ebzoj\u00eb, k\u00ebndoj\u00eb, \u00ebsht\u00eb shum\u00eb kurioze. Q\u00eb nga\" \/>\n<meta property=\"og:url\" content=\"https:\/\/www.visit-ulcinj.com\/blog\/2012\/11\/02\/a-do-jet-mea-nje-yll-i-ri-i-ulqinit-video\/\" \/>\n<meta property=\"og:site_name\" content=\"Lajme nga Ulqini\" \/>\n<meta property=\"article:published_time\" content=\"2012-11-02T14:21:24+00:00\" \/>\n<meta property=\"article:modified_time\" content=\"2012-11-03T09:13:24+00:00\" \/>\n<meta property=\"og:image\" content=\"http:\/\/www.visit-ulcinj.com\/blog\/wp-content\/uploads\/2012\/11\/Sumea-Hidrio-MEA.jpg\" \/>\n<meta name=\"twitter:label1\" content=\"Written by\" \/>\n\t<meta name=\"twitter:data1\" content=\"ulqini\" \/>\n\t<meta name=\"twitter:label2\" content=\"Est. reading time\" \/>\n\t<meta name=\"twitter:data2\" content=\"1 minute\" \/>\n<script type=\"application\/ld+json\" class=\"yoast-schema-graph\">{\"@context\":\"https:\/\/schema.org\",\"@graph\":[{\"@type\":\"WebSite\",\"@id\":\"https:\/\/www.visit-ulcinj.com\/blog\/#website\",\"url\":\"https:\/\/www.visit-ulcinj.com\/blog\/\",\"name\":\"Lajme nga Ulqini\",\"description\":\"Lajme,Vijesti,Ulqini,Ulqin,Crna Gora,Mali i Zi\",\"potentialAction\":[{\"@type\":\"SearchAction\",\"target\":{\"@type\":\"EntryPoint\",\"urlTemplate\":\"https:\/\/www.visit-ulcinj.com\/blog\/?s={search_term_string}\"},\"query-input\":\"required name=search_term_string\"}],\"inLanguage\":\"en-US\"},{\"@type\":\"ImageObject\",\"inLanguage\":\"en-US\",\"@id\":\"https:\/\/www.visit-ulcinj.com\/blog\/2012\/11\/02\/a-do-jet-mea-nje-yll-i-ri-i-ulqinit-video\/#primaryimage\",\"url\":\"https:\/\/www.visit-ulcinj.com\/blog\/wp-content\/uploads\/2012\/11\/Sumea-Hidrio-MEA.jpg\",\"contentUrl\":\"https:\/\/www.visit-ulcinj.com\/blog\/wp-content\/uploads\/2012\/11\/Sumea-Hidrio-MEA.jpg\",\"width\":\"640\",\"height\":\"960\"},{\"@type\":\"WebPage\",\"@id\":\"https:\/\/www.visit-ulcinj.com\/blog\/2012\/11\/02\/a-do-jet-mea-nje-yll-i-ri-i-ulqinit-video\/#webpage\",\"url\":\"https:\/\/www.visit-ulcinj.com\/blog\/2012\/11\/02\/a-do-jet-mea-nje-yll-i-ri-i-ulqinit-video\/\",\"name\":\"A do jet Mea nje Yll i ri i Ulqinit - Video - Lajme nga Ulqini\",\"isPartOf\":{\"@id\":\"https:\/\/www.visit-ulcinj.com\/blog\/#website\"},\"primaryImageOfPage\":{\"@id\":\"https:\/\/www.visit-ulcinj.com\/blog\/2012\/11\/02\/a-do-jet-mea-nje-yll-i-ri-i-ulqinit-video\/#primaryimage\"},\"datePublished\":\"2012-11-02T14:21:24+00:00\",\"dateModified\":\"2012-11-03T09:13:24+00:00\",\"author\":{\"@id\":\"https:\/\/www.visit-ulcinj.com\/blog\/#\/schema\/person\/dcab619c614d3038751c63bc2aadc06d\"},\"description\":\"E\u00a0 th\u00ebrasin shkurt Mea,mirpo emri i plot\u00eb i\u00a0 saj\u00eb \u00ebsht\u00eb Sumea Hidrio.\u00a0Si t\u00eb gjith f\u00ebmive -\u00a0i p\u00eblqen t\u00eb vall\u00ebzoj\u00eb, k\u00ebndoj\u00eb, \u00ebsht\u00eb shum\u00eb kurioze. Q\u00eb nga\",\"breadcrumb\":{\"@id\":\"https:\/\/www.visit-ulcinj.com\/blog\/2012\/11\/02\/a-do-jet-mea-nje-yll-i-ri-i-ulqinit-video\/#breadcrumb\"},\"inLanguage\":\"en-US\",\"potentialAction\":[{\"@type\":\"ReadAction\",\"target\":[\"https:\/\/www.visit-ulcinj.com\/blog\/2012\/11\/02\/a-do-jet-mea-nje-yll-i-ri-i-ulqinit-video\/\"]}]},{\"@type\":\"BreadcrumbList\",\"@id\":\"https:\/\/www.visit-ulcinj.com\/blog\/2012\/11\/02\/a-do-jet-mea-nje-yll-i-ri-i-ulqinit-video\/#breadcrumb\",\"itemListElement\":[{\"@type\":\"ListItem\",\"position\":1,\"name\":\"A do jet Mea nje Yll i ri i Ulqinit &#8211; Video\"}]},{\"@type\":\"Person\",\"@id\":\"https:\/\/www.visit-ulcinj.com\/blog\/#\/schema\/person\/dcab619c614d3038751c63bc2aadc06d\",\"name\":\"ulqini\",\"sameAs\":[\"http:\/\/www.visit-ulcinj.com\"],\"url\":\"https:\/\/www.visit-ulcinj.com\/blog\/author\/admin\/\"}]}<\/script>\n<!-- \/ Yoast SEO plugin. -->","yoast_head_json":{"title":"A do jet Mea nje Yll i ri i Ulqinit - Video - Lajme nga Ulqini","description":"E\u00a0 th\u00ebrasin shkurt Mea,mirpo emri i plot\u00eb i\u00a0 saj\u00eb \u00ebsht\u00eb Sumea Hidrio.\u00a0Si t\u00eb gjith f\u00ebmive -\u00a0i p\u00eblqen t\u00eb vall\u00ebzoj\u00eb, k\u00ebndoj\u00eb, \u00ebsht\u00eb shum\u00eb kurioze. Q\u00eb nga","robots":{"index":"index","follow":"follow","max-snippet":"max-snippet:-1","max-image-preview":"max-image-preview:large","max-video-preview":"max-video-preview:-1"},"canonical":"https:\/\/www.visit-ulcinj.com\/blog\/2012\/11\/02\/a-do-jet-mea-nje-yll-i-ri-i-ulqinit-video\/","og_locale":"en_US","og_type":"article","og_title":"A do jet Mea nje Yll i ri i Ulqinit - Video - Lajme nga Ulqini","og_description":"E\u00a0 th\u00ebrasin shkurt Mea,mirpo emri i plot\u00eb i\u00a0 saj\u00eb \u00ebsht\u00eb Sumea Hidrio.\u00a0Si t\u00eb gjith f\u00ebmive -\u00a0i p\u00eblqen t\u00eb vall\u00ebzoj\u00eb, k\u00ebndoj\u00eb, \u00ebsht\u00eb shum\u00eb kurioze. Q\u00eb nga","og_url":"https:\/\/www.visit-ulcinj.com\/blog\/2012\/11\/02\/a-do-jet-mea-nje-yll-i-ri-i-ulqinit-video\/","og_site_name":"Lajme nga Ulqini","article_published_time":"2012-11-02T14:21:24+00:00","article_modified_time":"2012-11-03T09:13:24+00:00","og_image":[{"url":"http:\/\/www.visit-ulcinj.com\/blog\/wp-content\/uploads\/2012\/11\/Sumea-Hidrio-MEA.jpg"}],"twitter_misc":{"Written by":"ulqini","Est. reading time":"1 minute"},"schema":{"@context":"https:\/\/schema.org","@graph":[{"@type":"WebSite","@id":"https:\/\/www.visit-ulcinj.com\/blog\/#website","url":"https:\/\/www.visit-ulcinj.com\/blog\/","name":"Lajme nga Ulqini","description":"Lajme,Vijesti,Ulqini,Ulqin,Crna Gora,Mali i Zi","potentialAction":[{"@type":"SearchAction","target":{"@type":"EntryPoint","urlTemplate":"https:\/\/www.visit-ulcinj.com\/blog\/?s={search_term_string}"},"query-input":"required name=search_term_string"}],"inLanguage":"en-US"},{"@type":"ImageObject","inLanguage":"en-US","@id":"https:\/\/www.visit-ulcinj.com\/blog\/2012\/11\/02\/a-do-jet-mea-nje-yll-i-ri-i-ulqinit-video\/#primaryimage","url":"https:\/\/www.visit-ulcinj.com\/blog\/wp-content\/uploads\/2012\/11\/Sumea-Hidrio-MEA.jpg","contentUrl":"https:\/\/www.visit-ulcinj.com\/blog\/wp-content\/uploads\/2012\/11\/Sumea-Hidrio-MEA.jpg","width":"640","height":"960"},{"@type":"WebPage","@id":"https:\/\/www.visit-ulcinj.com\/blog\/2012\/11\/02\/a-do-jet-mea-nje-yll-i-ri-i-ulqinit-video\/#webpage","url":"https:\/\/www.visit-ulcinj.com\/blog\/2012\/11\/02\/a-do-jet-mea-nje-yll-i-ri-i-ulqinit-video\/","name":"A do jet Mea nje Yll i ri i Ulqinit - Video - Lajme nga Ulqini","isPartOf":{"@id":"https:\/\/www.visit-ulcinj.com\/blog\/#website"},"primaryImageOfPage":{"@id":"https:\/\/www.visit-ulcinj.com\/blog\/2012\/11\/02\/a-do-jet-mea-nje-yll-i-ri-i-ulqinit-video\/#primaryimage"},"datePublished":"2012-11-02T14:21:24+00:00","dateModified":"2012-11-03T09:13:24+00:00","author":{"@id":"https:\/\/www.visit-ulcinj.com\/blog\/#\/schema\/person\/dcab619c614d3038751c63bc2aadc06d"},"description":"E\u00a0 th\u00ebrasin shkurt Mea,mirpo emri i plot\u00eb i\u00a0 saj\u00eb \u00ebsht\u00eb Sumea Hidrio.\u00a0Si t\u00eb gjith f\u00ebmive -\u00a0i p\u00eblqen t\u00eb vall\u00ebzoj\u00eb, k\u00ebndoj\u00eb, \u00ebsht\u00eb shum\u00eb kurioze. Q\u00eb nga","breadcrumb":{"@id":"https:\/\/www.visit-ulcinj.com\/blog\/2012\/11\/02\/a-do-jet-mea-nje-yll-i-ri-i-ulqinit-video\/#breadcrumb"},"inLanguage":"en-US","potentialAction":[{"@type":"ReadAction","target":["https:\/\/www.visit-ulcinj.com\/blog\/2012\/11\/02\/a-do-jet-mea-nje-yll-i-ri-i-ulqinit-video\/"]}]},{"@type":"BreadcrumbList","@id":"https:\/\/www.visit-ulcinj.com\/blog\/2012\/11\/02\/a-do-jet-mea-nje-yll-i-ri-i-ulqinit-video\/#breadcrumb","itemListElement":[{"@type":"ListItem","position":1,"name":"A do jet Mea nje Yll i ri i Ulqinit &#8211; Video"}]},{"@type":"Person","@id":"https:\/\/www.visit-ulcinj.com\/blog\/#\/schema\/person\/dcab619c614d3038751c63bc2aadc06d","name":"ulqini","sameAs":["http:\/\/www.visit-ulcinj.com"],"url":"https:\/\/www.visit-ulcinj.com\/blog\/author\/admin\/"}]}},"jetpack_featured_media_url":"","jetpack_sharing_enabled":true,"jetpack_shortlink":"https:\/\/wp.me\/pe6lTn-gZj","_links":{"self":[{"href":"https:\/\/www.visit-ulcinj.com\/blog\/wp-json\/wp\/v2\/posts\/65305"}],"collection":[{"href":"https:\/\/www.visit-ulcinj.com\/blog\/wp-json\/wp\/v2\/posts"}],"about":[{"href":"https:\/\/www.visit-ulcinj.com\/blog\/wp-json\/wp\/v2\/types\/post"}],"author":[{"embeddable":true,"href":"https:\/\/www.visit-ulcinj.com\/blog\/wp-json\/wp\/v2\/users\/1"}],"replies":[{"embeddable":true,"href":"https:\/\/www.visit-ulcinj.com\/blog\/wp-json\/wp\/v2\/comments?post=65305"}],"version-history":[{"count":5,"href":"https:\/\/www.visit-ulcinj.com\/blog\/wp-json\/wp\/v2\/posts\/65305\/revisions"}],"predecessor-version":[{"id":65347,"href":"https:\/\/www.visit-ulcinj.com\/blog\/wp-json\/wp\/v2\/posts\/65305\/revisions\/65347"}],"wp:attachment":[{"href":"https:\/\/www.visit-ulcinj.com\/blog\/wp-json\/wp\/v2\/media?parent=65305"}],"wp:term":[{"taxonomy":"category","embeddable":true,"href":"https:\/\/www.visit-ulcinj.com\/blog\/wp-json\/wp\/v2\/categories?post=65305"},{"taxonomy":"post_tag","embeddable":true,"href":"https:\/\/www.visit-ulcinj.com\/blog\/wp-json\/wp\/v2\/tags?post=65305"}],"curies":[{"name":"wp","href":"https:\/\/api.w.org\/{rel}","templated":true}]}}