{"id":65309,"date":"2012-11-02T15:36:31","date_gmt":"2012-11-02T14:36:31","guid":{"rendered":"http:\/\/www.visit-ulcinj.com\/blog\/?p=65309"},"modified":"2012-11-02T15:40:08","modified_gmt":"2012-11-02T14:40:08","slug":"kaljaja-stari-grad-ulcinja-mora-u-unesco","status":"publish","type":"post","link":"https:\/\/www.visit-ulcinj.com\/blog\/2012\/11\/02\/kaljaja-stari-grad-ulcinja-mora-u-unesco\/","title":{"rendered":"&#8220;Kaljaja&#8221;: Stari grad Ulcinja mora u UNESCO"},"content":{"rendered":"<p><a href=\"http:\/\/www.visit-ulcinj.com\/blog\/wp-content\/uploads\/2012\/11\/Stari-grad-Ulcinj-u-UNESCO.jpg\"><img loading=\"lazy\" class=\"alignleft  wp-image-65310\" title=\"Stari grad Ulcinj u UNESCO\" src=\"http:\/\/www.visit-ulcinj.com\/blog\/wp-content\/uploads\/2012\/11\/Stari-grad-Ulcinj-u-UNESCO.jpg\" alt=\"\" width=\"508\" height=\"600\" \/><\/a>Predsjednik NVO \u201cKaljaja\u201d Ismet Karamanaga pozvao je sve budu\u0107e albanske poslanike u republi\u010dkom parlamentu da realizuju ideju o uvr\u0161tavanju ulcinjskog Starog grada u UNESCO.<\/p>\n<p>On je poru\u010dio i lokalnoj vlasti da se vi\u0161e anga\u017euju u Starom gradu, podsje\u0107aju\u0107i na brojne probleme sa kojima se nose mje\u0161tani drevnog utvr\u0111enja.<\/p>\n<p>\u201cMnogo se vi\u0161e moglo i moralo uraditi na revitalizaciji infrastrukture u Starom gradu. Javna rasvjeta, vodovod i kanalizacija, kaldrmisanje ulica, odnosno nastavak projekta koji je ra\u0111en 2006, otvaranje i izgradnja dijela puta prema Limanu, te ra\u0161\u010di\u0161\u0107avanje ru\u0161evina od katastrofalnog zemljotresa iz jo\u0161 davne 1979. i dalje \u010dekaju\u201d, smatra Karamanaga.<\/p>\n<p>Tvrdi da je infrastruktura toliko zastarjela i dotrajala da je potpuno neadekvatna savremenim uslovima \u017eivota i podsje\u0107a da u Starom gradu ima puno gradnje koja je u suprotnosti sa pravnim normama i propisima koji vladaju u takvim sredinama kao \u0161to su spomenici kulture prve kategorije.<\/p>\n<p>\u201cNedovre\u0161eni objekat u donjem dijelu Starog grada ne uklapa se u cjelokupni ambijent i zato molimo nadle\u017ene institucije da se kona\u010dno oglase, prona\u0111u vlasnika i primoraju ga da nastavi gradnju ili da prona\u0111u adekvatno rje\u0161enje. Ovakva gradnja nas sve vi\u0161e udaljava od UNESCO-a\u201d, ocijenio je on i dodao da, i pored takve devastacije, u Starom gradu postoje mjesta kao \u0161to su gornji dio Citadele, Slavni trg robova ili trg Servantesa, zatim kula Bao\u0161i\u0107a, Ilinske zidine i mjesta gdje je smje\u0161ten muzejski kompleks, koja su potpuno nedirnuta i koja se i danas mogu na\u0107i pod svjetskom ba\u0161tinom UNESCO-a.<\/p>\n<p><strong> Samir Adrovi\u0107<\/strong><br \/>\n<strong><a href=\"http:\/\/www.vijesti.me\/\">Vijesti online<\/a><\/strong><\/p>\n","protected":false},"excerpt":{"rendered":"<p>Predsjednik NVO \u201cKaljaja\u201d Ismet Karamanaga pozvao je sve budu\u0107e albanske poslanike u republi\u010dkom parlamentu da realizuju ideju o uvr\u0161tavanju ulcinjskog Starog grada u UNESCO. On je poru\u010dio i lokalnoj vlasti da se vi\u0161e anga\u017euju u Starom gradu, podsje\u0107aju\u0107i na brojne probleme sa kojima se nose mje\u0161tani drevnog utvr\u0111enja. \u201cMnogo se vi\u0161e moglo i moralo uraditi [&hellip;]<\/p>\n","protected":false},"author":1,"featured_media":0,"comment_status":"open","ping_status":"closed","sticky":false,"template":"","format":"standard","meta":{"spay_email":"","jetpack_publicize_message":"","jetpack_is_tweetstorm":false,"jetpack_publicize_feature_enabled":true},"categories":[8337],"tags":[21414,12717,13595,13594,19,21413],"jetpack_publicize_connections":[],"yoast_head":"<!-- This site is optimized with the Yoast SEO plugin v19.1 - https:\/\/yoast.com\/wordpress\/plugins\/seo\/ -->\n<title>&quot;Kaljaja&quot;: Stari grad Ulcinja mora u UNESCO - Lajme nga Ulqini<\/title>\n<meta name=\"description\" content=\"Predsjednik NVO \u201cKaljaja\u201d Ismet Karamanaga pozvao je sve budu\u0107e albanske poslanike u republi\u010dkom parlamentu da realizuju ideju o uvr\u0161tavanju ulcinjskog\" \/>\n<meta name=\"robots\" content=\"index, follow, max-snippet:-1, max-image-preview:large, max-video-preview:-1\" \/>\n<link rel=\"canonical\" href=\"https:\/\/www.visit-ulcinj.com\/blog\/2012\/11\/02\/kaljaja-stari-grad-ulcinja-mora-u-unesco\/\" \/>\n<meta property=\"og:locale\" content=\"en_US\" \/>\n<meta property=\"og:type\" content=\"article\" \/>\n<meta property=\"og:title\" content=\"&quot;Kaljaja&quot;: Stari grad Ulcinja mora u UNESCO - Lajme nga Ulqini\" \/>\n<meta property=\"og:description\" content=\"Predsjednik NVO \u201cKaljaja\u201d Ismet Karamanaga pozvao je sve budu\u0107e albanske poslanike u republi\u010dkom parlamentu da realizuju ideju o uvr\u0161tavanju ulcinjskog\" \/>\n<meta property=\"og:url\" content=\"https:\/\/www.visit-ulcinj.com\/blog\/2012\/11\/02\/kaljaja-stari-grad-ulcinja-mora-u-unesco\/\" \/>\n<meta property=\"og:site_name\" content=\"Lajme nga Ulqini\" \/>\n<meta property=\"article:published_time\" content=\"2012-11-02T14:36:31+00:00\" \/>\n<meta property=\"article:modified_time\" content=\"2012-11-02T14:40:08+00:00\" \/>\n<meta property=\"og:image\" content=\"http:\/\/www.visit-ulcinj.com\/blog\/wp-content\/uploads\/2012\/11\/Stari-grad-Ulcinj-u-UNESCO.jpg\" \/>\n<meta name=\"twitter:label1\" content=\"Written by\" \/>\n\t<meta name=\"twitter:data1\" content=\"ulqini\" \/>\n\t<meta name=\"twitter:label2\" content=\"Est. reading time\" \/>\n\t<meta name=\"twitter:data2\" content=\"1 minute\" \/>\n<script type=\"application\/ld+json\" class=\"yoast-schema-graph\">{\"@context\":\"https:\/\/schema.org\",\"@graph\":[{\"@type\":\"WebSite\",\"@id\":\"https:\/\/www.visit-ulcinj.com\/blog\/#website\",\"url\":\"https:\/\/www.visit-ulcinj.com\/blog\/\",\"name\":\"Lajme nga Ulqini\",\"description\":\"Lajme,Vijesti,Ulqini,Ulqin,Crna Gora,Mali i Zi\",\"potentialAction\":[{\"@type\":\"SearchAction\",\"target\":{\"@type\":\"EntryPoint\",\"urlTemplate\":\"https:\/\/www.visit-ulcinj.com\/blog\/?s={search_term_string}\"},\"query-input\":\"required name=search_term_string\"}],\"inLanguage\":\"en-US\"},{\"@type\":\"ImageObject\",\"inLanguage\":\"en-US\",\"@id\":\"https:\/\/www.visit-ulcinj.com\/blog\/2012\/11\/02\/kaljaja-stari-grad-ulcinja-mora-u-unesco\/#primaryimage\",\"url\":\"https:\/\/www.visit-ulcinj.com\/blog\/wp-content\/uploads\/2012\/11\/Stari-grad-Ulcinj-u-UNESCO.jpg\",\"contentUrl\":\"https:\/\/www.visit-ulcinj.com\/blog\/wp-content\/uploads\/2012\/11\/Stari-grad-Ulcinj-u-UNESCO.jpg\",\"width\":\"640\",\"height\":\"628\"},{\"@type\":\"WebPage\",\"@id\":\"https:\/\/www.visit-ulcinj.com\/blog\/2012\/11\/02\/kaljaja-stari-grad-ulcinja-mora-u-unesco\/#webpage\",\"url\":\"https:\/\/www.visit-ulcinj.com\/blog\/2012\/11\/02\/kaljaja-stari-grad-ulcinja-mora-u-unesco\/\",\"name\":\"\\\"Kaljaja\\\": Stari grad Ulcinja mora u UNESCO - Lajme nga Ulqini\",\"isPartOf\":{\"@id\":\"https:\/\/www.visit-ulcinj.com\/blog\/#website\"},\"primaryImageOfPage\":{\"@id\":\"https:\/\/www.visit-ulcinj.com\/blog\/2012\/11\/02\/kaljaja-stari-grad-ulcinja-mora-u-unesco\/#primaryimage\"},\"datePublished\":\"2012-11-02T14:36:31+00:00\",\"dateModified\":\"2012-11-02T14:40:08+00:00\",\"author\":{\"@id\":\"https:\/\/www.visit-ulcinj.com\/blog\/#\/schema\/person\/dcab619c614d3038751c63bc2aadc06d\"},\"description\":\"Predsjednik NVO \u201cKaljaja\u201d Ismet Karamanaga pozvao je sve budu\u0107e albanske poslanike u republi\u010dkom parlamentu da realizuju ideju o uvr\u0161tavanju ulcinjskog\",\"breadcrumb\":{\"@id\":\"https:\/\/www.visit-ulcinj.com\/blog\/2012\/11\/02\/kaljaja-stari-grad-ulcinja-mora-u-unesco\/#breadcrumb\"},\"inLanguage\":\"en-US\",\"potentialAction\":[{\"@type\":\"ReadAction\",\"target\":[\"https:\/\/www.visit-ulcinj.com\/blog\/2012\/11\/02\/kaljaja-stari-grad-ulcinja-mora-u-unesco\/\"]}]},{\"@type\":\"BreadcrumbList\",\"@id\":\"https:\/\/www.visit-ulcinj.com\/blog\/2012\/11\/02\/kaljaja-stari-grad-ulcinja-mora-u-unesco\/#breadcrumb\",\"itemListElement\":[{\"@type\":\"ListItem\",\"position\":1,\"name\":\"&#8220;Kaljaja&#8221;: Stari grad Ulcinja mora u UNESCO\"}]},{\"@type\":\"Person\",\"@id\":\"https:\/\/www.visit-ulcinj.com\/blog\/#\/schema\/person\/dcab619c614d3038751c63bc2aadc06d\",\"name\":\"ulqini\",\"sameAs\":[\"http:\/\/www.visit-ulcinj.com\"],\"url\":\"https:\/\/www.visit-ulcinj.com\/blog\/author\/admin\/\"}]}<\/script>\n<!-- \/ Yoast SEO plugin. -->","yoast_head_json":{"title":"\"Kaljaja\": Stari grad Ulcinja mora u UNESCO - Lajme nga Ulqini","description":"Predsjednik NVO \u201cKaljaja\u201d Ismet Karamanaga pozvao je sve budu\u0107e albanske poslanike u republi\u010dkom parlamentu da realizuju ideju o uvr\u0161tavanju ulcinjskog","robots":{"index":"index","follow":"follow","max-snippet":"max-snippet:-1","max-image-preview":"max-image-preview:large","max-video-preview":"max-video-preview:-1"},"canonical":"https:\/\/www.visit-ulcinj.com\/blog\/2012\/11\/02\/kaljaja-stari-grad-ulcinja-mora-u-unesco\/","og_locale":"en_US","og_type":"article","og_title":"\"Kaljaja\": Stari grad Ulcinja mora u UNESCO - Lajme nga Ulqini","og_description":"Predsjednik NVO \u201cKaljaja\u201d Ismet Karamanaga pozvao je sve budu\u0107e albanske poslanike u republi\u010dkom parlamentu da realizuju ideju o uvr\u0161tavanju ulcinjskog","og_url":"https:\/\/www.visit-ulcinj.com\/blog\/2012\/11\/02\/kaljaja-stari-grad-ulcinja-mora-u-unesco\/","og_site_name":"Lajme nga Ulqini","article_published_time":"2012-11-02T14:36:31+00:00","article_modified_time":"2012-11-02T14:40:08+00:00","og_image":[{"url":"http:\/\/www.visit-ulcinj.com\/blog\/wp-content\/uploads\/2012\/11\/Stari-grad-Ulcinj-u-UNESCO.jpg"}],"twitter_misc":{"Written by":"ulqini","Est. reading time":"1 minute"},"schema":{"@context":"https:\/\/schema.org","@graph":[{"@type":"WebSite","@id":"https:\/\/www.visit-ulcinj.com\/blog\/#website","url":"https:\/\/www.visit-ulcinj.com\/blog\/","name":"Lajme nga Ulqini","description":"Lajme,Vijesti,Ulqini,Ulqin,Crna Gora,Mali i Zi","potentialAction":[{"@type":"SearchAction","target":{"@type":"EntryPoint","urlTemplate":"https:\/\/www.visit-ulcinj.com\/blog\/?s={search_term_string}"},"query-input":"required name=search_term_string"}],"inLanguage":"en-US"},{"@type":"ImageObject","inLanguage":"en-US","@id":"https:\/\/www.visit-ulcinj.com\/blog\/2012\/11\/02\/kaljaja-stari-grad-ulcinja-mora-u-unesco\/#primaryimage","url":"https:\/\/www.visit-ulcinj.com\/blog\/wp-content\/uploads\/2012\/11\/Stari-grad-Ulcinj-u-UNESCO.jpg","contentUrl":"https:\/\/www.visit-ulcinj.com\/blog\/wp-content\/uploads\/2012\/11\/Stari-grad-Ulcinj-u-UNESCO.jpg","width":"640","height":"628"},{"@type":"WebPage","@id":"https:\/\/www.visit-ulcinj.com\/blog\/2012\/11\/02\/kaljaja-stari-grad-ulcinja-mora-u-unesco\/#webpage","url":"https:\/\/www.visit-ulcinj.com\/blog\/2012\/11\/02\/kaljaja-stari-grad-ulcinja-mora-u-unesco\/","name":"\"Kaljaja\": Stari grad Ulcinja mora u UNESCO - Lajme nga Ulqini","isPartOf":{"@id":"https:\/\/www.visit-ulcinj.com\/blog\/#website"},"primaryImageOfPage":{"@id":"https:\/\/www.visit-ulcinj.com\/blog\/2012\/11\/02\/kaljaja-stari-grad-ulcinja-mora-u-unesco\/#primaryimage"},"datePublished":"2012-11-02T14:36:31+00:00","dateModified":"2012-11-02T14:40:08+00:00","author":{"@id":"https:\/\/www.visit-ulcinj.com\/blog\/#\/schema\/person\/dcab619c614d3038751c63bc2aadc06d"},"description":"Predsjednik NVO \u201cKaljaja\u201d Ismet Karamanaga pozvao je sve budu\u0107e albanske poslanike u republi\u010dkom parlamentu da realizuju ideju o uvr\u0161tavanju ulcinjskog","breadcrumb":{"@id":"https:\/\/www.visit-ulcinj.com\/blog\/2012\/11\/02\/kaljaja-stari-grad-ulcinja-mora-u-unesco\/#breadcrumb"},"inLanguage":"en-US","potentialAction":[{"@type":"ReadAction","target":["https:\/\/www.visit-ulcinj.com\/blog\/2012\/11\/02\/kaljaja-stari-grad-ulcinja-mora-u-unesco\/"]}]},{"@type":"BreadcrumbList","@id":"https:\/\/www.visit-ulcinj.com\/blog\/2012\/11\/02\/kaljaja-stari-grad-ulcinja-mora-u-unesco\/#breadcrumb","itemListElement":[{"@type":"ListItem","position":1,"name":"&#8220;Kaljaja&#8221;: Stari grad Ulcinja mora u UNESCO"}]},{"@type":"Person","@id":"https:\/\/www.visit-ulcinj.com\/blog\/#\/schema\/person\/dcab619c614d3038751c63bc2aadc06d","name":"ulqini","sameAs":["http:\/\/www.visit-ulcinj.com"],"url":"https:\/\/www.visit-ulcinj.com\/blog\/author\/admin\/"}]}},"jetpack_featured_media_url":"","jetpack_sharing_enabled":true,"jetpack_shortlink":"https:\/\/wp.me\/pe6lTn-gZn","_links":{"self":[{"href":"https:\/\/www.visit-ulcinj.com\/blog\/wp-json\/wp\/v2\/posts\/65309"}],"collection":[{"href":"https:\/\/www.visit-ulcinj.com\/blog\/wp-json\/wp\/v2\/posts"}],"about":[{"href":"https:\/\/www.visit-ulcinj.com\/blog\/wp-json\/wp\/v2\/types\/post"}],"author":[{"embeddable":true,"href":"https:\/\/www.visit-ulcinj.com\/blog\/wp-json\/wp\/v2\/users\/1"}],"replies":[{"embeddable":true,"href":"https:\/\/www.visit-ulcinj.com\/blog\/wp-json\/wp\/v2\/comments?post=65309"}],"version-history":[{"count":4,"href":"https:\/\/www.visit-ulcinj.com\/blog\/wp-json\/wp\/v2\/posts\/65309\/revisions"}],"predecessor-version":[{"id":65316,"href":"https:\/\/www.visit-ulcinj.com\/blog\/wp-json\/wp\/v2\/posts\/65309\/revisions\/65316"}],"wp:attachment":[{"href":"https:\/\/www.visit-ulcinj.com\/blog\/wp-json\/wp\/v2\/media?parent=65309"}],"wp:term":[{"taxonomy":"category","embeddable":true,"href":"https:\/\/www.visit-ulcinj.com\/blog\/wp-json\/wp\/v2\/categories?post=65309"},{"taxonomy":"post_tag","embeddable":true,"href":"https:\/\/www.visit-ulcinj.com\/blog\/wp-json\/wp\/v2\/tags?post=65309"}],"curies":[{"name":"wp","href":"https:\/\/api.w.org\/{rel}","templated":true}]}}