{"id":65317,"date":"2012-11-02T18:32:28","date_gmt":"2012-11-02T17:32:28","guid":{"rendered":"http:\/\/www.visit-ulcinj.com\/blog\/?p=65317"},"modified":"2012-11-02T18:32:28","modified_gmt":"2012-11-02T17:32:28","slug":"pds-aprovon-platformen-e-pakicave","status":"publish","type":"post","link":"https:\/\/www.visit-ulcinj.com\/blog\/2012\/11\/02\/pds-aprovon-platformen-e-pakicave\/","title":{"rendered":"PDS aprovon platform\u00ebn e pakicave"},"content":{"rendered":"<p><a href=\"http:\/\/www.visit-ulcinj.com\/blog\/wp-content\/uploads\/2012\/11\/dps-crna-gora.jpg\"><img loading=\"lazy\" class=\"alignleft size-full wp-image-65318\" title=\"dps-crna-gora\" src=\"http:\/\/www.visit-ulcinj.com\/blog\/wp-content\/uploads\/2012\/11\/dps-crna-gora.jpg\" alt=\"\" width=\"490\" height=\"288\" srcset=\"https:\/\/www.visit-ulcinj.com\/blog\/wp-content\/uploads\/2012\/11\/dps-crna-gora.jpg 490w, https:\/\/www.visit-ulcinj.com\/blog\/wp-content\/uploads\/2012\/11\/dps-crna-gora-300x176.jpg 300w\" sizes=\"(max-width: 490px) 100vw, 490px\" \/><\/a>Kryesia e PDS aprovoi mbrem platform\u00ebn e partive te pakicave p\u00ebr bisedime mbi formimin e shumic\u00ebs parlamentare.<\/p>\n<p>Ne dit\u00ebt qe vijn\u00eb do te formatizohen marr\u00ebveshjet nd\u00ebrmjet partnereve ne koalicion dhe shumica e ardhshme parlamentare p\u00ebr c&#8217;gje do te informohet presidenti i Malit te Zi.<\/p>\n<p>Me k\u00ebt\u00eb do te krijohen kushtet p\u00ebr formimin e qeverise se re te cil\u00ebn p\u00ebrs\u00ebri do ta udh\u00ebheq dhe kryesisht do te p\u00ebrbeje PDS ,kurse q\u00ebllimi dhe prioritetet do te jene p\u00ebrmir\u00ebsimi i kualitetit te jet\u00ebs te te gjith\u00eb banoreve, vazhdimi i integrimeve euroatlantike si dhe p\u00ebrparimi i p\u00ebrgjithsh\u00ebm ekonomik e shoq\u00ebrore i Malit te Zi,thuhet ne kumtes\u00ebn p\u00ebr opinion te PDS.<\/p>\n<p>Te p\u00ebrkujtojm\u00eb se ne platform\u00ebn e partive te pakicave k\u00ebrkohet p\u00ebrfaq\u00ebsimi autentik i popujve pakice ne tere sektorin publik ,qe n\u00ebnkupton qeverin\u00eb ,institucione publike, administrat\u00ebn lokale etj. Po ashtu k\u00ebrkohet zhvillim i barabarte rajonal,decentralizimi i pushtetit si dhe restitucioni i drejte.<\/p>\n<p>Me pare \u00ebsht\u00eb theksuar se partia boshnjake do te k\u00ebrkoj\u00eb vendin e n\u00ebnkryetarit te parlamentit si dhe nj\u00eb vend ne qeveri. Nd\u00ebrkaq, Forc\u00ebs duhet ti takoje funksioni i ministrit p\u00ebr te drejtat e pakicave dhe te njeriut.<\/p>\n<p>TVCG<\/p>\n","protected":false},"excerpt":{"rendered":"<p>Kryesia e PDS aprovoi mbrem platform\u00ebn e partive te pakicave p\u00ebr bisedime mbi formimin e shumic\u00ebs parlamentare. Ne dit\u00ebt qe vijn\u00eb do te formatizohen marr\u00ebveshjet nd\u00ebrmjet partnereve ne koalicion dhe shumica e ardhshme parlamentare p\u00ebr c&#8217;gje do te informohet presidenti i Malit te Zi. Me k\u00ebt\u00eb do te krijohen kushtet p\u00ebr formimin e qeverise se [&hellip;]<\/p>\n","protected":false},"author":1,"featured_media":0,"comment_status":"open","ping_status":"closed","sticky":false,"template":"","format":"standard","meta":{"spay_email":"","jetpack_publicize_message":"","jetpack_is_tweetstorm":false,"jetpack_publicize_feature_enabled":true},"categories":[12],"tags":[21415],"jetpack_publicize_connections":[],"yoast_head":"<!-- This site is optimized with the Yoast SEO plugin v19.1 - https:\/\/yoast.com\/wordpress\/plugins\/seo\/ -->\n<title>PDS aprovon platform\u00ebn e pakicave - Lajme nga Ulqini<\/title>\n<meta name=\"description\" content=\"Kryesia e PDS aprovoi mbrem platform\u00ebn e partive te pakicave p\u00ebr bisedime mbi formimin e shumic\u00ebs parlamentare. Ne dit\u00ebt qe vijn\u00eb do te formatizohen\" \/>\n<meta name=\"robots\" content=\"index, follow, max-snippet:-1, max-image-preview:large, max-video-preview:-1\" \/>\n<link rel=\"canonical\" href=\"https:\/\/www.visit-ulcinj.com\/blog\/2012\/11\/02\/pds-aprovon-platformen-e-pakicave\/\" \/>\n<meta property=\"og:locale\" content=\"en_US\" \/>\n<meta property=\"og:type\" content=\"article\" \/>\n<meta property=\"og:title\" content=\"PDS aprovon platform\u00ebn e pakicave - Lajme nga Ulqini\" \/>\n<meta property=\"og:description\" content=\"Kryesia e PDS aprovoi mbrem platform\u00ebn e partive te pakicave p\u00ebr bisedime mbi formimin e shumic\u00ebs parlamentare. Ne dit\u00ebt qe vijn\u00eb do te formatizohen\" \/>\n<meta property=\"og:url\" content=\"https:\/\/www.visit-ulcinj.com\/blog\/2012\/11\/02\/pds-aprovon-platformen-e-pakicave\/\" \/>\n<meta property=\"og:site_name\" content=\"Lajme nga Ulqini\" \/>\n<meta property=\"article:published_time\" content=\"2012-11-02T17:32:28+00:00\" \/>\n<meta property=\"og:image\" content=\"http:\/\/www.visit-ulcinj.com\/blog\/wp-content\/uploads\/2012\/11\/dps-crna-gora.jpg\" \/>\n<meta name=\"twitter:label1\" content=\"Written by\" \/>\n\t<meta name=\"twitter:data1\" content=\"ulqini\" \/>\n\t<meta name=\"twitter:label2\" content=\"Est. reading time\" \/>\n\t<meta name=\"twitter:data2\" content=\"1 minute\" \/>\n<script type=\"application\/ld+json\" class=\"yoast-schema-graph\">{\"@context\":\"https:\/\/schema.org\",\"@graph\":[{\"@type\":\"WebSite\",\"@id\":\"https:\/\/www.visit-ulcinj.com\/blog\/#website\",\"url\":\"https:\/\/www.visit-ulcinj.com\/blog\/\",\"name\":\"Lajme nga Ulqini\",\"description\":\"Lajme,Vijesti,Ulqini,Ulqin,Crna Gora,Mali i Zi\",\"potentialAction\":[{\"@type\":\"SearchAction\",\"target\":{\"@type\":\"EntryPoint\",\"urlTemplate\":\"https:\/\/www.visit-ulcinj.com\/blog\/?s={search_term_string}\"},\"query-input\":\"required name=search_term_string\"}],\"inLanguage\":\"en-US\"},{\"@type\":\"ImageObject\",\"inLanguage\":\"en-US\",\"@id\":\"https:\/\/www.visit-ulcinj.com\/blog\/2012\/11\/02\/pds-aprovon-platformen-e-pakicave\/#primaryimage\",\"url\":\"https:\/\/www.visit-ulcinj.com\/blog\/wp-content\/uploads\/2012\/11\/dps-crna-gora.jpg\",\"contentUrl\":\"https:\/\/www.visit-ulcinj.com\/blog\/wp-content\/uploads\/2012\/11\/dps-crna-gora.jpg\",\"width\":\"490\",\"height\":\"288\"},{\"@type\":\"WebPage\",\"@id\":\"https:\/\/www.visit-ulcinj.com\/blog\/2012\/11\/02\/pds-aprovon-platformen-e-pakicave\/#webpage\",\"url\":\"https:\/\/www.visit-ulcinj.com\/blog\/2012\/11\/02\/pds-aprovon-platformen-e-pakicave\/\",\"name\":\"PDS aprovon platform\u00ebn e pakicave - Lajme nga Ulqini\",\"isPartOf\":{\"@id\":\"https:\/\/www.visit-ulcinj.com\/blog\/#website\"},\"primaryImageOfPage\":{\"@id\":\"https:\/\/www.visit-ulcinj.com\/blog\/2012\/11\/02\/pds-aprovon-platformen-e-pakicave\/#primaryimage\"},\"datePublished\":\"2012-11-02T17:32:28+00:00\",\"dateModified\":\"2012-11-02T17:32:28+00:00\",\"author\":{\"@id\":\"https:\/\/www.visit-ulcinj.com\/blog\/#\/schema\/person\/dcab619c614d3038751c63bc2aadc06d\"},\"description\":\"Kryesia e PDS aprovoi mbrem platform\u00ebn e partive te pakicave p\u00ebr bisedime mbi formimin e shumic\u00ebs parlamentare. Ne dit\u00ebt qe vijn\u00eb do te formatizohen\",\"breadcrumb\":{\"@id\":\"https:\/\/www.visit-ulcinj.com\/blog\/2012\/11\/02\/pds-aprovon-platformen-e-pakicave\/#breadcrumb\"},\"inLanguage\":\"en-US\",\"potentialAction\":[{\"@type\":\"ReadAction\",\"target\":[\"https:\/\/www.visit-ulcinj.com\/blog\/2012\/11\/02\/pds-aprovon-platformen-e-pakicave\/\"]}]},{\"@type\":\"BreadcrumbList\",\"@id\":\"https:\/\/www.visit-ulcinj.com\/blog\/2012\/11\/02\/pds-aprovon-platformen-e-pakicave\/#breadcrumb\",\"itemListElement\":[{\"@type\":\"ListItem\",\"position\":1,\"name\":\"PDS aprovon platform\u00ebn e pakicave\"}]},{\"@type\":\"Person\",\"@id\":\"https:\/\/www.visit-ulcinj.com\/blog\/#\/schema\/person\/dcab619c614d3038751c63bc2aadc06d\",\"name\":\"ulqini\",\"sameAs\":[\"http:\/\/www.visit-ulcinj.com\"],\"url\":\"https:\/\/www.visit-ulcinj.com\/blog\/author\/admin\/\"}]}<\/script>\n<!-- \/ Yoast SEO plugin. -->","yoast_head_json":{"title":"PDS aprovon platform\u00ebn e pakicave - Lajme nga Ulqini","description":"Kryesia e PDS aprovoi mbrem platform\u00ebn e partive te pakicave p\u00ebr bisedime mbi formimin e shumic\u00ebs parlamentare. Ne dit\u00ebt qe vijn\u00eb do te formatizohen","robots":{"index":"index","follow":"follow","max-snippet":"max-snippet:-1","max-image-preview":"max-image-preview:large","max-video-preview":"max-video-preview:-1"},"canonical":"https:\/\/www.visit-ulcinj.com\/blog\/2012\/11\/02\/pds-aprovon-platformen-e-pakicave\/","og_locale":"en_US","og_type":"article","og_title":"PDS aprovon platform\u00ebn e pakicave - Lajme nga Ulqini","og_description":"Kryesia e PDS aprovoi mbrem platform\u00ebn e partive te pakicave p\u00ebr bisedime mbi formimin e shumic\u00ebs parlamentare. Ne dit\u00ebt qe vijn\u00eb do te formatizohen","og_url":"https:\/\/www.visit-ulcinj.com\/blog\/2012\/11\/02\/pds-aprovon-platformen-e-pakicave\/","og_site_name":"Lajme nga Ulqini","article_published_time":"2012-11-02T17:32:28+00:00","og_image":[{"url":"http:\/\/www.visit-ulcinj.com\/blog\/wp-content\/uploads\/2012\/11\/dps-crna-gora.jpg"}],"twitter_misc":{"Written by":"ulqini","Est. reading time":"1 minute"},"schema":{"@context":"https:\/\/schema.org","@graph":[{"@type":"WebSite","@id":"https:\/\/www.visit-ulcinj.com\/blog\/#website","url":"https:\/\/www.visit-ulcinj.com\/blog\/","name":"Lajme nga Ulqini","description":"Lajme,Vijesti,Ulqini,Ulqin,Crna Gora,Mali i Zi","potentialAction":[{"@type":"SearchAction","target":{"@type":"EntryPoint","urlTemplate":"https:\/\/www.visit-ulcinj.com\/blog\/?s={search_term_string}"},"query-input":"required name=search_term_string"}],"inLanguage":"en-US"},{"@type":"ImageObject","inLanguage":"en-US","@id":"https:\/\/www.visit-ulcinj.com\/blog\/2012\/11\/02\/pds-aprovon-platformen-e-pakicave\/#primaryimage","url":"https:\/\/www.visit-ulcinj.com\/blog\/wp-content\/uploads\/2012\/11\/dps-crna-gora.jpg","contentUrl":"https:\/\/www.visit-ulcinj.com\/blog\/wp-content\/uploads\/2012\/11\/dps-crna-gora.jpg","width":"490","height":"288"},{"@type":"WebPage","@id":"https:\/\/www.visit-ulcinj.com\/blog\/2012\/11\/02\/pds-aprovon-platformen-e-pakicave\/#webpage","url":"https:\/\/www.visit-ulcinj.com\/blog\/2012\/11\/02\/pds-aprovon-platformen-e-pakicave\/","name":"PDS aprovon platform\u00ebn e pakicave - Lajme nga Ulqini","isPartOf":{"@id":"https:\/\/www.visit-ulcinj.com\/blog\/#website"},"primaryImageOfPage":{"@id":"https:\/\/www.visit-ulcinj.com\/blog\/2012\/11\/02\/pds-aprovon-platformen-e-pakicave\/#primaryimage"},"datePublished":"2012-11-02T17:32:28+00:00","dateModified":"2012-11-02T17:32:28+00:00","author":{"@id":"https:\/\/www.visit-ulcinj.com\/blog\/#\/schema\/person\/dcab619c614d3038751c63bc2aadc06d"},"description":"Kryesia e PDS aprovoi mbrem platform\u00ebn e partive te pakicave p\u00ebr bisedime mbi formimin e shumic\u00ebs parlamentare. Ne dit\u00ebt qe vijn\u00eb do te formatizohen","breadcrumb":{"@id":"https:\/\/www.visit-ulcinj.com\/blog\/2012\/11\/02\/pds-aprovon-platformen-e-pakicave\/#breadcrumb"},"inLanguage":"en-US","potentialAction":[{"@type":"ReadAction","target":["https:\/\/www.visit-ulcinj.com\/blog\/2012\/11\/02\/pds-aprovon-platformen-e-pakicave\/"]}]},{"@type":"BreadcrumbList","@id":"https:\/\/www.visit-ulcinj.com\/blog\/2012\/11\/02\/pds-aprovon-platformen-e-pakicave\/#breadcrumb","itemListElement":[{"@type":"ListItem","position":1,"name":"PDS aprovon platform\u00ebn e pakicave"}]},{"@type":"Person","@id":"https:\/\/www.visit-ulcinj.com\/blog\/#\/schema\/person\/dcab619c614d3038751c63bc2aadc06d","name":"ulqini","sameAs":["http:\/\/www.visit-ulcinj.com"],"url":"https:\/\/www.visit-ulcinj.com\/blog\/author\/admin\/"}]}},"jetpack_featured_media_url":"","jetpack_sharing_enabled":true,"jetpack_shortlink":"https:\/\/wp.me\/pe6lTn-gZv","_links":{"self":[{"href":"https:\/\/www.visit-ulcinj.com\/blog\/wp-json\/wp\/v2\/posts\/65317"}],"collection":[{"href":"https:\/\/www.visit-ulcinj.com\/blog\/wp-json\/wp\/v2\/posts"}],"about":[{"href":"https:\/\/www.visit-ulcinj.com\/blog\/wp-json\/wp\/v2\/types\/post"}],"author":[{"embeddable":true,"href":"https:\/\/www.visit-ulcinj.com\/blog\/wp-json\/wp\/v2\/users\/1"}],"replies":[{"embeddable":true,"href":"https:\/\/www.visit-ulcinj.com\/blog\/wp-json\/wp\/v2\/comments?post=65317"}],"version-history":[{"count":1,"href":"https:\/\/www.visit-ulcinj.com\/blog\/wp-json\/wp\/v2\/posts\/65317\/revisions"}],"predecessor-version":[{"id":65319,"href":"https:\/\/www.visit-ulcinj.com\/blog\/wp-json\/wp\/v2\/posts\/65317\/revisions\/65319"}],"wp:attachment":[{"href":"https:\/\/www.visit-ulcinj.com\/blog\/wp-json\/wp\/v2\/media?parent=65317"}],"wp:term":[{"taxonomy":"category","embeddable":true,"href":"https:\/\/www.visit-ulcinj.com\/blog\/wp-json\/wp\/v2\/categories?post=65317"},{"taxonomy":"post_tag","embeddable":true,"href":"https:\/\/www.visit-ulcinj.com\/blog\/wp-json\/wp\/v2\/tags?post=65317"}],"curies":[{"name":"wp","href":"https:\/\/api.w.org\/{rel}","templated":true}]}}