{"id":65330,"date":"2012-11-02T20:14:48","date_gmt":"2012-11-02T19:14:48","guid":{"rendered":"http:\/\/www.visit-ulcinj.com\/blog\/?p=65330"},"modified":"2012-11-02T20:15:15","modified_gmt":"2012-11-02T19:15:15","slug":"haos-na-maloj-plazi-ulcinja","status":"publish","type":"post","link":"https:\/\/www.visit-ulcinj.com\/blog\/2012\/11\/02\/haos-na-maloj-plazi-ulcinja\/","title":{"rendered":"Haos na Maloj pla\u017ei Ulcinja"},"content":{"rendered":"<p><a href=\"http:\/\/www.visit-ulcinj.com\/blog\/wp-content\/uploads\/2012\/11\/Deme-materiale-ne-Ulqin.21.jpg\"><img loading=\"lazy\" class=\"alignleft  wp-image-65331\" title=\"Deme materiale ne Ulqin.2\" src=\"http:\/\/www.visit-ulcinj.com\/blog\/wp-content\/uploads\/2012\/11\/Deme-materiale-ne-Ulqin.21.jpg\" alt=\"\" width=\"300\" height=\"400\" srcset=\"https:\/\/www.visit-ulcinj.com\/blog\/wp-content\/uploads\/2012\/11\/Deme-materiale-ne-Ulqin.21.jpg 720w, https:\/\/www.visit-ulcinj.com\/blog\/wp-content\/uploads\/2012\/11\/Deme-materiale-ne-Ulqin.21-225x300.jpg 225w\" sizes=\"(max-width: 300px) 100vw, 300px\" \/><\/a><strong>Olujni vjetar ru\u0161io suncobrane i le\u017ealjke<\/strong><\/p>\n<p>Obilne padavine pra\u0107ene olujnim vjetrom proteklih dana napravile su prili\u010dnu \u0161tetu na Maloj pla\u017ei. Osim bujice koja je niz ulice koje vode ka Pristanu nosila sve pred sobom, na gradskoj pla\u017ei nevrijeme je uni\u0161tilo dobar dio pla\u017enog mobilijara koji nije sklonjen, jer je zbog lijepog vremena kori\u0161\u0107en do prije nekoliko dana. Razbacani suncobrani i le\u017ealjke svjedo\u010dili su o nevremenu koje je protutnjalo najju\u017enijom op\u0161tinom. Zakupac dijela pla\u017ee sa \u017ealjenjem je mogao da konstatuje da mu je pri\u010dinjena prili\u010dna materijalna \u0161teta. Mje\u0161tani ovog dijela grada ve\u0107 su se \u017ealili nadle\u017enima u lokalnoj samoupravi i tra\u017eili da preduzmu mjere kako bi se sprije\u010dile posledice narednog nevremena. Ulcinj, ina\u010de, ima velikih problema s otpadnim vodama zbog zastarele i neadekvatne infrastrukture.<\/p>\n<p><strong>Izvor: DAN<\/strong><\/p>\n","protected":false},"excerpt":{"rendered":"<p>Olujni vjetar ru\u0161io suncobrane i le\u017ealjke Obilne padavine pra\u0107ene olujnim vjetrom proteklih dana napravile su prili\u010dnu \u0161tetu na Maloj pla\u017ei. Osim bujice koja je niz ulice koje vode ka Pristanu nosila sve pred sobom, na gradskoj pla\u017ei nevrijeme je uni\u0161tilo dobar dio pla\u017enog mobilijara koji nije sklonjen, jer je zbog lijepog vremena kori\u0161\u0107en do prije [&hellip;]<\/p>\n","protected":false},"author":1,"featured_media":0,"comment_status":"open","ping_status":"closed","sticky":false,"template":"","format":"standard","meta":{"spay_email":"","jetpack_publicize_message":"","jetpack_is_tweetstorm":false,"jetpack_publicize_feature_enabled":true},"categories":[6950],"tags":[2392,19],"jetpack_publicize_connections":[],"yoast_head":"<!-- This site is optimized with the Yoast SEO plugin v19.1 - https:\/\/yoast.com\/wordpress\/plugins\/seo\/ -->\n<title>Haos na Maloj pla\u017ei Ulcinja - Lajme nga Ulqini<\/title>\n<meta name=\"description\" content=\"Olujni vjetar ru\u0161io suncobrane i le\u017ealjke Obilne padavine pra\u0107ene olujnim vjetrom proteklih dana napravile su prili\u010dnu \u0161tetu na Maloj pla\u017ei. Osim bujice\" \/>\n<meta name=\"robots\" content=\"index, follow, max-snippet:-1, max-image-preview:large, max-video-preview:-1\" \/>\n<link rel=\"canonical\" href=\"https:\/\/www.visit-ulcinj.com\/blog\/2012\/11\/02\/haos-na-maloj-plazi-ulcinja\/\" \/>\n<meta property=\"og:locale\" content=\"en_US\" \/>\n<meta property=\"og:type\" content=\"article\" \/>\n<meta property=\"og:title\" content=\"Haos na Maloj pla\u017ei Ulcinja - Lajme nga Ulqini\" \/>\n<meta property=\"og:description\" content=\"Olujni vjetar ru\u0161io suncobrane i le\u017ealjke Obilne padavine pra\u0107ene olujnim vjetrom proteklih dana napravile su prili\u010dnu \u0161tetu na Maloj pla\u017ei. Osim bujice\" \/>\n<meta property=\"og:url\" content=\"https:\/\/www.visit-ulcinj.com\/blog\/2012\/11\/02\/haos-na-maloj-plazi-ulcinja\/\" \/>\n<meta property=\"og:site_name\" content=\"Lajme nga Ulqini\" \/>\n<meta property=\"article:published_time\" content=\"2012-11-02T19:14:48+00:00\" \/>\n<meta property=\"article:modified_time\" content=\"2012-11-02T19:15:15+00:00\" \/>\n<meta property=\"og:image\" content=\"http:\/\/www.visit-ulcinj.com\/blog\/wp-content\/uploads\/2012\/11\/Deme-materiale-ne-Ulqin.21.jpg\" \/>\n<meta name=\"twitter:label1\" content=\"Written by\" \/>\n\t<meta name=\"twitter:data1\" content=\"ulqini\" \/>\n\t<meta name=\"twitter:label2\" content=\"Est. reading time\" \/>\n\t<meta name=\"twitter:data2\" content=\"1 minute\" \/>\n<script type=\"application\/ld+json\" class=\"yoast-schema-graph\">{\"@context\":\"https:\/\/schema.org\",\"@graph\":[{\"@type\":\"WebSite\",\"@id\":\"https:\/\/www.visit-ulcinj.com\/blog\/#website\",\"url\":\"https:\/\/www.visit-ulcinj.com\/blog\/\",\"name\":\"Lajme nga Ulqini\",\"description\":\"Lajme,Vijesti,Ulqini,Ulqin,Crna Gora,Mali i Zi\",\"potentialAction\":[{\"@type\":\"SearchAction\",\"target\":{\"@type\":\"EntryPoint\",\"urlTemplate\":\"https:\/\/www.visit-ulcinj.com\/blog\/?s={search_term_string}\"},\"query-input\":\"required name=search_term_string\"}],\"inLanguage\":\"en-US\"},{\"@type\":\"ImageObject\",\"inLanguage\":\"en-US\",\"@id\":\"https:\/\/www.visit-ulcinj.com\/blog\/2012\/11\/02\/haos-na-maloj-plazi-ulcinja\/#primaryimage\",\"url\":\"https:\/\/www.visit-ulcinj.com\/blog\/wp-content\/uploads\/2012\/11\/Deme-materiale-ne-Ulqin.21.jpg\",\"contentUrl\":\"https:\/\/www.visit-ulcinj.com\/blog\/wp-content\/uploads\/2012\/11\/Deme-materiale-ne-Ulqin.21.jpg\",\"width\":\"720\",\"height\":\"960\"},{\"@type\":\"WebPage\",\"@id\":\"https:\/\/www.visit-ulcinj.com\/blog\/2012\/11\/02\/haos-na-maloj-plazi-ulcinja\/#webpage\",\"url\":\"https:\/\/www.visit-ulcinj.com\/blog\/2012\/11\/02\/haos-na-maloj-plazi-ulcinja\/\",\"name\":\"Haos na Maloj pla\u017ei Ulcinja - Lajme nga Ulqini\",\"isPartOf\":{\"@id\":\"https:\/\/www.visit-ulcinj.com\/blog\/#website\"},\"primaryImageOfPage\":{\"@id\":\"https:\/\/www.visit-ulcinj.com\/blog\/2012\/11\/02\/haos-na-maloj-plazi-ulcinja\/#primaryimage\"},\"datePublished\":\"2012-11-02T19:14:48+00:00\",\"dateModified\":\"2012-11-02T19:15:15+00:00\",\"author\":{\"@id\":\"https:\/\/www.visit-ulcinj.com\/blog\/#\/schema\/person\/dcab619c614d3038751c63bc2aadc06d\"},\"description\":\"Olujni vjetar ru\u0161io suncobrane i le\u017ealjke Obilne padavine pra\u0107ene olujnim vjetrom proteklih dana napravile su prili\u010dnu \u0161tetu na Maloj pla\u017ei. Osim bujice\",\"breadcrumb\":{\"@id\":\"https:\/\/www.visit-ulcinj.com\/blog\/2012\/11\/02\/haos-na-maloj-plazi-ulcinja\/#breadcrumb\"},\"inLanguage\":\"en-US\",\"potentialAction\":[{\"@type\":\"ReadAction\",\"target\":[\"https:\/\/www.visit-ulcinj.com\/blog\/2012\/11\/02\/haos-na-maloj-plazi-ulcinja\/\"]}]},{\"@type\":\"BreadcrumbList\",\"@id\":\"https:\/\/www.visit-ulcinj.com\/blog\/2012\/11\/02\/haos-na-maloj-plazi-ulcinja\/#breadcrumb\",\"itemListElement\":[{\"@type\":\"ListItem\",\"position\":1,\"name\":\"Haos na Maloj pla\u017ei Ulcinja\"}]},{\"@type\":\"Person\",\"@id\":\"https:\/\/www.visit-ulcinj.com\/blog\/#\/schema\/person\/dcab619c614d3038751c63bc2aadc06d\",\"name\":\"ulqini\",\"sameAs\":[\"http:\/\/www.visit-ulcinj.com\"],\"url\":\"https:\/\/www.visit-ulcinj.com\/blog\/author\/admin\/\"}]}<\/script>\n<!-- \/ Yoast SEO plugin. -->","yoast_head_json":{"title":"Haos na Maloj pla\u017ei Ulcinja - Lajme nga Ulqini","description":"Olujni vjetar ru\u0161io suncobrane i le\u017ealjke Obilne padavine pra\u0107ene olujnim vjetrom proteklih dana napravile su prili\u010dnu \u0161tetu na Maloj pla\u017ei. Osim bujice","robots":{"index":"index","follow":"follow","max-snippet":"max-snippet:-1","max-image-preview":"max-image-preview:large","max-video-preview":"max-video-preview:-1"},"canonical":"https:\/\/www.visit-ulcinj.com\/blog\/2012\/11\/02\/haos-na-maloj-plazi-ulcinja\/","og_locale":"en_US","og_type":"article","og_title":"Haos na Maloj pla\u017ei Ulcinja - Lajme nga Ulqini","og_description":"Olujni vjetar ru\u0161io suncobrane i le\u017ealjke Obilne padavine pra\u0107ene olujnim vjetrom proteklih dana napravile su prili\u010dnu \u0161tetu na Maloj pla\u017ei. Osim bujice","og_url":"https:\/\/www.visit-ulcinj.com\/blog\/2012\/11\/02\/haos-na-maloj-plazi-ulcinja\/","og_site_name":"Lajme nga Ulqini","article_published_time":"2012-11-02T19:14:48+00:00","article_modified_time":"2012-11-02T19:15:15+00:00","og_image":[{"url":"http:\/\/www.visit-ulcinj.com\/blog\/wp-content\/uploads\/2012\/11\/Deme-materiale-ne-Ulqin.21.jpg"}],"twitter_misc":{"Written by":"ulqini","Est. reading time":"1 minute"},"schema":{"@context":"https:\/\/schema.org","@graph":[{"@type":"WebSite","@id":"https:\/\/www.visit-ulcinj.com\/blog\/#website","url":"https:\/\/www.visit-ulcinj.com\/blog\/","name":"Lajme nga Ulqini","description":"Lajme,Vijesti,Ulqini,Ulqin,Crna Gora,Mali i Zi","potentialAction":[{"@type":"SearchAction","target":{"@type":"EntryPoint","urlTemplate":"https:\/\/www.visit-ulcinj.com\/blog\/?s={search_term_string}"},"query-input":"required name=search_term_string"}],"inLanguage":"en-US"},{"@type":"ImageObject","inLanguage":"en-US","@id":"https:\/\/www.visit-ulcinj.com\/blog\/2012\/11\/02\/haos-na-maloj-plazi-ulcinja\/#primaryimage","url":"https:\/\/www.visit-ulcinj.com\/blog\/wp-content\/uploads\/2012\/11\/Deme-materiale-ne-Ulqin.21.jpg","contentUrl":"https:\/\/www.visit-ulcinj.com\/blog\/wp-content\/uploads\/2012\/11\/Deme-materiale-ne-Ulqin.21.jpg","width":"720","height":"960"},{"@type":"WebPage","@id":"https:\/\/www.visit-ulcinj.com\/blog\/2012\/11\/02\/haos-na-maloj-plazi-ulcinja\/#webpage","url":"https:\/\/www.visit-ulcinj.com\/blog\/2012\/11\/02\/haos-na-maloj-plazi-ulcinja\/","name":"Haos na Maloj pla\u017ei Ulcinja - Lajme nga Ulqini","isPartOf":{"@id":"https:\/\/www.visit-ulcinj.com\/blog\/#website"},"primaryImageOfPage":{"@id":"https:\/\/www.visit-ulcinj.com\/blog\/2012\/11\/02\/haos-na-maloj-plazi-ulcinja\/#primaryimage"},"datePublished":"2012-11-02T19:14:48+00:00","dateModified":"2012-11-02T19:15:15+00:00","author":{"@id":"https:\/\/www.visit-ulcinj.com\/blog\/#\/schema\/person\/dcab619c614d3038751c63bc2aadc06d"},"description":"Olujni vjetar ru\u0161io suncobrane i le\u017ealjke Obilne padavine pra\u0107ene olujnim vjetrom proteklih dana napravile su prili\u010dnu \u0161tetu na Maloj pla\u017ei. Osim bujice","breadcrumb":{"@id":"https:\/\/www.visit-ulcinj.com\/blog\/2012\/11\/02\/haos-na-maloj-plazi-ulcinja\/#breadcrumb"},"inLanguage":"en-US","potentialAction":[{"@type":"ReadAction","target":["https:\/\/www.visit-ulcinj.com\/blog\/2012\/11\/02\/haos-na-maloj-plazi-ulcinja\/"]}]},{"@type":"BreadcrumbList","@id":"https:\/\/www.visit-ulcinj.com\/blog\/2012\/11\/02\/haos-na-maloj-plazi-ulcinja\/#breadcrumb","itemListElement":[{"@type":"ListItem","position":1,"name":"Haos na Maloj pla\u017ei Ulcinja"}]},{"@type":"Person","@id":"https:\/\/www.visit-ulcinj.com\/blog\/#\/schema\/person\/dcab619c614d3038751c63bc2aadc06d","name":"ulqini","sameAs":["http:\/\/www.visit-ulcinj.com"],"url":"https:\/\/www.visit-ulcinj.com\/blog\/author\/admin\/"}]}},"jetpack_featured_media_url":"","jetpack_sharing_enabled":true,"jetpack_shortlink":"https:\/\/wp.me\/pe6lTn-gZI","_links":{"self":[{"href":"https:\/\/www.visit-ulcinj.com\/blog\/wp-json\/wp\/v2\/posts\/65330"}],"collection":[{"href":"https:\/\/www.visit-ulcinj.com\/blog\/wp-json\/wp\/v2\/posts"}],"about":[{"href":"https:\/\/www.visit-ulcinj.com\/blog\/wp-json\/wp\/v2\/types\/post"}],"author":[{"embeddable":true,"href":"https:\/\/www.visit-ulcinj.com\/blog\/wp-json\/wp\/v2\/users\/1"}],"replies":[{"embeddable":true,"href":"https:\/\/www.visit-ulcinj.com\/blog\/wp-json\/wp\/v2\/comments?post=65330"}],"version-history":[{"count":2,"href":"https:\/\/www.visit-ulcinj.com\/blog\/wp-json\/wp\/v2\/posts\/65330\/revisions"}],"predecessor-version":[{"id":65333,"href":"https:\/\/www.visit-ulcinj.com\/blog\/wp-json\/wp\/v2\/posts\/65330\/revisions\/65333"}],"wp:attachment":[{"href":"https:\/\/www.visit-ulcinj.com\/blog\/wp-json\/wp\/v2\/media?parent=65330"}],"wp:term":[{"taxonomy":"category","embeddable":true,"href":"https:\/\/www.visit-ulcinj.com\/blog\/wp-json\/wp\/v2\/categories?post=65330"},{"taxonomy":"post_tag","embeddable":true,"href":"https:\/\/www.visit-ulcinj.com\/blog\/wp-json\/wp\/v2\/tags?post=65330"}],"curies":[{"name":"wp","href":"https:\/\/api.w.org\/{rel}","templated":true}]}}