{"id":65334,"date":"2012-11-02T20:36:16","date_gmt":"2012-11-02T19:36:16","guid":{"rendered":"http:\/\/www.visit-ulcinj.com\/blog\/?p=65334"},"modified":"2012-11-02T20:36:56","modified_gmt":"2012-11-02T19:36:56","slug":"valdanos-s-maslina-opalo-pola-miliona-eura","status":"publish","type":"post","link":"https:\/\/www.visit-ulcinj.com\/blog\/2012\/11\/02\/valdanos-s-maslina-opalo-pola-miliona-eura\/","title":{"rendered":"Valdanos: S maslina opalo pola miliona eura"},"content":{"rendered":"<p><strong><a href=\"http:\/\/www.visit-ulcinj.com\/blog\/wp-content\/uploads\/2012\/11\/zaliv_valdanos.jpg\"><img loading=\"lazy\" class=\"alignleft  wp-image-65335\" title=\"zaliv_valdanos\" src=\"http:\/\/www.visit-ulcinj.com\/blog\/wp-content\/uploads\/2012\/11\/zaliv_valdanos.jpg\" alt=\"\" width=\"508\" height=\"345\" \/><\/a>Zbog nebrige dr\u017eave u valdanosu svake godine propadne stotine tona zelenih plodova<\/strong><\/p>\n<p>Na podru\u010dju najju\u017enije crnogorske op\u0161tine maslina je ove godine dobro rodila, berba je u toku, ali kao i proteklih nekoliko decenija zeleni plod iz uvale Valdanos bespovratno \u0107e propasti. Na oko milion kvadrata, sa oko 18 hiljada stabala, ni ove jeseni ne\u0107e se brati masline. Stru\u010dnjaci ka\u017eu da je to veliki gubitak, ne samo za jednu op\u0161tinu u kojoj ima oko 77 hiljada stabala, nego i za \u010ditavu dr\u017eavu. Predsjednik udru\u017eenja maslinara Ulcinja D\u017eaudet Cakuli ka\u017ee za na\u0161 list da je maslinjak u najljep\u0161oj mediteranskoj uvali u katastrofalnom stanju i da nema odgovora uprkos apelima tog udru\u017eenja i Udru\u017eenja za povra\u0107aj maslinade da se biv\u0161im vlasnicima dozvoli ulazak u imanja koja su im oduzeta krajem sedamdesetih.<\/p>\n<p><a href=\"http:\/\/www.visit-ulcinj.com\/blog\/wp-content\/uploads\/2012\/11\/dzaudet-cakuli-2.jpg\"><img loading=\"lazy\" class=\"alignleft  wp-image-65336\" title=\"dzaudet-cakuli-2\" src=\"http:\/\/www.visit-ulcinj.com\/blog\/wp-content\/uploads\/2012\/11\/dzaudet-cakuli-2.jpg\" alt=\"\" width=\"508\" height=\"380\" \/><\/a><br \/>\n\u2013 S obzirom na ovogodi\u0161nji rod, \u0161teta zbog izostanka berbe u Valdanosu je najmanje pola miliona eura. Pretpostavke su da bi se u sada\u0161njem stanju iz tog maslinjaka moglo ubrati oko 360 tona ploda, odnosno dobiti oko 65 tona ulja. U drugim uslovima, odnosno da je maslinjak odr\u017eavan, ta cifra je tri do \u010detiri puta ve\u0107a pa nije te\u0161ko izra\u010dunati koliko se godi\u0161nje gubi po tom osnovu \u2013 ka\u017ee Cakuli i dodaje da su zahtjevi za sastanak upu\u0107eni nadle\u017enim dr\u017eavnim organima ostali bez odgovora.<br \/>\n\u2013 Slali smo Ministarstvu poljoprivrede zahtjev da se sastanemo i prona\u0111emo neki model kori\u0161\u0107enja barem ove godine, ali izgleda nijesmo nai\u0161li na razumijevanje. Berba ve\u0107 traje, tako da od toga nema ni\u0161ta pa \u0107e velike koli\u010dine ploda ostati neubrane \u2013 konstatuje Cakuli.<br \/>\nJo\u0161 2001. godine stru\u010dnjaci Zavoda za suptropske kulture u Baru predlagali su preduzimanje mjera u cilju revitalizacije maslinjaka u Valdanosu, a biv\u0161i vlasnici predlagali su da otkupe ranije posjede od vlade i o\u017eive stari zanat. Predstavnik Udru\u017eenja za povra\u0107aj maslinade u Valdanosu D\u017eemal Had\u017eibeti ka\u017ee da bi revitalizacija tog dijela uvale ko\u0161tala najmanje milion eura \u0161to bi se, prema njegovom mi\u0161ljenju, vratilo za jednu godinu od prodaje ulja.<br \/>\n\u2013 Maslinjake mogu obnoviti jedino raniji vlasnici. Mi smo na to spremni, jer ne mo\u017eemo vi\u0161e da gledamo kako nam pred o\u010dima propadaju nekada\u0161nja imanja na koja, uprkos svemu, pola\u017eemo pravo \u2013 tvrdi Had\u017eibeti.<br \/>\nOn smatra da je potrebno \u0161to hitnije zaustaviti dalje propadanje maslina.<br \/>\n\u2013 Stabla se moraju iskrastiti, posje\u0107i suvi korijeni i podi\u0107i me\u0111e koje su poru\u0161ene vi\u0161egodi\u0161njom nebrigom. To nije mali posao, ali bi se brzo isplatio. Maslini ne treba mnogo pa\u017enje, ona s malom brigom vi\u0161estruko vra\u0107a. Ali, to ne zavisi od nas nego od dr\u017eave koja ni\u0161ta ne preduzima po tom pitanju. Mi smo u vi\u0161e navrata pisali i obra\u0107ali se premijeru Igoru Luk\u0161i\u0107u i predsjedniku dr\u017eave Filipu Vujanovi\u0107u tra\u017ee\u0107i da se sastanemo, ali to nikako da se dogodi. Jedino je predsjednik skup\u0161tine Ranko Krivokapi\u0107 nedavno, uo\u010di izbora, obe\u0107ao da \u0107e se zalo\u017eiti za na\u0161 problem. Ipak, \u010dini mi se da sve to ostaje na obe\u0107anjima, a masline neumitno propadaju. Neshvatljivo je da nema reakcije na \u010dinjenicu da mi tamo svake godine gubimo stotine hiljada eura. Tvrdim da bi se sada od svakog stabla moglo ra\u010dunati na prosje\u010dno pet litara ulja, a ima ih 18 hiljada. Imamo podatak da su godinu prije nego \u0161to su maslinjaci oduzeti, vlasnici po stablu imali oko 25 litara ulja. Pa sad, vidite kolika je \u0161teta svake godine, da ne govorimo o propadanju tog lokaliteta koji je zarastao u \u0161ipra\u017eje. Masline na tom podru\u010dju stare su u prosjeku po 600 godina, dakle po 200 godina starije od ostalih. Generacije Ulcinjana su ih nasle\u0111ivale s koljena koljeno i \u017eivjeli su od njih, a sada su prepu\u0161tene nebrizi, zubu vremena i silama prirode \u2013 ka\u017ee Had\u017eibeti.<br \/>\nPodsjetimo, odlukom o eksproprijaciji koju je donijela SO Ulcinj 1978. godine, za potrebe nekada\u0161nje JNA od velikog broja ulcinjskih porodica oduzeto je oko 300 hektara s preko 18 hiljada stabala masline. Zemlji\u0161te je oduzeto za potrebe gradnje vojne baze koja nikad nije izgra\u0111ena, a nekada\u0161nji vlasnici tvrde da nije privedeno namjeni i da su se davno stekli uslovi da ono bude vra\u0107eno. Zahtjev biv\u0161ih vlasnika za povra\u0107aj imovine zasnovan je na Ustavu i po osnovu vi\u0161e zakona, po kojima su oni legitimni vlasnici te imovine. Zahtjev je podr\u017eala i Skup\u0161tina op\u0161tine, donijev\u0161i odluku o povra\u0107aju, odnosno o deeksproprijaciji, jer nije u pitanju samo vlasni\u0161tvo pojedinaca, ve\u0107 i op\u0161tinska imovina, kao i imovina vjerskih zajednica. Biv\u0161i vlasnici isti\u010du da je korisnik eksproprijacije odustao od gradnje vojnog objekta stalnog karaktera, a dr\u017eavna zajednica Srbija i Crna Gora svojevremeno je vratila maslinjak Crnoj Gori.<br \/>\n\u2013 On do danas nije vra\u0107en Op\u0161tini Ulcinj na kori\u0161\u0107enje i raspolaganje, jer je Vlada CG odlu\u010dila da proda, odnosno da da u zakup privatnu imovinu. Ministarstvo poljoprivrede od eksproprijacije 1978. godine do danas nije za\u0161titilo maslinjak od fizi\u010dkog propadanja, a podsje\u0107amo da je, po Zakonu o maslini, maslinjak Valdanos u Ulcinju za\u0161ti\u0107en od bilo kakve gradnje. Nedopustivo je da se resurs koji je za\u0161ti\u0107en zakonom ne koristi tridesetak godina. Mi prihvatamo da vratimo primljenu vrijednost revalorizovanu u postupku deeksproprijacije, samo da sa\u010duvamo \u0161to se sa\u010duvati mo\u017ee \u2013 jednoglasni su biv\u0161i vlasnici.<br \/>\n<a href=\"http:\/\/www.visit-ulcinj.com\/blog\/wp-content\/uploads\/2012\/11\/valdanos.jpg\"><img loading=\"lazy\" class=\"alignleft  wp-image-65337\" title=\"valdanos\" src=\"http:\/\/www.visit-ulcinj.com\/blog\/wp-content\/uploads\/2012\/11\/valdanos.jpg\" alt=\"\" width=\"508\" height=\"400\" \/><\/a><br \/>\n<strong>Dobar prihod od ulja<\/strong><br \/>\nU Udru\u017eenju maslinara Ulcinja procjenjuju da \u0107e ovogodi\u0161njom berbom, koja je u toku, na podru\u010dju op\u0161tine biti prikupljeno oko hiljadu i 400 tona maslina. Masline \u0107e se mljeti u desetak mlinova, koliko ih u Ulcinju trenutno radi, a ukupni prihod od prodaje ulja trebalo bi da bude preko dva miliona eura.<\/p>\n<p><strong> Za\u0161ti\u0107eno podru\u010dje Mediterana<\/strong><br \/>\nNVO Monitoring grup Ulcinj \u2013 Mogul predlo\u017ei\u0107e lokalnom parlamentu izradu stru\u010dne podloge \u2013 Studije za\u0161tite, kako bi taj jedinstveni lokalitet dobio ve\u0107i stepen za\u0161tite od postoje\u0107eg. Aktivisti Mogula smatraju da \u0107e ta odluka biti jednoglasno usvojena i isti\u010du da u izradu Studije za\u0161tite Valdanosa treba da budu uklju\u010dene sve stru\u010dne strukture i pojedinci u ovoj op\u0161tini, te da je finansijski pomogne i lokalna uprava. NVO Mogul \u0107e insistirati i da Valdanos zbog svoje jedinstvene bioraznolikosti bude uvr\u0161ten u za\u0161ti\u0107ena podru\u010dja Mediterana i u mre\u017eu NATURA 2000.<\/p>\n<p><strong>Izvor: DAN<\/strong><\/p>\n","protected":false},"excerpt":{"rendered":"<p>Zbog nebrige dr\u017eave u valdanosu svake godine propadne stotine tona zelenih plodova Na podru\u010dju najju\u017enije crnogorske op\u0161tine maslina je ove godine dobro rodila, berba je u toku, ali kao i proteklih nekoliko decenija zeleni plod iz uvale Valdanos bespovratno \u0107e propasti. Na oko milion kvadrata, sa oko 18 hiljada stabala, ni ove jeseni ne\u0107e se [&hellip;]<\/p>\n","protected":false},"author":1,"featured_media":0,"comment_status":"open","ping_status":"closed","sticky":false,"template":"","format":"standard","meta":{"spay_email":"","jetpack_publicize_message":"","jetpack_is_tweetstorm":false,"jetpack_publicize_feature_enabled":true},"categories":[6950],"tags":[19,136],"jetpack_publicize_connections":[],"yoast_head":"<!-- This site is optimized with the Yoast SEO plugin v19.1 - https:\/\/yoast.com\/wordpress\/plugins\/seo\/ -->\n<title>Valdanos: S maslina opalo pola miliona eura - Lajme nga Ulqini<\/title>\n<meta name=\"description\" content=\"Zbog nebrige dr\u017eave u valdanosu svake godine propadne stotine tona zelenih plodova Na podru\u010dju najju\u017enije crnogorske op\u0161tine maslina je ove godine dobro\" \/>\n<meta name=\"robots\" content=\"index, follow, max-snippet:-1, max-image-preview:large, max-video-preview:-1\" \/>\n<link rel=\"canonical\" href=\"https:\/\/www.visit-ulcinj.com\/blog\/2012\/11\/02\/valdanos-s-maslina-opalo-pola-miliona-eura\/\" \/>\n<meta property=\"og:locale\" content=\"en_US\" \/>\n<meta property=\"og:type\" content=\"article\" \/>\n<meta property=\"og:title\" content=\"Valdanos: S maslina opalo pola miliona eura - Lajme nga Ulqini\" \/>\n<meta property=\"og:description\" content=\"Zbog nebrige dr\u017eave u valdanosu svake godine propadne stotine tona zelenih plodova Na podru\u010dju najju\u017enije crnogorske op\u0161tine maslina je ove godine dobro\" \/>\n<meta property=\"og:url\" content=\"https:\/\/www.visit-ulcinj.com\/blog\/2012\/11\/02\/valdanos-s-maslina-opalo-pola-miliona-eura\/\" \/>\n<meta property=\"og:site_name\" content=\"Lajme nga Ulqini\" \/>\n<meta property=\"article:published_time\" content=\"2012-11-02T19:36:16+00:00\" \/>\n<meta property=\"article:modified_time\" content=\"2012-11-02T19:36:56+00:00\" \/>\n<meta property=\"og:image\" content=\"http:\/\/www.visit-ulcinj.com\/blog\/wp-content\/uploads\/2012\/11\/zaliv_valdanos.jpg\" \/>\n<meta name=\"twitter:label1\" content=\"Written by\" \/>\n\t<meta name=\"twitter:data1\" content=\"ulqini\" \/>\n\t<meta name=\"twitter:label2\" content=\"Est. reading time\" \/>\n\t<meta name=\"twitter:data2\" content=\"5 minutes\" \/>\n<script type=\"application\/ld+json\" class=\"yoast-schema-graph\">{\"@context\":\"https:\/\/schema.org\",\"@graph\":[{\"@type\":\"WebSite\",\"@id\":\"https:\/\/www.visit-ulcinj.com\/blog\/#website\",\"url\":\"https:\/\/www.visit-ulcinj.com\/blog\/\",\"name\":\"Lajme nga Ulqini\",\"description\":\"Lajme,Vijesti,Ulqini,Ulqin,Crna Gora,Mali i Zi\",\"potentialAction\":[{\"@type\":\"SearchAction\",\"target\":{\"@type\":\"EntryPoint\",\"urlTemplate\":\"https:\/\/www.visit-ulcinj.com\/blog\/?s={search_term_string}\"},\"query-input\":\"required name=search_term_string\"}],\"inLanguage\":\"en-US\"},{\"@type\":\"ImageObject\",\"inLanguage\":\"en-US\",\"@id\":\"https:\/\/www.visit-ulcinj.com\/blog\/2012\/11\/02\/valdanos-s-maslina-opalo-pola-miliona-eura\/#primaryimage\",\"url\":\"https:\/\/www.visit-ulcinj.com\/blog\/wp-content\/uploads\/2012\/11\/zaliv_valdanos.jpg\",\"contentUrl\":\"https:\/\/www.visit-ulcinj.com\/blog\/wp-content\/uploads\/2012\/11\/zaliv_valdanos.jpg\",\"width\":\"460\",\"height\":\"345\"},{\"@type\":\"WebPage\",\"@id\":\"https:\/\/www.visit-ulcinj.com\/blog\/2012\/11\/02\/valdanos-s-maslina-opalo-pola-miliona-eura\/#webpage\",\"url\":\"https:\/\/www.visit-ulcinj.com\/blog\/2012\/11\/02\/valdanos-s-maslina-opalo-pola-miliona-eura\/\",\"name\":\"Valdanos: S maslina opalo pola miliona eura - Lajme nga Ulqini\",\"isPartOf\":{\"@id\":\"https:\/\/www.visit-ulcinj.com\/blog\/#website\"},\"primaryImageOfPage\":{\"@id\":\"https:\/\/www.visit-ulcinj.com\/blog\/2012\/11\/02\/valdanos-s-maslina-opalo-pola-miliona-eura\/#primaryimage\"},\"datePublished\":\"2012-11-02T19:36:16+00:00\",\"dateModified\":\"2012-11-02T19:36:56+00:00\",\"author\":{\"@id\":\"https:\/\/www.visit-ulcinj.com\/blog\/#\/schema\/person\/dcab619c614d3038751c63bc2aadc06d\"},\"description\":\"Zbog nebrige dr\u017eave u valdanosu svake godine propadne stotine tona zelenih plodova Na podru\u010dju najju\u017enije crnogorske op\u0161tine maslina je ove godine dobro\",\"breadcrumb\":{\"@id\":\"https:\/\/www.visit-ulcinj.com\/blog\/2012\/11\/02\/valdanos-s-maslina-opalo-pola-miliona-eura\/#breadcrumb\"},\"inLanguage\":\"en-US\",\"potentialAction\":[{\"@type\":\"ReadAction\",\"target\":[\"https:\/\/www.visit-ulcinj.com\/blog\/2012\/11\/02\/valdanos-s-maslina-opalo-pola-miliona-eura\/\"]}]},{\"@type\":\"BreadcrumbList\",\"@id\":\"https:\/\/www.visit-ulcinj.com\/blog\/2012\/11\/02\/valdanos-s-maslina-opalo-pola-miliona-eura\/#breadcrumb\",\"itemListElement\":[{\"@type\":\"ListItem\",\"position\":1,\"name\":\"Valdanos: S maslina opalo pola miliona eura\"}]},{\"@type\":\"Person\",\"@id\":\"https:\/\/www.visit-ulcinj.com\/blog\/#\/schema\/person\/dcab619c614d3038751c63bc2aadc06d\",\"name\":\"ulqini\",\"sameAs\":[\"http:\/\/www.visit-ulcinj.com\"],\"url\":\"https:\/\/www.visit-ulcinj.com\/blog\/author\/admin\/\"}]}<\/script>\n<!-- \/ Yoast SEO plugin. -->","yoast_head_json":{"title":"Valdanos: S maslina opalo pola miliona eura - Lajme nga Ulqini","description":"Zbog nebrige dr\u017eave u valdanosu svake godine propadne stotine tona zelenih plodova Na podru\u010dju najju\u017enije crnogorske op\u0161tine maslina je ove godine dobro","robots":{"index":"index","follow":"follow","max-snippet":"max-snippet:-1","max-image-preview":"max-image-preview:large","max-video-preview":"max-video-preview:-1"},"canonical":"https:\/\/www.visit-ulcinj.com\/blog\/2012\/11\/02\/valdanos-s-maslina-opalo-pola-miliona-eura\/","og_locale":"en_US","og_type":"article","og_title":"Valdanos: S maslina opalo pola miliona eura - Lajme nga Ulqini","og_description":"Zbog nebrige dr\u017eave u valdanosu svake godine propadne stotine tona zelenih plodova Na podru\u010dju najju\u017enije crnogorske op\u0161tine maslina je ove godine dobro","og_url":"https:\/\/www.visit-ulcinj.com\/blog\/2012\/11\/02\/valdanos-s-maslina-opalo-pola-miliona-eura\/","og_site_name":"Lajme nga Ulqini","article_published_time":"2012-11-02T19:36:16+00:00","article_modified_time":"2012-11-02T19:36:56+00:00","og_image":[{"url":"http:\/\/www.visit-ulcinj.com\/blog\/wp-content\/uploads\/2012\/11\/zaliv_valdanos.jpg"}],"twitter_misc":{"Written by":"ulqini","Est. reading time":"5 minutes"},"schema":{"@context":"https:\/\/schema.org","@graph":[{"@type":"WebSite","@id":"https:\/\/www.visit-ulcinj.com\/blog\/#website","url":"https:\/\/www.visit-ulcinj.com\/blog\/","name":"Lajme nga Ulqini","description":"Lajme,Vijesti,Ulqini,Ulqin,Crna Gora,Mali i Zi","potentialAction":[{"@type":"SearchAction","target":{"@type":"EntryPoint","urlTemplate":"https:\/\/www.visit-ulcinj.com\/blog\/?s={search_term_string}"},"query-input":"required name=search_term_string"}],"inLanguage":"en-US"},{"@type":"ImageObject","inLanguage":"en-US","@id":"https:\/\/www.visit-ulcinj.com\/blog\/2012\/11\/02\/valdanos-s-maslina-opalo-pola-miliona-eura\/#primaryimage","url":"https:\/\/www.visit-ulcinj.com\/blog\/wp-content\/uploads\/2012\/11\/zaliv_valdanos.jpg","contentUrl":"https:\/\/www.visit-ulcinj.com\/blog\/wp-content\/uploads\/2012\/11\/zaliv_valdanos.jpg","width":"460","height":"345"},{"@type":"WebPage","@id":"https:\/\/www.visit-ulcinj.com\/blog\/2012\/11\/02\/valdanos-s-maslina-opalo-pola-miliona-eura\/#webpage","url":"https:\/\/www.visit-ulcinj.com\/blog\/2012\/11\/02\/valdanos-s-maslina-opalo-pola-miliona-eura\/","name":"Valdanos: S maslina opalo pola miliona eura - Lajme nga Ulqini","isPartOf":{"@id":"https:\/\/www.visit-ulcinj.com\/blog\/#website"},"primaryImageOfPage":{"@id":"https:\/\/www.visit-ulcinj.com\/blog\/2012\/11\/02\/valdanos-s-maslina-opalo-pola-miliona-eura\/#primaryimage"},"datePublished":"2012-11-02T19:36:16+00:00","dateModified":"2012-11-02T19:36:56+00:00","author":{"@id":"https:\/\/www.visit-ulcinj.com\/blog\/#\/schema\/person\/dcab619c614d3038751c63bc2aadc06d"},"description":"Zbog nebrige dr\u017eave u valdanosu svake godine propadne stotine tona zelenih plodova Na podru\u010dju najju\u017enije crnogorske op\u0161tine maslina je ove godine dobro","breadcrumb":{"@id":"https:\/\/www.visit-ulcinj.com\/blog\/2012\/11\/02\/valdanos-s-maslina-opalo-pola-miliona-eura\/#breadcrumb"},"inLanguage":"en-US","potentialAction":[{"@type":"ReadAction","target":["https:\/\/www.visit-ulcinj.com\/blog\/2012\/11\/02\/valdanos-s-maslina-opalo-pola-miliona-eura\/"]}]},{"@type":"BreadcrumbList","@id":"https:\/\/www.visit-ulcinj.com\/blog\/2012\/11\/02\/valdanos-s-maslina-opalo-pola-miliona-eura\/#breadcrumb","itemListElement":[{"@type":"ListItem","position":1,"name":"Valdanos: S maslina opalo pola miliona eura"}]},{"@type":"Person","@id":"https:\/\/www.visit-ulcinj.com\/blog\/#\/schema\/person\/dcab619c614d3038751c63bc2aadc06d","name":"ulqini","sameAs":["http:\/\/www.visit-ulcinj.com"],"url":"https:\/\/www.visit-ulcinj.com\/blog\/author\/admin\/"}]}},"jetpack_featured_media_url":"","jetpack_sharing_enabled":true,"jetpack_shortlink":"https:\/\/wp.me\/pe6lTn-gZM","_links":{"self":[{"href":"https:\/\/www.visit-ulcinj.com\/blog\/wp-json\/wp\/v2\/posts\/65334"}],"collection":[{"href":"https:\/\/www.visit-ulcinj.com\/blog\/wp-json\/wp\/v2\/posts"}],"about":[{"href":"https:\/\/www.visit-ulcinj.com\/blog\/wp-json\/wp\/v2\/types\/post"}],"author":[{"embeddable":true,"href":"https:\/\/www.visit-ulcinj.com\/blog\/wp-json\/wp\/v2\/users\/1"}],"replies":[{"embeddable":true,"href":"https:\/\/www.visit-ulcinj.com\/blog\/wp-json\/wp\/v2\/comments?post=65334"}],"version-history":[{"count":2,"href":"https:\/\/www.visit-ulcinj.com\/blog\/wp-json\/wp\/v2\/posts\/65334\/revisions"}],"predecessor-version":[{"id":65339,"href":"https:\/\/www.visit-ulcinj.com\/blog\/wp-json\/wp\/v2\/posts\/65334\/revisions\/65339"}],"wp:attachment":[{"href":"https:\/\/www.visit-ulcinj.com\/blog\/wp-json\/wp\/v2\/media?parent=65334"}],"wp:term":[{"taxonomy":"category","embeddable":true,"href":"https:\/\/www.visit-ulcinj.com\/blog\/wp-json\/wp\/v2\/categories?post=65334"},{"taxonomy":"post_tag","embeddable":true,"href":"https:\/\/www.visit-ulcinj.com\/blog\/wp-json\/wp\/v2\/tags?post=65334"}],"curies":[{"name":"wp","href":"https:\/\/api.w.org\/{rel}","templated":true}]}}