{"id":65342,"date":"2012-11-02T20:54:13","date_gmt":"2012-11-02T19:54:13","guid":{"rendered":"http:\/\/www.visit-ulcinj.com\/blog\/?p=65342"},"modified":"2012-11-02T20:54:13","modified_gmt":"2012-11-02T19:54:13","slug":"zenka-izborni-zakon-kaznjava-albance","status":"publish","type":"post","link":"https:\/\/www.visit-ulcinj.com\/blog\/2012\/11\/02\/zenka-izborni-zakon-kaznjava-albance\/","title":{"rendered":"Zenka: Izborni zakon ka\u017enjava Albance"},"content":{"rendered":"<p><strong><a href=\"http:\/\/www.visit-ulcinj.com\/blog\/wp-content\/uploads\/2012\/11\/Mehmet-Zenka.jpg\"><img loading=\"lazy\" class=\"alignleft  wp-image-65343\" title=\"Mehmet  Zenka\" src=\"http:\/\/www.visit-ulcinj.com\/blog\/wp-content\/uploads\/2012\/11\/Mehmet-Zenka.jpg\" alt=\"\" width=\"508\" height=\"360\" \/><\/a>Mehmet Zenka smatra da albanski narod zaslu\u017euje \u010detiri poslani\u010dka mandata<\/strong><\/p>\n<p>Na primjeru Demokratske unije Albanaca (DUA) dokazalo se da postoje\u0107i izborni zakon nema nimalo afirmativne vrijednosti prema albanskoj manjini, ocijenio je predsjednik DUA Mehmet Zenka. On isti\u010de da se pogre\u0161nim tuma\u010denjem izbornog zakona ka\u017enjava albanski narod.<br \/>\n\u2013 Taj zakon se ne odnosi prema Albancima afirmativno, ve\u0107 na diskriminatorski na\u010din. Albancima procentualno pripadaju tri mandata u Skup\u0161tini, dok su realna albanska potra\u017eivanja \u010detiri garantovana poslani\u010dka mjesta \u2013 kazao je Zenka u izjavi za \u201eDan\u201d.<br \/>\nNa parlamentarnim izborima 14. oktobra DUA je ostala bez mandata u crnogorskoj skup\u0161tini. Nedavno je Ustavni sud odbacio kao neosnovanu \u017ealbu DUA na rje\u0161enje Dr\u017eavne izborne komisije kojim je odbijen njihov prigovor na preliminarne rezultate izbora.<br \/>\n\u2013 Na\u0161e aktivnosti u ostvarivanju pravde \u0107e se nastaviti. Osim toga, preostaje nam organizacija u partiji i rad na programskim zadacima. O\u010dekuje nas redovni kongres partije, na kojem \u0107e do\u0107i do podmla\u0111ivanja stranke i priklju\u010divanja novih \u010dlanova \u2013 zaklju\u010dio je Zenka.<\/p>\n<p><strong>Bo.M.<\/strong><br \/>\n<strong>Izvor: DAN<\/strong><\/p>\n","protected":false},"excerpt":{"rendered":"<p>Mehmet Zenka smatra da albanski narod zaslu\u017euje \u010detiri poslani\u010dka mandata Na primjeru Demokratske unije Albanaca (DUA) dokazalo se da postoje\u0107i izborni zakon nema nimalo afirmativne vrijednosti prema albanskoj manjini, ocijenio je predsjednik DUA Mehmet Zenka. On isti\u010de da se pogre\u0161nim tuma\u010denjem izbornog zakona ka\u017enjava albanski narod. \u2013 Taj zakon se ne odnosi prema Albancima afirmativno, [&hellip;]<\/p>\n","protected":false},"author":1,"featured_media":0,"comment_status":"open","ping_status":"closed","sticky":false,"template":"","format":"standard","meta":{"spay_email":"","jetpack_publicize_message":"","jetpack_is_tweetstorm":false,"jetpack_publicize_feature_enabled":true},"categories":[8337],"tags":[87,3371],"jetpack_publicize_connections":[],"yoast_head":"<!-- This site is optimized with the Yoast SEO plugin v19.1 - https:\/\/yoast.com\/wordpress\/plugins\/seo\/ -->\n<title>Zenka: Izborni zakon ka\u017enjava Albance - Lajme nga Ulqini<\/title>\n<meta name=\"description\" content=\"Mehmet Zenka smatra da albanski narod zaslu\u017euje \u010detiri poslani\u010dka mandata Na primjeru Demokratske unije Albanaca (DUA) dokazalo se da postoje\u0107i izborni\" \/>\n<meta name=\"robots\" content=\"index, follow, max-snippet:-1, max-image-preview:large, max-video-preview:-1\" \/>\n<link rel=\"canonical\" href=\"https:\/\/www.visit-ulcinj.com\/blog\/2012\/11\/02\/zenka-izborni-zakon-kaznjava-albance\/\" \/>\n<meta property=\"og:locale\" content=\"en_US\" \/>\n<meta property=\"og:type\" content=\"article\" \/>\n<meta property=\"og:title\" content=\"Zenka: Izborni zakon ka\u017enjava Albance - Lajme nga Ulqini\" \/>\n<meta property=\"og:description\" content=\"Mehmet Zenka smatra da albanski narod zaslu\u017euje \u010detiri poslani\u010dka mandata Na primjeru Demokratske unije Albanaca (DUA) dokazalo se da postoje\u0107i izborni\" \/>\n<meta property=\"og:url\" content=\"https:\/\/www.visit-ulcinj.com\/blog\/2012\/11\/02\/zenka-izborni-zakon-kaznjava-albance\/\" \/>\n<meta property=\"og:site_name\" content=\"Lajme nga Ulqini\" \/>\n<meta property=\"article:published_time\" content=\"2012-11-02T19:54:13+00:00\" \/>\n<meta property=\"og:image\" content=\"http:\/\/www.visit-ulcinj.com\/blog\/wp-content\/uploads\/2012\/11\/Mehmet-Zenka.jpg\" \/>\n<meta name=\"twitter:label1\" content=\"Written by\" \/>\n\t<meta name=\"twitter:data1\" content=\"ulqini\" \/>\n\t<meta name=\"twitter:label2\" content=\"Est. reading time\" \/>\n\t<meta name=\"twitter:data2\" content=\"1 minute\" \/>\n<script type=\"application\/ld+json\" class=\"yoast-schema-graph\">{\"@context\":\"https:\/\/schema.org\",\"@graph\":[{\"@type\":\"WebSite\",\"@id\":\"https:\/\/www.visit-ulcinj.com\/blog\/#website\",\"url\":\"https:\/\/www.visit-ulcinj.com\/blog\/\",\"name\":\"Lajme nga Ulqini\",\"description\":\"Lajme,Vijesti,Ulqini,Ulqin,Crna Gora,Mali i Zi\",\"potentialAction\":[{\"@type\":\"SearchAction\",\"target\":{\"@type\":\"EntryPoint\",\"urlTemplate\":\"https:\/\/www.visit-ulcinj.com\/blog\/?s={search_term_string}\"},\"query-input\":\"required name=search_term_string\"}],\"inLanguage\":\"en-US\"},{\"@type\":\"ImageObject\",\"inLanguage\":\"en-US\",\"@id\":\"https:\/\/www.visit-ulcinj.com\/blog\/2012\/11\/02\/zenka-izborni-zakon-kaznjava-albance\/#primaryimage\",\"url\":\"https:\/\/www.visit-ulcinj.com\/blog\/wp-content\/uploads\/2012\/11\/Mehmet-Zenka.jpg\",\"contentUrl\":\"https:\/\/www.visit-ulcinj.com\/blog\/wp-content\/uploads\/2012\/11\/Mehmet-Zenka.jpg\",\"width\":\"526\",\"height\":\"521\"},{\"@type\":\"WebPage\",\"@id\":\"https:\/\/www.visit-ulcinj.com\/blog\/2012\/11\/02\/zenka-izborni-zakon-kaznjava-albance\/#webpage\",\"url\":\"https:\/\/www.visit-ulcinj.com\/blog\/2012\/11\/02\/zenka-izborni-zakon-kaznjava-albance\/\",\"name\":\"Zenka: Izborni zakon ka\u017enjava Albance - Lajme nga Ulqini\",\"isPartOf\":{\"@id\":\"https:\/\/www.visit-ulcinj.com\/blog\/#website\"},\"primaryImageOfPage\":{\"@id\":\"https:\/\/www.visit-ulcinj.com\/blog\/2012\/11\/02\/zenka-izborni-zakon-kaznjava-albance\/#primaryimage\"},\"datePublished\":\"2012-11-02T19:54:13+00:00\",\"dateModified\":\"2012-11-02T19:54:13+00:00\",\"author\":{\"@id\":\"https:\/\/www.visit-ulcinj.com\/blog\/#\/schema\/person\/dcab619c614d3038751c63bc2aadc06d\"},\"description\":\"Mehmet Zenka smatra da albanski narod zaslu\u017euje \u010detiri poslani\u010dka mandata Na primjeru Demokratske unije Albanaca (DUA) dokazalo se da postoje\u0107i izborni\",\"breadcrumb\":{\"@id\":\"https:\/\/www.visit-ulcinj.com\/blog\/2012\/11\/02\/zenka-izborni-zakon-kaznjava-albance\/#breadcrumb\"},\"inLanguage\":\"en-US\",\"potentialAction\":[{\"@type\":\"ReadAction\",\"target\":[\"https:\/\/www.visit-ulcinj.com\/blog\/2012\/11\/02\/zenka-izborni-zakon-kaznjava-albance\/\"]}]},{\"@type\":\"BreadcrumbList\",\"@id\":\"https:\/\/www.visit-ulcinj.com\/blog\/2012\/11\/02\/zenka-izborni-zakon-kaznjava-albance\/#breadcrumb\",\"itemListElement\":[{\"@type\":\"ListItem\",\"position\":1,\"name\":\"Zenka: Izborni zakon ka\u017enjava Albance\"}]},{\"@type\":\"Person\",\"@id\":\"https:\/\/www.visit-ulcinj.com\/blog\/#\/schema\/person\/dcab619c614d3038751c63bc2aadc06d\",\"name\":\"ulqini\",\"sameAs\":[\"http:\/\/www.visit-ulcinj.com\"],\"url\":\"https:\/\/www.visit-ulcinj.com\/blog\/author\/admin\/\"}]}<\/script>\n<!-- \/ Yoast SEO plugin. -->","yoast_head_json":{"title":"Zenka: Izborni zakon ka\u017enjava Albance - Lajme nga Ulqini","description":"Mehmet Zenka smatra da albanski narod zaslu\u017euje \u010detiri poslani\u010dka mandata Na primjeru Demokratske unije Albanaca (DUA) dokazalo se da postoje\u0107i izborni","robots":{"index":"index","follow":"follow","max-snippet":"max-snippet:-1","max-image-preview":"max-image-preview:large","max-video-preview":"max-video-preview:-1"},"canonical":"https:\/\/www.visit-ulcinj.com\/blog\/2012\/11\/02\/zenka-izborni-zakon-kaznjava-albance\/","og_locale":"en_US","og_type":"article","og_title":"Zenka: Izborni zakon ka\u017enjava Albance - Lajme nga Ulqini","og_description":"Mehmet Zenka smatra da albanski narod zaslu\u017euje \u010detiri poslani\u010dka mandata Na primjeru Demokratske unije Albanaca (DUA) dokazalo se da postoje\u0107i izborni","og_url":"https:\/\/www.visit-ulcinj.com\/blog\/2012\/11\/02\/zenka-izborni-zakon-kaznjava-albance\/","og_site_name":"Lajme nga Ulqini","article_published_time":"2012-11-02T19:54:13+00:00","og_image":[{"url":"http:\/\/www.visit-ulcinj.com\/blog\/wp-content\/uploads\/2012\/11\/Mehmet-Zenka.jpg"}],"twitter_misc":{"Written by":"ulqini","Est. reading time":"1 minute"},"schema":{"@context":"https:\/\/schema.org","@graph":[{"@type":"WebSite","@id":"https:\/\/www.visit-ulcinj.com\/blog\/#website","url":"https:\/\/www.visit-ulcinj.com\/blog\/","name":"Lajme nga Ulqini","description":"Lajme,Vijesti,Ulqini,Ulqin,Crna Gora,Mali i Zi","potentialAction":[{"@type":"SearchAction","target":{"@type":"EntryPoint","urlTemplate":"https:\/\/www.visit-ulcinj.com\/blog\/?s={search_term_string}"},"query-input":"required name=search_term_string"}],"inLanguage":"en-US"},{"@type":"ImageObject","inLanguage":"en-US","@id":"https:\/\/www.visit-ulcinj.com\/blog\/2012\/11\/02\/zenka-izborni-zakon-kaznjava-albance\/#primaryimage","url":"https:\/\/www.visit-ulcinj.com\/blog\/wp-content\/uploads\/2012\/11\/Mehmet-Zenka.jpg","contentUrl":"https:\/\/www.visit-ulcinj.com\/blog\/wp-content\/uploads\/2012\/11\/Mehmet-Zenka.jpg","width":"526","height":"521"},{"@type":"WebPage","@id":"https:\/\/www.visit-ulcinj.com\/blog\/2012\/11\/02\/zenka-izborni-zakon-kaznjava-albance\/#webpage","url":"https:\/\/www.visit-ulcinj.com\/blog\/2012\/11\/02\/zenka-izborni-zakon-kaznjava-albance\/","name":"Zenka: Izborni zakon ka\u017enjava Albance - Lajme nga Ulqini","isPartOf":{"@id":"https:\/\/www.visit-ulcinj.com\/blog\/#website"},"primaryImageOfPage":{"@id":"https:\/\/www.visit-ulcinj.com\/blog\/2012\/11\/02\/zenka-izborni-zakon-kaznjava-albance\/#primaryimage"},"datePublished":"2012-11-02T19:54:13+00:00","dateModified":"2012-11-02T19:54:13+00:00","author":{"@id":"https:\/\/www.visit-ulcinj.com\/blog\/#\/schema\/person\/dcab619c614d3038751c63bc2aadc06d"},"description":"Mehmet Zenka smatra da albanski narod zaslu\u017euje \u010detiri poslani\u010dka mandata Na primjeru Demokratske unije Albanaca (DUA) dokazalo se da postoje\u0107i izborni","breadcrumb":{"@id":"https:\/\/www.visit-ulcinj.com\/blog\/2012\/11\/02\/zenka-izborni-zakon-kaznjava-albance\/#breadcrumb"},"inLanguage":"en-US","potentialAction":[{"@type":"ReadAction","target":["https:\/\/www.visit-ulcinj.com\/blog\/2012\/11\/02\/zenka-izborni-zakon-kaznjava-albance\/"]}]},{"@type":"BreadcrumbList","@id":"https:\/\/www.visit-ulcinj.com\/blog\/2012\/11\/02\/zenka-izborni-zakon-kaznjava-albance\/#breadcrumb","itemListElement":[{"@type":"ListItem","position":1,"name":"Zenka: Izborni zakon ka\u017enjava Albance"}]},{"@type":"Person","@id":"https:\/\/www.visit-ulcinj.com\/blog\/#\/schema\/person\/dcab619c614d3038751c63bc2aadc06d","name":"ulqini","sameAs":["http:\/\/www.visit-ulcinj.com"],"url":"https:\/\/www.visit-ulcinj.com\/blog\/author\/admin\/"}]}},"jetpack_featured_media_url":"","jetpack_sharing_enabled":true,"jetpack_shortlink":"https:\/\/wp.me\/pe6lTn-gZU","_links":{"self":[{"href":"https:\/\/www.visit-ulcinj.com\/blog\/wp-json\/wp\/v2\/posts\/65342"}],"collection":[{"href":"https:\/\/www.visit-ulcinj.com\/blog\/wp-json\/wp\/v2\/posts"}],"about":[{"href":"https:\/\/www.visit-ulcinj.com\/blog\/wp-json\/wp\/v2\/types\/post"}],"author":[{"embeddable":true,"href":"https:\/\/www.visit-ulcinj.com\/blog\/wp-json\/wp\/v2\/users\/1"}],"replies":[{"embeddable":true,"href":"https:\/\/www.visit-ulcinj.com\/blog\/wp-json\/wp\/v2\/comments?post=65342"}],"version-history":[{"count":1,"href":"https:\/\/www.visit-ulcinj.com\/blog\/wp-json\/wp\/v2\/posts\/65342\/revisions"}],"predecessor-version":[{"id":65344,"href":"https:\/\/www.visit-ulcinj.com\/blog\/wp-json\/wp\/v2\/posts\/65342\/revisions\/65344"}],"wp:attachment":[{"href":"https:\/\/www.visit-ulcinj.com\/blog\/wp-json\/wp\/v2\/media?parent=65342"}],"wp:term":[{"taxonomy":"category","embeddable":true,"href":"https:\/\/www.visit-ulcinj.com\/blog\/wp-json\/wp\/v2\/categories?post=65342"},{"taxonomy":"post_tag","embeddable":true,"href":"https:\/\/www.visit-ulcinj.com\/blog\/wp-json\/wp\/v2\/tags?post=65342"}],"curies":[{"name":"wp","href":"https:\/\/api.w.org\/{rel}","templated":true}]}}