{"id":65354,"date":"2012-11-03T19:09:30","date_gmt":"2012-11-03T18:09:30","guid":{"rendered":"http:\/\/www.visit-ulcinj.com\/blog\/?p=65354"},"modified":"2012-11-08T17:43:44","modified_gmt":"2012-11-08T16:43:44","slug":"hapet-panairi-te-artizaneve-ne-kompleksin-lamiga-ne-krythe","status":"publish","type":"post","link":"https:\/\/www.visit-ulcinj.com\/blog\/2012\/11\/03\/hapet-panairi-te-artizaneve-ne-kompleksin-lamiga-ne-krythe\/","title":{"rendered":"Hapet Panairi t\u00eb artizaneve n\u00eb kompleksin LAMIGA n\u00eb Kryth\u00eb + Foto &#8211; Video"},"content":{"rendered":"<p><a href=\"http:\/\/www.visit-ulcinj.com\/blog\/wp-content\/uploads\/2012\/11\/Panairi-Kombetar-i-Artizanatit-Ana-Malit-Ulqin.jpg\"><img loading=\"lazy\" class=\"alignleft  wp-image-65356\" title=\"Panairi Kombetar i Artizanatit - Ana Malit -Ulqin\" src=\"http:\/\/www.visit-ulcinj.com\/blog\/wp-content\/uploads\/2012\/11\/Panairi-Kombetar-i-Artizanatit-Ana-Malit-Ulqin.jpg\" alt=\"\" width=\"508\" height=\"360\" \/><\/a>T\u00eb shtunen me dat\u00ebn 03.11.2012, pran\u00eb ambjenteve t\u00eb kompleksit &#8220;Lamiga&#8221; u organizua ceremonia e hapjes s\u00eb Panairit t\u00eb Par\u00eb Mbar\u00ebkomb\u00ebtar t\u00eb Artizan\u00ebve p\u00ebr nder t\u00eb Dit\u00ebs s\u00eb Flamurit dhe 100-Vjetorit t\u00eb Pavar\u00ebsis\u00eb s\u00eb Shqip\u00ebris\u00eb, t\u00eb organizuar nga Shoqata e Artizan\u00ebve Shqiptar\u00eb por si ide e artizanit nga Ana e Malit, zot\u00ebri Ramiz Hajdarit.Ne organizimin e panairit ndihmuan shoqata &#8220;Labeatet&#8221;e zonj\u00ebs Luljeta Avdiu Cura, si edhe nuk mungoi p\u00ebrkrahja e K\u00ebshillit Nacional i Shqiptar\u00ebve.<br \/>\n<a href=\"http:\/\/www.visit-ulcinj.com\/blog\/wp-content\/uploads\/2012\/11\/Panairi-Kombetar-i-Artizanatit-Ana-Malit-Ulqin.1.jpg\"><img loading=\"lazy\" class=\"alignleft size-full wp-image-65358\" title=\"Panairi Kombetar i Artizanatit - Ana Malit -Ulqin.1\" src=\"http:\/\/www.visit-ulcinj.com\/blog\/wp-content\/uploads\/2012\/11\/Panairi-Kombetar-i-Artizanatit-Ana-Malit-Ulqin.1.jpg\" alt=\"\" width=\"508\" height=\"300\" \/><\/a><br \/>\nT\u00eb pranishem ishin nj\u00eb num\u00ebr i madh pjes\u00ebmarr\u00ebsish, por edhe figura t\u00eb r\u00ebnd\u00ebsishme t\u00eb kultur\u00ebs, arsimit dhe politik\u00ebs vendase si edhe asaj jasht\u00eb kufinjve, duke p\u00ebrfshir\u00eb k\u00ebtu edhe kryetarin e Aleances Kuq e Zi, zot\u00ebri Kreshnik Spahiun i cili ju p\u00ebrgjigj ftes\u00ebs s\u00eb shoqat\u00ebs s\u00eb artizan\u00ebve p\u00ebr t\u00eb qen\u00eb mysafir nderi n\u00eb k\u00ebt\u00eb panair.Fjal\u00ebn p\u00ebrsh\u00ebndet\u00ebse e mori zot\u00ebri Mehmet Bardhi, nj\u00ebherit kryetar i Lidhjes Demokratike n\u00eb Mal t\u00eb Zi dhe ish deputet, pastaj zot\u00ebri Hajredin Kova\u00e7i, kryetar i komisionit p\u00ebr kultur\u00eb pran\u00eb K.N.Sh-s\u00eb si edhe kryetari i Aleances Kuq e Zi, zot\u00ebri Kreshnik Spahiu.<\/p>\n<p><a href=\"http:\/\/www.visit-ulcinj.com\/blog\/wp-content\/uploads\/2012\/11\/Panairi-Kombetar-i-Artizanatit-Ana-Malit-Ulqin.5.jpg\"><img loading=\"lazy\" class=\"alignleft  wp-image-65364\" title=\"Panairi Kombetar i Artizanatit - Ana Malit -Ulqin.5\" src=\"http:\/\/www.visit-ulcinj.com\/blog\/wp-content\/uploads\/2012\/11\/Panairi-Kombetar-i-Artizanatit-Ana-Malit-Ulqin.5.jpg\" alt=\"\" width=\"508\" height=\"300\" \/><\/a><\/p>\n<p>Ngjyra t\u00eb bukura k\u00ebti panairi i dhan\u00eb artizan\u00ebt me punimet e tyre t\u00eb cil\u00ebt nd\u00ebr vite me duart e tyre t\u00eb arta kan\u00eb ndihmuar n\u00eb ruajtjen e tradit\u00ebs dhe identitetit komb\u00ebtar e poashtu edhe djemt\u00eb e e vajzat e shkoll\u00ebs fillore &#8220;Bedri Elezaga&#8221;n\u00eb Kat\u00ebrkoll\u00eb t\u00eb veshur me kostumet tradicionale vendase por edhe kostumet e trevave tjera shqiptare.<br \/>\nVend t\u00eb merituar z\u00ebn\u00eb edhe arsimtar\u00ebt e po t\u00eb nj\u00ebjt\u00ebs shkoll\u00eb t\u00eb cil\u00ebt shoq\u00ebruan nx\u00ebn\u00ebsit e tyre n\u00eb k\u00ebt\u00eb panair.<\/p>\n<p><a href=\"http:\/\/www.visit-ulcinj.com\/blog\/wp-content\/uploads\/2012\/11\/Panairi-Kombetar-i-Artizanatit-Ana-Malit-Ulqin.8.jpg\"><img loading=\"lazy\" class=\"alignleft  wp-image-65367\" title=\"Panairi Kombetar i Artizanatit - Ana Malit -Ulqin.8\" src=\"http:\/\/www.visit-ulcinj.com\/blog\/wp-content\/uploads\/2012\/11\/Panairi-Kombetar-i-Artizanatit-Ana-Malit-Ulqin.8.jpg\" alt=\"\" width=\"508\" height=\"300\" \/><\/a><\/p>\n<p>K\u00ebng\u00ebtari nga Shqip\u00ebria Gjergji Jorgaqi p\u00ebrsh\u00ebndeti t\u00eb pranishmit me disa k\u00ebng\u00eb, e n\u00eb k\u00ebt\u00eb rast nuk munguan as vallet.<br \/>\nLidhur me qellimin e hapjes se panairit te pare artizanale ne Krythe theksohet se,nepermjet panairit synohet qe jo vetem te ekspozohen prodhimet artizanale tradicionale te zones, por dhe te ndikohet ne rritjen e vetepunesimit ne nje zone si Ana Malit, ku dihet se niveli i papunesise eshte shume i madh, duke e krahasuar dhe me ate te papunesise ne shkalle kombetare.<\/p>\n<p><a href=\"http:\/\/www.visit-ulcinj.com\/blog\/wp-content\/uploads\/2012\/11\/Panairi-Kombetar-i-Artizanatit-Ana-Malit-Ulqin.10.jpg\"><img loading=\"lazy\" class=\"alignleft  wp-image-65368\" title=\"Panairi Kombetar i Artizanatit - Ana Malit -Ulqin.10\" src=\"http:\/\/www.visit-ulcinj.com\/blog\/wp-content\/uploads\/2012\/11\/Panairi-Kombetar-i-Artizanatit-Ana-Malit-Ulqin.10.jpg\" alt=\"\" width=\"508\" height=\"300\" \/><\/a><br \/>\nDhe p\u00ebr fund,Per nje pjese te artizaneve, sot punimet e tyre me dore shihen si burim fitimi dhe kenaqesie, ndersa ne te ardhmen, prodhimet artizanale normalisht qe do te kene nje vlere me te madhe, ate te ruajtjes se nje tradite te mrekullueshme te rajonit t\u00eb An\u00ebs s\u00eb Malit dhe m\u00eb gj\u00ebr\u00eb.Shpresojm\u00eb se n\u00eb t\u00eb ardhen ky panair t\u00eb sh\u00ebndrrohet n\u00eb tradit\u00eb.<br \/>\nFalenderim edhe p\u00ebr zot\u00ebri Din Zenelin i cili e b\u00ebri t\u00eb mundur in\u00e7izimin dhe solli pamje nka kjo ngjarje madh\u00ebshtore.<br \/>\n<strong><br \/>\nSh\u00ebrbimi p\u00ebr Informim<\/strong><\/p>\n<p><a href=\"https:\/\/www.facebook.com\/media\/set\/?set=a.445602945501846.109252.100001564340764&amp;type=3\" target=\"_blank\"><strong>P\u00ebr ma tep\u00ebr Fotografi \u2013 Ana E Malit Tradita Facebook<\/strong><\/a><\/p>\n<p>\n\t\t<style type=\"text\/css\">\n\t\t\t#gallery-1 {\n\t\t\t\tmargin: auto;\n\t\t\t}\n\t\t\t#gallery-1 .gallery-item {\n\t\t\t\tfloat: left;\n\t\t\t\tmargin-top: 10px;\n\t\t\t\ttext-align: center;\n\t\t\t\twidth: 33%;\n\t\t\t}\n\t\t\t#gallery-1 img {\n\t\t\t\tborder: 2px solid #cfcfcf;\n\t\t\t}\n\t\t\t#gallery-1 .gallery-caption {\n\t\t\t\tmargin-left: 0;\n\t\t\t}\n\t\t\t\/* see gallery_shortcode() in wp-includes\/media.php *\/\n\t\t<\/style>\n\t\t<div id='gallery-1' class='gallery galleryid-65354 gallery-columns-3 gallery-size-thumbnail'><dl class='gallery-item'>\n\t\t\t<dt class='gallery-icon landscape'>\n\t\t\t\t<a href='https:\/\/www.visit-ulcinj.com\/blog\/wp-content\/uploads\/2012\/11\/Panairi-Kombetar-i-Artizanatit-Ana-Malit-Ulqin.jpg'><img width=\"150\" height=\"150\" src=\"https:\/\/www.visit-ulcinj.com\/blog\/wp-content\/uploads\/2012\/11\/Panairi-Kombetar-i-Artizanatit-Ana-Malit-Ulqin-150x150.jpg\" class=\"attachment-thumbnail size-thumbnail\" alt=\"\" loading=\"lazy\" \/><\/a>\n\t\t\t<\/dt><\/dl><dl class='gallery-item'>\n\t\t\t<dt class='gallery-icon landscape'>\n\t\t\t\t<a href='https:\/\/www.visit-ulcinj.com\/blog\/wp-content\/uploads\/2012\/11\/Panairi-Kombetar-i-Artizanatit-Ana-Malit-Ulqin.1.jpg'><img width=\"150\" height=\"150\" src=\"https:\/\/www.visit-ulcinj.com\/blog\/wp-content\/uploads\/2012\/11\/Panairi-Kombetar-i-Artizanatit-Ana-Malit-Ulqin.1-150x150.jpg\" class=\"attachment-thumbnail size-thumbnail\" alt=\"\" loading=\"lazy\" \/><\/a>\n\t\t\t<\/dt><\/dl><dl class='gallery-item'>\n\t\t\t<dt class='gallery-icon landscape'>\n\t\t\t\t<a href='https:\/\/www.visit-ulcinj.com\/blog\/wp-content\/uploads\/2012\/11\/Panairi-Kombetar-i-Artizanatit-Ana-Malit-Ulqin.9.jpg'><img width=\"150\" height=\"150\" src=\"https:\/\/www.visit-ulcinj.com\/blog\/wp-content\/uploads\/2012\/11\/Panairi-Kombetar-i-Artizanatit-Ana-Malit-Ulqin.9-150x150.jpg\" class=\"attachment-thumbnail size-thumbnail\" alt=\"\" loading=\"lazy\" \/><\/a>\n\t\t\t<\/dt><\/dl><br style=\"clear: both\" \/><dl class='gallery-item'>\n\t\t\t<dt class='gallery-icon landscape'>\n\t\t\t\t<a href='https:\/\/www.visit-ulcinj.com\/blog\/wp-content\/uploads\/2012\/11\/Panairi-Kombetar-i-Artizanatit-Ana-Malit-Ulqin.2.jpg'><img width=\"150\" height=\"150\" src=\"https:\/\/www.visit-ulcinj.com\/blog\/wp-content\/uploads\/2012\/11\/Panairi-Kombetar-i-Artizanatit-Ana-Malit-Ulqin.2-150x150.jpg\" class=\"attachment-thumbnail size-thumbnail\" alt=\"\" loading=\"lazy\" \/><\/a>\n\t\t\t<\/dt><\/dl><dl class='gallery-item'>\n\t\t\t<dt class='gallery-icon landscape'>\n\t\t\t\t<a href='https:\/\/www.visit-ulcinj.com\/blog\/wp-content\/uploads\/2012\/11\/Panairi-Kombetar-i-Artizanatit-Ana-Malit-Ulqin.3.jpg'><img width=\"150\" height=\"150\" src=\"https:\/\/www.visit-ulcinj.com\/blog\/wp-content\/uploads\/2012\/11\/Panairi-Kombetar-i-Artizanatit-Ana-Malit-Ulqin.3-150x150.jpg\" class=\"attachment-thumbnail size-thumbnail\" alt=\"\" loading=\"lazy\" \/><\/a>\n\t\t\t<\/dt><\/dl><dl class='gallery-item'>\n\t\t\t<dt class='gallery-icon landscape'>\n\t\t\t\t<a href='https:\/\/www.visit-ulcinj.com\/blog\/wp-content\/uploads\/2012\/11\/Panairi-Kombetar-i-Artizanatit-Ana-Malit-Ulqin.4.jpg'><img width=\"150\" height=\"150\" src=\"https:\/\/www.visit-ulcinj.com\/blog\/wp-content\/uploads\/2012\/11\/Panairi-Kombetar-i-Artizanatit-Ana-Malit-Ulqin.4-150x150.jpg\" class=\"attachment-thumbnail size-thumbnail\" alt=\"\" loading=\"lazy\" \/><\/a>\n\t\t\t<\/dt><\/dl><br style=\"clear: both\" \/><dl class='gallery-item'>\n\t\t\t<dt class='gallery-icon landscape'>\n\t\t\t\t<a href='https:\/\/www.visit-ulcinj.com\/blog\/wp-content\/uploads\/2012\/11\/Panairi-Kombetar-i-Artizanatit-Ana-Malit-Ulqin.5.jpg'><img width=\"150\" height=\"150\" src=\"https:\/\/www.visit-ulcinj.com\/blog\/wp-content\/uploads\/2012\/11\/Panairi-Kombetar-i-Artizanatit-Ana-Malit-Ulqin.5-150x150.jpg\" class=\"attachment-thumbnail size-thumbnail\" alt=\"\" loading=\"lazy\" \/><\/a>\n\t\t\t<\/dt><\/dl><dl class='gallery-item'>\n\t\t\t<dt class='gallery-icon landscape'>\n\t\t\t\t<a href='https:\/\/www.visit-ulcinj.com\/blog\/wp-content\/uploads\/2012\/11\/Panairi-Kombetar-i-Artizanatit-Ana-Malit-Ulqin.6.jpg'><img width=\"150\" height=\"150\" src=\"https:\/\/www.visit-ulcinj.com\/blog\/wp-content\/uploads\/2012\/11\/Panairi-Kombetar-i-Artizanatit-Ana-Malit-Ulqin.6-150x150.jpg\" class=\"attachment-thumbnail size-thumbnail\" alt=\"\" loading=\"lazy\" \/><\/a>\n\t\t\t<\/dt><\/dl><dl class='gallery-item'>\n\t\t\t<dt class='gallery-icon landscape'>\n\t\t\t\t<a href='https:\/\/www.visit-ulcinj.com\/blog\/wp-content\/uploads\/2012\/11\/Panairi-Kombetar-i-Artizanatit-Ana-Malit-Ulqin.7.jpg'><img width=\"150\" height=\"150\" src=\"https:\/\/www.visit-ulcinj.com\/blog\/wp-content\/uploads\/2012\/11\/Panairi-Kombetar-i-Artizanatit-Ana-Malit-Ulqin.7-150x150.jpg\" class=\"attachment-thumbnail size-thumbnail\" alt=\"\" loading=\"lazy\" \/><\/a>\n\t\t\t<\/dt><\/dl><br style=\"clear: both\" \/><dl class='gallery-item'>\n\t\t\t<dt class='gallery-icon landscape'>\n\t\t\t\t<a href='https:\/\/www.visit-ulcinj.com\/blog\/wp-content\/uploads\/2012\/11\/Panairi-Kombetar-i-Artizanatit-Ana-Malit-Ulqin.8.jpg'><img width=\"150\" height=\"150\" src=\"https:\/\/www.visit-ulcinj.com\/blog\/wp-content\/uploads\/2012\/11\/Panairi-Kombetar-i-Artizanatit-Ana-Malit-Ulqin.8-150x150.jpg\" class=\"attachment-thumbnail size-thumbnail\" alt=\"\" loading=\"lazy\" \/><\/a>\n\t\t\t<\/dt><\/dl><dl class='gallery-item'>\n\t\t\t<dt class='gallery-icon landscape'>\n\t\t\t\t<a href='https:\/\/www.visit-ulcinj.com\/blog\/wp-content\/uploads\/2012\/11\/Panairi-Kombetar-i-Artizanatit-Ana-Malit-Ulqin.10.jpg'><img width=\"150\" height=\"150\" src=\"https:\/\/www.visit-ulcinj.com\/blog\/wp-content\/uploads\/2012\/11\/Panairi-Kombetar-i-Artizanatit-Ana-Malit-Ulqin.10-150x150.jpg\" class=\"attachment-thumbnail size-thumbnail\" alt=\"\" loading=\"lazy\" \/><\/a>\n\t\t\t<\/dt><\/dl><dl class='gallery-item'>\n\t\t\t<dt class='gallery-icon landscape'>\n\t\t\t\t<a href='https:\/\/www.visit-ulcinj.com\/blog\/wp-content\/uploads\/2012\/11\/Panairi-Kombetar-i-Artizanatit-Ana-Malit-Ulqin.11.jpg'><img width=\"150\" height=\"150\" src=\"https:\/\/www.visit-ulcinj.com\/blog\/wp-content\/uploads\/2012\/11\/Panairi-Kombetar-i-Artizanatit-Ana-Malit-Ulqin.11-150x150.jpg\" class=\"attachment-thumbnail size-thumbnail\" alt=\"\" loading=\"lazy\" \/><\/a>\n\t\t\t<\/dt><\/dl><br style=\"clear: both\" \/><dl class='gallery-item'>\n\t\t\t<dt class='gallery-icon landscape'>\n\t\t\t\t<a href='https:\/\/www.visit-ulcinj.com\/blog\/wp-content\/uploads\/2012\/11\/Panairi-Kombetar-i-Artizanatit-Ana-Malit-Ulqin.12.jpg'><img width=\"150\" height=\"150\" src=\"https:\/\/www.visit-ulcinj.com\/blog\/wp-content\/uploads\/2012\/11\/Panairi-Kombetar-i-Artizanatit-Ana-Malit-Ulqin.12-150x150.jpg\" class=\"attachment-thumbnail size-thumbnail\" alt=\"\" loading=\"lazy\" \/><\/a>\n\t\t\t<\/dt><\/dl><dl class='gallery-item'>\n\t\t\t<dt class='gallery-icon landscape'>\n\t\t\t\t<a href='https:\/\/www.visit-ulcinj.com\/blog\/wp-content\/uploads\/2012\/11\/Panairi-Kombetar-i-Artizanatit-Ana-Malit-Ulqin.13.jpg'><img width=\"150\" height=\"150\" src=\"https:\/\/www.visit-ulcinj.com\/blog\/wp-content\/uploads\/2012\/11\/Panairi-Kombetar-i-Artizanatit-Ana-Malit-Ulqin.13-150x150.jpg\" class=\"attachment-thumbnail size-thumbnail\" alt=\"\" loading=\"lazy\" \/><\/a>\n\t\t\t<\/dt><\/dl><dl class='gallery-item'>\n\t\t\t<dt class='gallery-icon landscape'>\n\t\t\t\t<a href='https:\/\/www.visit-ulcinj.com\/blog\/wp-content\/uploads\/2012\/11\/Panairi-Kombetar-i-Artizanatit-Ana-Malit-Ulqin.14.jpg'><img width=\"150\" height=\"150\" src=\"https:\/\/www.visit-ulcinj.com\/blog\/wp-content\/uploads\/2012\/11\/Panairi-Kombetar-i-Artizanatit-Ana-Malit-Ulqin.14-150x150.jpg\" class=\"attachment-thumbnail size-thumbnail\" alt=\"\" loading=\"lazy\" \/><\/a>\n\t\t\t<\/dt><\/dl><br style=\"clear: both\" \/>\n\t\t<\/div>\n<br \/>\n<iframe loading=\"lazy\" width=\"508\" height=\"360\" src=\"http:\/\/www.youtube.com\/embed\/eo0hItPXbnU\" frameborder=\"0\" allowfullscreen><\/iframe><\/p>\n","protected":false},"excerpt":{"rendered":"<p>T\u00eb shtunen me dat\u00ebn 03.11.2012, pran\u00eb ambjenteve t\u00eb kompleksit &#8220;Lamiga&#8221; u organizua ceremonia e hapjes s\u00eb Panairit t\u00eb Par\u00eb Mbar\u00ebkomb\u00ebtar t\u00eb Artizan\u00ebve p\u00ebr nder t\u00eb Dit\u00ebs s\u00eb Flamurit dhe 100-Vjetorit t\u00eb Pavar\u00ebsis\u00eb s\u00eb Shqip\u00ebris\u00eb, t\u00eb organizuar nga Shoqata e Artizan\u00ebve Shqiptar\u00eb por si ide e artizanit nga Ana e Malit, zot\u00ebri Ramiz Hajdarit.Ne organizimin e [&hellip;]<\/p>\n","protected":false},"author":1,"featured_media":0,"comment_status":"open","ping_status":"closed","sticky":false,"template":"","format":"standard","meta":{"spay_email":"","jetpack_publicize_message":"","jetpack_is_tweetstorm":false,"jetpack_publicize_feature_enabled":true},"categories":[1,13],"tags":[212,17828,17834,18370,17811,17831,18362,14353,17808,14354,12340,17840,17839,18363,17835,17814,17810,17816,17071,17807,3516,14652,17837,17827,21416,14358,222,17802,17812,17803,17820,17825,17817,17805,305,17823,17832,3506,17818,214,17680,14362,14363,18371,3507,17800,498,3500,21421,115,14364,21418,17799,3327,17841,17826,15213,18236,3512,17806,18399,11648,18289,17838,95,17813,17804,15141,347,19495,17836,14366,79,17073,18294,318,118,18368,18369,21417,1653,21420,21419,1909,14367,17801,18360,17822,14368,14369,17824,14370,18291,2083,3231,14371,41,3617,3722,14372,17844,17821,18372,17830,17077,18295,14375,17833,17829,899,200,18,17819,17809,4265,14376],"jetpack_publicize_connections":[],"yoast_head":"<!-- This site is optimized with the Yoast SEO plugin v19.1 - https:\/\/yoast.com\/wordpress\/plugins\/seo\/ -->\n<title>Hapet Panairi t\u00eb artizaneve n\u00eb kompleksin LAMIGA n\u00eb Kryth\u00eb + Foto - Video - Lajme nga Ulqini<\/title>\n<meta name=\"description\" content=\"T\u00eb shtunen me dat\u00ebn 03.11.2012, pran\u00eb ambjenteve t\u00eb kompleksit &quot;Lamiga&quot; u organizua ceremonia e hapjes s\u00eb Panairit t\u00eb Par\u00eb Mbar\u00ebkomb\u00ebtar t\u00eb Artizan\u00ebve p\u00ebr\" \/>\n<meta name=\"robots\" content=\"index, follow, max-snippet:-1, max-image-preview:large, max-video-preview:-1\" \/>\n<link rel=\"canonical\" href=\"https:\/\/www.visit-ulcinj.com\/blog\/2012\/11\/03\/hapet-panairi-te-artizaneve-ne-kompleksin-lamiga-ne-krythe\/\" \/>\n<meta property=\"og:locale\" content=\"en_US\" \/>\n<meta property=\"og:type\" content=\"article\" \/>\n<meta property=\"og:title\" content=\"Hapet Panairi t\u00eb artizaneve n\u00eb kompleksin LAMIGA n\u00eb Kryth\u00eb + Foto - Video - Lajme nga Ulqini\" \/>\n<meta property=\"og:description\" content=\"T\u00eb shtunen me dat\u00ebn 03.11.2012, pran\u00eb ambjenteve t\u00eb kompleksit &quot;Lamiga&quot; u organizua ceremonia e hapjes s\u00eb Panairit t\u00eb Par\u00eb Mbar\u00ebkomb\u00ebtar t\u00eb Artizan\u00ebve p\u00ebr\" \/>\n<meta property=\"og:url\" content=\"https:\/\/www.visit-ulcinj.com\/blog\/2012\/11\/03\/hapet-panairi-te-artizaneve-ne-kompleksin-lamiga-ne-krythe\/\" \/>\n<meta property=\"og:site_name\" content=\"Lajme nga Ulqini\" \/>\n<meta property=\"article:published_time\" content=\"2012-11-03T18:09:30+00:00\" \/>\n<meta property=\"article:modified_time\" content=\"2012-11-08T16:43:44+00:00\" \/>\n<meta property=\"og:image\" content=\"https:\/\/www.visit-ulcinj.com\/blog\/wp-content\/uploads\/2012\/11\/Panairi-Kombetar-i-Artizanatit-Ana-Malit-Ulqin-150x150.jpg\" \/>\n<meta name=\"twitter:label1\" content=\"Written by\" \/>\n\t<meta name=\"twitter:data1\" content=\"ulqini\" \/>\n\t<meta name=\"twitter:label2\" content=\"Est. reading time\" \/>\n\t<meta name=\"twitter:data2\" content=\"3 minutes\" \/>\n<script type=\"application\/ld+json\" class=\"yoast-schema-graph\">{\"@context\":\"https:\/\/schema.org\",\"@graph\":[{\"@type\":\"WebSite\",\"@id\":\"https:\/\/www.visit-ulcinj.com\/blog\/#website\",\"url\":\"https:\/\/www.visit-ulcinj.com\/blog\/\",\"name\":\"Lajme nga Ulqini\",\"description\":\"Lajme,Vijesti,Ulqini,Ulqin,Crna Gora,Mali i Zi\",\"potentialAction\":[{\"@type\":\"SearchAction\",\"target\":{\"@type\":\"EntryPoint\",\"urlTemplate\":\"https:\/\/www.visit-ulcinj.com\/blog\/?s={search_term_string}\"},\"query-input\":\"required name=search_term_string\"}],\"inLanguage\":\"en-US\"},{\"@type\":\"ImageObject\",\"inLanguage\":\"en-US\",\"@id\":\"https:\/\/www.visit-ulcinj.com\/blog\/2012\/11\/03\/hapet-panairi-te-artizaneve-ne-kompleksin-lamiga-ne-krythe\/#primaryimage\",\"url\":\"https:\/\/www.visit-ulcinj.com\/blog\/wp-content\/uploads\/2012\/11\/Panairi-Kombetar-i-Artizanatit-Ana-Malit-Ulqin.jpg\",\"contentUrl\":\"https:\/\/www.visit-ulcinj.com\/blog\/wp-content\/uploads\/2012\/11\/Panairi-Kombetar-i-Artizanatit-Ana-Malit-Ulqin.jpg\",\"width\":\"960\",\"height\":\"640\"},{\"@type\":\"WebPage\",\"@id\":\"https:\/\/www.visit-ulcinj.com\/blog\/2012\/11\/03\/hapet-panairi-te-artizaneve-ne-kompleksin-lamiga-ne-krythe\/#webpage\",\"url\":\"https:\/\/www.visit-ulcinj.com\/blog\/2012\/11\/03\/hapet-panairi-te-artizaneve-ne-kompleksin-lamiga-ne-krythe\/\",\"name\":\"Hapet Panairi t\u00eb artizaneve n\u00eb kompleksin LAMIGA n\u00eb Kryth\u00eb + Foto - Video - Lajme nga Ulqini\",\"isPartOf\":{\"@id\":\"https:\/\/www.visit-ulcinj.com\/blog\/#website\"},\"primaryImageOfPage\":{\"@id\":\"https:\/\/www.visit-ulcinj.com\/blog\/2012\/11\/03\/hapet-panairi-te-artizaneve-ne-kompleksin-lamiga-ne-krythe\/#primaryimage\"},\"datePublished\":\"2012-11-03T18:09:30+00:00\",\"dateModified\":\"2012-11-08T16:43:44+00:00\",\"author\":{\"@id\":\"https:\/\/www.visit-ulcinj.com\/blog\/#\/schema\/person\/dcab619c614d3038751c63bc2aadc06d\"},\"description\":\"T\u00eb shtunen me dat\u00ebn 03.11.2012, pran\u00eb ambjenteve t\u00eb kompleksit \\\"Lamiga\\\" u organizua ceremonia e hapjes s\u00eb Panairit t\u00eb Par\u00eb Mbar\u00ebkomb\u00ebtar t\u00eb Artizan\u00ebve p\u00ebr\",\"breadcrumb\":{\"@id\":\"https:\/\/www.visit-ulcinj.com\/blog\/2012\/11\/03\/hapet-panairi-te-artizaneve-ne-kompleksin-lamiga-ne-krythe\/#breadcrumb\"},\"inLanguage\":\"en-US\",\"potentialAction\":[{\"@type\":\"ReadAction\",\"target\":[\"https:\/\/www.visit-ulcinj.com\/blog\/2012\/11\/03\/hapet-panairi-te-artizaneve-ne-kompleksin-lamiga-ne-krythe\/\"]}]},{\"@type\":\"BreadcrumbList\",\"@id\":\"https:\/\/www.visit-ulcinj.com\/blog\/2012\/11\/03\/hapet-panairi-te-artizaneve-ne-kompleksin-lamiga-ne-krythe\/#breadcrumb\",\"itemListElement\":[{\"@type\":\"ListItem\",\"position\":1,\"name\":\"Hapet Panairi t\u00eb artizaneve n\u00eb kompleksin LAMIGA n\u00eb Kryth\u00eb + Foto &#8211; Video\"}]},{\"@type\":\"Person\",\"@id\":\"https:\/\/www.visit-ulcinj.com\/blog\/#\/schema\/person\/dcab619c614d3038751c63bc2aadc06d\",\"name\":\"ulqini\",\"sameAs\":[\"http:\/\/www.visit-ulcinj.com\"],\"url\":\"https:\/\/www.visit-ulcinj.com\/blog\/author\/admin\/\"}]}<\/script>\n<!-- \/ Yoast SEO plugin. -->","yoast_head_json":{"title":"Hapet Panairi t\u00eb artizaneve n\u00eb kompleksin LAMIGA n\u00eb Kryth\u00eb + Foto - Video - Lajme nga Ulqini","description":"T\u00eb shtunen me dat\u00ebn 03.11.2012, pran\u00eb ambjenteve t\u00eb kompleksit \"Lamiga\" u organizua ceremonia e hapjes s\u00eb Panairit t\u00eb Par\u00eb Mbar\u00ebkomb\u00ebtar t\u00eb Artizan\u00ebve p\u00ebr","robots":{"index":"index","follow":"follow","max-snippet":"max-snippet:-1","max-image-preview":"max-image-preview:large","max-video-preview":"max-video-preview:-1"},"canonical":"https:\/\/www.visit-ulcinj.com\/blog\/2012\/11\/03\/hapet-panairi-te-artizaneve-ne-kompleksin-lamiga-ne-krythe\/","og_locale":"en_US","og_type":"article","og_title":"Hapet Panairi t\u00eb artizaneve n\u00eb kompleksin LAMIGA n\u00eb Kryth\u00eb + Foto - Video - Lajme nga Ulqini","og_description":"T\u00eb shtunen me dat\u00ebn 03.11.2012, pran\u00eb ambjenteve t\u00eb kompleksit \"Lamiga\" u organizua ceremonia e hapjes s\u00eb Panairit t\u00eb Par\u00eb Mbar\u00ebkomb\u00ebtar t\u00eb Artizan\u00ebve p\u00ebr","og_url":"https:\/\/www.visit-ulcinj.com\/blog\/2012\/11\/03\/hapet-panairi-te-artizaneve-ne-kompleksin-lamiga-ne-krythe\/","og_site_name":"Lajme nga Ulqini","article_published_time":"2012-11-03T18:09:30+00:00","article_modified_time":"2012-11-08T16:43:44+00:00","og_image":[{"url":"https:\/\/www.visit-ulcinj.com\/blog\/wp-content\/uploads\/2012\/11\/Panairi-Kombetar-i-Artizanatit-Ana-Malit-Ulqin-150x150.jpg"}],"twitter_misc":{"Written by":"ulqini","Est. reading time":"3 minutes"},"schema":{"@context":"https:\/\/schema.org","@graph":[{"@type":"WebSite","@id":"https:\/\/www.visit-ulcinj.com\/blog\/#website","url":"https:\/\/www.visit-ulcinj.com\/blog\/","name":"Lajme nga Ulqini","description":"Lajme,Vijesti,Ulqini,Ulqin,Crna Gora,Mali i Zi","potentialAction":[{"@type":"SearchAction","target":{"@type":"EntryPoint","urlTemplate":"https:\/\/www.visit-ulcinj.com\/blog\/?s={search_term_string}"},"query-input":"required name=search_term_string"}],"inLanguage":"en-US"},{"@type":"ImageObject","inLanguage":"en-US","@id":"https:\/\/www.visit-ulcinj.com\/blog\/2012\/11\/03\/hapet-panairi-te-artizaneve-ne-kompleksin-lamiga-ne-krythe\/#primaryimage","url":"https:\/\/www.visit-ulcinj.com\/blog\/wp-content\/uploads\/2012\/11\/Panairi-Kombetar-i-Artizanatit-Ana-Malit-Ulqin.jpg","contentUrl":"https:\/\/www.visit-ulcinj.com\/blog\/wp-content\/uploads\/2012\/11\/Panairi-Kombetar-i-Artizanatit-Ana-Malit-Ulqin.jpg","width":"960","height":"640"},{"@type":"WebPage","@id":"https:\/\/www.visit-ulcinj.com\/blog\/2012\/11\/03\/hapet-panairi-te-artizaneve-ne-kompleksin-lamiga-ne-krythe\/#webpage","url":"https:\/\/www.visit-ulcinj.com\/blog\/2012\/11\/03\/hapet-panairi-te-artizaneve-ne-kompleksin-lamiga-ne-krythe\/","name":"Hapet Panairi t\u00eb artizaneve n\u00eb kompleksin LAMIGA n\u00eb Kryth\u00eb + Foto - Video - Lajme nga Ulqini","isPartOf":{"@id":"https:\/\/www.visit-ulcinj.com\/blog\/#website"},"primaryImageOfPage":{"@id":"https:\/\/www.visit-ulcinj.com\/blog\/2012\/11\/03\/hapet-panairi-te-artizaneve-ne-kompleksin-lamiga-ne-krythe\/#primaryimage"},"datePublished":"2012-11-03T18:09:30+00:00","dateModified":"2012-11-08T16:43:44+00:00","author":{"@id":"https:\/\/www.visit-ulcinj.com\/blog\/#\/schema\/person\/dcab619c614d3038751c63bc2aadc06d"},"description":"T\u00eb shtunen me dat\u00ebn 03.11.2012, pran\u00eb ambjenteve t\u00eb kompleksit \"Lamiga\" u organizua ceremonia e hapjes s\u00eb Panairit t\u00eb Par\u00eb Mbar\u00ebkomb\u00ebtar t\u00eb Artizan\u00ebve p\u00ebr","breadcrumb":{"@id":"https:\/\/www.visit-ulcinj.com\/blog\/2012\/11\/03\/hapet-panairi-te-artizaneve-ne-kompleksin-lamiga-ne-krythe\/#breadcrumb"},"inLanguage":"en-US","potentialAction":[{"@type":"ReadAction","target":["https:\/\/www.visit-ulcinj.com\/blog\/2012\/11\/03\/hapet-panairi-te-artizaneve-ne-kompleksin-lamiga-ne-krythe\/"]}]},{"@type":"BreadcrumbList","@id":"https:\/\/www.visit-ulcinj.com\/blog\/2012\/11\/03\/hapet-panairi-te-artizaneve-ne-kompleksin-lamiga-ne-krythe\/#breadcrumb","itemListElement":[{"@type":"ListItem","position":1,"name":"Hapet Panairi t\u00eb artizaneve n\u00eb kompleksin LAMIGA n\u00eb Kryth\u00eb + Foto &#8211; Video"}]},{"@type":"Person","@id":"https:\/\/www.visit-ulcinj.com\/blog\/#\/schema\/person\/dcab619c614d3038751c63bc2aadc06d","name":"ulqini","sameAs":["http:\/\/www.visit-ulcinj.com"],"url":"https:\/\/www.visit-ulcinj.com\/blog\/author\/admin\/"}]}},"jetpack_featured_media_url":"","jetpack_sharing_enabled":true,"jetpack_shortlink":"https:\/\/wp.me\/pe6lTn-h06","_links":{"self":[{"href":"https:\/\/www.visit-ulcinj.com\/blog\/wp-json\/wp\/v2\/posts\/65354"}],"collection":[{"href":"https:\/\/www.visit-ulcinj.com\/blog\/wp-json\/wp\/v2\/posts"}],"about":[{"href":"https:\/\/www.visit-ulcinj.com\/blog\/wp-json\/wp\/v2\/types\/post"}],"author":[{"embeddable":true,"href":"https:\/\/www.visit-ulcinj.com\/blog\/wp-json\/wp\/v2\/users\/1"}],"replies":[{"embeddable":true,"href":"https:\/\/www.visit-ulcinj.com\/blog\/wp-json\/wp\/v2\/comments?post=65354"}],"version-history":[{"count":9,"href":"https:\/\/www.visit-ulcinj.com\/blog\/wp-json\/wp\/v2\/posts\/65354\/revisions"}],"predecessor-version":[{"id":65511,"href":"https:\/\/www.visit-ulcinj.com\/blog\/wp-json\/wp\/v2\/posts\/65354\/revisions\/65511"}],"wp:attachment":[{"href":"https:\/\/www.visit-ulcinj.com\/blog\/wp-json\/wp\/v2\/media?parent=65354"}],"wp:term":[{"taxonomy":"category","embeddable":true,"href":"https:\/\/www.visit-ulcinj.com\/blog\/wp-json\/wp\/v2\/categories?post=65354"},{"taxonomy":"post_tag","embeddable":true,"href":"https:\/\/www.visit-ulcinj.com\/blog\/wp-json\/wp\/v2\/tags?post=65354"}],"curies":[{"name":"wp","href":"https:\/\/api.w.org\/{rel}","templated":true}]}}