{"id":6537,"date":"2008-11-23T13:49:12","date_gmt":"2008-11-23T18:49:12","guid":{"rendered":"http:\/\/www.visit-ulcinj.com\/blog\/?p=6537"},"modified":"2008-11-23T13:49:12","modified_gmt":"2008-11-23T18:49:12","slug":"perse-jane-shba-boshti-i-botes","status":"publish","type":"post","link":"https:\/\/www.visit-ulcinj.com\/blog\/2008\/11\/23\/perse-jane-shba-boshti-i-botes\/","title":{"rendered":"P\u00ebrse jan\u00eb SHBA boshti i bot\u00ebs"},"content":{"rendered":"<p><a href=\"http:\/\/www.visit-ulcinj.com\/blog\/wp-content\/uploads\/2008\/11\/travel_picture-racial_tolerance.jpg\"><img loading=\"lazy\" class=\"alignleft size-medium wp-image-6538\" title=\"travel_picture-racial_tolerance\" src=\"http:\/\/www.visit-ulcinj.com\/blog\/wp-content\/uploads\/2008\/11\/travel_picture-racial_tolerance-300x220.jpg\" alt=\"\" width=\"300\" height=\"220\" srcset=\"https:\/\/www.visit-ulcinj.com\/blog\/wp-content\/uploads\/2008\/11\/travel_picture-racial_tolerance-300x220.jpg 300w, https:\/\/www.visit-ulcinj.com\/blog\/wp-content\/uploads\/2008\/11\/travel_picture-racial_tolerance.jpg 560w\" sizes=\"(max-width: 300px) 100vw, 300px\" \/><\/a>A mund t\u00eb imagjinojm\u00eb q\u00eb n\u00eb ndonj\u00eb vend tjet\u00ebr t\u00eb bot\u00ebs t\u00eb zgjedhet president njeriu i cili i takon pakic\u00ebs, \u00e7far\u00ebdo qoft\u00eb ajo: nacionale, fetare, gjinore ose racore. V\u00ebshtir\u00eb. V\u00ebshtir\u00eb mund t\u00eb ndodh\u00eb edhe n\u00eb bot\u00ebn e demokracis\u00eb qytetare e t\u00eb mos flasim p\u00ebr Ballkanin.<br \/>\nT\u00eb m\u00ebrkur\u00ebn q\u00eb shkoi, amerikan\u00ebt e zgjodh\u00ebn presidentin e ri. Barack Hussein Obama, me nj\u00eb em\u00ebr jotipik, u b\u00eb kryetar i nj\u00eb shteti t\u00eb cilin e themeluan dhe i dhan\u00eb imazh anglosakson\u00ebt. Obama nuk \u00ebsht\u00eb afroamerikani i par\u00eb i cili pretendoi p\u00ebr k\u00ebt\u00eb post. I pari, m\u00eb 1996, ishte gjenerali Colin Powel, hero i Luft\u00ebs n\u00eb Gjirin Persik. Edhe pse t\u00eb gjitha parashikimet shkonin n\u00eb favor t\u00eb tij, prap\u00ebseprap\u00eb, mund t\u00eb thuhet se befasia ishte e plot\u00eb. Por, si \u00ebsht\u00eb vler\u00ebsuar n\u00eb mbar\u00eb bot\u00ebn, nj\u00eb gj\u00eb e till\u00eb mund t\u00eb ndodh\u00eb vet\u00ebm n\u00eb Amerik\u00eb.<br \/>\nA mund t\u00eb imagjinojm\u00eb q\u00eb n\u00eb ndonj\u00eb vend tjet\u00ebr t\u00eb bot\u00ebs t\u00eb zgjedhet president njeriu i cili i takon pakic\u00ebs, \u00e7far\u00ebdo qoft\u00eb ajo: nacionale, fetare, gjinore ose racore. V\u00ebshtir\u00eb. V\u00ebshtir\u00eb mund t\u00eb ndodh\u00eb edhe n\u00eb bot\u00ebn e demokracis\u00eb qytetare e t\u00eb mos flasim p\u00ebr Ballkanin.<br \/>\nDo t`i parafrazoj fjal\u00ebt e nj\u00eb lideri shqiptar nga Mali i Zi i cili tha se &#8220;ky do t\u00eb jet\u00eb rast ose shembull i mir\u00eb edhe p\u00ebr ne n\u00eb Mal t\u00eb Zi q\u00eb t\u00eb ecim n\u00eb at\u00eb drejtim dhe t\u00eb mos kemi paragjykime kur kemi t\u00eb b\u00ebjm\u00eb me pjes\u00ebtar\u00ebt e pakicave konkrete kur \u00ebsht\u00eb fjala p\u00ebr shqiptar\u00ebt&#8221;.<br \/>\nV\u00ebrtet, a mund t\u00eb paramendojm\u00eb q\u00eb n\u00eb ndonj\u00eb shtet ballkanik t\u00eb jet\u00eb president pjes\u00ebtari i pakic\u00ebs gjinore, nacionale, fetare? V\u00ebshtir\u00eb, t\u00eb mos them e pamundur. Ta paramendojm\u00eb mund\u00ebsin\u00eb e par\u00eb &#8211; femr\u00ebn si presidente t\u00eb ndonj\u00eb shteti ballkanik. Kjo mund\u00ebsi (nuk \u00ebsht\u00eb as mund\u00ebsi, por hipotez\u00eb e kot\u00eb, t\u00eb mos them p\u00ebrrall\u00eb) nuk ekziston fare.<br \/>\nT\u00eb shkojm\u00eb m\u00eb tutje. Pjes\u00ebtari i pakic\u00ebs nacionale si president. E pamundur. K\u00ebtu nuk i marrim parasysh p\u00ebrjashtimet n\u00eb ish shtetin komunist jugosllav kur shqiptari ishte i impostuar formalisht n\u00eb k\u00ebt\u00eb detyr\u00eb. Komunizmi ka r\u00ebn\u00eb, dhe k\u00ebtu flasim p\u00ebr zgjedhjet e lira ku presidenti zgjedhet me vullnetin e shumic\u00ebs s\u00eb popullit.<br \/>\nMund\u00ebsia e tret\u00eb, pjes\u00ebtari i pakic\u00ebs religjioze si president. Jo assesi. E n\u00eb an\u00ebn tjet\u00ebr, t\u00ebr\u00eb Ballkani, e ka goj\u00ebn plot Europ\u00eb. Europa q\u00eb Europa! Fjal\u00eb po, por, sa kan\u00eb ndryshuar bot\u00ebkuptimet tona.<br \/>\nEdhe nj\u00eb her\u00eb Amerika e ka treguar p\u00ebrse \u00ebsht\u00eb e madhe. P\u00ebrse \u00ebsht\u00eb boshti i Bot\u00ebs. P\u00ebrse kur n\u00eb Amerik\u00eb pun\u00ebt shkojn\u00eb mir\u00eb, at\u00ebher\u00eb n\u00eb mbar\u00eb bot\u00ebn do t\u00eb shkojn\u00eb m\u00eb mir\u00eb. Sivjet, jo vet\u00ebm q\u00eb president u b\u00eb nj\u00eb pjes\u00ebtar i pakic\u00ebs, por, edhe nj\u00eb nga kandidatet n\u00eb rrethin m\u00eb t\u00eb ngusht\u00eb t\u00eb pretendent\u00ebve ishte edhe nj\u00eb pjes\u00ebtare e pakic\u00ebs, asaj gjinore, Hillary Clinton. P\u00ebr ne n\u00eb Ballkan, gj\u00eb q\u00eb nuk mund as t\u00eb imagjinohet.<br \/>\n<strong>Xhoana M. Perkaj<br \/>\nKoha Javore<\/strong><\/p>\n","protected":false},"excerpt":{"rendered":"<p>A mund t\u00eb imagjinojm\u00eb q\u00eb n\u00eb ndonj\u00eb vend tjet\u00ebr t\u00eb bot\u00ebs t\u00eb zgjedhet president njeriu i cili i takon pakic\u00ebs, \u00e7far\u00ebdo qoft\u00eb ajo: nacionale, fetare, gjinore ose racore. V\u00ebshtir\u00eb. V\u00ebshtir\u00eb mund t\u00eb ndodh\u00eb edhe n\u00eb bot\u00ebn e demokracis\u00eb qytetare e t\u00eb mos flasim p\u00ebr Ballkanin. T\u00eb m\u00ebrkur\u00ebn q\u00eb shkoi, amerikan\u00ebt e zgjodh\u00ebn presidentin e ri. [&hellip;]<\/p>\n","protected":false},"author":1,"featured_media":0,"comment_status":"open","ping_status":"closed","sticky":false,"template":"","format":"standard","meta":{"spay_email":"","jetpack_publicize_message":"","jetpack_is_tweetstorm":false,"jetpack_publicize_feature_enabled":true},"categories":[13],"tags":[3909,743],"jetpack_publicize_connections":[],"yoast_head":"<!-- This site is optimized with the Yoast SEO plugin v19.1 - https:\/\/yoast.com\/wordpress\/plugins\/seo\/ -->\n<title>P\u00ebrse jan\u00eb SHBA boshti i bot\u00ebs - Lajme nga Ulqini<\/title>\n<meta name=\"description\" content=\"A mund t\u00eb imagjinojm\u00eb q\u00eb n\u00eb ndonj\u00eb vend tjet\u00ebr t\u00eb bot\u00ebs t\u00eb zgjedhet president njeriu i cili i takon pakic\u00ebs, \u00e7far\u00ebdo qoft\u00eb ajo: nacionale, fetare, gjinore\" \/>\n<meta name=\"robots\" content=\"index, follow, max-snippet:-1, max-image-preview:large, max-video-preview:-1\" \/>\n<link rel=\"canonical\" href=\"https:\/\/www.visit-ulcinj.com\/blog\/2008\/11\/23\/perse-jane-shba-boshti-i-botes\/\" \/>\n<meta property=\"og:locale\" content=\"en_US\" \/>\n<meta property=\"og:type\" content=\"article\" \/>\n<meta property=\"og:title\" content=\"P\u00ebrse jan\u00eb SHBA boshti i bot\u00ebs - Lajme nga Ulqini\" \/>\n<meta property=\"og:description\" content=\"A mund t\u00eb imagjinojm\u00eb q\u00eb n\u00eb ndonj\u00eb vend tjet\u00ebr t\u00eb bot\u00ebs t\u00eb zgjedhet president njeriu i cili i takon pakic\u00ebs, \u00e7far\u00ebdo qoft\u00eb ajo: nacionale, fetare, gjinore\" \/>\n<meta property=\"og:url\" content=\"https:\/\/www.visit-ulcinj.com\/blog\/2008\/11\/23\/perse-jane-shba-boshti-i-botes\/\" \/>\n<meta property=\"og:site_name\" content=\"Lajme nga Ulqini\" \/>\n<meta property=\"article:published_time\" content=\"2008-11-23T18:49:12+00:00\" \/>\n<meta property=\"og:image\" content=\"http:\/\/www.visit-ulcinj.com\/blog\/wp-content\/uploads\/2008\/11\/travel_picture-racial_tolerance-300x220.jpg\" \/>\n<meta name=\"twitter:label1\" content=\"Written by\" \/>\n\t<meta name=\"twitter:data1\" content=\"ulqini\" \/>\n\t<meta name=\"twitter:label2\" content=\"Est. reading time\" \/>\n\t<meta name=\"twitter:data2\" content=\"3 minutes\" \/>\n<script type=\"application\/ld+json\" class=\"yoast-schema-graph\">{\"@context\":\"https:\/\/schema.org\",\"@graph\":[{\"@type\":\"WebSite\",\"@id\":\"https:\/\/www.visit-ulcinj.com\/blog\/#website\",\"url\":\"https:\/\/www.visit-ulcinj.com\/blog\/\",\"name\":\"Lajme nga Ulqini\",\"description\":\"Lajme,Vijesti,Ulqini,Ulqin,Crna Gora,Mali i Zi\",\"potentialAction\":[{\"@type\":\"SearchAction\",\"target\":{\"@type\":\"EntryPoint\",\"urlTemplate\":\"https:\/\/www.visit-ulcinj.com\/blog\/?s={search_term_string}\"},\"query-input\":\"required name=search_term_string\"}],\"inLanguage\":\"en-US\"},{\"@type\":\"ImageObject\",\"inLanguage\":\"en-US\",\"@id\":\"https:\/\/www.visit-ulcinj.com\/blog\/2008\/11\/23\/perse-jane-shba-boshti-i-botes\/#primaryimage\",\"url\":\"http:\/\/www.visit-ulcinj.com\/blog\/wp-content\/uploads\/2008\/11\/travel_picture-racial_tolerance-300x220.jpg\",\"contentUrl\":\"http:\/\/www.visit-ulcinj.com\/blog\/wp-content\/uploads\/2008\/11\/travel_picture-racial_tolerance-300x220.jpg\"},{\"@type\":\"WebPage\",\"@id\":\"https:\/\/www.visit-ulcinj.com\/blog\/2008\/11\/23\/perse-jane-shba-boshti-i-botes\/#webpage\",\"url\":\"https:\/\/www.visit-ulcinj.com\/blog\/2008\/11\/23\/perse-jane-shba-boshti-i-botes\/\",\"name\":\"P\u00ebrse jan\u00eb SHBA boshti i bot\u00ebs - Lajme nga Ulqini\",\"isPartOf\":{\"@id\":\"https:\/\/www.visit-ulcinj.com\/blog\/#website\"},\"primaryImageOfPage\":{\"@id\":\"https:\/\/www.visit-ulcinj.com\/blog\/2008\/11\/23\/perse-jane-shba-boshti-i-botes\/#primaryimage\"},\"datePublished\":\"2008-11-23T18:49:12+00:00\",\"dateModified\":\"2008-11-23T18:49:12+00:00\",\"author\":{\"@id\":\"https:\/\/www.visit-ulcinj.com\/blog\/#\/schema\/person\/dcab619c614d3038751c63bc2aadc06d\"},\"description\":\"A mund t\u00eb imagjinojm\u00eb q\u00eb n\u00eb ndonj\u00eb vend tjet\u00ebr t\u00eb bot\u00ebs t\u00eb zgjedhet president njeriu i cili i takon pakic\u00ebs, \u00e7far\u00ebdo qoft\u00eb ajo: nacionale, fetare, gjinore\",\"breadcrumb\":{\"@id\":\"https:\/\/www.visit-ulcinj.com\/blog\/2008\/11\/23\/perse-jane-shba-boshti-i-botes\/#breadcrumb\"},\"inLanguage\":\"en-US\",\"potentialAction\":[{\"@type\":\"ReadAction\",\"target\":[\"https:\/\/www.visit-ulcinj.com\/blog\/2008\/11\/23\/perse-jane-shba-boshti-i-botes\/\"]}]},{\"@type\":\"BreadcrumbList\",\"@id\":\"https:\/\/www.visit-ulcinj.com\/blog\/2008\/11\/23\/perse-jane-shba-boshti-i-botes\/#breadcrumb\",\"itemListElement\":[{\"@type\":\"ListItem\",\"position\":1,\"name\":\"P\u00ebrse jan\u00eb SHBA boshti i bot\u00ebs\"}]},{\"@type\":\"Person\",\"@id\":\"https:\/\/www.visit-ulcinj.com\/blog\/#\/schema\/person\/dcab619c614d3038751c63bc2aadc06d\",\"name\":\"ulqini\",\"sameAs\":[\"http:\/\/www.visit-ulcinj.com\"],\"url\":\"https:\/\/www.visit-ulcinj.com\/blog\/author\/admin\/\"}]}<\/script>\n<!-- \/ Yoast SEO plugin. -->","yoast_head_json":{"title":"P\u00ebrse jan\u00eb SHBA boshti i bot\u00ebs - Lajme nga Ulqini","description":"A mund t\u00eb imagjinojm\u00eb q\u00eb n\u00eb ndonj\u00eb vend tjet\u00ebr t\u00eb bot\u00ebs t\u00eb zgjedhet president njeriu i cili i takon pakic\u00ebs, \u00e7far\u00ebdo qoft\u00eb ajo: nacionale, fetare, gjinore","robots":{"index":"index","follow":"follow","max-snippet":"max-snippet:-1","max-image-preview":"max-image-preview:large","max-video-preview":"max-video-preview:-1"},"canonical":"https:\/\/www.visit-ulcinj.com\/blog\/2008\/11\/23\/perse-jane-shba-boshti-i-botes\/","og_locale":"en_US","og_type":"article","og_title":"P\u00ebrse jan\u00eb SHBA boshti i bot\u00ebs - Lajme nga Ulqini","og_description":"A mund t\u00eb imagjinojm\u00eb q\u00eb n\u00eb ndonj\u00eb vend tjet\u00ebr t\u00eb bot\u00ebs t\u00eb zgjedhet president njeriu i cili i takon pakic\u00ebs, \u00e7far\u00ebdo qoft\u00eb ajo: nacionale, fetare, gjinore","og_url":"https:\/\/www.visit-ulcinj.com\/blog\/2008\/11\/23\/perse-jane-shba-boshti-i-botes\/","og_site_name":"Lajme nga Ulqini","article_published_time":"2008-11-23T18:49:12+00:00","og_image":[{"url":"http:\/\/www.visit-ulcinj.com\/blog\/wp-content\/uploads\/2008\/11\/travel_picture-racial_tolerance-300x220.jpg"}],"twitter_misc":{"Written by":"ulqini","Est. reading time":"3 minutes"},"schema":{"@context":"https:\/\/schema.org","@graph":[{"@type":"WebSite","@id":"https:\/\/www.visit-ulcinj.com\/blog\/#website","url":"https:\/\/www.visit-ulcinj.com\/blog\/","name":"Lajme nga Ulqini","description":"Lajme,Vijesti,Ulqini,Ulqin,Crna Gora,Mali i Zi","potentialAction":[{"@type":"SearchAction","target":{"@type":"EntryPoint","urlTemplate":"https:\/\/www.visit-ulcinj.com\/blog\/?s={search_term_string}"},"query-input":"required name=search_term_string"}],"inLanguage":"en-US"},{"@type":"ImageObject","inLanguage":"en-US","@id":"https:\/\/www.visit-ulcinj.com\/blog\/2008\/11\/23\/perse-jane-shba-boshti-i-botes\/#primaryimage","url":"http:\/\/www.visit-ulcinj.com\/blog\/wp-content\/uploads\/2008\/11\/travel_picture-racial_tolerance-300x220.jpg","contentUrl":"http:\/\/www.visit-ulcinj.com\/blog\/wp-content\/uploads\/2008\/11\/travel_picture-racial_tolerance-300x220.jpg"},{"@type":"WebPage","@id":"https:\/\/www.visit-ulcinj.com\/blog\/2008\/11\/23\/perse-jane-shba-boshti-i-botes\/#webpage","url":"https:\/\/www.visit-ulcinj.com\/blog\/2008\/11\/23\/perse-jane-shba-boshti-i-botes\/","name":"P\u00ebrse jan\u00eb SHBA boshti i bot\u00ebs - Lajme nga Ulqini","isPartOf":{"@id":"https:\/\/www.visit-ulcinj.com\/blog\/#website"},"primaryImageOfPage":{"@id":"https:\/\/www.visit-ulcinj.com\/blog\/2008\/11\/23\/perse-jane-shba-boshti-i-botes\/#primaryimage"},"datePublished":"2008-11-23T18:49:12+00:00","dateModified":"2008-11-23T18:49:12+00:00","author":{"@id":"https:\/\/www.visit-ulcinj.com\/blog\/#\/schema\/person\/dcab619c614d3038751c63bc2aadc06d"},"description":"A mund t\u00eb imagjinojm\u00eb q\u00eb n\u00eb ndonj\u00eb vend tjet\u00ebr t\u00eb bot\u00ebs t\u00eb zgjedhet president njeriu i cili i takon pakic\u00ebs, \u00e7far\u00ebdo qoft\u00eb ajo: nacionale, fetare, gjinore","breadcrumb":{"@id":"https:\/\/www.visit-ulcinj.com\/blog\/2008\/11\/23\/perse-jane-shba-boshti-i-botes\/#breadcrumb"},"inLanguage":"en-US","potentialAction":[{"@type":"ReadAction","target":["https:\/\/www.visit-ulcinj.com\/blog\/2008\/11\/23\/perse-jane-shba-boshti-i-botes\/"]}]},{"@type":"BreadcrumbList","@id":"https:\/\/www.visit-ulcinj.com\/blog\/2008\/11\/23\/perse-jane-shba-boshti-i-botes\/#breadcrumb","itemListElement":[{"@type":"ListItem","position":1,"name":"P\u00ebrse jan\u00eb SHBA boshti i bot\u00ebs"}]},{"@type":"Person","@id":"https:\/\/www.visit-ulcinj.com\/blog\/#\/schema\/person\/dcab619c614d3038751c63bc2aadc06d","name":"ulqini","sameAs":["http:\/\/www.visit-ulcinj.com"],"url":"https:\/\/www.visit-ulcinj.com\/blog\/author\/admin\/"}]}},"jetpack_featured_media_url":"","jetpack_sharing_enabled":true,"jetpack_shortlink":"https:\/\/wp.me\/pe6lTn-1Hr","_links":{"self":[{"href":"https:\/\/www.visit-ulcinj.com\/blog\/wp-json\/wp\/v2\/posts\/6537"}],"collection":[{"href":"https:\/\/www.visit-ulcinj.com\/blog\/wp-json\/wp\/v2\/posts"}],"about":[{"href":"https:\/\/www.visit-ulcinj.com\/blog\/wp-json\/wp\/v2\/types\/post"}],"author":[{"embeddable":true,"href":"https:\/\/www.visit-ulcinj.com\/blog\/wp-json\/wp\/v2\/users\/1"}],"replies":[{"embeddable":true,"href":"https:\/\/www.visit-ulcinj.com\/blog\/wp-json\/wp\/v2\/comments?post=6537"}],"version-history":[{"count":0,"href":"https:\/\/www.visit-ulcinj.com\/blog\/wp-json\/wp\/v2\/posts\/6537\/revisions"}],"wp:attachment":[{"href":"https:\/\/www.visit-ulcinj.com\/blog\/wp-json\/wp\/v2\/media?parent=6537"}],"wp:term":[{"taxonomy":"category","embeddable":true,"href":"https:\/\/www.visit-ulcinj.com\/blog\/wp-json\/wp\/v2\/categories?post=6537"},{"taxonomy":"post_tag","embeddable":true,"href":"https:\/\/www.visit-ulcinj.com\/blog\/wp-json\/wp\/v2\/tags?post=6537"}],"curies":[{"name":"wp","href":"https:\/\/api.w.org\/{rel}","templated":true}]}}