{"id":65374,"date":"2012-11-03T21:41:31","date_gmt":"2012-11-03T20:41:31","guid":{"rendered":"http:\/\/www.visit-ulcinj.com\/blog\/?p=65374"},"modified":"2012-11-03T22:08:17","modified_gmt":"2012-11-03T21:08:17","slug":"ulqin-alarm-i-rreme-per-bombe-foto","status":"publish","type":"post","link":"https:\/\/www.visit-ulcinj.com\/blog\/2012\/11\/03\/ulqin-alarm-i-rreme-per-bombe-foto\/","title":{"rendered":"Ulqin: Alarm i rrem\u00eb p\u00ebr bomb\u00eb + Foto"},"content":{"rendered":"<div id=\"attachment_65375\" style=\"width: 518px\" class=\"wp-caption alignleft\"><a href=\"http:\/\/www.visit-ulcinj.com\/blog\/wp-content\/uploads\/2012\/11\/Ulqin_Alarm-Bombe.jpg\"><img aria-describedby=\"caption-attachment-65375\" loading=\"lazy\" class=\" wp-image-65375 \" title=\"Ulqin_Alarm-Bombe\" src=\"http:\/\/www.visit-ulcinj.com\/blog\/wp-content\/uploads\/2012\/11\/Ulqin_Alarm-Bombe.jpg\" alt=\"\" width=\"508\" height=\"360\" \/><\/a><p id=\"caption-attachment-65375\" class=\"wp-caption-text\">Foto: Samir Adroviq<\/p><\/div>\n<p>Nj\u00eb \u00e7ant\u00eb me mbishkrimin \u201ebomb\u00eb\u201c, t\u00eb cil\u00ebn nj\u00eb person i panjohur e kishte l\u00ebn\u00eb n\u00eb shkallet e nj\u00eb vet\u00ebsh\u00ebrbimi n\u00eb Ulqin, ka b\u00ebr\u00eb q\u00eb t\u00eb alarmohen rrejsh\u00ebm banor\u00ebt e k\u00ebtij qyteti bregdetar.<br \/>\nDyshimet i hoqi nj\u00ebsia speciale e veprimit atantidiverziv, ka raportuar portali \u201eVijesti\u201c e Podgoric\u00ebs.<br \/>\nPolicia, me t\u00eb marr\u00eb alarmin, sipas rregullave, ka evakuuar njer\u00ebzit dhe ka mbyllur objektet n\u00eb perimet\u00ebr 150 metrash nga shkallet ku ishte vendosur \u00e7anta e dyshuar\u2026<\/p>\n<p><strong>RTV21<\/strong><\/p>\n<h4><a href=\"https:\/\/www.facebook.com\/vatrogasno.ulcinj\" target=\"_blank\">Vatrogasno Ulcinj Facebook<\/a><\/h4>\n\n\t\t<style type=\"text\/css\">\n\t\t\t#gallery-1 {\n\t\t\t\tmargin: auto;\n\t\t\t}\n\t\t\t#gallery-1 .gallery-item {\n\t\t\t\tfloat: left;\n\t\t\t\tmargin-top: 10px;\n\t\t\t\ttext-align: center;\n\t\t\t\twidth: 33%;\n\t\t\t}\n\t\t\t#gallery-1 img {\n\t\t\t\tborder: 2px solid #cfcfcf;\n\t\t\t}\n\t\t\t#gallery-1 .gallery-caption {\n\t\t\t\tmargin-left: 0;\n\t\t\t}\n\t\t\t\/* see gallery_shortcode() in wp-includes\/media.php *\/\n\t\t<\/style>\n\t\t<div id='gallery-1' class='gallery galleryid-65374 gallery-columns-3 gallery-size-thumbnail'><dl class='gallery-item'>\n\t\t\t<dt class='gallery-icon landscape'>\n\t\t\t\t<a href='https:\/\/www.visit-ulcinj.com\/blog\/wp-content\/uploads\/2012\/11\/Ulqin_Alarm-Bombe.jpg'><img width=\"150\" height=\"150\" src=\"https:\/\/www.visit-ulcinj.com\/blog\/wp-content\/uploads\/2012\/11\/Ulqin_Alarm-Bombe-150x150.jpg\" class=\"attachment-thumbnail size-thumbnail\" alt=\"\" loading=\"lazy\" aria-describedby=\"gallery-1-65375\" \/><\/a>\n\t\t\t<\/dt>\n\t\t\t\t<dd class='wp-caption-text gallery-caption' id='gallery-1-65375'>\n\t\t\t\tFoto: Samir Adroviq\n\t\t\t\t<\/dd><\/dl><dl class='gallery-item'>\n\t\t\t<dt class='gallery-icon landscape'>\n\t\t\t\t<a href='https:\/\/www.visit-ulcinj.com\/blog\/wp-content\/uploads\/2012\/11\/Ulqin_Alarm-Bombe.1.jpg'><img width=\"150\" height=\"150\" src=\"https:\/\/www.visit-ulcinj.com\/blog\/wp-content\/uploads\/2012\/11\/Ulqin_Alarm-Bombe.1-150x150.jpg\" class=\"attachment-thumbnail size-thumbnail\" alt=\"\" loading=\"lazy\" srcset=\"https:\/\/www.visit-ulcinj.com\/blog\/wp-content\/uploads\/2012\/11\/Ulqin_Alarm-Bombe.1-150x150.jpg 150w, https:\/\/www.visit-ulcinj.com\/blog\/wp-content\/uploads\/2012\/11\/Ulqin_Alarm-Bombe.1-300x300.jpg 300w, https:\/\/www.visit-ulcinj.com\/blog\/wp-content\/uploads\/2012\/11\/Ulqin_Alarm-Bombe.1.jpg 403w\" sizes=\"(max-width: 150px) 100vw, 150px\" \/><\/a>\n\t\t\t<\/dt><\/dl><dl class='gallery-item'>\n\t\t\t<dt class='gallery-icon portrait'>\n\t\t\t\t<a href='https:\/\/www.visit-ulcinj.com\/blog\/wp-content\/uploads\/2012\/11\/Ulqin_Alarm-Bombe.2.jpg'><img width=\"150\" height=\"150\" src=\"https:\/\/www.visit-ulcinj.com\/blog\/wp-content\/uploads\/2012\/11\/Ulqin_Alarm-Bombe.2-150x150.jpg\" class=\"attachment-thumbnail size-thumbnail\" alt=\"\" loading=\"lazy\" \/><\/a>\n\t\t\t<\/dt><\/dl><br style=\"clear: both\" \/><dl class='gallery-item'>\n\t\t\t<dt class='gallery-icon portrait'>\n\t\t\t\t<a href='https:\/\/www.visit-ulcinj.com\/blog\/wp-content\/uploads\/2012\/11\/Ulqin_Alarm-Bombe.3.jpg'><img width=\"150\" height=\"150\" src=\"https:\/\/www.visit-ulcinj.com\/blog\/wp-content\/uploads\/2012\/11\/Ulqin_Alarm-Bombe.3-150x150.jpg\" class=\"attachment-thumbnail size-thumbnail\" alt=\"\" loading=\"lazy\" \/><\/a>\n\t\t\t<\/dt><\/dl><dl class='gallery-item'>\n\t\t\t<dt class='gallery-icon portrait'>\n\t\t\t\t<a href='https:\/\/www.visit-ulcinj.com\/blog\/wp-content\/uploads\/2012\/11\/Ulqin_Alarm-Bombe.4.jpg'><img width=\"150\" height=\"150\" src=\"https:\/\/www.visit-ulcinj.com\/blog\/wp-content\/uploads\/2012\/11\/Ulqin_Alarm-Bombe.4-150x150.jpg\" class=\"attachment-thumbnail size-thumbnail\" alt=\"\" loading=\"lazy\" \/><\/a>\n\t\t\t<\/dt><\/dl><dl class='gallery-item'>\n\t\t\t<dt class='gallery-icon portrait'>\n\t\t\t\t<a href='https:\/\/www.visit-ulcinj.com\/blog\/wp-content\/uploads\/2012\/11\/Ulqin_Alarm-Bombe.5.jpg'><img width=\"150\" height=\"150\" src=\"https:\/\/www.visit-ulcinj.com\/blog\/wp-content\/uploads\/2012\/11\/Ulqin_Alarm-Bombe.5-150x150.jpg\" class=\"attachment-thumbnail size-thumbnail\" alt=\"\" loading=\"lazy\" \/><\/a>\n\t\t\t<\/dt><\/dl><br style=\"clear: both\" \/>\n\t\t<\/div>\n\n","protected":false},"excerpt":{"rendered":"<p>Nj\u00eb \u00e7ant\u00eb me mbishkrimin \u201ebomb\u00eb\u201c, t\u00eb cil\u00ebn nj\u00eb person i panjohur e kishte l\u00ebn\u00eb n\u00eb shkallet e nj\u00eb vet\u00ebsh\u00ebrbimi n\u00eb Ulqin, ka b\u00ebr\u00eb q\u00eb t\u00eb alarmohen rrejsh\u00ebm banor\u00ebt e k\u00ebtij qyteti bregdetar. Dyshimet i hoqi nj\u00ebsia speciale e veprimit atantidiverziv, ka raportuar portali \u201eVijesti\u201c e Podgoric\u00ebs. Policia, me t\u00eb marr\u00eb alarmin, sipas rregullave, ka evakuuar [&hellip;]<\/p>\n","protected":false},"author":1,"featured_media":0,"comment_status":"open","ping_status":"closed","sticky":false,"template":"","format":"standard","meta":{"spay_email":"","jetpack_publicize_message":"","jetpack_is_tweetstorm":false,"jetpack_publicize_feature_enabled":true},"categories":[6950],"tags":[19135,21422,200],"jetpack_publicize_connections":[],"yoast_head":"<!-- This site is optimized with the Yoast SEO plugin v19.1 - https:\/\/yoast.com\/wordpress\/plugins\/seo\/ -->\n<title>Ulqin: Alarm i rrem\u00eb p\u00ebr bomb\u00eb + Foto - Lajme nga Ulqini<\/title>\n<meta name=\"description\" content=\"Nj\u00eb \u00e7ant\u00eb me mbishkrimin \u201ebomb\u00eb\u201c, t\u00eb cil\u00ebn nj\u00eb person i panjohur e kishte l\u00ebn\u00eb n\u00eb shkallet e nj\u00eb vet\u00ebsh\u00ebrbimi n\u00eb Ulqin, ka b\u00ebr\u00eb q\u00eb t\u00eb alarmohen rrejsh\u00ebm\" \/>\n<meta name=\"robots\" content=\"index, follow, max-snippet:-1, max-image-preview:large, max-video-preview:-1\" \/>\n<link rel=\"canonical\" href=\"https:\/\/www.visit-ulcinj.com\/blog\/2012\/11\/03\/ulqin-alarm-i-rreme-per-bombe-foto\/\" \/>\n<meta property=\"og:locale\" content=\"en_US\" \/>\n<meta property=\"og:type\" content=\"article\" \/>\n<meta property=\"og:title\" content=\"Ulqin: Alarm i rrem\u00eb p\u00ebr bomb\u00eb + Foto - Lajme nga Ulqini\" \/>\n<meta property=\"og:description\" content=\"Nj\u00eb \u00e7ant\u00eb me mbishkrimin \u201ebomb\u00eb\u201c, t\u00eb cil\u00ebn nj\u00eb person i panjohur e kishte l\u00ebn\u00eb n\u00eb shkallet e nj\u00eb vet\u00ebsh\u00ebrbimi n\u00eb Ulqin, ka b\u00ebr\u00eb q\u00eb t\u00eb alarmohen rrejsh\u00ebm\" \/>\n<meta property=\"og:url\" content=\"https:\/\/www.visit-ulcinj.com\/blog\/2012\/11\/03\/ulqin-alarm-i-rreme-per-bombe-foto\/\" \/>\n<meta property=\"og:site_name\" content=\"Lajme nga Ulqini\" \/>\n<meta property=\"article:published_time\" content=\"2012-11-03T20:41:31+00:00\" \/>\n<meta property=\"article:modified_time\" content=\"2012-11-03T21:08:17+00:00\" \/>\n<meta property=\"og:image\" content=\"https:\/\/www.visit-ulcinj.com\/blog\/wp-content\/uploads\/2012\/11\/Ulqin_Alarm-Bombe-150x150.jpg\" \/>\n<meta name=\"twitter:label1\" content=\"Written by\" \/>\n\t<meta name=\"twitter:data1\" content=\"ulqini\" \/>\n\t<meta name=\"twitter:label2\" content=\"Est. reading time\" \/>\n\t<meta name=\"twitter:data2\" content=\"1 minute\" \/>\n<script type=\"application\/ld+json\" class=\"yoast-schema-graph\">{\"@context\":\"https:\/\/schema.org\",\"@graph\":[{\"@type\":\"WebSite\",\"@id\":\"https:\/\/www.visit-ulcinj.com\/blog\/#website\",\"url\":\"https:\/\/www.visit-ulcinj.com\/blog\/\",\"name\":\"Lajme nga Ulqini\",\"description\":\"Lajme,Vijesti,Ulqini,Ulqin,Crna Gora,Mali i Zi\",\"potentialAction\":[{\"@type\":\"SearchAction\",\"target\":{\"@type\":\"EntryPoint\",\"urlTemplate\":\"https:\/\/www.visit-ulcinj.com\/blog\/?s={search_term_string}\"},\"query-input\":\"required name=search_term_string\"}],\"inLanguage\":\"en-US\"},{\"@type\":\"ImageObject\",\"inLanguage\":\"en-US\",\"@id\":\"https:\/\/www.visit-ulcinj.com\/blog\/2012\/11\/03\/ulqin-alarm-i-rreme-per-bombe-foto\/#primaryimage\",\"url\":\"https:\/\/www.visit-ulcinj.com\/blog\/wp-content\/uploads\/2012\/11\/Ulqin_Alarm-Bombe.jpg\",\"contentUrl\":\"https:\/\/www.visit-ulcinj.com\/blog\/wp-content\/uploads\/2012\/11\/Ulqin_Alarm-Bombe.jpg\",\"width\":\"1000\",\"height\":\"750\",\"caption\":\"Foto: Samir Adroviq\"},{\"@type\":\"WebPage\",\"@id\":\"https:\/\/www.visit-ulcinj.com\/blog\/2012\/11\/03\/ulqin-alarm-i-rreme-per-bombe-foto\/#webpage\",\"url\":\"https:\/\/www.visit-ulcinj.com\/blog\/2012\/11\/03\/ulqin-alarm-i-rreme-per-bombe-foto\/\",\"name\":\"Ulqin: Alarm i rrem\u00eb p\u00ebr bomb\u00eb + Foto - Lajme nga Ulqini\",\"isPartOf\":{\"@id\":\"https:\/\/www.visit-ulcinj.com\/blog\/#website\"},\"primaryImageOfPage\":{\"@id\":\"https:\/\/www.visit-ulcinj.com\/blog\/2012\/11\/03\/ulqin-alarm-i-rreme-per-bombe-foto\/#primaryimage\"},\"datePublished\":\"2012-11-03T20:41:31+00:00\",\"dateModified\":\"2012-11-03T21:08:17+00:00\",\"author\":{\"@id\":\"https:\/\/www.visit-ulcinj.com\/blog\/#\/schema\/person\/dcab619c614d3038751c63bc2aadc06d\"},\"description\":\"Nj\u00eb \u00e7ant\u00eb me mbishkrimin \u201ebomb\u00eb\u201c, t\u00eb cil\u00ebn nj\u00eb person i panjohur e kishte l\u00ebn\u00eb n\u00eb shkallet e nj\u00eb vet\u00ebsh\u00ebrbimi n\u00eb Ulqin, ka b\u00ebr\u00eb q\u00eb t\u00eb alarmohen rrejsh\u00ebm\",\"breadcrumb\":{\"@id\":\"https:\/\/www.visit-ulcinj.com\/blog\/2012\/11\/03\/ulqin-alarm-i-rreme-per-bombe-foto\/#breadcrumb\"},\"inLanguage\":\"en-US\",\"potentialAction\":[{\"@type\":\"ReadAction\",\"target\":[\"https:\/\/www.visit-ulcinj.com\/blog\/2012\/11\/03\/ulqin-alarm-i-rreme-per-bombe-foto\/\"]}]},{\"@type\":\"BreadcrumbList\",\"@id\":\"https:\/\/www.visit-ulcinj.com\/blog\/2012\/11\/03\/ulqin-alarm-i-rreme-per-bombe-foto\/#breadcrumb\",\"itemListElement\":[{\"@type\":\"ListItem\",\"position\":1,\"name\":\"Ulqin: Alarm i rrem\u00eb p\u00ebr bomb\u00eb + Foto\"}]},{\"@type\":\"Person\",\"@id\":\"https:\/\/www.visit-ulcinj.com\/blog\/#\/schema\/person\/dcab619c614d3038751c63bc2aadc06d\",\"name\":\"ulqini\",\"sameAs\":[\"http:\/\/www.visit-ulcinj.com\"],\"url\":\"https:\/\/www.visit-ulcinj.com\/blog\/author\/admin\/\"}]}<\/script>\n<!-- \/ Yoast SEO plugin. -->","yoast_head_json":{"title":"Ulqin: Alarm i rrem\u00eb p\u00ebr bomb\u00eb + Foto - Lajme nga Ulqini","description":"Nj\u00eb \u00e7ant\u00eb me mbishkrimin \u201ebomb\u00eb\u201c, t\u00eb cil\u00ebn nj\u00eb person i panjohur e kishte l\u00ebn\u00eb n\u00eb shkallet e nj\u00eb vet\u00ebsh\u00ebrbimi n\u00eb Ulqin, ka b\u00ebr\u00eb q\u00eb t\u00eb alarmohen rrejsh\u00ebm","robots":{"index":"index","follow":"follow","max-snippet":"max-snippet:-1","max-image-preview":"max-image-preview:large","max-video-preview":"max-video-preview:-1"},"canonical":"https:\/\/www.visit-ulcinj.com\/blog\/2012\/11\/03\/ulqin-alarm-i-rreme-per-bombe-foto\/","og_locale":"en_US","og_type":"article","og_title":"Ulqin: Alarm i rrem\u00eb p\u00ebr bomb\u00eb + Foto - Lajme nga Ulqini","og_description":"Nj\u00eb \u00e7ant\u00eb me mbishkrimin \u201ebomb\u00eb\u201c, t\u00eb cil\u00ebn nj\u00eb person i panjohur e kishte l\u00ebn\u00eb n\u00eb shkallet e nj\u00eb vet\u00ebsh\u00ebrbimi n\u00eb Ulqin, ka b\u00ebr\u00eb q\u00eb t\u00eb alarmohen rrejsh\u00ebm","og_url":"https:\/\/www.visit-ulcinj.com\/blog\/2012\/11\/03\/ulqin-alarm-i-rreme-per-bombe-foto\/","og_site_name":"Lajme nga Ulqini","article_published_time":"2012-11-03T20:41:31+00:00","article_modified_time":"2012-11-03T21:08:17+00:00","og_image":[{"url":"https:\/\/www.visit-ulcinj.com\/blog\/wp-content\/uploads\/2012\/11\/Ulqin_Alarm-Bombe-150x150.jpg"}],"twitter_misc":{"Written by":"ulqini","Est. reading time":"1 minute"},"schema":{"@context":"https:\/\/schema.org","@graph":[{"@type":"WebSite","@id":"https:\/\/www.visit-ulcinj.com\/blog\/#website","url":"https:\/\/www.visit-ulcinj.com\/blog\/","name":"Lajme nga Ulqini","description":"Lajme,Vijesti,Ulqini,Ulqin,Crna Gora,Mali i Zi","potentialAction":[{"@type":"SearchAction","target":{"@type":"EntryPoint","urlTemplate":"https:\/\/www.visit-ulcinj.com\/blog\/?s={search_term_string}"},"query-input":"required name=search_term_string"}],"inLanguage":"en-US"},{"@type":"ImageObject","inLanguage":"en-US","@id":"https:\/\/www.visit-ulcinj.com\/blog\/2012\/11\/03\/ulqin-alarm-i-rreme-per-bombe-foto\/#primaryimage","url":"https:\/\/www.visit-ulcinj.com\/blog\/wp-content\/uploads\/2012\/11\/Ulqin_Alarm-Bombe.jpg","contentUrl":"https:\/\/www.visit-ulcinj.com\/blog\/wp-content\/uploads\/2012\/11\/Ulqin_Alarm-Bombe.jpg","width":"1000","height":"750","caption":"Foto: Samir Adroviq"},{"@type":"WebPage","@id":"https:\/\/www.visit-ulcinj.com\/blog\/2012\/11\/03\/ulqin-alarm-i-rreme-per-bombe-foto\/#webpage","url":"https:\/\/www.visit-ulcinj.com\/blog\/2012\/11\/03\/ulqin-alarm-i-rreme-per-bombe-foto\/","name":"Ulqin: Alarm i rrem\u00eb p\u00ebr bomb\u00eb + Foto - Lajme nga Ulqini","isPartOf":{"@id":"https:\/\/www.visit-ulcinj.com\/blog\/#website"},"primaryImageOfPage":{"@id":"https:\/\/www.visit-ulcinj.com\/blog\/2012\/11\/03\/ulqin-alarm-i-rreme-per-bombe-foto\/#primaryimage"},"datePublished":"2012-11-03T20:41:31+00:00","dateModified":"2012-11-03T21:08:17+00:00","author":{"@id":"https:\/\/www.visit-ulcinj.com\/blog\/#\/schema\/person\/dcab619c614d3038751c63bc2aadc06d"},"description":"Nj\u00eb \u00e7ant\u00eb me mbishkrimin \u201ebomb\u00eb\u201c, t\u00eb cil\u00ebn nj\u00eb person i panjohur e kishte l\u00ebn\u00eb n\u00eb shkallet e nj\u00eb vet\u00ebsh\u00ebrbimi n\u00eb Ulqin, ka b\u00ebr\u00eb q\u00eb t\u00eb alarmohen rrejsh\u00ebm","breadcrumb":{"@id":"https:\/\/www.visit-ulcinj.com\/blog\/2012\/11\/03\/ulqin-alarm-i-rreme-per-bombe-foto\/#breadcrumb"},"inLanguage":"en-US","potentialAction":[{"@type":"ReadAction","target":["https:\/\/www.visit-ulcinj.com\/blog\/2012\/11\/03\/ulqin-alarm-i-rreme-per-bombe-foto\/"]}]},{"@type":"BreadcrumbList","@id":"https:\/\/www.visit-ulcinj.com\/blog\/2012\/11\/03\/ulqin-alarm-i-rreme-per-bombe-foto\/#breadcrumb","itemListElement":[{"@type":"ListItem","position":1,"name":"Ulqin: Alarm i rrem\u00eb p\u00ebr bomb\u00eb + Foto"}]},{"@type":"Person","@id":"https:\/\/www.visit-ulcinj.com\/blog\/#\/schema\/person\/dcab619c614d3038751c63bc2aadc06d","name":"ulqini","sameAs":["http:\/\/www.visit-ulcinj.com"],"url":"https:\/\/www.visit-ulcinj.com\/blog\/author\/admin\/"}]}},"jetpack_featured_media_url":"","jetpack_sharing_enabled":true,"jetpack_shortlink":"https:\/\/wp.me\/pe6lTn-h0q","_links":{"self":[{"href":"https:\/\/www.visit-ulcinj.com\/blog\/wp-json\/wp\/v2\/posts\/65374"}],"collection":[{"href":"https:\/\/www.visit-ulcinj.com\/blog\/wp-json\/wp\/v2\/posts"}],"about":[{"href":"https:\/\/www.visit-ulcinj.com\/blog\/wp-json\/wp\/v2\/types\/post"}],"author":[{"embeddable":true,"href":"https:\/\/www.visit-ulcinj.com\/blog\/wp-json\/wp\/v2\/users\/1"}],"replies":[{"embeddable":true,"href":"https:\/\/www.visit-ulcinj.com\/blog\/wp-json\/wp\/v2\/comments?post=65374"}],"version-history":[{"count":5,"href":"https:\/\/www.visit-ulcinj.com\/blog\/wp-json\/wp\/v2\/posts\/65374\/revisions"}],"predecessor-version":[{"id":65388,"href":"https:\/\/www.visit-ulcinj.com\/blog\/wp-json\/wp\/v2\/posts\/65374\/revisions\/65388"}],"wp:attachment":[{"href":"https:\/\/www.visit-ulcinj.com\/blog\/wp-json\/wp\/v2\/media?parent=65374"}],"wp:term":[{"taxonomy":"category","embeddable":true,"href":"https:\/\/www.visit-ulcinj.com\/blog\/wp-json\/wp\/v2\/categories?post=65374"},{"taxonomy":"post_tag","embeddable":true,"href":"https:\/\/www.visit-ulcinj.com\/blog\/wp-json\/wp\/v2\/tags?post=65374"}],"curies":[{"name":"wp","href":"https:\/\/api.w.org\/{rel}","templated":true}]}}