{"id":65384,"date":"2012-11-03T22:10:12","date_gmt":"2012-11-03T21:10:12","guid":{"rendered":"http:\/\/www.visit-ulcinj.com\/blog\/?p=65384"},"modified":"2012-11-03T22:13:51","modified_gmt":"2012-11-03T21:13:51","slug":"bardhi-van-parlamenta-poslije-dvadeset-godina","status":"publish","type":"post","link":"https:\/\/www.visit-ulcinj.com\/blog\/2012\/11\/03\/bardhi-van-parlamenta-poslije-dvadeset-godina\/","title":{"rendered":"Bardhi van parlamenta poslije dvadeset godina"},"content":{"rendered":"<div id=\"attachment_65385\" style=\"width: 500px\" class=\"wp-caption alignleft\"><a href=\"http:\/\/www.visit-ulcinj.com\/blog\/wp-content\/uploads\/2012\/11\/Mehmet-Bardhi-van-parlamenta.jpg\"><img aria-describedby=\"caption-attachment-65385\" loading=\"lazy\" class=\" wp-image-65385\" title=\"Mehmet Bardhi van parlamenta\" src=\"http:\/\/www.visit-ulcinj.com\/blog\/wp-content\/uploads\/2012\/11\/Mehmet-Bardhi-van-parlamenta.jpg\" alt=\"\" width=\"490\" height=\"302\" \/><\/a><p id=\"caption-attachment-65385\" class=\"wp-caption-text\">Foto: DAN<\/p><\/div>\n<p>Od 81 poslanika iz prethodnog saziva Skup\u0161tine \u010dak 46 ih ne\u0107e biti u plenarnoj sali na konstitutivnoj sjednici, zakazanoj za 6. novembar. Sude\u0107i po izjavama nekih od doskora\u0161njih parlamentaraca, ve\u0107ina ih se nada da \u0107e, ipak, tokom mandata novog saziva uspjeti da se vrate u skup\u0161tineke klupe, a u me\u0111uvremenu \u0107e koristiti zakonsko pravo da primaju platu godinu dana po prestanku funkcije.<br \/>\nDa se dobar dio poslani\u010dkih kandidata sa liste vladaju\u0107e koalicije nada da \u0107e uspjeti da se na\u0111e u skup\u0161tinskim klupama, potvr\u0111uje i stav Nikole Gegaja iz DPS-a.<br \/>\n\u2013 Da sa\u010dekamo formiranje vlade, kako bismo vidjeli koliko \u0107e poslanika u\u0107i u izvr\u0161nu vlast a koliko \u0107e ih zauzeti neke druge funkcije. Tek nakon toga mo\u017eemo da govorimo o tome \u010dime \u0107emo se baviti \u2013 naveo je Gegaj, koji je u prethodnom sazivu bio me\u0111u aktivnijim poslanicima, a zbog potreba partije morao je da se odrekne mjeta predsjednika Gradske op\u0161tine Tuzi kako bi ostao u dr\u017eavnom parlamentu.<br \/>\nOsim Gegaja, me\u0111u prvih 39 na listi vladaju\u0107e koalicije, koliko \u0107e ih biti na konstitutivnoj sjednici, nema ni Zorana Gospi\u0107a, Zorana Bo\u0161njaka, Nade Drobnjak, Zorana Srzenti\u0107a, Ljui\u0111a \u0160krelje, Zorana \u0106ulafi\u0107a, Fahrudina Hadrovi\u0107a, niti \u017deljka Aprcovi\u0107a. Iako je bio me\u0111u aktivnijima u klubu DPS-a, u novom sazivu, bar na po\u010detku ne\u0107e biti ni Obrada Mi\u0161a Stani\u0161i\u0107a. Od poslanika vladaju\u0107e stranke na konstitutivnoj sjednici ne\u0107e biti ni Veljko Zarubica, Halil Dukovi\u0107,Zoran Vuk\u010devi\u0107, kao ni \u0110or\u0111e Pinjati\u0107 i Drago \u010cantri\u0107. Uz njih, priliku da sa \u201eklupe za rezerve\u201d nakon konstituisanja Vlade u\u0111u u Skup\u0161tinu, \u010deka\u0107e i Zoran Jeli\u0107, Branka Tanasijevi\u0107, Milorad Vuleti\u0107, Husnija \u0160abovi\u0107, Valentina Radulovi\u0107 \u0160\u0107epanovi\u0107, Maida Be\u0161li\u0107, \u017deljko Avramovi\u0107, kao i Ljubica Aranitovi\u0107, Jasmin Sutovi\u0107, Njegosava Vujanovi\u0107, Mirsad Muli\u0107, Refik Bojad\u017ei\u0107 i Samir Agovi\u0107, koji su pred kraj pro\u0161log mandata u\u0161li u parlament.<br \/>\nOd preraspodjele fotelja u izvr\u0161noj vlasti i drugih pozicija zavisi\u0107e i dalji status u parlamentu Mi\u0107a Orlandi\u0107a i Hidajete Bajramspahi\u0107 iz SDP-a. Ervina Spahi\u0107a najvjerovatnije \u010deka neka od funkcija u izvr\u0161noj vlasti.<br \/>\nI u opozicionim poslani\u010dkim klubovima do\u0107i \u0107e do odre\u0111enih kadrovskih promjena. Tako dosada\u0161nji poslanik Nove srpske demokratije Radojica \u017divkovi\u0107 ne\u0107e biti sa kolegama u novom sazivu parlamenta. Kako ka\u017ee, to ne zna\u010di da \u0107e prestati da se bavi politikom.<br \/>\n\u2013 Predsjednik sam Op\u0161tinskog odbora Nove u Beranama i tu ima dosta posla, \u0161to zna\u010di da ostajem u politici. Koristi\u0107u zakonsku mogu\u0107nost da u narednih godinu dana primam platu, a u me\u0111uvremenu \u0107e se mo\u017eda otvoriti mogu\u0107nost da ponovo budem poslanik. Ako ne bude tako, vidje\u0107emo \u0161ta dalje, ali u svakom slu\u010daju ostajem u politici do penzije \u2013 isti\u010de \u017divkovi\u0107.<br \/>\nOsim njega u poslani\u010dkim klupama ne\u0107e biti ni Budimir Aleksi\u0107.<br \/>\nLider Demokratskog saveza Mehmet Bardhi, koji \u0107e vjerovatno polovinu mandata novog saziva biti van parlamenta, u izjavi za \u201eDan\u201d ka\u017ee da u tom periodu sigurno ne\u0107e prestati da se bavi politikom.<br \/>\n\u2013 Po\u0161to nijesam ispunio uslov za penziju, koristi\u0107u pravo na primanja godinu dana po prestanku poslani\u010dke funkcije. Sigurno \u0107u nastaviti da se bavim politikom. Ima dosta posla, ako Bog da zdravlja \u2013 isti\u010de Bardhi, koji privremeno napu\u0161ta poslani\u010dke klupe poslije dvije decenije.<br \/>\nOsim Bardhija, gra\u0111ani u novom sazivu ne\u0107e imati prilike da gledaju i slu\u0161aju ni Mehmeta Zenku, \u010dija Demokratska unija Albanaca nije izborila parlamentarni status. Od \u010dlanova kluba poslanika Pokreta za promjene iz prethodnog saziva u novom ne\u0107e biti mjesta za Zariju Pejovi\u0107a i Sr\u0111ana Brajovi\u0107a. V.R.<\/p>\n<p><strong>U SNP-u osam biv\u0161ih<\/strong><br \/>\nU klubu poslanika SNP-a, sude\u0107i po rasporedu sa izborne liste, ne\u0107e biti mjesta za osam parlamentaraca iz prethodnog saziva. To su Svetozar Golubovi\u0107, koji je povukao kandidaturu za poslanika, zatim Nata\u0161a Vukovi\u0107, Veselinka Pekovi\u0107, Radosav Ni\u0161avi\u0107, Dobrica \u0160ljivan\u010danin, Dragoslav \u0160\u0107eki\u0107, Veselin Baki\u0107 i Radoman Gogi\u0107. Druga\u010diji raspored u klupama SNP-a mogle bi da donesu jedino odluke partijskih organa, ako se bude po\u0161tovao teritorijalni princip i broj glasova po op\u0161tinama.<\/p>\n<p><a href=\"http:\/\/www.dan.co.me\/?nivo=2&amp;rubrika=Ekonomija&amp;datum=2012-11-03\" target=\"_blank\"><strong>Izvor: DAN<\/strong><\/a><\/p>\n","protected":false},"excerpt":{"rendered":"<p>Od 81 poslanika iz prethodnog saziva Skup\u0161tine \u010dak 46 ih ne\u0107e biti u plenarnoj sali na konstitutivnoj sjednici, zakazanoj za 6. novembar. Sude\u0107i po izjavama nekih od doskora\u0161njih parlamentaraca, ve\u0107ina ih se nada da \u0107e, ipak, tokom mandata novog saziva uspjeti da se vrate u skup\u0161tineke klupe, a u me\u0111uvremenu \u0107e koristiti zakonsko pravo da [&hellip;]<\/p>\n","protected":false},"author":1,"featured_media":0,"comment_status":"open","ping_status":"closed","sticky":false,"template":"","format":"standard","meta":{"spay_email":"","jetpack_publicize_message":"","jetpack_is_tweetstorm":false,"jetpack_publicize_feature_enabled":true},"categories":[8337],"tags":[347,19],"jetpack_publicize_connections":[],"yoast_head":"<!-- This site is optimized with the Yoast SEO plugin v19.1 - https:\/\/yoast.com\/wordpress\/plugins\/seo\/ -->\n<title>Bardhi van parlamenta poslije dvadeset godina - Lajme nga Ulqini<\/title>\n<meta name=\"description\" content=\"Od 81 poslanika iz prethodnog saziva Skup\u0161tine \u010dak 46 ih ne\u0107e biti u plenarnoj sali na konstitutivnoj sjednici, zakazanoj za 6. novembar. Sude\u0107i po\" \/>\n<meta name=\"robots\" content=\"index, follow, max-snippet:-1, max-image-preview:large, max-video-preview:-1\" \/>\n<link rel=\"canonical\" href=\"https:\/\/www.visit-ulcinj.com\/blog\/2012\/11\/03\/bardhi-van-parlamenta-poslije-dvadeset-godina\/\" \/>\n<meta property=\"og:locale\" content=\"en_US\" \/>\n<meta property=\"og:type\" content=\"article\" \/>\n<meta property=\"og:title\" content=\"Bardhi van parlamenta poslije dvadeset godina - Lajme nga Ulqini\" \/>\n<meta property=\"og:description\" content=\"Od 81 poslanika iz prethodnog saziva Skup\u0161tine \u010dak 46 ih ne\u0107e biti u plenarnoj sali na konstitutivnoj sjednici, zakazanoj za 6. novembar. Sude\u0107i po\" \/>\n<meta property=\"og:url\" content=\"https:\/\/www.visit-ulcinj.com\/blog\/2012\/11\/03\/bardhi-van-parlamenta-poslije-dvadeset-godina\/\" \/>\n<meta property=\"og:site_name\" content=\"Lajme nga Ulqini\" \/>\n<meta property=\"article:published_time\" content=\"2012-11-03T21:10:12+00:00\" \/>\n<meta property=\"article:modified_time\" content=\"2012-11-03T21:13:51+00:00\" \/>\n<meta property=\"og:image\" content=\"http:\/\/www.visit-ulcinj.com\/blog\/wp-content\/uploads\/2012\/11\/Mehmet-Bardhi-van-parlamenta.jpg\" \/>\n<meta name=\"twitter:label1\" content=\"Written by\" \/>\n\t<meta name=\"twitter:data1\" content=\"ulqini\" \/>\n\t<meta name=\"twitter:label2\" content=\"Est. reading time\" \/>\n\t<meta name=\"twitter:data2\" content=\"4 minutes\" \/>\n<script type=\"application\/ld+json\" class=\"yoast-schema-graph\">{\"@context\":\"https:\/\/schema.org\",\"@graph\":[{\"@type\":\"WebSite\",\"@id\":\"https:\/\/www.visit-ulcinj.com\/blog\/#website\",\"url\":\"https:\/\/www.visit-ulcinj.com\/blog\/\",\"name\":\"Lajme nga Ulqini\",\"description\":\"Lajme,Vijesti,Ulqini,Ulqin,Crna Gora,Mali i Zi\",\"potentialAction\":[{\"@type\":\"SearchAction\",\"target\":{\"@type\":\"EntryPoint\",\"urlTemplate\":\"https:\/\/www.visit-ulcinj.com\/blog\/?s={search_term_string}\"},\"query-input\":\"required name=search_term_string\"}],\"inLanguage\":\"en-US\"},{\"@type\":\"ImageObject\",\"inLanguage\":\"en-US\",\"@id\":\"https:\/\/www.visit-ulcinj.com\/blog\/2012\/11\/03\/bardhi-van-parlamenta-poslije-dvadeset-godina\/#primaryimage\",\"url\":\"https:\/\/www.visit-ulcinj.com\/blog\/wp-content\/uploads\/2012\/11\/Mehmet-Bardhi-van-parlamenta.jpg\",\"contentUrl\":\"https:\/\/www.visit-ulcinj.com\/blog\/wp-content\/uploads\/2012\/11\/Mehmet-Bardhi-van-parlamenta.jpg\",\"width\":\"407\",\"height\":\"302\"},{\"@type\":\"WebPage\",\"@id\":\"https:\/\/www.visit-ulcinj.com\/blog\/2012\/11\/03\/bardhi-van-parlamenta-poslije-dvadeset-godina\/#webpage\",\"url\":\"https:\/\/www.visit-ulcinj.com\/blog\/2012\/11\/03\/bardhi-van-parlamenta-poslije-dvadeset-godina\/\",\"name\":\"Bardhi van parlamenta poslije dvadeset godina - Lajme nga Ulqini\",\"isPartOf\":{\"@id\":\"https:\/\/www.visit-ulcinj.com\/blog\/#website\"},\"primaryImageOfPage\":{\"@id\":\"https:\/\/www.visit-ulcinj.com\/blog\/2012\/11\/03\/bardhi-van-parlamenta-poslije-dvadeset-godina\/#primaryimage\"},\"datePublished\":\"2012-11-03T21:10:12+00:00\",\"dateModified\":\"2012-11-03T21:13:51+00:00\",\"author\":{\"@id\":\"https:\/\/www.visit-ulcinj.com\/blog\/#\/schema\/person\/dcab619c614d3038751c63bc2aadc06d\"},\"description\":\"Od 81 poslanika iz prethodnog saziva Skup\u0161tine \u010dak 46 ih ne\u0107e biti u plenarnoj sali na konstitutivnoj sjednici, zakazanoj za 6. novembar. Sude\u0107i po\",\"breadcrumb\":{\"@id\":\"https:\/\/www.visit-ulcinj.com\/blog\/2012\/11\/03\/bardhi-van-parlamenta-poslije-dvadeset-godina\/#breadcrumb\"},\"inLanguage\":\"en-US\",\"potentialAction\":[{\"@type\":\"ReadAction\",\"target\":[\"https:\/\/www.visit-ulcinj.com\/blog\/2012\/11\/03\/bardhi-van-parlamenta-poslije-dvadeset-godina\/\"]}]},{\"@type\":\"BreadcrumbList\",\"@id\":\"https:\/\/www.visit-ulcinj.com\/blog\/2012\/11\/03\/bardhi-van-parlamenta-poslije-dvadeset-godina\/#breadcrumb\",\"itemListElement\":[{\"@type\":\"ListItem\",\"position\":1,\"name\":\"Bardhi van parlamenta poslije dvadeset godina\"}]},{\"@type\":\"Person\",\"@id\":\"https:\/\/www.visit-ulcinj.com\/blog\/#\/schema\/person\/dcab619c614d3038751c63bc2aadc06d\",\"name\":\"ulqini\",\"sameAs\":[\"http:\/\/www.visit-ulcinj.com\"],\"url\":\"https:\/\/www.visit-ulcinj.com\/blog\/author\/admin\/\"}]}<\/script>\n<!-- \/ Yoast SEO plugin. -->","yoast_head_json":{"title":"Bardhi van parlamenta poslije dvadeset godina - Lajme nga Ulqini","description":"Od 81 poslanika iz prethodnog saziva Skup\u0161tine \u010dak 46 ih ne\u0107e biti u plenarnoj sali na konstitutivnoj sjednici, zakazanoj za 6. novembar. Sude\u0107i po","robots":{"index":"index","follow":"follow","max-snippet":"max-snippet:-1","max-image-preview":"max-image-preview:large","max-video-preview":"max-video-preview:-1"},"canonical":"https:\/\/www.visit-ulcinj.com\/blog\/2012\/11\/03\/bardhi-van-parlamenta-poslije-dvadeset-godina\/","og_locale":"en_US","og_type":"article","og_title":"Bardhi van parlamenta poslije dvadeset godina - Lajme nga Ulqini","og_description":"Od 81 poslanika iz prethodnog saziva Skup\u0161tine \u010dak 46 ih ne\u0107e biti u plenarnoj sali na konstitutivnoj sjednici, zakazanoj za 6. novembar. Sude\u0107i po","og_url":"https:\/\/www.visit-ulcinj.com\/blog\/2012\/11\/03\/bardhi-van-parlamenta-poslije-dvadeset-godina\/","og_site_name":"Lajme nga Ulqini","article_published_time":"2012-11-03T21:10:12+00:00","article_modified_time":"2012-11-03T21:13:51+00:00","og_image":[{"url":"http:\/\/www.visit-ulcinj.com\/blog\/wp-content\/uploads\/2012\/11\/Mehmet-Bardhi-van-parlamenta.jpg"}],"twitter_misc":{"Written by":"ulqini","Est. reading time":"4 minutes"},"schema":{"@context":"https:\/\/schema.org","@graph":[{"@type":"WebSite","@id":"https:\/\/www.visit-ulcinj.com\/blog\/#website","url":"https:\/\/www.visit-ulcinj.com\/blog\/","name":"Lajme nga Ulqini","description":"Lajme,Vijesti,Ulqini,Ulqin,Crna Gora,Mali i Zi","potentialAction":[{"@type":"SearchAction","target":{"@type":"EntryPoint","urlTemplate":"https:\/\/www.visit-ulcinj.com\/blog\/?s={search_term_string}"},"query-input":"required name=search_term_string"}],"inLanguage":"en-US"},{"@type":"ImageObject","inLanguage":"en-US","@id":"https:\/\/www.visit-ulcinj.com\/blog\/2012\/11\/03\/bardhi-van-parlamenta-poslije-dvadeset-godina\/#primaryimage","url":"https:\/\/www.visit-ulcinj.com\/blog\/wp-content\/uploads\/2012\/11\/Mehmet-Bardhi-van-parlamenta.jpg","contentUrl":"https:\/\/www.visit-ulcinj.com\/blog\/wp-content\/uploads\/2012\/11\/Mehmet-Bardhi-van-parlamenta.jpg","width":"407","height":"302"},{"@type":"WebPage","@id":"https:\/\/www.visit-ulcinj.com\/blog\/2012\/11\/03\/bardhi-van-parlamenta-poslije-dvadeset-godina\/#webpage","url":"https:\/\/www.visit-ulcinj.com\/blog\/2012\/11\/03\/bardhi-van-parlamenta-poslije-dvadeset-godina\/","name":"Bardhi van parlamenta poslije dvadeset godina - Lajme nga Ulqini","isPartOf":{"@id":"https:\/\/www.visit-ulcinj.com\/blog\/#website"},"primaryImageOfPage":{"@id":"https:\/\/www.visit-ulcinj.com\/blog\/2012\/11\/03\/bardhi-van-parlamenta-poslije-dvadeset-godina\/#primaryimage"},"datePublished":"2012-11-03T21:10:12+00:00","dateModified":"2012-11-03T21:13:51+00:00","author":{"@id":"https:\/\/www.visit-ulcinj.com\/blog\/#\/schema\/person\/dcab619c614d3038751c63bc2aadc06d"},"description":"Od 81 poslanika iz prethodnog saziva Skup\u0161tine \u010dak 46 ih ne\u0107e biti u plenarnoj sali na konstitutivnoj sjednici, zakazanoj za 6. novembar. Sude\u0107i po","breadcrumb":{"@id":"https:\/\/www.visit-ulcinj.com\/blog\/2012\/11\/03\/bardhi-van-parlamenta-poslije-dvadeset-godina\/#breadcrumb"},"inLanguage":"en-US","potentialAction":[{"@type":"ReadAction","target":["https:\/\/www.visit-ulcinj.com\/blog\/2012\/11\/03\/bardhi-van-parlamenta-poslije-dvadeset-godina\/"]}]},{"@type":"BreadcrumbList","@id":"https:\/\/www.visit-ulcinj.com\/blog\/2012\/11\/03\/bardhi-van-parlamenta-poslije-dvadeset-godina\/#breadcrumb","itemListElement":[{"@type":"ListItem","position":1,"name":"Bardhi van parlamenta poslije dvadeset godina"}]},{"@type":"Person","@id":"https:\/\/www.visit-ulcinj.com\/blog\/#\/schema\/person\/dcab619c614d3038751c63bc2aadc06d","name":"ulqini","sameAs":["http:\/\/www.visit-ulcinj.com"],"url":"https:\/\/www.visit-ulcinj.com\/blog\/author\/admin\/"}]}},"jetpack_featured_media_url":"","jetpack_sharing_enabled":true,"jetpack_shortlink":"https:\/\/wp.me\/pe6lTn-h0A","_links":{"self":[{"href":"https:\/\/www.visit-ulcinj.com\/blog\/wp-json\/wp\/v2\/posts\/65384"}],"collection":[{"href":"https:\/\/www.visit-ulcinj.com\/blog\/wp-json\/wp\/v2\/posts"}],"about":[{"href":"https:\/\/www.visit-ulcinj.com\/blog\/wp-json\/wp\/v2\/types\/post"}],"author":[{"embeddable":true,"href":"https:\/\/www.visit-ulcinj.com\/blog\/wp-json\/wp\/v2\/users\/1"}],"replies":[{"embeddable":true,"href":"https:\/\/www.visit-ulcinj.com\/blog\/wp-json\/wp\/v2\/comments?post=65384"}],"version-history":[{"count":5,"href":"https:\/\/www.visit-ulcinj.com\/blog\/wp-json\/wp\/v2\/posts\/65384\/revisions"}],"predecessor-version":[{"id":65391,"href":"https:\/\/www.visit-ulcinj.com\/blog\/wp-json\/wp\/v2\/posts\/65384\/revisions\/65391"}],"wp:attachment":[{"href":"https:\/\/www.visit-ulcinj.com\/blog\/wp-json\/wp\/v2\/media?parent=65384"}],"wp:term":[{"taxonomy":"category","embeddable":true,"href":"https:\/\/www.visit-ulcinj.com\/blog\/wp-json\/wp\/v2\/categories?post=65384"},{"taxonomy":"post_tag","embeddable":true,"href":"https:\/\/www.visit-ulcinj.com\/blog\/wp-json\/wp\/v2\/tags?post=65384"}],"curies":[{"name":"wp","href":"https:\/\/api.w.org\/{rel}","templated":true}]}}