{"id":65395,"date":"2012-11-04T16:01:33","date_gmt":"2012-11-04T15:01:33","guid":{"rendered":"http:\/\/www.visit-ulcinj.com\/blog\/?p=65395"},"modified":"2012-11-04T16:01:33","modified_gmt":"2012-11-04T15:01:33","slug":"panairi-i-pare-mbarekombetar-te-artizaneve-ne-ane-te-malit","status":"publish","type":"post","link":"https:\/\/www.visit-ulcinj.com\/blog\/2012\/11\/04\/panairi-i-pare-mbarekombetar-te-artizaneve-ne-ane-te-malit\/","title":{"rendered":"Panairi i Par\u00eb Mbar\u00ebkomb\u00ebtar t\u00eb Artizan\u00ebve n\u00eb An\u00eb t\u00eb Malit"},"content":{"rendered":"<p><a href=\"http:\/\/www.visit-ulcinj.com\/blog\/wp-content\/uploads\/2012\/11\/Panairi-Kombetar-i-Artizanatit-Ana-Malit-Ulqin.jpg\"><img loading=\"lazy\" class=\"alignleft  wp-image-65356\" title=\"Panairi Kombetar i Artizanatit - Ana Malit -Ulqin\" src=\"http:\/\/www.visit-ulcinj.com\/blog\/wp-content\/uploads\/2012\/11\/Panairi-Kombetar-i-Artizanatit-Ana-Malit-Ulqin.jpg\" alt=\"\" width=\"508\" height=\"360\" \/><\/a>Organizmi i panaireve te artizanatit, tashme eshte kthyer ne nje tradite per qytetin e Ulqinit,An\u00ebs s\u00eb Malit dhe at\u00eb t\u00eb Kraj\u00ebs .Panairi i artizaneve n\u00eb Kryth\u00eb ka perfshire dhe zgjuar interesin edhe te nje numri te madh\u00eb njerzish.<\/p>\n<p>Panairi i artizaneve u organizua diten e sotme me perkrahjen e Keshillit Nacional te Shqiptareve n\u00eb Mal t\u00eb Zi si dhe n\u00eb bashk\u00ebpunim me shoqat\u00ebn \u201cAnima\u201ddhe grupin e grave intelektuale nga Ulqini dhe Ana e Malit. Panairi i emertuar \u201cPanairi Komb\u00ebtar i Artizanatit\u201d u organizua ne ambientet e kompleksit LAMIGA ne Krythe te Komunes se Ulqinit me fillim ne oren 11:00, me datat 3 dhe 4 nentor 2012,ku do jen\u00eb e g\u00ebrshetuar me nj\u00eb s\u00ebr\u00eb aktivitetesh folklorike dhe program kulturor \u2013 zbavites nga Ana e Malit.<br \/>\n<a href=\"http:\/\/www.visit-ulcinj.com\/blog\/wp-content\/uploads\/2012\/11\/Panairi-Kombetar-i-Artizanatit-Ana-Malit-Ulqin.1.jpg\"><img loading=\"lazy\" class=\"alignleft size-full wp-image-65358\" title=\"Panairi Kombetar i Artizanatit - Ana Malit -Ulqin.1\" src=\"http:\/\/www.visit-ulcinj.com\/blog\/wp-content\/uploads\/2012\/11\/Panairi-Kombetar-i-Artizanatit-Ana-Malit-Ulqin.1.jpg\" alt=\"\" width=\"508\" height=\"300\" \/><\/a><br \/>\nNjera nga organizatoret e ketij panairi, Luljeta Avdiu \u2013 Cura u shpreh se panairi i par\u00eb i organizuar n\u00eb An\u00eb t\u00eb Malit, pati nje sukses te jashtezakonshem,ku i uroi mir\u00ebseardhje musafir\u00ebve.<br \/>\nNje e ve\u00e7ante tjeter e ketij panairi ishin vizitoret e shumte sikurse kryetari i Aleanc\u00ebs Kuq e Zi z.Kreshnik Spahiu i ardhur special me ftes\u00ebn e Shoqat\u00ebs e Artizaneve Shqiptar n\u00eb An\u00eb t\u00eb Malit,me rastin e Dites se Flamurit dhe 100-vjetorit te Pavaresise se Shqiperise. Sot mor\u00ebn pjes\u00eb nj\u00eb num\u00ebr i madh personalitetesh nga politika,kultura sikurse, Drejtori i Qendres Kulturore te Ulqinit, dr. Nail Draga,Mehmed Bardhi,Mark Shkreli i ardhur nga Shtetet e Bashkuara t\u00eb Amerik\u00ebs,Hajredin Kova\u00e7i si dhe peronalitet tjera prezente n\u00eb panair.<\/p>\n<p>Lidhur me qellimin e hapjes se panairit te pare artizanale ne Krythe, organizatorja Avdiu sqaron se,nepermjet panairit synohet qe jo vetem te ekspozohen prodhimet artizanale tradicionale te zones, por dhe te ndikohet ne rritjen e vetepunesimit ne nje zone si Ana Malit, ku dihet se niveli i papunesise eshte shume i madh, duke e krahasuar dhe me ate te papunesise ne shkalle kombetare.<br \/>\n<a href=\"http:\/\/www.visit-ulcinj.com\/blog\/wp-content\/uploads\/2012\/11\/Panairi-Kombetar-i-Artizanatit-Ana-Malit-Ulqin.9.jpg\"><img loading=\"lazy\" class=\"alignleft size-full wp-image-65360\" title=\"Panairi Kombetar i Artizanatit - Ana Malit -Ulqin.9\" src=\"http:\/\/www.visit-ulcinj.com\/blog\/wp-content\/uploads\/2012\/11\/Panairi-Kombetar-i-Artizanatit-Ana-Malit-Ulqin.9.jpg\" alt=\"\" width=\"508\" height=\"300\" \/><\/a><br \/>\nNga ana e tyre, artizanet shprehen teper te kenaqura nga hapja e panairit artizanale ne Krythe,ku kan\u00eb prezantuar krijimtarin\u00eb dhe prezantimi i etnografis\u00eb s\u00eb An\u00ebs s\u00eb Malit dhe m\u00ebnyra e punimit t\u00eb tyre prej artizan\u00ebs Sut\u00eb Xhurreta prej katundit Rashtish.<br \/>\nMe ane te ketij trajnimi synohej qe tradita e k\u00ebtije panairi ne Ane te Malit te vazhdohej edhe me tej shprehet Suta.<\/p>\n<p>Per nje pjese te artizaneve, sot punimet e tyre me dore shihen si burim fitimi dhe kenaqesie, ndersa ne te ardhmen, prodhimet artizanale normalisht qe do te kene nje vlere me te madhe, ate te ruajtjes se nje tradite te mrekullueshme te rajonit t\u00eb An\u00ebs s\u00eb Malit.<\/p>\n<p><a href=\"https:\/\/www.facebook.com\/media\/set\/?set=a.445602945501846.109252.100001564340764&amp;type=3\" target=\"_blank\"><strong>P\u00ebr ma tep\u00ebr Fotografi \u2013 Ana E Malit Tradita Facebook<\/strong><\/a><\/p>\n","protected":false},"excerpt":{"rendered":"<p>Organizmi i panaireve te artizanatit, tashme eshte kthyer ne nje tradite per qytetin e Ulqinit,An\u00ebs s\u00eb Malit dhe at\u00eb t\u00eb Kraj\u00ebs .Panairi i artizaneve n\u00eb Kryth\u00eb ka perfshire dhe zgjuar interesin edhe te nje numri te madh\u00eb njerzish. Panairi i artizaneve u organizua diten e sotme me perkrahjen e Keshillit Nacional te Shqiptareve n\u00eb Mal [&hellip;]<\/p>\n","protected":false},"author":1,"featured_media":0,"comment_status":"open","ping_status":"closed","sticky":false,"template":"","format":"standard","meta":{"spay_email":"","jetpack_publicize_message":"","jetpack_is_tweetstorm":false,"jetpack_publicize_feature_enabled":true},"categories":[8],"tags":[212,14364,19433,200],"jetpack_publicize_connections":[],"yoast_head":"<!-- This site is optimized with the Yoast SEO plugin v19.1 - https:\/\/yoast.com\/wordpress\/plugins\/seo\/ -->\n<title>Panairi i Par\u00eb Mbar\u00ebkomb\u00ebtar t\u00eb Artizan\u00ebve n\u00eb An\u00eb t\u00eb Malit - Lajme nga Ulqini<\/title>\n<meta name=\"description\" content=\"Organizmi i panaireve te artizanatit, tashme eshte kthyer ne nje tradite per qytetin e Ulqinit,An\u00ebs s\u00eb Malit dhe at\u00eb t\u00eb Kraj\u00ebs .Panairi i artizaneve n\u00eb\" \/>\n<meta name=\"robots\" content=\"index, follow, max-snippet:-1, max-image-preview:large, max-video-preview:-1\" \/>\n<link rel=\"canonical\" href=\"https:\/\/www.visit-ulcinj.com\/blog\/2012\/11\/04\/panairi-i-pare-mbarekombetar-te-artizaneve-ne-ane-te-malit\/\" \/>\n<meta property=\"og:locale\" content=\"en_US\" \/>\n<meta property=\"og:type\" content=\"article\" \/>\n<meta property=\"og:title\" content=\"Panairi i Par\u00eb Mbar\u00ebkomb\u00ebtar t\u00eb Artizan\u00ebve n\u00eb An\u00eb t\u00eb Malit - Lajme nga Ulqini\" \/>\n<meta property=\"og:description\" content=\"Organizmi i panaireve te artizanatit, tashme eshte kthyer ne nje tradite per qytetin e Ulqinit,An\u00ebs s\u00eb Malit dhe at\u00eb t\u00eb Kraj\u00ebs .Panairi i artizaneve n\u00eb\" \/>\n<meta property=\"og:url\" content=\"https:\/\/www.visit-ulcinj.com\/blog\/2012\/11\/04\/panairi-i-pare-mbarekombetar-te-artizaneve-ne-ane-te-malit\/\" \/>\n<meta property=\"og:site_name\" content=\"Lajme nga Ulqini\" \/>\n<meta property=\"article:published_time\" content=\"2012-11-04T15:01:33+00:00\" \/>\n<meta property=\"og:image\" content=\"http:\/\/www.visit-ulcinj.com\/blog\/wp-content\/uploads\/2012\/11\/Panairi-Kombetar-i-Artizanatit-Ana-Malit-Ulqin.jpg\" \/>\n<meta name=\"twitter:label1\" content=\"Written by\" \/>\n\t<meta name=\"twitter:data1\" content=\"ulqini\" \/>\n\t<meta name=\"twitter:label2\" content=\"Est. reading time\" \/>\n\t<meta name=\"twitter:data2\" content=\"2 minutes\" \/>\n<script type=\"application\/ld+json\" class=\"yoast-schema-graph\">{\"@context\":\"https:\/\/schema.org\",\"@graph\":[{\"@type\":\"WebSite\",\"@id\":\"https:\/\/www.visit-ulcinj.com\/blog\/#website\",\"url\":\"https:\/\/www.visit-ulcinj.com\/blog\/\",\"name\":\"Lajme nga Ulqini\",\"description\":\"Lajme,Vijesti,Ulqini,Ulqin,Crna Gora,Mali i Zi\",\"potentialAction\":[{\"@type\":\"SearchAction\",\"target\":{\"@type\":\"EntryPoint\",\"urlTemplate\":\"https:\/\/www.visit-ulcinj.com\/blog\/?s={search_term_string}\"},\"query-input\":\"required name=search_term_string\"}],\"inLanguage\":\"en-US\"},{\"@type\":\"ImageObject\",\"inLanguage\":\"en-US\",\"@id\":\"https:\/\/www.visit-ulcinj.com\/blog\/2012\/11\/04\/panairi-i-pare-mbarekombetar-te-artizaneve-ne-ane-te-malit\/#primaryimage\",\"url\":\"https:\/\/www.visit-ulcinj.com\/blog\/wp-content\/uploads\/2012\/11\/Panairi-Kombetar-i-Artizanatit-Ana-Malit-Ulqin.jpg\",\"contentUrl\":\"https:\/\/www.visit-ulcinj.com\/blog\/wp-content\/uploads\/2012\/11\/Panairi-Kombetar-i-Artizanatit-Ana-Malit-Ulqin.jpg\",\"width\":\"960\",\"height\":\"640\"},{\"@type\":\"WebPage\",\"@id\":\"https:\/\/www.visit-ulcinj.com\/blog\/2012\/11\/04\/panairi-i-pare-mbarekombetar-te-artizaneve-ne-ane-te-malit\/#webpage\",\"url\":\"https:\/\/www.visit-ulcinj.com\/blog\/2012\/11\/04\/panairi-i-pare-mbarekombetar-te-artizaneve-ne-ane-te-malit\/\",\"name\":\"Panairi i Par\u00eb Mbar\u00ebkomb\u00ebtar t\u00eb Artizan\u00ebve n\u00eb An\u00eb t\u00eb Malit - Lajme nga Ulqini\",\"isPartOf\":{\"@id\":\"https:\/\/www.visit-ulcinj.com\/blog\/#website\"},\"primaryImageOfPage\":{\"@id\":\"https:\/\/www.visit-ulcinj.com\/blog\/2012\/11\/04\/panairi-i-pare-mbarekombetar-te-artizaneve-ne-ane-te-malit\/#primaryimage\"},\"datePublished\":\"2012-11-04T15:01:33+00:00\",\"dateModified\":\"2012-11-04T15:01:33+00:00\",\"author\":{\"@id\":\"https:\/\/www.visit-ulcinj.com\/blog\/#\/schema\/person\/dcab619c614d3038751c63bc2aadc06d\"},\"description\":\"Organizmi i panaireve te artizanatit, tashme eshte kthyer ne nje tradite per qytetin e Ulqinit,An\u00ebs s\u00eb Malit dhe at\u00eb t\u00eb Kraj\u00ebs .Panairi i artizaneve n\u00eb\",\"breadcrumb\":{\"@id\":\"https:\/\/www.visit-ulcinj.com\/blog\/2012\/11\/04\/panairi-i-pare-mbarekombetar-te-artizaneve-ne-ane-te-malit\/#breadcrumb\"},\"inLanguage\":\"en-US\",\"potentialAction\":[{\"@type\":\"ReadAction\",\"target\":[\"https:\/\/www.visit-ulcinj.com\/blog\/2012\/11\/04\/panairi-i-pare-mbarekombetar-te-artizaneve-ne-ane-te-malit\/\"]}]},{\"@type\":\"BreadcrumbList\",\"@id\":\"https:\/\/www.visit-ulcinj.com\/blog\/2012\/11\/04\/panairi-i-pare-mbarekombetar-te-artizaneve-ne-ane-te-malit\/#breadcrumb\",\"itemListElement\":[{\"@type\":\"ListItem\",\"position\":1,\"name\":\"Panairi i Par\u00eb Mbar\u00ebkomb\u00ebtar t\u00eb Artizan\u00ebve n\u00eb An\u00eb t\u00eb Malit\"}]},{\"@type\":\"Person\",\"@id\":\"https:\/\/www.visit-ulcinj.com\/blog\/#\/schema\/person\/dcab619c614d3038751c63bc2aadc06d\",\"name\":\"ulqini\",\"sameAs\":[\"http:\/\/www.visit-ulcinj.com\"],\"url\":\"https:\/\/www.visit-ulcinj.com\/blog\/author\/admin\/\"}]}<\/script>\n<!-- \/ Yoast SEO plugin. -->","yoast_head_json":{"title":"Panairi i Par\u00eb Mbar\u00ebkomb\u00ebtar t\u00eb Artizan\u00ebve n\u00eb An\u00eb t\u00eb Malit - Lajme nga Ulqini","description":"Organizmi i panaireve te artizanatit, tashme eshte kthyer ne nje tradite per qytetin e Ulqinit,An\u00ebs s\u00eb Malit dhe at\u00eb t\u00eb Kraj\u00ebs .Panairi i artizaneve n\u00eb","robots":{"index":"index","follow":"follow","max-snippet":"max-snippet:-1","max-image-preview":"max-image-preview:large","max-video-preview":"max-video-preview:-1"},"canonical":"https:\/\/www.visit-ulcinj.com\/blog\/2012\/11\/04\/panairi-i-pare-mbarekombetar-te-artizaneve-ne-ane-te-malit\/","og_locale":"en_US","og_type":"article","og_title":"Panairi i Par\u00eb Mbar\u00ebkomb\u00ebtar t\u00eb Artizan\u00ebve n\u00eb An\u00eb t\u00eb Malit - Lajme nga Ulqini","og_description":"Organizmi i panaireve te artizanatit, tashme eshte kthyer ne nje tradite per qytetin e Ulqinit,An\u00ebs s\u00eb Malit dhe at\u00eb t\u00eb Kraj\u00ebs .Panairi i artizaneve n\u00eb","og_url":"https:\/\/www.visit-ulcinj.com\/blog\/2012\/11\/04\/panairi-i-pare-mbarekombetar-te-artizaneve-ne-ane-te-malit\/","og_site_name":"Lajme nga Ulqini","article_published_time":"2012-11-04T15:01:33+00:00","og_image":[{"url":"http:\/\/www.visit-ulcinj.com\/blog\/wp-content\/uploads\/2012\/11\/Panairi-Kombetar-i-Artizanatit-Ana-Malit-Ulqin.jpg"}],"twitter_misc":{"Written by":"ulqini","Est. reading time":"2 minutes"},"schema":{"@context":"https:\/\/schema.org","@graph":[{"@type":"WebSite","@id":"https:\/\/www.visit-ulcinj.com\/blog\/#website","url":"https:\/\/www.visit-ulcinj.com\/blog\/","name":"Lajme nga Ulqini","description":"Lajme,Vijesti,Ulqini,Ulqin,Crna Gora,Mali i Zi","potentialAction":[{"@type":"SearchAction","target":{"@type":"EntryPoint","urlTemplate":"https:\/\/www.visit-ulcinj.com\/blog\/?s={search_term_string}"},"query-input":"required name=search_term_string"}],"inLanguage":"en-US"},{"@type":"ImageObject","inLanguage":"en-US","@id":"https:\/\/www.visit-ulcinj.com\/blog\/2012\/11\/04\/panairi-i-pare-mbarekombetar-te-artizaneve-ne-ane-te-malit\/#primaryimage","url":"https:\/\/www.visit-ulcinj.com\/blog\/wp-content\/uploads\/2012\/11\/Panairi-Kombetar-i-Artizanatit-Ana-Malit-Ulqin.jpg","contentUrl":"https:\/\/www.visit-ulcinj.com\/blog\/wp-content\/uploads\/2012\/11\/Panairi-Kombetar-i-Artizanatit-Ana-Malit-Ulqin.jpg","width":"960","height":"640"},{"@type":"WebPage","@id":"https:\/\/www.visit-ulcinj.com\/blog\/2012\/11\/04\/panairi-i-pare-mbarekombetar-te-artizaneve-ne-ane-te-malit\/#webpage","url":"https:\/\/www.visit-ulcinj.com\/blog\/2012\/11\/04\/panairi-i-pare-mbarekombetar-te-artizaneve-ne-ane-te-malit\/","name":"Panairi i Par\u00eb Mbar\u00ebkomb\u00ebtar t\u00eb Artizan\u00ebve n\u00eb An\u00eb t\u00eb Malit - Lajme nga Ulqini","isPartOf":{"@id":"https:\/\/www.visit-ulcinj.com\/blog\/#website"},"primaryImageOfPage":{"@id":"https:\/\/www.visit-ulcinj.com\/blog\/2012\/11\/04\/panairi-i-pare-mbarekombetar-te-artizaneve-ne-ane-te-malit\/#primaryimage"},"datePublished":"2012-11-04T15:01:33+00:00","dateModified":"2012-11-04T15:01:33+00:00","author":{"@id":"https:\/\/www.visit-ulcinj.com\/blog\/#\/schema\/person\/dcab619c614d3038751c63bc2aadc06d"},"description":"Organizmi i panaireve te artizanatit, tashme eshte kthyer ne nje tradite per qytetin e Ulqinit,An\u00ebs s\u00eb Malit dhe at\u00eb t\u00eb Kraj\u00ebs .Panairi i artizaneve n\u00eb","breadcrumb":{"@id":"https:\/\/www.visit-ulcinj.com\/blog\/2012\/11\/04\/panairi-i-pare-mbarekombetar-te-artizaneve-ne-ane-te-malit\/#breadcrumb"},"inLanguage":"en-US","potentialAction":[{"@type":"ReadAction","target":["https:\/\/www.visit-ulcinj.com\/blog\/2012\/11\/04\/panairi-i-pare-mbarekombetar-te-artizaneve-ne-ane-te-malit\/"]}]},{"@type":"BreadcrumbList","@id":"https:\/\/www.visit-ulcinj.com\/blog\/2012\/11\/04\/panairi-i-pare-mbarekombetar-te-artizaneve-ne-ane-te-malit\/#breadcrumb","itemListElement":[{"@type":"ListItem","position":1,"name":"Panairi i Par\u00eb Mbar\u00ebkomb\u00ebtar t\u00eb Artizan\u00ebve n\u00eb An\u00eb t\u00eb Malit"}]},{"@type":"Person","@id":"https:\/\/www.visit-ulcinj.com\/blog\/#\/schema\/person\/dcab619c614d3038751c63bc2aadc06d","name":"ulqini","sameAs":["http:\/\/www.visit-ulcinj.com"],"url":"https:\/\/www.visit-ulcinj.com\/blog\/author\/admin\/"}]}},"jetpack_featured_media_url":"","jetpack_sharing_enabled":true,"jetpack_shortlink":"https:\/\/wp.me\/pe6lTn-h0L","_links":{"self":[{"href":"https:\/\/www.visit-ulcinj.com\/blog\/wp-json\/wp\/v2\/posts\/65395"}],"collection":[{"href":"https:\/\/www.visit-ulcinj.com\/blog\/wp-json\/wp\/v2\/posts"}],"about":[{"href":"https:\/\/www.visit-ulcinj.com\/blog\/wp-json\/wp\/v2\/types\/post"}],"author":[{"embeddable":true,"href":"https:\/\/www.visit-ulcinj.com\/blog\/wp-json\/wp\/v2\/users\/1"}],"replies":[{"embeddable":true,"href":"https:\/\/www.visit-ulcinj.com\/blog\/wp-json\/wp\/v2\/comments?post=65395"}],"version-history":[{"count":1,"href":"https:\/\/www.visit-ulcinj.com\/blog\/wp-json\/wp\/v2\/posts\/65395\/revisions"}],"predecessor-version":[{"id":65396,"href":"https:\/\/www.visit-ulcinj.com\/blog\/wp-json\/wp\/v2\/posts\/65395\/revisions\/65396"}],"wp:attachment":[{"href":"https:\/\/www.visit-ulcinj.com\/blog\/wp-json\/wp\/v2\/media?parent=65395"}],"wp:term":[{"taxonomy":"category","embeddable":true,"href":"https:\/\/www.visit-ulcinj.com\/blog\/wp-json\/wp\/v2\/categories?post=65395"},{"taxonomy":"post_tag","embeddable":true,"href":"https:\/\/www.visit-ulcinj.com\/blog\/wp-json\/wp\/v2\/tags?post=65395"}],"curies":[{"name":"wp","href":"https:\/\/api.w.org\/{rel}","templated":true}]}}