{"id":65399,"date":"2012-11-05T16:43:19","date_gmt":"2012-11-05T15:43:19","guid":{"rendered":"http:\/\/www.visit-ulcinj.com\/blog\/?p=65399"},"modified":"2012-11-06T16:40:33","modified_gmt":"2012-11-06T15:40:33","slug":"cungu-takon-perfaqesues-nga-shqiperialidhur-me-projektin-bashke-per-nje-mjedis-me-te-mire","status":"publish","type":"post","link":"https:\/\/www.visit-ulcinj.com\/blog\/2012\/11\/05\/cungu-takon-perfaqesues-nga-shqiperialidhur-me-projektin-bashke-per-nje-mjedis-me-te-mire\/","title":{"rendered":"Cungu takon p\u00ebrfaq\u00ebsues nga Shqip\u00ebria,lidhur me projektin&#8221;Bashk\u00eb p\u00ebr nj\u00eb mjedis m\u00eb t\u00eb mir\u00eb&#8221;"},"content":{"rendered":"<p><strong>Kryetari Cungu priti n\u00eb takim p\u00ebrfaq\u00ebsues nga Shqip\u00ebria lidhur me mund\u00ebsin\u00eb e bashk\u00ebpunimit n\u00eb projektin &#8220;Bashk\u00eb p\u00ebr nj\u00eb mjedis m\u00eb t\u00eb mir\u00eb&#8221;<\/strong><\/p>\n<p><a href=\"http:\/\/www.visit-ulcinj.com\/blog\/wp-content\/uploads\/2012\/11\/Cungu-me-delegacionin-nga-Shqiperia.jpg\"><img loading=\"lazy\" class=\"alignleft  wp-image-65400\" title=\"Cungu me delegacionin nga Shqiperia\" src=\"http:\/\/www.visit-ulcinj.com\/blog\/wp-content\/uploads\/2012\/11\/Cungu-me-delegacionin-nga-Shqiperia.jpg\" alt=\"\" width=\"508\" height=\"360\" \/><\/a><\/p>\n<p>Sot Kryetari i Komun\u00ebs s\u00eb Ulqinit Nazif Cungu me bashk\u00ebpun\u00ebtor priti n\u00eb takim, deputetin n\u00eb Parlamentin e Shqip\u00ebris Gjek\u00eb Uldedaj, Kryetarin e Komun\u00ebs s\u00eb Bushatit Zef Hila, kordinatoren n\u00eb projekte nga COSPE Rozeta Gradeci dhe Kryetarin e Bashkis\u00eb s\u00eb Vau Dejes Gjon Marku. N\u00eb takim u bisedua p\u00ebr mund\u00ebsin\u00eb e bashk\u00ebpunimit t\u00eb dy vendeve n\u00eb projektin &#8220;Bashk\u00eb p\u00ebr nj\u00eb mjedis m\u00eb t\u00eb mir\u00eb&#8221;, q\u00eb do t\u00eb p\u00ebrfshij zhvillimin e sh\u00ebrbimeve t\u00eb mbledhjes s\u00eb diferencuar t\u00eb mbetjeve n\u00eb Komunat Bushat, Hajmel, Vau Dejes, n\u00eb Shqip\u00ebri dhe Komuna Ulqin dhe Tuz n\u00eb Malin e Zi. Q\u00ebllimi i nj\u00eb projekti t\u00eb till\u00eb \u00ebsht\u00eb zhvillimi i kapaciteteve institucionale dhe kontributi i komuniteteve vendore n\u00eb menaxhimin e sh\u00ebrbimeve t\u00eb mbledhjes dhe largiimit t\u00eb mbeturinave.<\/p>\n<p>Kryetari Cungu njohtoi t\u00eb pranishmit me m\u00ebnyr\u00ebn e menaxhimit t\u00eb sh\u00ebrbimeve t\u00eb mbledhjes dhe largiimit t\u00eb mbeturinave n\u00eb komun\u00ebn e Ulqinit duke p\u00ebrmendur nd\u00ebrtimin e deponis\u00eb rajonale sanitare &#8220;Mozhuri&#8221; p\u00ebr komunat Ulqin dhe Tivar, projekt q\u00eb \u00ebsht\u00eb realizuar p\u00ebrmes Bank\u00ebs Bot\u00ebrore dhe kredis\u00eb s\u00eb Bank\u00ebs nd\u00ebrkomb\u00ebtare p\u00ebr Rind\u00ebrtim dhe Zhvillim n\u00eb vler\u00eb t\u00eb p\u00ebrgjithshme mbi 8 milion\u00eb Euro. N\u00eb kuad\u00ebr t\u00eb k\u00ebtij investimi b\u00ebn\u00eb pjes\u00eb edhe blerja e pajisjeve p\u00ebr mir\u00ebmbajtjen e past\u00ebrtis\u00eb gj\u00eb q\u00eb ndikoi duksh\u00ebm n\u00eb p\u00ebrmirsimin e gjendjes t\u00eb past\u00ebrtis n\u00eb Ulqin. Ai gjithashtu theksoj r\u00ebnd\u00ebsin e madhe t\u00eb projektit t\u00eb p\u00ebrbashk\u00ebt nd\u00ebrmjet Shqip\u00ebris dhe Malit t\u00eb Zi, q\u00eb \u00ebsht\u00eb thellimi dhe pastrimi i Lumit Buna.<br \/>\nT\u00eb pranishmit u pajtuan q\u00eb duke mar parasysh lidhjet e ngushta t\u00eb dy vendeve bashk\u00ebpunimi n\u00eb projekte t\u00eb tilla do \u00ebsht\u00eb nj\u00eb vazhdimsi e tradit\u00ebs s\u00eb p\u00ebrbashk\u00ebt.<\/p>\n<p><strong>Op\u0161tina Ulcinj \/ Komuna e Ulqinit<\/strong><br \/>\nTel: +382 30 412 050<br \/>\nFax: +382 30 412 413<br \/>\nAdresa: Bul. Skenderbeu bb, 85360 Ulcinj, MNE<\/p>\n","protected":false},"excerpt":{"rendered":"<p>Kryetari Cungu priti n\u00eb takim p\u00ebrfaq\u00ebsues nga Shqip\u00ebria lidhur me mund\u00ebsin\u00eb e bashk\u00ebpunimit n\u00eb projektin &#8220;Bashk\u00eb p\u00ebr nj\u00eb mjedis m\u00eb t\u00eb mir\u00eb&#8221; Sot Kryetari i Komun\u00ebs s\u00eb Ulqinit Nazif Cungu me bashk\u00ebpun\u00ebtor priti n\u00eb takim, deputetin n\u00eb Parlamentin e Shqip\u00ebris Gjek\u00eb Uldedaj, Kryetarin e Komun\u00ebs s\u00eb Bushatit Zef Hila, kordinatoren n\u00eb projekte nga COSPE Rozeta [&hellip;]<\/p>\n","protected":false},"author":1,"featured_media":0,"comment_status":"open","ping_status":"closed","sticky":false,"template":"","format":"standard","meta":{"spay_email":"","jetpack_publicize_message":"","jetpack_is_tweetstorm":false,"jetpack_publicize_feature_enabled":true},"categories":[1,14],"tags":[297,118],"jetpack_publicize_connections":[],"yoast_head":"<!-- This site is optimized with the Yoast SEO plugin v19.1 - https:\/\/yoast.com\/wordpress\/plugins\/seo\/ -->\n<title>Cungu takon p\u00ebrfaq\u00ebsues nga Shqip\u00ebria,lidhur me projektin&quot;Bashk\u00eb p\u00ebr nj\u00eb mjedis m\u00eb t\u00eb mir\u00eb&quot; - Lajme nga Ulqini<\/title>\n<meta name=\"description\" content=\"Kryetari Cungu priti n\u00eb takim p\u00ebrfaq\u00ebsues nga Shqip\u00ebria lidhur me mund\u00ebsin\u00eb e bashk\u00ebpunimit n\u00eb projektin &quot;Bashk\u00eb p\u00ebr nj\u00eb mjedis m\u00eb t\u00eb mir\u00eb&quot; Sot Kryetari i\" \/>\n<meta name=\"robots\" content=\"index, follow, max-snippet:-1, max-image-preview:large, max-video-preview:-1\" \/>\n<link rel=\"canonical\" href=\"https:\/\/www.visit-ulcinj.com\/blog\/2012\/11\/05\/cungu-takon-perfaqesues-nga-shqiperialidhur-me-projektin-bashke-per-nje-mjedis-me-te-mire\/\" \/>\n<meta property=\"og:locale\" content=\"en_US\" \/>\n<meta property=\"og:type\" content=\"article\" \/>\n<meta property=\"og:title\" content=\"Cungu takon p\u00ebrfaq\u00ebsues nga Shqip\u00ebria,lidhur me projektin&quot;Bashk\u00eb p\u00ebr nj\u00eb mjedis m\u00eb t\u00eb mir\u00eb&quot; - Lajme nga Ulqini\" \/>\n<meta property=\"og:description\" content=\"Kryetari Cungu priti n\u00eb takim p\u00ebrfaq\u00ebsues nga Shqip\u00ebria lidhur me mund\u00ebsin\u00eb e bashk\u00ebpunimit n\u00eb projektin &quot;Bashk\u00eb p\u00ebr nj\u00eb mjedis m\u00eb t\u00eb mir\u00eb&quot; Sot Kryetari i\" \/>\n<meta property=\"og:url\" content=\"https:\/\/www.visit-ulcinj.com\/blog\/2012\/11\/05\/cungu-takon-perfaqesues-nga-shqiperialidhur-me-projektin-bashke-per-nje-mjedis-me-te-mire\/\" \/>\n<meta property=\"og:site_name\" content=\"Lajme nga Ulqini\" \/>\n<meta property=\"article:published_time\" content=\"2012-11-05T15:43:19+00:00\" \/>\n<meta property=\"article:modified_time\" content=\"2012-11-06T15:40:33+00:00\" \/>\n<meta property=\"og:image\" content=\"http:\/\/www.visit-ulcinj.com\/blog\/wp-content\/uploads\/2012\/11\/Cungu-me-delegacionin-nga-Shqiperia.jpg\" \/>\n<meta name=\"twitter:label1\" content=\"Written by\" \/>\n\t<meta name=\"twitter:data1\" content=\"ulqini\" \/>\n\t<meta name=\"twitter:label2\" content=\"Est. reading time\" \/>\n\t<meta name=\"twitter:data2\" content=\"2 minutes\" \/>\n<script type=\"application\/ld+json\" class=\"yoast-schema-graph\">{\"@context\":\"https:\/\/schema.org\",\"@graph\":[{\"@type\":\"WebSite\",\"@id\":\"https:\/\/www.visit-ulcinj.com\/blog\/#website\",\"url\":\"https:\/\/www.visit-ulcinj.com\/blog\/\",\"name\":\"Lajme nga Ulqini\",\"description\":\"Lajme,Vijesti,Ulqini,Ulqin,Crna Gora,Mali i Zi\",\"potentialAction\":[{\"@type\":\"SearchAction\",\"target\":{\"@type\":\"EntryPoint\",\"urlTemplate\":\"https:\/\/www.visit-ulcinj.com\/blog\/?s={search_term_string}\"},\"query-input\":\"required name=search_term_string\"}],\"inLanguage\":\"en-US\"},{\"@type\":\"ImageObject\",\"inLanguage\":\"en-US\",\"@id\":\"https:\/\/www.visit-ulcinj.com\/blog\/2012\/11\/05\/cungu-takon-perfaqesues-nga-shqiperialidhur-me-projektin-bashke-per-nje-mjedis-me-te-mire\/#primaryimage\",\"url\":\"https:\/\/www.visit-ulcinj.com\/blog\/wp-content\/uploads\/2012\/11\/Cungu-me-delegacionin-nga-Shqiperia.jpg\",\"contentUrl\":\"https:\/\/www.visit-ulcinj.com\/blog\/wp-content\/uploads\/2012\/11\/Cungu-me-delegacionin-nga-Shqiperia.jpg\",\"width\":\"640\",\"height\":\"424\"},{\"@type\":\"WebPage\",\"@id\":\"https:\/\/www.visit-ulcinj.com\/blog\/2012\/11\/05\/cungu-takon-perfaqesues-nga-shqiperialidhur-me-projektin-bashke-per-nje-mjedis-me-te-mire\/#webpage\",\"url\":\"https:\/\/www.visit-ulcinj.com\/blog\/2012\/11\/05\/cungu-takon-perfaqesues-nga-shqiperialidhur-me-projektin-bashke-per-nje-mjedis-me-te-mire\/\",\"name\":\"Cungu takon p\u00ebrfaq\u00ebsues nga Shqip\u00ebria,lidhur me projektin\\\"Bashk\u00eb p\u00ebr nj\u00eb mjedis m\u00eb t\u00eb mir\u00eb\\\" - Lajme nga Ulqini\",\"isPartOf\":{\"@id\":\"https:\/\/www.visit-ulcinj.com\/blog\/#website\"},\"primaryImageOfPage\":{\"@id\":\"https:\/\/www.visit-ulcinj.com\/blog\/2012\/11\/05\/cungu-takon-perfaqesues-nga-shqiperialidhur-me-projektin-bashke-per-nje-mjedis-me-te-mire\/#primaryimage\"},\"datePublished\":\"2012-11-05T15:43:19+00:00\",\"dateModified\":\"2012-11-06T15:40:33+00:00\",\"author\":{\"@id\":\"https:\/\/www.visit-ulcinj.com\/blog\/#\/schema\/person\/dcab619c614d3038751c63bc2aadc06d\"},\"description\":\"Kryetari Cungu priti n\u00eb takim p\u00ebrfaq\u00ebsues nga Shqip\u00ebria lidhur me mund\u00ebsin\u00eb e bashk\u00ebpunimit n\u00eb projektin \\\"Bashk\u00eb p\u00ebr nj\u00eb mjedis m\u00eb t\u00eb mir\u00eb\\\" Sot Kryetari i\",\"breadcrumb\":{\"@id\":\"https:\/\/www.visit-ulcinj.com\/blog\/2012\/11\/05\/cungu-takon-perfaqesues-nga-shqiperialidhur-me-projektin-bashke-per-nje-mjedis-me-te-mire\/#breadcrumb\"},\"inLanguage\":\"en-US\",\"potentialAction\":[{\"@type\":\"ReadAction\",\"target\":[\"https:\/\/www.visit-ulcinj.com\/blog\/2012\/11\/05\/cungu-takon-perfaqesues-nga-shqiperialidhur-me-projektin-bashke-per-nje-mjedis-me-te-mire\/\"]}]},{\"@type\":\"BreadcrumbList\",\"@id\":\"https:\/\/www.visit-ulcinj.com\/blog\/2012\/11\/05\/cungu-takon-perfaqesues-nga-shqiperialidhur-me-projektin-bashke-per-nje-mjedis-me-te-mire\/#breadcrumb\",\"itemListElement\":[{\"@type\":\"ListItem\",\"position\":1,\"name\":\"Cungu takon p\u00ebrfaq\u00ebsues nga Shqip\u00ebria,lidhur me projektin&#8221;Bashk\u00eb p\u00ebr nj\u00eb mjedis m\u00eb t\u00eb mir\u00eb&#8221;\"}]},{\"@type\":\"Person\",\"@id\":\"https:\/\/www.visit-ulcinj.com\/blog\/#\/schema\/person\/dcab619c614d3038751c63bc2aadc06d\",\"name\":\"ulqini\",\"sameAs\":[\"http:\/\/www.visit-ulcinj.com\"],\"url\":\"https:\/\/www.visit-ulcinj.com\/blog\/author\/admin\/\"}]}<\/script>\n<!-- \/ Yoast SEO plugin. -->","yoast_head_json":{"title":"Cungu takon p\u00ebrfaq\u00ebsues nga Shqip\u00ebria,lidhur me projektin\"Bashk\u00eb p\u00ebr nj\u00eb mjedis m\u00eb t\u00eb mir\u00eb\" - Lajme nga Ulqini","description":"Kryetari Cungu priti n\u00eb takim p\u00ebrfaq\u00ebsues nga Shqip\u00ebria lidhur me mund\u00ebsin\u00eb e bashk\u00ebpunimit n\u00eb projektin \"Bashk\u00eb p\u00ebr nj\u00eb mjedis m\u00eb t\u00eb mir\u00eb\" Sot Kryetari i","robots":{"index":"index","follow":"follow","max-snippet":"max-snippet:-1","max-image-preview":"max-image-preview:large","max-video-preview":"max-video-preview:-1"},"canonical":"https:\/\/www.visit-ulcinj.com\/blog\/2012\/11\/05\/cungu-takon-perfaqesues-nga-shqiperialidhur-me-projektin-bashke-per-nje-mjedis-me-te-mire\/","og_locale":"en_US","og_type":"article","og_title":"Cungu takon p\u00ebrfaq\u00ebsues nga Shqip\u00ebria,lidhur me projektin\"Bashk\u00eb p\u00ebr nj\u00eb mjedis m\u00eb t\u00eb mir\u00eb\" - Lajme nga Ulqini","og_description":"Kryetari Cungu priti n\u00eb takim p\u00ebrfaq\u00ebsues nga Shqip\u00ebria lidhur me mund\u00ebsin\u00eb e bashk\u00ebpunimit n\u00eb projektin \"Bashk\u00eb p\u00ebr nj\u00eb mjedis m\u00eb t\u00eb mir\u00eb\" Sot Kryetari i","og_url":"https:\/\/www.visit-ulcinj.com\/blog\/2012\/11\/05\/cungu-takon-perfaqesues-nga-shqiperialidhur-me-projektin-bashke-per-nje-mjedis-me-te-mire\/","og_site_name":"Lajme nga Ulqini","article_published_time":"2012-11-05T15:43:19+00:00","article_modified_time":"2012-11-06T15:40:33+00:00","og_image":[{"url":"http:\/\/www.visit-ulcinj.com\/blog\/wp-content\/uploads\/2012\/11\/Cungu-me-delegacionin-nga-Shqiperia.jpg"}],"twitter_misc":{"Written by":"ulqini","Est. reading time":"2 minutes"},"schema":{"@context":"https:\/\/schema.org","@graph":[{"@type":"WebSite","@id":"https:\/\/www.visit-ulcinj.com\/blog\/#website","url":"https:\/\/www.visit-ulcinj.com\/blog\/","name":"Lajme nga Ulqini","description":"Lajme,Vijesti,Ulqini,Ulqin,Crna Gora,Mali i Zi","potentialAction":[{"@type":"SearchAction","target":{"@type":"EntryPoint","urlTemplate":"https:\/\/www.visit-ulcinj.com\/blog\/?s={search_term_string}"},"query-input":"required name=search_term_string"}],"inLanguage":"en-US"},{"@type":"ImageObject","inLanguage":"en-US","@id":"https:\/\/www.visit-ulcinj.com\/blog\/2012\/11\/05\/cungu-takon-perfaqesues-nga-shqiperialidhur-me-projektin-bashke-per-nje-mjedis-me-te-mire\/#primaryimage","url":"https:\/\/www.visit-ulcinj.com\/blog\/wp-content\/uploads\/2012\/11\/Cungu-me-delegacionin-nga-Shqiperia.jpg","contentUrl":"https:\/\/www.visit-ulcinj.com\/blog\/wp-content\/uploads\/2012\/11\/Cungu-me-delegacionin-nga-Shqiperia.jpg","width":"640","height":"424"},{"@type":"WebPage","@id":"https:\/\/www.visit-ulcinj.com\/blog\/2012\/11\/05\/cungu-takon-perfaqesues-nga-shqiperialidhur-me-projektin-bashke-per-nje-mjedis-me-te-mire\/#webpage","url":"https:\/\/www.visit-ulcinj.com\/blog\/2012\/11\/05\/cungu-takon-perfaqesues-nga-shqiperialidhur-me-projektin-bashke-per-nje-mjedis-me-te-mire\/","name":"Cungu takon p\u00ebrfaq\u00ebsues nga Shqip\u00ebria,lidhur me projektin\"Bashk\u00eb p\u00ebr nj\u00eb mjedis m\u00eb t\u00eb mir\u00eb\" - Lajme nga Ulqini","isPartOf":{"@id":"https:\/\/www.visit-ulcinj.com\/blog\/#website"},"primaryImageOfPage":{"@id":"https:\/\/www.visit-ulcinj.com\/blog\/2012\/11\/05\/cungu-takon-perfaqesues-nga-shqiperialidhur-me-projektin-bashke-per-nje-mjedis-me-te-mire\/#primaryimage"},"datePublished":"2012-11-05T15:43:19+00:00","dateModified":"2012-11-06T15:40:33+00:00","author":{"@id":"https:\/\/www.visit-ulcinj.com\/blog\/#\/schema\/person\/dcab619c614d3038751c63bc2aadc06d"},"description":"Kryetari Cungu priti n\u00eb takim p\u00ebrfaq\u00ebsues nga Shqip\u00ebria lidhur me mund\u00ebsin\u00eb e bashk\u00ebpunimit n\u00eb projektin \"Bashk\u00eb p\u00ebr nj\u00eb mjedis m\u00eb t\u00eb mir\u00eb\" Sot Kryetari i","breadcrumb":{"@id":"https:\/\/www.visit-ulcinj.com\/blog\/2012\/11\/05\/cungu-takon-perfaqesues-nga-shqiperialidhur-me-projektin-bashke-per-nje-mjedis-me-te-mire\/#breadcrumb"},"inLanguage":"en-US","potentialAction":[{"@type":"ReadAction","target":["https:\/\/www.visit-ulcinj.com\/blog\/2012\/11\/05\/cungu-takon-perfaqesues-nga-shqiperialidhur-me-projektin-bashke-per-nje-mjedis-me-te-mire\/"]}]},{"@type":"BreadcrumbList","@id":"https:\/\/www.visit-ulcinj.com\/blog\/2012\/11\/05\/cungu-takon-perfaqesues-nga-shqiperialidhur-me-projektin-bashke-per-nje-mjedis-me-te-mire\/#breadcrumb","itemListElement":[{"@type":"ListItem","position":1,"name":"Cungu takon p\u00ebrfaq\u00ebsues nga Shqip\u00ebria,lidhur me projektin&#8221;Bashk\u00eb p\u00ebr nj\u00eb mjedis m\u00eb t\u00eb mir\u00eb&#8221;"}]},{"@type":"Person","@id":"https:\/\/www.visit-ulcinj.com\/blog\/#\/schema\/person\/dcab619c614d3038751c63bc2aadc06d","name":"ulqini","sameAs":["http:\/\/www.visit-ulcinj.com"],"url":"https:\/\/www.visit-ulcinj.com\/blog\/author\/admin\/"}]}},"jetpack_featured_media_url":"","jetpack_sharing_enabled":true,"jetpack_shortlink":"https:\/\/wp.me\/pe6lTn-h0P","_links":{"self":[{"href":"https:\/\/www.visit-ulcinj.com\/blog\/wp-json\/wp\/v2\/posts\/65399"}],"collection":[{"href":"https:\/\/www.visit-ulcinj.com\/blog\/wp-json\/wp\/v2\/posts"}],"about":[{"href":"https:\/\/www.visit-ulcinj.com\/blog\/wp-json\/wp\/v2\/types\/post"}],"author":[{"embeddable":true,"href":"https:\/\/www.visit-ulcinj.com\/blog\/wp-json\/wp\/v2\/users\/1"}],"replies":[{"embeddable":true,"href":"https:\/\/www.visit-ulcinj.com\/blog\/wp-json\/wp\/v2\/comments?post=65399"}],"version-history":[{"count":4,"href":"https:\/\/www.visit-ulcinj.com\/blog\/wp-json\/wp\/v2\/posts\/65399\/revisions"}],"predecessor-version":[{"id":65441,"href":"https:\/\/www.visit-ulcinj.com\/blog\/wp-json\/wp\/v2\/posts\/65399\/revisions\/65441"}],"wp:attachment":[{"href":"https:\/\/www.visit-ulcinj.com\/blog\/wp-json\/wp\/v2\/media?parent=65399"}],"wp:term":[{"taxonomy":"category","embeddable":true,"href":"https:\/\/www.visit-ulcinj.com\/blog\/wp-json\/wp\/v2\/categories?post=65399"},{"taxonomy":"post_tag","embeddable":true,"href":"https:\/\/www.visit-ulcinj.com\/blog\/wp-json\/wp\/v2\/tags?post=65399"}],"curies":[{"name":"wp","href":"https:\/\/api.w.org\/{rel}","templated":true}]}}