{"id":6540,"date":"2008-11-23T14:04:38","date_gmt":"2008-11-23T19:04:38","guid":{"rendered":"http:\/\/www.visit-ulcinj.com\/blog\/?p=6540"},"modified":"2008-11-23T14:05:33","modified_gmt":"2008-11-23T19:05:33","slug":"ne-100-vjetorin-e-studiuesit-te-shquar-eqrem-cabej-video","status":"publish","type":"post","link":"https:\/\/www.visit-ulcinj.com\/blog\/2008\/11\/23\/ne-100-vjetorin-e-studiuesit-te-shquar-eqrem-cabej-video\/","title":{"rendered":"N\u00eb 100-vjetorin e studiuesit t\u00eb shquar Eqrem \u00c7abej &#8211; Video"},"content":{"rendered":"<p><a href=\"http:\/\/www.visit-ulcinj.com\/blog\/wp-content\/uploads\/2008\/11\/eqrem-cabej.jpg\"><img loading=\"lazy\" class=\"alignleft size-medium wp-image-6541\" title=\"eqrem-cabej\" src=\"http:\/\/www.visit-ulcinj.com\/blog\/wp-content\/uploads\/2008\/11\/eqrem-cabej.jpg\" alt=\"\" width=\"224\" height=\"169\" \/><\/a>Dy vjersha t\u00eb hershme t\u00eb Eqrem \u00c7abejt, botuar n\u00eb koh\u00ebn kur ai ishte student n\u00eb Grac t\u00eb Austris\u00eb, ajo me titull &#8220;Nj\u00eb vashe&#8221;u botua m\u00eb 6 qershor 1926 n\u00eb gazet\u00ebn &#8220;Shqip\u00ebri e re&#8221; t\u00eb Kostanc\u00ebs (Rumani,) nd\u00ebrsa &#8220;Melankolis\u00eb&#8221;u botua n\u00eb gazet\u00ebn &#8220;Dielli&#8221; t\u00eb Bostonit m\u00eb 20 mars 1926. Kjo e fundit e ngacmoi mjaft Konic\u00ebn, i cili e zgjodhi p\u00ebr ta botuar n\u00eb gazet\u00ebn q\u00eb ai e drejtonte vet\u00eb asokohe, madje e l\u00ebvdonte n\u00eb nj\u00eb shkrim me titull &#8220;Vjersha&#8221;.<br \/>\nN\u00eb vitin e 100 vjetorit t\u00eb lindjes s\u00eb Eqrem \u00c7abejt \u00ebsht\u00eb rasti m\u00eb i mir\u00eb t`i b\u00ebjm\u00eb t\u00eb njohur opinionit t\u00eb gjer\u00eb se gjuh\u00ebtari i madh kishte nj\u00eb shpirt t\u00eb ndjesh\u00ebm prej poeti. Kjo ndjeshm\u00ebri e b\u00ebri q\u00eb t\u00ebr\u00eb jet\u00ebn t\u00eb mbaj\u00eb lidhje shpirt\u00ebrore me let\u00ebrsin\u00eb. Do ta tregonte k\u00ebt\u00eb n\u00eb studimet e<br \/>\nthukta letrare q\u00eb kreu, kontribute k\u00ebto q\u00eb i kan\u00eb q\u00ebndruar koh\u00ebs, si\u00e7 \u00ebsht\u00eb vler\u00ebsimi profetik i talentit t\u00eb Lasgushit, si dukuri jo e zakonshme n\u00eb poezin\u00eb shqipe, por do t\u00eb b\u00ebnte dhe vet\u00eb sprova poetike t\u00eb suksesshme n\u00eb rinin\u00eb e tij t\u00eb hershme.<br \/>\nVlag\u00ebn e frym\u00ebzimit, ai do ta ruante deri n\u00eb mosh\u00ebn e burr\u00ebris\u00eb, kur n\u00eb vitet 1949-`50 do t\u00eb shkruante nj\u00eb tuf\u00eb sonetesh q\u00eb u botuan t\u00eb postume n\u00ebn kujdesin e s\u00eb bij\u00ebs, Briken\u00ebs, n\u00eb vitin jubilar. S`ka dyshim se sonetet e shkruara aq mjesht\u00ebrisht, me frym\u00ebzim dhe me nj\u00eb gjuh\u00eb lapidare, ku fjala e ndjen veten ngusht dhe mendimi ndjehet krejt i lir\u00eb, i erdh\u00ebn si dhurat\u00eb e \u00e7muar poezis\u00eb shqipe, kur ai ishte larguar prej koh\u00ebsh nga jeta.<br \/>\nKy gjerdan poetik lyp nj\u00eb shqyrtim dhe vler\u00ebsim serioz, q\u00eb kritika jon\u00eb duhet ta b\u00ebj\u00eb, por k\u00ebsaj here, autori i k\u00ebtyre radh\u00ebve do t\u00eb evokoj\u00eb fillimet e tij letrare q\u00eb lidhen me koh\u00ebn kur ai ishte student n\u00eb Grac t\u00eb Austris\u00eb.<br \/>\nIshte mosha kur i k\u00ebndonte gjaku, kur ish n\u00eb kontakt e m\u00ebkohej me burimet dhe rrjedhat e poezis\u00eb europiane, kur qe lidhur me nj\u00eb miq\u00ebsi t\u00eb ngusht\u00eb me poetin e ri Lasgush Poradeci.<br \/>\nTamam n\u00eb k\u00ebt\u00eb koh\u00eb i lindin vargjet e para dhe guxon t\u00eb shfaqet p\u00ebrpara publikut. Nuk i boton n\u00eb gazetat e Shqip\u00ebris\u00eb, por n\u00eb shtypin shqiptar t\u00eb diaspor\u00ebs. Jan\u00eb kryesisht vjersha lirike, k\u00ebng\u00eb t\u00eb sinqerta t\u00eb mosh\u00ebs, shprehje e drejtp\u00ebrdrejt\u00eb e gjendjes shpirt\u00ebrore, q\u00eb p\u00ebrjeton njeriu n\u00eb rinin\u00eb e par\u00eb. \u00cbsht\u00eb ndjenja e dashuris\u00eb, q\u00eb i zgjon vargjet erotike te vjersha &#8220;Nj\u00eb vashe&#8221;, botuar m\u00eb 6 qershor 1926 n\u00eb gazet\u00ebn &#8220;Shqip\u00ebri e re&#8221; t\u00eb Kostanc\u00ebs (Rumani).<br \/>\nPo akoma m\u00eb interesante jan\u00eb vargjet, q\u00eb p\u00ebrftohen nga mendimet q\u00eb v\u00ebrtiten n\u00eb mendjen e vjersh\u00ebtorit, q\u00eb pasqyrohen n\u00eb vjersh\u00ebn &#8220;Melankolis\u00eb&#8221;, botuar n\u00eb gazet\u00ebn &#8220;Dielli&#8221; t\u00eb Bostonit n\u00eb 20 mars 1926. Kjo e fundit, q\u00eb na duket m\u00eb p\u00ebrfaq\u00ebsuesja, do t\u00eb t\u00eb t\u00ebrhiqte v\u00ebmendjen e Faik Konic\u00ebs, i cili duke marr\u00eb shkas prej saj, jo vet\u00ebm do ta botonte pa m\u00ebdyshje n\u00eb gazet\u00ebn e tij, por do ta shtynte t\u00eb shkruante artikullin &#8220;Vjershat&#8221;.<br \/>\nKritiku dhe krijuesi i autoritetsh\u00ebm i let\u00ebrsis\u00eb shqipe do t\u00eb shprehte shqet\u00ebsimet p\u00ebr gjendjen e poezis\u00eb shqipe t\u00eb koh\u00ebs, q\u00eb paraqitet n\u00eb t\u00eb shumt\u00ebn e rasteve larg standardeve q\u00eb lyp arti i v\u00ebrtet\u00eb. Ai \u00e7mon lart poet\u00eb si Gjergj Fishta dhe A.Z. \u00c7ajupi, q\u00eb &#8220;din\u00eb se \u00e7`\u00ebsht\u00eb forma, \u00e7`\u00ebsht\u00eb rithmi&#8221;, por kritikon r\u00ebnd\u00eb grafoman\u00ebt, &#8220;ata q\u00eb nxijn\u00eb kart\u00eb m\u00eb kot&#8221;.<br \/>\nDhe i nisur nga kjo situat\u00eb, ai nxjerr m\u00ebsime dhe jep k\u00ebshilla p\u00ebr t\u00eb gjith\u00eb ata q\u00eb merren me poezi se n\u00eb art kryesore \u00ebsht\u00eb cil\u00ebsia, e cila arrihet kryesisht fal\u00eb pun\u00ebs s\u00eb p\u00ebrkushtuar me tekstin, p\u00ebrpunimit e korrigjimit t\u00eb vazhduesh\u00ebm, shoshitjes si\u00e7 e quan ai, q\u00eb lyp mund dhe sakrifica. P\u00ebr k\u00ebt\u00eb sjell shembullin e La Fontenit, dor\u00ebshkrimet e tij t\u00eb nxira nga korrigjimet e pam\u00ebshirta.<br \/>\nFaik Konica u drejtohet krijuesve shqiptar\u00eb t\u00eb poezis\u00eb se &#8220;vjershat q\u00eb t\u00eb quhen me t\u00eb v\u00ebrtet\u00eb vjersha duhet t\u00eb p\u00ebrmbajn\u00eb ndonj\u00eb mendim t\u00eb bukur, ndonj\u00eb ndjenj\u00eb t\u00eb thell\u00eb ose t\u00eb holl\u00eb dhe ky mendim, kjo ndjenj\u00eb duhet t\u00eb shfaqet n\u00eb nj\u00eb form\u00eb t\u00eb mbaruar&#8221;.<br \/>\nDhe p\u00ebr k\u00ebt\u00eb sjell si shembull vargjet e poezis\u00eb &#8220;Z\u00ebm\u00ebra&#8221; t\u00eb poetit gjerman Herman Nauman.<br \/>\nDuke marr\u00eb shkas nga kjo vjersh\u00eb, ai b\u00ebn lidhje me vjershat q\u00eb shkruhen n\u00eb Shqip\u00ebri dhe i rezulton se ato jan\u00eb larg saj, pra &#8220;nuk gjenden vjersha me frym\u00eb t`atill\u00eb&#8221;.<br \/>\nDhe k\u00ebtu Konica p\u00ebr nj\u00eb \u00e7ast ndalet. Para k\u00ebsaj gjendjeje t\u00eb pak\u00ebndshme, atij i zgjohet nj\u00eb shpres\u00eb dhe xix\u00ebn e k\u00ebsaj shprese ia jep vjersha e nj\u00eb studenti shqiptar d\u00ebrguar nga Universiteti i Gracit, e cila i takon &#8220;vjersh\u00ebris\u00eb me frym\u00eb t\u00eb ndryshme&#8221;. Nj\u00eb frym\u00eb e till\u00eb i duhet poezis\u00eb shqipe.<br \/>\nVjersha &#8220;Melankolis\u00eb&#8221; e t\u00eb riut Eqrem \u00c7abej e bart n\u00eb nj\u00eb far\u00eb m\u00ebnyre, at\u00eb \u00e7ka k\u00ebrkon savanti Faik Konica. Ajo k\u00ebndon me nj\u00eb z\u00eb krejt ndryshe, q\u00eb ting\u00ebllon moderne dhe bashk\u00ebkohore. Dhe sidoq\u00eb n\u00eb gjykimin e mjeshtrit, ajo &#8220;ka disa njolla&#8221;, prap\u00eb &#8220;\u00c7faq nj\u00eb d\u00ebshir\u00eb dhe nj\u00eb k\u00ebrkim p\u00ebr rithm\u00eb t\u00eb ri q\u00eb \u00ebsht\u00eb p\u00ebr t\u00eb lavd\u00ebruar&#8221;.<br \/>\nNuk besoj q\u00eb t\u00eb kish vler\u00ebsim m\u00eb t\u00eb lart\u00eb se k\u00ebto fjal\u00eb, q\u00eb nj\u00eb autoritet si Konica, shkruante p\u00ebr vjershat e para t\u00eb t\u00eb riut Eqrem \u00c7abej, i cili ndon\u00ebse nuk u b\u00eb poet, studioi e l\u00ebvroi si<br \/>\naskush gjuh\u00ebn shqipe dhe b\u00ebri em\u00ebr t\u00eb pavdeksh\u00ebm n\u00eb k\u00ebt\u00eb fush\u00eb.<br \/>\n<strong>Nasho Jorgaqi<br \/>\nKoha Javore<\/strong><\/p>\n<!--YouTube Error: bad URL entered-->\n","protected":false},"excerpt":{"rendered":"<p>Dy vjersha t\u00eb hershme t\u00eb Eqrem \u00c7abejt, botuar n\u00eb koh\u00ebn kur ai ishte student n\u00eb Grac t\u00eb Austris\u00eb, ajo me titull &#8220;Nj\u00eb vashe&#8221;u botua m\u00eb 6 qershor 1926 n\u00eb gazet\u00ebn &#8220;Shqip\u00ebri e re&#8221; t\u00eb Kostanc\u00ebs (Rumani,) nd\u00ebrsa &#8220;Melankolis\u00eb&#8221;u botua n\u00eb gazet\u00ebn &#8220;Dielli&#8221; t\u00eb Bostonit m\u00eb 20 mars 1926. Kjo e fundit e ngacmoi mjaft Konic\u00ebn, [&hellip;]<\/p>\n","protected":false},"author":1,"featured_media":0,"comment_status":"open","ping_status":"closed","sticky":false,"template":"","format":"standard","meta":{"spay_email":"","jetpack_publicize_message":"","jetpack_is_tweetstorm":false,"jetpack_publicize_feature_enabled":true},"categories":[4],"tags":[5126],"jetpack_publicize_connections":[],"yoast_head":"<!-- This site is optimized with the Yoast SEO plugin v19.1 - https:\/\/yoast.com\/wordpress\/plugins\/seo\/ -->\n<title>N\u00eb 100-vjetorin e studiuesit t\u00eb shquar Eqrem \u00c7abej - Video - Lajme nga Ulqini<\/title>\n<meta name=\"description\" content=\"Dy vjersha t\u00eb hershme t\u00eb Eqrem \u00c7abejt, botuar n\u00eb koh\u00ebn kur ai ishte student n\u00eb Grac t\u00eb Austris\u00eb, ajo me titull &quot;Nj\u00eb vashe&quot;u botua m\u00eb 6 qershor 1926 n\u00eb\" \/>\n<meta name=\"robots\" content=\"index, follow, max-snippet:-1, max-image-preview:large, max-video-preview:-1\" \/>\n<link rel=\"canonical\" href=\"https:\/\/www.visit-ulcinj.com\/blog\/2008\/11\/23\/ne-100-vjetorin-e-studiuesit-te-shquar-eqrem-cabej-video\/\" \/>\n<meta property=\"og:locale\" content=\"en_US\" \/>\n<meta property=\"og:type\" content=\"article\" \/>\n<meta property=\"og:title\" content=\"N\u00eb 100-vjetorin e studiuesit t\u00eb shquar Eqrem \u00c7abej - Video - Lajme nga Ulqini\" \/>\n<meta property=\"og:description\" content=\"Dy vjersha t\u00eb hershme t\u00eb Eqrem \u00c7abejt, botuar n\u00eb koh\u00ebn kur ai ishte student n\u00eb Grac t\u00eb Austris\u00eb, ajo me titull &quot;Nj\u00eb vashe&quot;u botua m\u00eb 6 qershor 1926 n\u00eb\" \/>\n<meta property=\"og:url\" content=\"https:\/\/www.visit-ulcinj.com\/blog\/2008\/11\/23\/ne-100-vjetorin-e-studiuesit-te-shquar-eqrem-cabej-video\/\" \/>\n<meta property=\"og:site_name\" content=\"Lajme nga Ulqini\" \/>\n<meta property=\"article:published_time\" content=\"2008-11-23T19:04:38+00:00\" \/>\n<meta property=\"article:modified_time\" content=\"2008-11-23T19:05:33+00:00\" \/>\n<meta property=\"og:image\" content=\"http:\/\/www.visit-ulcinj.com\/blog\/wp-content\/uploads\/2008\/11\/eqrem-cabej.jpg\" \/>\n<meta name=\"twitter:label1\" content=\"Written by\" \/>\n\t<meta name=\"twitter:data1\" content=\"ulqini\" \/>\n\t<meta name=\"twitter:label2\" content=\"Est. reading time\" \/>\n\t<meta name=\"twitter:data2\" content=\"5 minutes\" \/>\n<script type=\"application\/ld+json\" class=\"yoast-schema-graph\">{\"@context\":\"https:\/\/schema.org\",\"@graph\":[{\"@type\":\"WebSite\",\"@id\":\"https:\/\/www.visit-ulcinj.com\/blog\/#website\",\"url\":\"https:\/\/www.visit-ulcinj.com\/blog\/\",\"name\":\"Lajme nga Ulqini\",\"description\":\"Lajme,Vijesti,Ulqini,Ulqin,Crna Gora,Mali i Zi\",\"potentialAction\":[{\"@type\":\"SearchAction\",\"target\":{\"@type\":\"EntryPoint\",\"urlTemplate\":\"https:\/\/www.visit-ulcinj.com\/blog\/?s={search_term_string}\"},\"query-input\":\"required name=search_term_string\"}],\"inLanguage\":\"en-US\"},{\"@type\":\"ImageObject\",\"inLanguage\":\"en-US\",\"@id\":\"https:\/\/www.visit-ulcinj.com\/blog\/2008\/11\/23\/ne-100-vjetorin-e-studiuesit-te-shquar-eqrem-cabej-video\/#primaryimage\",\"url\":\"http:\/\/www.visit-ulcinj.com\/blog\/wp-content\/uploads\/2008\/11\/eqrem-cabej.jpg\",\"contentUrl\":\"http:\/\/www.visit-ulcinj.com\/blog\/wp-content\/uploads\/2008\/11\/eqrem-cabej.jpg\"},{\"@type\":\"WebPage\",\"@id\":\"https:\/\/www.visit-ulcinj.com\/blog\/2008\/11\/23\/ne-100-vjetorin-e-studiuesit-te-shquar-eqrem-cabej-video\/#webpage\",\"url\":\"https:\/\/www.visit-ulcinj.com\/blog\/2008\/11\/23\/ne-100-vjetorin-e-studiuesit-te-shquar-eqrem-cabej-video\/\",\"name\":\"N\u00eb 100-vjetorin e studiuesit t\u00eb shquar Eqrem \u00c7abej - Video - Lajme nga Ulqini\",\"isPartOf\":{\"@id\":\"https:\/\/www.visit-ulcinj.com\/blog\/#website\"},\"primaryImageOfPage\":{\"@id\":\"https:\/\/www.visit-ulcinj.com\/blog\/2008\/11\/23\/ne-100-vjetorin-e-studiuesit-te-shquar-eqrem-cabej-video\/#primaryimage\"},\"datePublished\":\"2008-11-23T19:04:38+00:00\",\"dateModified\":\"2008-11-23T19:05:33+00:00\",\"author\":{\"@id\":\"https:\/\/www.visit-ulcinj.com\/blog\/#\/schema\/person\/dcab619c614d3038751c63bc2aadc06d\"},\"description\":\"Dy vjersha t\u00eb hershme t\u00eb Eqrem \u00c7abejt, botuar n\u00eb koh\u00ebn kur ai ishte student n\u00eb Grac t\u00eb Austris\u00eb, ajo me titull \\\"Nj\u00eb vashe\\\"u botua m\u00eb 6 qershor 1926 n\u00eb\",\"breadcrumb\":{\"@id\":\"https:\/\/www.visit-ulcinj.com\/blog\/2008\/11\/23\/ne-100-vjetorin-e-studiuesit-te-shquar-eqrem-cabej-video\/#breadcrumb\"},\"inLanguage\":\"en-US\",\"potentialAction\":[{\"@type\":\"ReadAction\",\"target\":[\"https:\/\/www.visit-ulcinj.com\/blog\/2008\/11\/23\/ne-100-vjetorin-e-studiuesit-te-shquar-eqrem-cabej-video\/\"]}]},{\"@type\":\"BreadcrumbList\",\"@id\":\"https:\/\/www.visit-ulcinj.com\/blog\/2008\/11\/23\/ne-100-vjetorin-e-studiuesit-te-shquar-eqrem-cabej-video\/#breadcrumb\",\"itemListElement\":[{\"@type\":\"ListItem\",\"position\":1,\"name\":\"N\u00eb 100-vjetorin e studiuesit t\u00eb shquar Eqrem \u00c7abej &#8211; Video\"}]},{\"@type\":\"Person\",\"@id\":\"https:\/\/www.visit-ulcinj.com\/blog\/#\/schema\/person\/dcab619c614d3038751c63bc2aadc06d\",\"name\":\"ulqini\",\"sameAs\":[\"http:\/\/www.visit-ulcinj.com\"],\"url\":\"https:\/\/www.visit-ulcinj.com\/blog\/author\/admin\/\"}]}<\/script>\n<!-- \/ Yoast SEO plugin. -->","yoast_head_json":{"title":"N\u00eb 100-vjetorin e studiuesit t\u00eb shquar Eqrem \u00c7abej - Video - Lajme nga Ulqini","description":"Dy vjersha t\u00eb hershme t\u00eb Eqrem \u00c7abejt, botuar n\u00eb koh\u00ebn kur ai ishte student n\u00eb Grac t\u00eb Austris\u00eb, ajo me titull \"Nj\u00eb vashe\"u botua m\u00eb 6 qershor 1926 n\u00eb","robots":{"index":"index","follow":"follow","max-snippet":"max-snippet:-1","max-image-preview":"max-image-preview:large","max-video-preview":"max-video-preview:-1"},"canonical":"https:\/\/www.visit-ulcinj.com\/blog\/2008\/11\/23\/ne-100-vjetorin-e-studiuesit-te-shquar-eqrem-cabej-video\/","og_locale":"en_US","og_type":"article","og_title":"N\u00eb 100-vjetorin e studiuesit t\u00eb shquar Eqrem \u00c7abej - Video - Lajme nga Ulqini","og_description":"Dy vjersha t\u00eb hershme t\u00eb Eqrem \u00c7abejt, botuar n\u00eb koh\u00ebn kur ai ishte student n\u00eb Grac t\u00eb Austris\u00eb, ajo me titull \"Nj\u00eb vashe\"u botua m\u00eb 6 qershor 1926 n\u00eb","og_url":"https:\/\/www.visit-ulcinj.com\/blog\/2008\/11\/23\/ne-100-vjetorin-e-studiuesit-te-shquar-eqrem-cabej-video\/","og_site_name":"Lajme nga Ulqini","article_published_time":"2008-11-23T19:04:38+00:00","article_modified_time":"2008-11-23T19:05:33+00:00","og_image":[{"url":"http:\/\/www.visit-ulcinj.com\/blog\/wp-content\/uploads\/2008\/11\/eqrem-cabej.jpg"}],"twitter_misc":{"Written by":"ulqini","Est. reading time":"5 minutes"},"schema":{"@context":"https:\/\/schema.org","@graph":[{"@type":"WebSite","@id":"https:\/\/www.visit-ulcinj.com\/blog\/#website","url":"https:\/\/www.visit-ulcinj.com\/blog\/","name":"Lajme nga Ulqini","description":"Lajme,Vijesti,Ulqini,Ulqin,Crna Gora,Mali i Zi","potentialAction":[{"@type":"SearchAction","target":{"@type":"EntryPoint","urlTemplate":"https:\/\/www.visit-ulcinj.com\/blog\/?s={search_term_string}"},"query-input":"required name=search_term_string"}],"inLanguage":"en-US"},{"@type":"ImageObject","inLanguage":"en-US","@id":"https:\/\/www.visit-ulcinj.com\/blog\/2008\/11\/23\/ne-100-vjetorin-e-studiuesit-te-shquar-eqrem-cabej-video\/#primaryimage","url":"http:\/\/www.visit-ulcinj.com\/blog\/wp-content\/uploads\/2008\/11\/eqrem-cabej.jpg","contentUrl":"http:\/\/www.visit-ulcinj.com\/blog\/wp-content\/uploads\/2008\/11\/eqrem-cabej.jpg"},{"@type":"WebPage","@id":"https:\/\/www.visit-ulcinj.com\/blog\/2008\/11\/23\/ne-100-vjetorin-e-studiuesit-te-shquar-eqrem-cabej-video\/#webpage","url":"https:\/\/www.visit-ulcinj.com\/blog\/2008\/11\/23\/ne-100-vjetorin-e-studiuesit-te-shquar-eqrem-cabej-video\/","name":"N\u00eb 100-vjetorin e studiuesit t\u00eb shquar Eqrem \u00c7abej - Video - Lajme nga Ulqini","isPartOf":{"@id":"https:\/\/www.visit-ulcinj.com\/blog\/#website"},"primaryImageOfPage":{"@id":"https:\/\/www.visit-ulcinj.com\/blog\/2008\/11\/23\/ne-100-vjetorin-e-studiuesit-te-shquar-eqrem-cabej-video\/#primaryimage"},"datePublished":"2008-11-23T19:04:38+00:00","dateModified":"2008-11-23T19:05:33+00:00","author":{"@id":"https:\/\/www.visit-ulcinj.com\/blog\/#\/schema\/person\/dcab619c614d3038751c63bc2aadc06d"},"description":"Dy vjersha t\u00eb hershme t\u00eb Eqrem \u00c7abejt, botuar n\u00eb koh\u00ebn kur ai ishte student n\u00eb Grac t\u00eb Austris\u00eb, ajo me titull \"Nj\u00eb vashe\"u botua m\u00eb 6 qershor 1926 n\u00eb","breadcrumb":{"@id":"https:\/\/www.visit-ulcinj.com\/blog\/2008\/11\/23\/ne-100-vjetorin-e-studiuesit-te-shquar-eqrem-cabej-video\/#breadcrumb"},"inLanguage":"en-US","potentialAction":[{"@type":"ReadAction","target":["https:\/\/www.visit-ulcinj.com\/blog\/2008\/11\/23\/ne-100-vjetorin-e-studiuesit-te-shquar-eqrem-cabej-video\/"]}]},{"@type":"BreadcrumbList","@id":"https:\/\/www.visit-ulcinj.com\/blog\/2008\/11\/23\/ne-100-vjetorin-e-studiuesit-te-shquar-eqrem-cabej-video\/#breadcrumb","itemListElement":[{"@type":"ListItem","position":1,"name":"N\u00eb 100-vjetorin e studiuesit t\u00eb shquar Eqrem \u00c7abej &#8211; Video"}]},{"@type":"Person","@id":"https:\/\/www.visit-ulcinj.com\/blog\/#\/schema\/person\/dcab619c614d3038751c63bc2aadc06d","name":"ulqini","sameAs":["http:\/\/www.visit-ulcinj.com"],"url":"https:\/\/www.visit-ulcinj.com\/blog\/author\/admin\/"}]}},"jetpack_featured_media_url":"","jetpack_sharing_enabled":true,"jetpack_shortlink":"https:\/\/wp.me\/pe6lTn-1Hu","_links":{"self":[{"href":"https:\/\/www.visit-ulcinj.com\/blog\/wp-json\/wp\/v2\/posts\/6540"}],"collection":[{"href":"https:\/\/www.visit-ulcinj.com\/blog\/wp-json\/wp\/v2\/posts"}],"about":[{"href":"https:\/\/www.visit-ulcinj.com\/blog\/wp-json\/wp\/v2\/types\/post"}],"author":[{"embeddable":true,"href":"https:\/\/www.visit-ulcinj.com\/blog\/wp-json\/wp\/v2\/users\/1"}],"replies":[{"embeddable":true,"href":"https:\/\/www.visit-ulcinj.com\/blog\/wp-json\/wp\/v2\/comments?post=6540"}],"version-history":[{"count":0,"href":"https:\/\/www.visit-ulcinj.com\/blog\/wp-json\/wp\/v2\/posts\/6540\/revisions"}],"wp:attachment":[{"href":"https:\/\/www.visit-ulcinj.com\/blog\/wp-json\/wp\/v2\/media?parent=6540"}],"wp:term":[{"taxonomy":"category","embeddable":true,"href":"https:\/\/www.visit-ulcinj.com\/blog\/wp-json\/wp\/v2\/categories?post=6540"},{"taxonomy":"post_tag","embeddable":true,"href":"https:\/\/www.visit-ulcinj.com\/blog\/wp-json\/wp\/v2\/tags?post=6540"}],"curies":[{"name":"wp","href":"https:\/\/api.w.org\/{rel}","templated":true}]}}