{"id":65404,"date":"2012-11-05T17:31:01","date_gmt":"2012-11-05T16:31:01","guid":{"rendered":"http:\/\/www.visit-ulcinj.com\/blog\/?p=65404"},"modified":"2012-11-05T17:31:01","modified_gmt":"2012-11-05T16:31:01","slug":"shkelqejne-ekipet-e-klubit-te-karatese-ulqini-ne-plevle","status":"publish","type":"post","link":"https:\/\/www.visit-ulcinj.com\/blog\/2012\/11\/05\/shkelqejne-ekipet-e-klubit-te-karatese-ulqini-ne-plevle\/","title":{"rendered":"Shk\u00eblqejn\u00eb ekipet e klubit t\u00eb karates\u00eb \u201cUlqini\u201d n\u00eb Plevle"},"content":{"rendered":"<p><strong><a href=\"http:\/\/www.visit-ulcinj.com\/blog\/wp-content\/uploads\/2012\/11\/Karate-Klub-Ulqini-Plevla-Open-2012.jpg\"><img loading=\"lazy\" class=\"alignleft  wp-image-65405\" title=\"Karate Klub Ulqini-Plevla Open 2012\" src=\"http:\/\/www.visit-ulcinj.com\/blog\/wp-content\/uploads\/2012\/11\/Karate-Klub-Ulqini-Plevla-Open-2012.jpg\" alt=\"\" width=\"508\" height=\"360\" \/><\/a>Klubi i karates\u00eb \u201cUlqini\u201d mori pjes\u00eb n\u00eb Turneun IX nd\u00ebrkomb\u00ebtar t\u00eb karates\u00eb \u201cPlevla Open 2012\u201d<\/strong><\/p>\n<p>T\u00eb shtun\u00ebn, m\u00eb 03 n\u00ebntor 2012 n\u00eb Plevle u mbajt Turneu i 9-t\u00eb nd\u00ebrkomb\u00ebtar i karates\u00eb \u201cPlevla Open 2012\u201d, n\u00eb t\u00eb cilin mor\u00ebn pjes\u00eb 39 klube me 465 garues nga Kroacia, Shqip\u00ebria, Sllovenia, Serbia, Maqedonia, Bosna e Hercegovina dhe nga Mali i Zi.<br \/>\n<a href=\"http:\/\/www.visit-ulcinj.com\/blog\/wp-content\/uploads\/2012\/11\/Karate-Klub-Ulqini-Plevla-Open-2012.2.jpg\"><img loading=\"lazy\" class=\"alignleft  wp-image-65406\" title=\"Karate Klub Ulqini-Plevla Open 2012.2\" src=\"http:\/\/www.visit-ulcinj.com\/blog\/wp-content\/uploads\/2012\/11\/Karate-Klub-Ulqini-Plevla-Open-2012.2.jpg\" alt=\"\" width=\"508\" height=\"300\" \/><\/a><br \/>\nKlubi i Karates\u00eb \u201cUlqini\u201d n\u00eb k\u00ebt\u00eb turne nd\u00ebrkomb\u00ebtar mori pjes\u00eb vet\u00ebm me 3 garues, t\u00eb cil\u00ebt u kuror\u00ebzuan me gjithsej 5 medalje: 3 t\u00eb arta, 1 t\u00eb argjendt\u00eb, 1 t\u00eb bronzt\u00eb dhe 2 kupa. Tri garueset e Klubit t\u00eb Karates\u00eb \u201cUlqini\u201d mor\u00ebn pjes\u00eb n\u00eb disiplinat individuale dhe ekipore dhe u shpall\u00ebn kampione n\u00eb luft\u00ebra ekipore p\u00ebr junior\u00eb dhe kata ekipore +16 (senior\u00eb). Ekipi ishte i p\u00ebrb\u00ebr\u00eb nga Antigona Rama, Seida Suma dhe Hantije Ibro\u00e7i. P\u00ebrve\u00e7 medaljeve t\u00eb arta dhe diplomave, ekipet u shp\u00ebrblyen edhe me nga nj\u00eb kup\u00eb. Po ashtu ky ekip n\u00eb kata ekipore p\u00ebr kadet\u00eb dhe junior\u00eb u kuror\u00ebzua me medaljen e bronzt\u00eb.<br \/>\nN\u00eb luft\u00ebra individuale me medalje t\u00eb art\u00eb u kuror\u00ebzua Antigona Rama, kurse me medalje t\u00eb argjendt\u00eb u kuror\u00ebzua Seida Suma.<\/p>\n<p><a href=\"http:\/\/www.visit-ulcinj.com\/blog\/wp-content\/uploads\/2012\/11\/Karate-Klub-Ulqini-Plevla-Open-2012.1.jpg\"><img loading=\"lazy\" class=\"alignleft  wp-image-65407\" title=\"Karate Klub Ulqini-Plevla Open 2012.1\" src=\"http:\/\/www.visit-ulcinj.com\/blog\/wp-content\/uploads\/2012\/11\/Karate-Klub-Ulqini-Plevla-Open-2012.1.jpg\" alt=\"\" width=\"200\" height=\"300\" \/><\/a><br \/>\n-Jemi m\u00eb se t\u00eb k\u00ebnaqur me rezultatet e arrituara t\u00eb k\u00ebtij ekipi, pasi q\u00eb ky ishte nj\u00eb test i mir\u00eb p\u00ebr ta p\u00ebr garat e radh\u00ebs, si\u00e7 \u00ebsht\u00eb Kampionati i Malit t\u00eb Zi, ku edhe aty shpresojm\u00eb q\u00eb do t\u00eb korrim rezultate t\u00eb mira, &#8211; shprehen t\u00eb k\u00ebnaqur trajner\u00ebt me rezultatin e arritur, por jan\u00eb shum\u00eb t\u00eb zhg\u00ebnjyer me p\u00ebrkrahjen financiare, pasi q\u00eb ajo \u00ebsht\u00eb shum\u00eb e vog\u00ebl. P\u00ebr k\u00ebt\u00eb arsye n\u00eb k\u00ebt\u00eb turne klubi u paraqit vet\u00ebm me tre garues. Shpresojm\u00eb q\u00eb n\u00eb t\u00eb ardhmnen do t\u00eb kemi nj\u00eb p\u00ebrkrahje m\u00eb t\u00eb mir\u00eb, sepse t\u00eb rinjt\u00eb tan\u00eb e meritojn\u00eb k\u00ebt\u00eb.<\/p>\n<p>&nbsp;<\/p>\n<p><strong>Sh\u00ebrbimi informativ i Klubit t\u00eb Karates\u00eb \u201cUlqini\u201d<\/strong><\/p>\n","protected":false},"excerpt":{"rendered":"<p>Klubi i karates\u00eb \u201cUlqini\u201d mori pjes\u00eb n\u00eb Turneun IX nd\u00ebrkomb\u00ebtar t\u00eb karates\u00eb \u201cPlevla Open 2012\u201d T\u00eb shtun\u00ebn, m\u00eb 03 n\u00ebntor 2012 n\u00eb Plevle u mbajt Turneu i 9-t\u00eb nd\u00ebrkomb\u00ebtar i karates\u00eb \u201cPlevla Open 2012\u201d, n\u00eb t\u00eb cilin mor\u00ebn pjes\u00eb 39 klube me 465 garues nga Kroacia, Shqip\u00ebria, Sllovenia, Serbia, Maqedonia, Bosna e Hercegovina dhe nga [&hellip;]<\/p>\n","protected":false},"author":1,"featured_media":0,"comment_status":"open","ping_status":"closed","sticky":false,"template":"","format":"standard","meta":{"spay_email":"","jetpack_publicize_message":"","jetpack_is_tweetstorm":false,"jetpack_publicize_feature_enabled":true},"categories":[3],"tags":[5025],"jetpack_publicize_connections":[],"yoast_head":"<!-- This site is optimized with the Yoast SEO plugin v19.1 - https:\/\/yoast.com\/wordpress\/plugins\/seo\/ -->\n<title>Shk\u00eblqejn\u00eb ekipet e klubit t\u00eb karates\u00eb \u201cUlqini\u201d n\u00eb Plevle - Lajme nga Ulqini<\/title>\n<meta name=\"description\" content=\"Klubi i karates\u00eb \u201cUlqini\u201d mori pjes\u00eb n\u00eb Turneun IX nd\u00ebrkomb\u00ebtar t\u00eb karates\u00eb \u201cPlevla Open 2012\u201d T\u00eb shtun\u00ebn, m\u00eb 03 n\u00ebntor 2012 n\u00eb Plevle u mbajt Turneu i\" \/>\n<meta name=\"robots\" content=\"index, follow, max-snippet:-1, max-image-preview:large, max-video-preview:-1\" \/>\n<link rel=\"canonical\" href=\"https:\/\/www.visit-ulcinj.com\/blog\/2012\/11\/05\/shkelqejne-ekipet-e-klubit-te-karatese-ulqini-ne-plevle\/\" \/>\n<meta property=\"og:locale\" content=\"en_US\" \/>\n<meta property=\"og:type\" content=\"article\" \/>\n<meta property=\"og:title\" content=\"Shk\u00eblqejn\u00eb ekipet e klubit t\u00eb karates\u00eb \u201cUlqini\u201d n\u00eb Plevle - Lajme nga Ulqini\" \/>\n<meta property=\"og:description\" content=\"Klubi i karates\u00eb \u201cUlqini\u201d mori pjes\u00eb n\u00eb Turneun IX nd\u00ebrkomb\u00ebtar t\u00eb karates\u00eb \u201cPlevla Open 2012\u201d T\u00eb shtun\u00ebn, m\u00eb 03 n\u00ebntor 2012 n\u00eb Plevle u mbajt Turneu i\" \/>\n<meta property=\"og:url\" content=\"https:\/\/www.visit-ulcinj.com\/blog\/2012\/11\/05\/shkelqejne-ekipet-e-klubit-te-karatese-ulqini-ne-plevle\/\" \/>\n<meta property=\"og:site_name\" content=\"Lajme nga Ulqini\" \/>\n<meta property=\"article:published_time\" content=\"2012-11-05T16:31:01+00:00\" \/>\n<meta property=\"og:image\" content=\"http:\/\/www.visit-ulcinj.com\/blog\/wp-content\/uploads\/2012\/11\/Karate-Klub-Ulqini-Plevla-Open-2012.jpg\" \/>\n<meta name=\"twitter:label1\" content=\"Written by\" \/>\n\t<meta name=\"twitter:data1\" content=\"ulqini\" \/>\n\t<meta name=\"twitter:label2\" content=\"Est. reading time\" \/>\n\t<meta name=\"twitter:data2\" content=\"2 minutes\" \/>\n<script type=\"application\/ld+json\" class=\"yoast-schema-graph\">{\"@context\":\"https:\/\/schema.org\",\"@graph\":[{\"@type\":\"WebSite\",\"@id\":\"https:\/\/www.visit-ulcinj.com\/blog\/#website\",\"url\":\"https:\/\/www.visit-ulcinj.com\/blog\/\",\"name\":\"Lajme nga Ulqini\",\"description\":\"Lajme,Vijesti,Ulqini,Ulqin,Crna Gora,Mali i Zi\",\"potentialAction\":[{\"@type\":\"SearchAction\",\"target\":{\"@type\":\"EntryPoint\",\"urlTemplate\":\"https:\/\/www.visit-ulcinj.com\/blog\/?s={search_term_string}\"},\"query-input\":\"required name=search_term_string\"}],\"inLanguage\":\"en-US\"},{\"@type\":\"ImageObject\",\"inLanguage\":\"en-US\",\"@id\":\"https:\/\/www.visit-ulcinj.com\/blog\/2012\/11\/05\/shkelqejne-ekipet-e-klubit-te-karatese-ulqini-ne-plevle\/#primaryimage\",\"url\":\"https:\/\/www.visit-ulcinj.com\/blog\/wp-content\/uploads\/2012\/11\/Karate-Klub-Ulqini-Plevla-Open-2012.jpg\",\"contentUrl\":\"https:\/\/www.visit-ulcinj.com\/blog\/wp-content\/uploads\/2012\/11\/Karate-Klub-Ulqini-Plevla-Open-2012.jpg\",\"width\":\"960\",\"height\":\"720\"},{\"@type\":\"WebPage\",\"@id\":\"https:\/\/www.visit-ulcinj.com\/blog\/2012\/11\/05\/shkelqejne-ekipet-e-klubit-te-karatese-ulqini-ne-plevle\/#webpage\",\"url\":\"https:\/\/www.visit-ulcinj.com\/blog\/2012\/11\/05\/shkelqejne-ekipet-e-klubit-te-karatese-ulqini-ne-plevle\/\",\"name\":\"Shk\u00eblqejn\u00eb ekipet e klubit t\u00eb karates\u00eb \u201cUlqini\u201d n\u00eb Plevle - Lajme nga Ulqini\",\"isPartOf\":{\"@id\":\"https:\/\/www.visit-ulcinj.com\/blog\/#website\"},\"primaryImageOfPage\":{\"@id\":\"https:\/\/www.visit-ulcinj.com\/blog\/2012\/11\/05\/shkelqejne-ekipet-e-klubit-te-karatese-ulqini-ne-plevle\/#primaryimage\"},\"datePublished\":\"2012-11-05T16:31:01+00:00\",\"dateModified\":\"2012-11-05T16:31:01+00:00\",\"author\":{\"@id\":\"https:\/\/www.visit-ulcinj.com\/blog\/#\/schema\/person\/dcab619c614d3038751c63bc2aadc06d\"},\"description\":\"Klubi i karates\u00eb \u201cUlqini\u201d mori pjes\u00eb n\u00eb Turneun IX nd\u00ebrkomb\u00ebtar t\u00eb karates\u00eb \u201cPlevla Open 2012\u201d T\u00eb shtun\u00ebn, m\u00eb 03 n\u00ebntor 2012 n\u00eb Plevle u mbajt Turneu i\",\"breadcrumb\":{\"@id\":\"https:\/\/www.visit-ulcinj.com\/blog\/2012\/11\/05\/shkelqejne-ekipet-e-klubit-te-karatese-ulqini-ne-plevle\/#breadcrumb\"},\"inLanguage\":\"en-US\",\"potentialAction\":[{\"@type\":\"ReadAction\",\"target\":[\"https:\/\/www.visit-ulcinj.com\/blog\/2012\/11\/05\/shkelqejne-ekipet-e-klubit-te-karatese-ulqini-ne-plevle\/\"]}]},{\"@type\":\"BreadcrumbList\",\"@id\":\"https:\/\/www.visit-ulcinj.com\/blog\/2012\/11\/05\/shkelqejne-ekipet-e-klubit-te-karatese-ulqini-ne-plevle\/#breadcrumb\",\"itemListElement\":[{\"@type\":\"ListItem\",\"position\":1,\"name\":\"Shk\u00eblqejn\u00eb ekipet e klubit t\u00eb karates\u00eb \u201cUlqini\u201d n\u00eb Plevle\"}]},{\"@type\":\"Person\",\"@id\":\"https:\/\/www.visit-ulcinj.com\/blog\/#\/schema\/person\/dcab619c614d3038751c63bc2aadc06d\",\"name\":\"ulqini\",\"sameAs\":[\"http:\/\/www.visit-ulcinj.com\"],\"url\":\"https:\/\/www.visit-ulcinj.com\/blog\/author\/admin\/\"}]}<\/script>\n<!-- \/ Yoast SEO plugin. -->","yoast_head_json":{"title":"Shk\u00eblqejn\u00eb ekipet e klubit t\u00eb karates\u00eb \u201cUlqini\u201d n\u00eb Plevle - Lajme nga Ulqini","description":"Klubi i karates\u00eb \u201cUlqini\u201d mori pjes\u00eb n\u00eb Turneun IX nd\u00ebrkomb\u00ebtar t\u00eb karates\u00eb \u201cPlevla Open 2012\u201d T\u00eb shtun\u00ebn, m\u00eb 03 n\u00ebntor 2012 n\u00eb Plevle u mbajt Turneu i","robots":{"index":"index","follow":"follow","max-snippet":"max-snippet:-1","max-image-preview":"max-image-preview:large","max-video-preview":"max-video-preview:-1"},"canonical":"https:\/\/www.visit-ulcinj.com\/blog\/2012\/11\/05\/shkelqejne-ekipet-e-klubit-te-karatese-ulqini-ne-plevle\/","og_locale":"en_US","og_type":"article","og_title":"Shk\u00eblqejn\u00eb ekipet e klubit t\u00eb karates\u00eb \u201cUlqini\u201d n\u00eb Plevle - Lajme nga Ulqini","og_description":"Klubi i karates\u00eb \u201cUlqini\u201d mori pjes\u00eb n\u00eb Turneun IX nd\u00ebrkomb\u00ebtar t\u00eb karates\u00eb \u201cPlevla Open 2012\u201d T\u00eb shtun\u00ebn, m\u00eb 03 n\u00ebntor 2012 n\u00eb Plevle u mbajt Turneu i","og_url":"https:\/\/www.visit-ulcinj.com\/blog\/2012\/11\/05\/shkelqejne-ekipet-e-klubit-te-karatese-ulqini-ne-plevle\/","og_site_name":"Lajme nga Ulqini","article_published_time":"2012-11-05T16:31:01+00:00","og_image":[{"url":"http:\/\/www.visit-ulcinj.com\/blog\/wp-content\/uploads\/2012\/11\/Karate-Klub-Ulqini-Plevla-Open-2012.jpg"}],"twitter_misc":{"Written by":"ulqini","Est. reading time":"2 minutes"},"schema":{"@context":"https:\/\/schema.org","@graph":[{"@type":"WebSite","@id":"https:\/\/www.visit-ulcinj.com\/blog\/#website","url":"https:\/\/www.visit-ulcinj.com\/blog\/","name":"Lajme nga Ulqini","description":"Lajme,Vijesti,Ulqini,Ulqin,Crna Gora,Mali i Zi","potentialAction":[{"@type":"SearchAction","target":{"@type":"EntryPoint","urlTemplate":"https:\/\/www.visit-ulcinj.com\/blog\/?s={search_term_string}"},"query-input":"required name=search_term_string"}],"inLanguage":"en-US"},{"@type":"ImageObject","inLanguage":"en-US","@id":"https:\/\/www.visit-ulcinj.com\/blog\/2012\/11\/05\/shkelqejne-ekipet-e-klubit-te-karatese-ulqini-ne-plevle\/#primaryimage","url":"https:\/\/www.visit-ulcinj.com\/blog\/wp-content\/uploads\/2012\/11\/Karate-Klub-Ulqini-Plevla-Open-2012.jpg","contentUrl":"https:\/\/www.visit-ulcinj.com\/blog\/wp-content\/uploads\/2012\/11\/Karate-Klub-Ulqini-Plevla-Open-2012.jpg","width":"960","height":"720"},{"@type":"WebPage","@id":"https:\/\/www.visit-ulcinj.com\/blog\/2012\/11\/05\/shkelqejne-ekipet-e-klubit-te-karatese-ulqini-ne-plevle\/#webpage","url":"https:\/\/www.visit-ulcinj.com\/blog\/2012\/11\/05\/shkelqejne-ekipet-e-klubit-te-karatese-ulqini-ne-plevle\/","name":"Shk\u00eblqejn\u00eb ekipet e klubit t\u00eb karates\u00eb \u201cUlqini\u201d n\u00eb Plevle - Lajme nga Ulqini","isPartOf":{"@id":"https:\/\/www.visit-ulcinj.com\/blog\/#website"},"primaryImageOfPage":{"@id":"https:\/\/www.visit-ulcinj.com\/blog\/2012\/11\/05\/shkelqejne-ekipet-e-klubit-te-karatese-ulqini-ne-plevle\/#primaryimage"},"datePublished":"2012-11-05T16:31:01+00:00","dateModified":"2012-11-05T16:31:01+00:00","author":{"@id":"https:\/\/www.visit-ulcinj.com\/blog\/#\/schema\/person\/dcab619c614d3038751c63bc2aadc06d"},"description":"Klubi i karates\u00eb \u201cUlqini\u201d mori pjes\u00eb n\u00eb Turneun IX nd\u00ebrkomb\u00ebtar t\u00eb karates\u00eb \u201cPlevla Open 2012\u201d T\u00eb shtun\u00ebn, m\u00eb 03 n\u00ebntor 2012 n\u00eb Plevle u mbajt Turneu i","breadcrumb":{"@id":"https:\/\/www.visit-ulcinj.com\/blog\/2012\/11\/05\/shkelqejne-ekipet-e-klubit-te-karatese-ulqini-ne-plevle\/#breadcrumb"},"inLanguage":"en-US","potentialAction":[{"@type":"ReadAction","target":["https:\/\/www.visit-ulcinj.com\/blog\/2012\/11\/05\/shkelqejne-ekipet-e-klubit-te-karatese-ulqini-ne-plevle\/"]}]},{"@type":"BreadcrumbList","@id":"https:\/\/www.visit-ulcinj.com\/blog\/2012\/11\/05\/shkelqejne-ekipet-e-klubit-te-karatese-ulqini-ne-plevle\/#breadcrumb","itemListElement":[{"@type":"ListItem","position":1,"name":"Shk\u00eblqejn\u00eb ekipet e klubit t\u00eb karates\u00eb \u201cUlqini\u201d n\u00eb Plevle"}]},{"@type":"Person","@id":"https:\/\/www.visit-ulcinj.com\/blog\/#\/schema\/person\/dcab619c614d3038751c63bc2aadc06d","name":"ulqini","sameAs":["http:\/\/www.visit-ulcinj.com"],"url":"https:\/\/www.visit-ulcinj.com\/blog\/author\/admin\/"}]}},"jetpack_featured_media_url":"","jetpack_sharing_enabled":true,"jetpack_shortlink":"https:\/\/wp.me\/pe6lTn-h0U","_links":{"self":[{"href":"https:\/\/www.visit-ulcinj.com\/blog\/wp-json\/wp\/v2\/posts\/65404"}],"collection":[{"href":"https:\/\/www.visit-ulcinj.com\/blog\/wp-json\/wp\/v2\/posts"}],"about":[{"href":"https:\/\/www.visit-ulcinj.com\/blog\/wp-json\/wp\/v2\/types\/post"}],"author":[{"embeddable":true,"href":"https:\/\/www.visit-ulcinj.com\/blog\/wp-json\/wp\/v2\/users\/1"}],"replies":[{"embeddable":true,"href":"https:\/\/www.visit-ulcinj.com\/blog\/wp-json\/wp\/v2\/comments?post=65404"}],"version-history":[{"count":3,"href":"https:\/\/www.visit-ulcinj.com\/blog\/wp-json\/wp\/v2\/posts\/65404\/revisions"}],"predecessor-version":[{"id":65410,"href":"https:\/\/www.visit-ulcinj.com\/blog\/wp-json\/wp\/v2\/posts\/65404\/revisions\/65410"}],"wp:attachment":[{"href":"https:\/\/www.visit-ulcinj.com\/blog\/wp-json\/wp\/v2\/media?parent=65404"}],"wp:term":[{"taxonomy":"category","embeddable":true,"href":"https:\/\/www.visit-ulcinj.com\/blog\/wp-json\/wp\/v2\/categories?post=65404"},{"taxonomy":"post_tag","embeddable":true,"href":"https:\/\/www.visit-ulcinj.com\/blog\/wp-json\/wp\/v2\/tags?post=65404"}],"curies":[{"name":"wp","href":"https:\/\/api.w.org\/{rel}","templated":true}]}}