{"id":65411,"date":"2012-11-05T17:50:42","date_gmt":"2012-11-05T16:50:42","guid":{"rendered":"http:\/\/www.visit-ulcinj.com\/blog\/?p=65411"},"modified":"2012-11-05T17:53:08","modified_gmt":"2012-11-05T16:53:08","slug":"nimanbegu-forca-prihvatila-sporazum","status":"publish","type":"post","link":"https:\/\/www.visit-ulcinj.com\/blog\/2012\/11\/05\/nimanbegu-forca-prihvatila-sporazum\/","title":{"rendered":"Nimanbegu: FORCA prihvatila sporazum"},"content":{"rendered":"<p><a href=\"http:\/\/www.visit-ulcinj.com\/blog\/wp-content\/uploads\/2012\/11\/Genci-Nimanbegu.jpg\"><img loading=\"lazy\" class=\"alignleft  wp-image-65412\" title=\"Genci Nimanbegu\" src=\"http:\/\/www.visit-ulcinj.com\/blog\/wp-content\/uploads\/2012\/11\/Genci-Nimanbegu.jpg\" alt=\"\" width=\"508\" height=\"360\" \/><\/a>Sporazum o formiranju vlasti izme\u0111u koalicije Evropska Crna Gora i predstavnika manjinskih partija, najvjerovatnije \u0107e biti dogovoren prije sjutra\u0161nje konstitutivne sjednice novog saziva Skup\u0161tine re\u010deno je Radiju Crne Gore u DPS-u. DPS je proslijedila nacrt sporazuma Bo\u0161nja\u010dkoj stranci, HGI i FORCI.<\/p>\n<p>Za sada je pozitivno odgovorila samo FORCA.<\/p>\n<p>&#8211; Mogu \u0161to se ti\u010de FORCE re\u0107i da je predsjedni\u0161tvo prihvatilo sporazum. Vjerovatno \u0107e se kasnije ve\u010deras ili sjutra pred sjednicu potpisati taj dokument. U principu on se ti\u010de toga da \u0107e se podr\u017eati konstituisanje zakonodavne vlasti. Ostaje da se dogovori na koji na\u010din treba da se konstitui\u0161e izvr\u0161na vlast &#8211; kazao je funkcioner FORCE Genci Nimanbegu za Radio Crne Gore.<\/p>\n<p>Do kraja dana ili sjutra treba da se izjasne HGI i Bo\u0161nja\u010dka stranka. U izjavi za Radio Crne Gore Suljo Mustafi\u0107 je optimista da \u0107e sporazum o formiranju Vlade vrlo brzo biti do kraja definisan. Od nove Vlade Mustafi\u0107 o\u010dekuje:<\/p>\n<p>&#8211; Da \u0107emo u narednom periodu sistemski rje\u0161avati probleme koje su imali manjinski narodi u nekom prethodnom periodu, ali svakako smo optimisti po pitanju odre\u0111enih resora, funkcija, u\u010de\u0161\u0107a, s obzirom na to da ti zahtjevi nijesu megalomanski.<\/p>\n<p>Sve \u0107e biti jasnije sjutra, kada \u0107e biti konstituisan novi saziv Skup\u0161tine Crne Gore. Sporazumom koalicije Evropska Crna Gora predvi\u0111eno je da mjesto predsjednika Vlade pripadne DPS-u, a Parlamenta SDP-u.<\/p>\n<p>Ustavom je predvi\u0111eno da predsjednik Crne Gore predla\u017ee mandatara u roku od 30 dana od konstituisanja Skup\u0161tine.<\/p>\n<p><strong>TVCG<\/strong><\/p>\n<p>&nbsp;<\/p>\n","protected":false},"excerpt":{"rendered":"<p>Sporazum o formiranju vlasti izme\u0111u koalicije Evropska Crna Gora i predstavnika manjinskih partija, najvjerovatnije \u0107e biti dogovoren prije sjutra\u0161nje konstitutivne sjednice novog saziva Skup\u0161tine re\u010deno je Radiju Crne Gore u DPS-u. DPS je proslijedila nacrt sporazuma Bo\u0161nja\u010dkoj stranci, HGI i FORCI. Za sada je pozitivno odgovorila samo FORCA. &#8211; Mogu \u0161to se ti\u010de FORCE re\u0107i [&hellip;]<\/p>\n","protected":false},"author":1,"featured_media":0,"comment_status":"open","ping_status":"closed","sticky":false,"template":"","format":"standard","meta":{"spay_email":"","jetpack_publicize_message":"","jetpack_is_tweetstorm":false,"jetpack_publicize_feature_enabled":true},"categories":[8337],"tags":[1520,117,19],"jetpack_publicize_connections":[],"yoast_head":"<!-- This site is optimized with the Yoast SEO plugin v19.1 - https:\/\/yoast.com\/wordpress\/plugins\/seo\/ -->\n<title>Nimanbegu: FORCA prihvatila sporazum - Lajme nga Ulqini<\/title>\n<meta name=\"description\" content=\"Sporazum o formiranju vlasti izme\u0111u koalicije Evropska Crna Gora i predstavnika manjinskih partija, najvjerovatnije \u0107e biti dogovoren prije sjutra\u0161nje\" \/>\n<meta name=\"robots\" content=\"index, follow, max-snippet:-1, max-image-preview:large, max-video-preview:-1\" \/>\n<link rel=\"canonical\" href=\"https:\/\/www.visit-ulcinj.com\/blog\/2012\/11\/05\/nimanbegu-forca-prihvatila-sporazum\/\" \/>\n<meta property=\"og:locale\" content=\"en_US\" \/>\n<meta property=\"og:type\" content=\"article\" \/>\n<meta property=\"og:title\" content=\"Nimanbegu: FORCA prihvatila sporazum - Lajme nga Ulqini\" \/>\n<meta property=\"og:description\" content=\"Sporazum o formiranju vlasti izme\u0111u koalicije Evropska Crna Gora i predstavnika manjinskih partija, najvjerovatnije \u0107e biti dogovoren prije sjutra\u0161nje\" \/>\n<meta property=\"og:url\" content=\"https:\/\/www.visit-ulcinj.com\/blog\/2012\/11\/05\/nimanbegu-forca-prihvatila-sporazum\/\" \/>\n<meta property=\"og:site_name\" content=\"Lajme nga Ulqini\" \/>\n<meta property=\"article:published_time\" content=\"2012-11-05T16:50:42+00:00\" \/>\n<meta property=\"article:modified_time\" content=\"2012-11-05T16:53:08+00:00\" \/>\n<meta property=\"og:image\" content=\"http:\/\/www.visit-ulcinj.com\/blog\/wp-content\/uploads\/2012\/11\/Genci-Nimanbegu.jpg\" \/>\n<meta name=\"twitter:label1\" content=\"Written by\" \/>\n\t<meta name=\"twitter:data1\" content=\"ulqini\" \/>\n\t<meta name=\"twitter:label2\" content=\"Est. reading time\" \/>\n\t<meta name=\"twitter:data2\" content=\"1 minute\" \/>\n<script type=\"application\/ld+json\" class=\"yoast-schema-graph\">{\"@context\":\"https:\/\/schema.org\",\"@graph\":[{\"@type\":\"WebSite\",\"@id\":\"https:\/\/www.visit-ulcinj.com\/blog\/#website\",\"url\":\"https:\/\/www.visit-ulcinj.com\/blog\/\",\"name\":\"Lajme nga Ulqini\",\"description\":\"Lajme,Vijesti,Ulqini,Ulqin,Crna Gora,Mali i Zi\",\"potentialAction\":[{\"@type\":\"SearchAction\",\"target\":{\"@type\":\"EntryPoint\",\"urlTemplate\":\"https:\/\/www.visit-ulcinj.com\/blog\/?s={search_term_string}\"},\"query-input\":\"required name=search_term_string\"}],\"inLanguage\":\"en-US\"},{\"@type\":\"ImageObject\",\"inLanguage\":\"en-US\",\"@id\":\"https:\/\/www.visit-ulcinj.com\/blog\/2012\/11\/05\/nimanbegu-forca-prihvatila-sporazum\/#primaryimage\",\"url\":\"https:\/\/www.visit-ulcinj.com\/blog\/wp-content\/uploads\/2012\/11\/Genci-Nimanbegu.jpg\",\"contentUrl\":\"https:\/\/www.visit-ulcinj.com\/blog\/wp-content\/uploads\/2012\/11\/Genci-Nimanbegu.jpg\",\"width\":\"640\",\"height\":\"425\"},{\"@type\":\"WebPage\",\"@id\":\"https:\/\/www.visit-ulcinj.com\/blog\/2012\/11\/05\/nimanbegu-forca-prihvatila-sporazum\/#webpage\",\"url\":\"https:\/\/www.visit-ulcinj.com\/blog\/2012\/11\/05\/nimanbegu-forca-prihvatila-sporazum\/\",\"name\":\"Nimanbegu: FORCA prihvatila sporazum - Lajme nga Ulqini\",\"isPartOf\":{\"@id\":\"https:\/\/www.visit-ulcinj.com\/blog\/#website\"},\"primaryImageOfPage\":{\"@id\":\"https:\/\/www.visit-ulcinj.com\/blog\/2012\/11\/05\/nimanbegu-forca-prihvatila-sporazum\/#primaryimage\"},\"datePublished\":\"2012-11-05T16:50:42+00:00\",\"dateModified\":\"2012-11-05T16:53:08+00:00\",\"author\":{\"@id\":\"https:\/\/www.visit-ulcinj.com\/blog\/#\/schema\/person\/dcab619c614d3038751c63bc2aadc06d\"},\"description\":\"Sporazum o formiranju vlasti izme\u0111u koalicije Evropska Crna Gora i predstavnika manjinskih partija, najvjerovatnije \u0107e biti dogovoren prije sjutra\u0161nje\",\"breadcrumb\":{\"@id\":\"https:\/\/www.visit-ulcinj.com\/blog\/2012\/11\/05\/nimanbegu-forca-prihvatila-sporazum\/#breadcrumb\"},\"inLanguage\":\"en-US\",\"potentialAction\":[{\"@type\":\"ReadAction\",\"target\":[\"https:\/\/www.visit-ulcinj.com\/blog\/2012\/11\/05\/nimanbegu-forca-prihvatila-sporazum\/\"]}]},{\"@type\":\"BreadcrumbList\",\"@id\":\"https:\/\/www.visit-ulcinj.com\/blog\/2012\/11\/05\/nimanbegu-forca-prihvatila-sporazum\/#breadcrumb\",\"itemListElement\":[{\"@type\":\"ListItem\",\"position\":1,\"name\":\"Nimanbegu: FORCA prihvatila sporazum\"}]},{\"@type\":\"Person\",\"@id\":\"https:\/\/www.visit-ulcinj.com\/blog\/#\/schema\/person\/dcab619c614d3038751c63bc2aadc06d\",\"name\":\"ulqini\",\"sameAs\":[\"http:\/\/www.visit-ulcinj.com\"],\"url\":\"https:\/\/www.visit-ulcinj.com\/blog\/author\/admin\/\"}]}<\/script>\n<!-- \/ Yoast SEO plugin. -->","yoast_head_json":{"title":"Nimanbegu: FORCA prihvatila sporazum - Lajme nga Ulqini","description":"Sporazum o formiranju vlasti izme\u0111u koalicije Evropska Crna Gora i predstavnika manjinskih partija, najvjerovatnije \u0107e biti dogovoren prije sjutra\u0161nje","robots":{"index":"index","follow":"follow","max-snippet":"max-snippet:-1","max-image-preview":"max-image-preview:large","max-video-preview":"max-video-preview:-1"},"canonical":"https:\/\/www.visit-ulcinj.com\/blog\/2012\/11\/05\/nimanbegu-forca-prihvatila-sporazum\/","og_locale":"en_US","og_type":"article","og_title":"Nimanbegu: FORCA prihvatila sporazum - Lajme nga Ulqini","og_description":"Sporazum o formiranju vlasti izme\u0111u koalicije Evropska Crna Gora i predstavnika manjinskih partija, najvjerovatnije \u0107e biti dogovoren prije sjutra\u0161nje","og_url":"https:\/\/www.visit-ulcinj.com\/blog\/2012\/11\/05\/nimanbegu-forca-prihvatila-sporazum\/","og_site_name":"Lajme nga Ulqini","article_published_time":"2012-11-05T16:50:42+00:00","article_modified_time":"2012-11-05T16:53:08+00:00","og_image":[{"url":"http:\/\/www.visit-ulcinj.com\/blog\/wp-content\/uploads\/2012\/11\/Genci-Nimanbegu.jpg"}],"twitter_misc":{"Written by":"ulqini","Est. reading time":"1 minute"},"schema":{"@context":"https:\/\/schema.org","@graph":[{"@type":"WebSite","@id":"https:\/\/www.visit-ulcinj.com\/blog\/#website","url":"https:\/\/www.visit-ulcinj.com\/blog\/","name":"Lajme nga Ulqini","description":"Lajme,Vijesti,Ulqini,Ulqin,Crna Gora,Mali i Zi","potentialAction":[{"@type":"SearchAction","target":{"@type":"EntryPoint","urlTemplate":"https:\/\/www.visit-ulcinj.com\/blog\/?s={search_term_string}"},"query-input":"required name=search_term_string"}],"inLanguage":"en-US"},{"@type":"ImageObject","inLanguage":"en-US","@id":"https:\/\/www.visit-ulcinj.com\/blog\/2012\/11\/05\/nimanbegu-forca-prihvatila-sporazum\/#primaryimage","url":"https:\/\/www.visit-ulcinj.com\/blog\/wp-content\/uploads\/2012\/11\/Genci-Nimanbegu.jpg","contentUrl":"https:\/\/www.visit-ulcinj.com\/blog\/wp-content\/uploads\/2012\/11\/Genci-Nimanbegu.jpg","width":"640","height":"425"},{"@type":"WebPage","@id":"https:\/\/www.visit-ulcinj.com\/blog\/2012\/11\/05\/nimanbegu-forca-prihvatila-sporazum\/#webpage","url":"https:\/\/www.visit-ulcinj.com\/blog\/2012\/11\/05\/nimanbegu-forca-prihvatila-sporazum\/","name":"Nimanbegu: FORCA prihvatila sporazum - Lajme nga Ulqini","isPartOf":{"@id":"https:\/\/www.visit-ulcinj.com\/blog\/#website"},"primaryImageOfPage":{"@id":"https:\/\/www.visit-ulcinj.com\/blog\/2012\/11\/05\/nimanbegu-forca-prihvatila-sporazum\/#primaryimage"},"datePublished":"2012-11-05T16:50:42+00:00","dateModified":"2012-11-05T16:53:08+00:00","author":{"@id":"https:\/\/www.visit-ulcinj.com\/blog\/#\/schema\/person\/dcab619c614d3038751c63bc2aadc06d"},"description":"Sporazum o formiranju vlasti izme\u0111u koalicije Evropska Crna Gora i predstavnika manjinskih partija, najvjerovatnije \u0107e biti dogovoren prije sjutra\u0161nje","breadcrumb":{"@id":"https:\/\/www.visit-ulcinj.com\/blog\/2012\/11\/05\/nimanbegu-forca-prihvatila-sporazum\/#breadcrumb"},"inLanguage":"en-US","potentialAction":[{"@type":"ReadAction","target":["https:\/\/www.visit-ulcinj.com\/blog\/2012\/11\/05\/nimanbegu-forca-prihvatila-sporazum\/"]}]},{"@type":"BreadcrumbList","@id":"https:\/\/www.visit-ulcinj.com\/blog\/2012\/11\/05\/nimanbegu-forca-prihvatila-sporazum\/#breadcrumb","itemListElement":[{"@type":"ListItem","position":1,"name":"Nimanbegu: FORCA prihvatila sporazum"}]},{"@type":"Person","@id":"https:\/\/www.visit-ulcinj.com\/blog\/#\/schema\/person\/dcab619c614d3038751c63bc2aadc06d","name":"ulqini","sameAs":["http:\/\/www.visit-ulcinj.com"],"url":"https:\/\/www.visit-ulcinj.com\/blog\/author\/admin\/"}]}},"jetpack_featured_media_url":"","jetpack_sharing_enabled":true,"jetpack_shortlink":"https:\/\/wp.me\/pe6lTn-h11","_links":{"self":[{"href":"https:\/\/www.visit-ulcinj.com\/blog\/wp-json\/wp\/v2\/posts\/65411"}],"collection":[{"href":"https:\/\/www.visit-ulcinj.com\/blog\/wp-json\/wp\/v2\/posts"}],"about":[{"href":"https:\/\/www.visit-ulcinj.com\/blog\/wp-json\/wp\/v2\/types\/post"}],"author":[{"embeddable":true,"href":"https:\/\/www.visit-ulcinj.com\/blog\/wp-json\/wp\/v2\/users\/1"}],"replies":[{"embeddable":true,"href":"https:\/\/www.visit-ulcinj.com\/blog\/wp-json\/wp\/v2\/comments?post=65411"}],"version-history":[{"count":2,"href":"https:\/\/www.visit-ulcinj.com\/blog\/wp-json\/wp\/v2\/posts\/65411\/revisions"}],"predecessor-version":[{"id":65414,"href":"https:\/\/www.visit-ulcinj.com\/blog\/wp-json\/wp\/v2\/posts\/65411\/revisions\/65414"}],"wp:attachment":[{"href":"https:\/\/www.visit-ulcinj.com\/blog\/wp-json\/wp\/v2\/media?parent=65411"}],"wp:term":[{"taxonomy":"category","embeddable":true,"href":"https:\/\/www.visit-ulcinj.com\/blog\/wp-json\/wp\/v2\/categories?post=65411"},{"taxonomy":"post_tag","embeddable":true,"href":"https:\/\/www.visit-ulcinj.com\/blog\/wp-json\/wp\/v2\/tags?post=65411"}],"curies":[{"name":"wp","href":"https:\/\/api.w.org\/{rel}","templated":true}]}}