{"id":65415,"date":"2012-11-05T19:13:06","date_gmt":"2012-11-05T18:13:06","guid":{"rendered":"http:\/\/www.visit-ulcinj.com\/blog\/?p=65415"},"modified":"2012-11-06T18:29:49","modified_gmt":"2012-11-06T17:29:49","slug":"malesia-mbetet-pjese-e-podgorices","status":"publish","type":"post","link":"https:\/\/www.visit-ulcinj.com\/blog\/2012\/11\/05\/malesia-mbetet-pjese-e-podgorices\/","title":{"rendered":"Mal\u00ebsia mbetet pjes\u00eb e Podgoric\u00ebs ? ? ?"},"content":{"rendered":"<p><a href=\"http:\/\/www.visit-ulcinj.com\/blog\/wp-content\/uploads\/2012\/11\/MAL\u00cbSIA-MBETET-PJES\u00cb-E-PODGORIC\u00cbS.jpg\"><img loading=\"lazy\" class=\"alignleft  wp-image-65416\" title=\"MAL\u00cbSIA MBETET PJES\u00cb E PODGORIC\u00cbS\" src=\"http:\/\/www.visit-ulcinj.com\/blog\/wp-content\/uploads\/2012\/11\/MAL\u00cbSIA-MBETET-PJES\u00cb-E-PODGORIC\u00cbS.jpg\" alt=\"\" width=\"508\" height=\"360\" \/><\/a>Platforma e p\u00ebrbashk\u00ebt e partis\u00eb shqiptare FORCA, asaj boshnjake PARTIA BOSHNJAKE dhe partis\u00eb kroate INICIATIVA QYTETARE KROATE e krijuar p\u00ebr bisedime me partin\u00eb m\u00eb t\u00eb madhe malazeze, PARTIN\u00cb DEMOKRATIKE T\u00cb SOCIALIST\u00cbVE (DPS) dhe PARTIN\u00cb SOCIALISTE DEMOKRATIKE (SDP) m\u00eb n\u00eb fund \u00ebsht\u00eb pranuar nga k\u00ebto dy t\u00eb fundit. Kjo do t\u00eb thot\u00eb se k\u00ebta tri parti minoritare do t\u00eb hyjn\u00eb n\u00eb koalicion me partin\u00eb malazeze DPS dhe at\u00eb SDP p\u00ebr t\u00eb formuar qeverin\u00eb e re.<\/p>\n<p>Por m\u00ebsohet se n\u00eb platform\u00ebn e re nuk figuron k\u00ebrkesa p\u00ebr komun\u00ebn e plot\u00eb t\u00eb Mal\u00ebsis\u00eb me qend\u00ebr n\u00eb Tuz, edhe pse kjo ishte pjes\u00eb e fushat\u00ebs parazgjedhore t\u00eb partis\u00eb FORCA. E p\u00ebrditshmja Vijesti shkruan se ishte PARTIA BOSHNJAKE ajo q\u00eb ka kund\u00ebrshtuar Komun\u00ebn e plot\u00eb t\u00eb Tuzit si pjes\u00eb e platform\u00ebs dhe FORCA e ka n\u00ebnshkruar at\u00eb.<\/p>\n<p>Mendohet se boshnjak\u00ebt do t\u00eb marrin vendin e z\u00ebv\u00ebnd\u00ebs kryeministrit ose z\u00ebvend\u00ebs kryetarit t\u00eb Kuvendit si dhe nj\u00eb ministri, shqiptar\u00ebt e FORC\u00cbS do udh\u00ebheqin me ministrin\u00eb e pakicave, kurse kroat\u00ebt do ken\u00eb v\u00ebndin e ministrit pa portfolio. Pritet q\u00eb marr\u00ebveshja p\u00ebr qeverisje t\u00eb p\u00ebrbashk\u00ebt t\u00eb n\u00ebnshkruhet sonte ose nes\u00ebr.<\/p>\n<p>E \u00e7ka do t\u00eb ndodh\u00eb me Partin\u00eb Demokratike e cila n\u00eb koalicion me Lidhjen Demokratike dhe Alternativ\u00ebn Shqiptare ka fituar nj\u00eb deputet, kjo akoma nuk dihet??? Fatmir Gjeka, udh\u00ebheq\u00ebs i list\u00ebs, ka th\u00ebn\u00eb m\u00eb heret se ai ka arritur marr\u00ebveshje me dy partit\u00eb e m\u00ebsha malazeze p\u00ebr pjes\u00ebmarrje n\u00eb qeverin\u00eb e re, gj\u00eb q\u00eb nuk po p\u00ebrmendet m\u00eb me daljen n\u00eb pah t\u00eb platform\u00ebs s\u00eb lartp\u00ebrmendur ku ai nuk merr pjes\u00eb.<\/p>\n<p>Parlamenti i ri i Malit t\u00eb Zi do t\u00eb mbaj\u00eb nes\u00ebr seanc\u00ebn e par\u00eb solemne ku do t\u00eb shihen shum\u00eb fytyra t\u00eb reja. An\u00ebtar\u00ebt e Kuvendit kan\u00eb nj\u00eb muaj afat ligjor p\u00ebr krijimin e qeveris\u00eb.<\/p>\n<p><a href=\"https:\/\/www.facebook.com\/shqiptaretnemz?ref=stream\" target=\"_blank\"><strong>Burimi: Shqiptar\u00ebt n\u00eb Malin e Zi &#8211; Albanians in Montenegro<\/strong><\/a><\/p>\n","protected":false},"excerpt":{"rendered":"<p>Platforma e p\u00ebrbashk\u00ebt e partis\u00eb shqiptare FORCA, asaj boshnjake PARTIA BOSHNJAKE dhe partis\u00eb kroate INICIATIVA QYTETARE KROATE e krijuar p\u00ebr bisedime me partin\u00eb m\u00eb t\u00eb madhe malazeze, PARTIN\u00cb DEMOKRATIKE T\u00cb SOCIALIST\u00cbVE (DPS) dhe PARTIN\u00cb SOCIALISTE DEMOKRATIKE (SDP) m\u00eb n\u00eb fund \u00ebsht\u00eb pranuar nga k\u00ebto dy t\u00eb fundit. Kjo do t\u00eb thot\u00eb se k\u00ebta tri parti [&hellip;]<\/p>\n","protected":false},"author":1,"featured_media":0,"comment_status":"open","ping_status":"closed","sticky":false,"template":"","format":"standard","meta":{"spay_email":"","jetpack_publicize_message":"","jetpack_is_tweetstorm":false,"jetpack_publicize_feature_enabled":true},"categories":[14249,6],"tags":[117,5509],"jetpack_publicize_connections":[],"yoast_head":"<!-- This site is optimized with the Yoast SEO plugin v19.1 - https:\/\/yoast.com\/wordpress\/plugins\/seo\/ -->\n<title>Mal\u00ebsia mbetet pjes\u00eb e Podgoric\u00ebs ? ? ? - Lajme nga Ulqini<\/title>\n<meta name=\"description\" content=\"Platforma e p\u00ebrbashk\u00ebt e partis\u00eb shqiptare FORCA, asaj boshnjake PARTIA BOSHNJAKE dhe partis\u00eb kroate INICIATIVA QYTETARE KROATE e krijuar p\u00ebr bisedime me\" \/>\n<meta name=\"robots\" content=\"index, follow, max-snippet:-1, max-image-preview:large, max-video-preview:-1\" \/>\n<link rel=\"canonical\" href=\"https:\/\/www.visit-ulcinj.com\/blog\/2012\/11\/05\/malesia-mbetet-pjese-e-podgorices\/\" \/>\n<meta property=\"og:locale\" content=\"en_US\" \/>\n<meta property=\"og:type\" content=\"article\" \/>\n<meta property=\"og:title\" content=\"Mal\u00ebsia mbetet pjes\u00eb e Podgoric\u00ebs ? ? ? - Lajme nga Ulqini\" \/>\n<meta property=\"og:description\" content=\"Platforma e p\u00ebrbashk\u00ebt e partis\u00eb shqiptare FORCA, asaj boshnjake PARTIA BOSHNJAKE dhe partis\u00eb kroate INICIATIVA QYTETARE KROATE e krijuar p\u00ebr bisedime me\" \/>\n<meta property=\"og:url\" content=\"https:\/\/www.visit-ulcinj.com\/blog\/2012\/11\/05\/malesia-mbetet-pjese-e-podgorices\/\" \/>\n<meta property=\"og:site_name\" content=\"Lajme nga Ulqini\" \/>\n<meta property=\"article:published_time\" content=\"2012-11-05T18:13:06+00:00\" \/>\n<meta property=\"article:modified_time\" content=\"2012-11-06T17:29:49+00:00\" \/>\n<meta name=\"twitter:label1\" content=\"Written by\" \/>\n\t<meta name=\"twitter:data1\" content=\"ulqini\" \/>\n\t<meta name=\"twitter:label2\" content=\"Est. reading time\" \/>\n\t<meta name=\"twitter:data2\" content=\"2 minutes\" \/>\n<script type=\"application\/ld+json\" class=\"yoast-schema-graph\">{\"@context\":\"https:\/\/schema.org\",\"@graph\":[{\"@type\":\"WebSite\",\"@id\":\"https:\/\/www.visit-ulcinj.com\/blog\/#website\",\"url\":\"https:\/\/www.visit-ulcinj.com\/blog\/\",\"name\":\"Lajme nga Ulqini\",\"description\":\"Lajme,Vijesti,Ulqini,Ulqin,Crna Gora,Mali i Zi\",\"potentialAction\":[{\"@type\":\"SearchAction\",\"target\":{\"@type\":\"EntryPoint\",\"urlTemplate\":\"https:\/\/www.visit-ulcinj.com\/blog\/?s={search_term_string}\"},\"query-input\":\"required name=search_term_string\"}],\"inLanguage\":\"en-US\"},{\"@type\":\"WebPage\",\"@id\":\"https:\/\/www.visit-ulcinj.com\/blog\/2012\/11\/05\/malesia-mbetet-pjese-e-podgorices\/#webpage\",\"url\":\"https:\/\/www.visit-ulcinj.com\/blog\/2012\/11\/05\/malesia-mbetet-pjese-e-podgorices\/\",\"name\":\"Mal\u00ebsia mbetet pjes\u00eb e Podgoric\u00ebs ? ? ? - Lajme nga Ulqini\",\"isPartOf\":{\"@id\":\"https:\/\/www.visit-ulcinj.com\/blog\/#website\"},\"datePublished\":\"2012-11-05T18:13:06+00:00\",\"dateModified\":\"2012-11-06T17:29:49+00:00\",\"author\":{\"@id\":\"https:\/\/www.visit-ulcinj.com\/blog\/#\/schema\/person\/dcab619c614d3038751c63bc2aadc06d\"},\"description\":\"Platforma e p\u00ebrbashk\u00ebt e partis\u00eb shqiptare FORCA, asaj boshnjake PARTIA BOSHNJAKE dhe partis\u00eb kroate INICIATIVA QYTETARE KROATE e krijuar p\u00ebr bisedime me\",\"breadcrumb\":{\"@id\":\"https:\/\/www.visit-ulcinj.com\/blog\/2012\/11\/05\/malesia-mbetet-pjese-e-podgorices\/#breadcrumb\"},\"inLanguage\":\"en-US\",\"potentialAction\":[{\"@type\":\"ReadAction\",\"target\":[\"https:\/\/www.visit-ulcinj.com\/blog\/2012\/11\/05\/malesia-mbetet-pjese-e-podgorices\/\"]}]},{\"@type\":\"BreadcrumbList\",\"@id\":\"https:\/\/www.visit-ulcinj.com\/blog\/2012\/11\/05\/malesia-mbetet-pjese-e-podgorices\/#breadcrumb\",\"itemListElement\":[{\"@type\":\"ListItem\",\"position\":1,\"name\":\"Mal\u00ebsia mbetet pjes\u00eb e Podgoric\u00ebs ? ? ?\"}]},{\"@type\":\"Person\",\"@id\":\"https:\/\/www.visit-ulcinj.com\/blog\/#\/schema\/person\/dcab619c614d3038751c63bc2aadc06d\",\"name\":\"ulqini\",\"sameAs\":[\"http:\/\/www.visit-ulcinj.com\"],\"url\":\"https:\/\/www.visit-ulcinj.com\/blog\/author\/admin\/\"}]}<\/script>\n<!-- \/ Yoast SEO plugin. -->","yoast_head_json":{"title":"Mal\u00ebsia mbetet pjes\u00eb e Podgoric\u00ebs ? ? ? - Lajme nga Ulqini","description":"Platforma e p\u00ebrbashk\u00ebt e partis\u00eb shqiptare FORCA, asaj boshnjake PARTIA BOSHNJAKE dhe partis\u00eb kroate INICIATIVA QYTETARE KROATE e krijuar p\u00ebr bisedime me","robots":{"index":"index","follow":"follow","max-snippet":"max-snippet:-1","max-image-preview":"max-image-preview:large","max-video-preview":"max-video-preview:-1"},"canonical":"https:\/\/www.visit-ulcinj.com\/blog\/2012\/11\/05\/malesia-mbetet-pjese-e-podgorices\/","og_locale":"en_US","og_type":"article","og_title":"Mal\u00ebsia mbetet pjes\u00eb e Podgoric\u00ebs ? ? ? - Lajme nga Ulqini","og_description":"Platforma e p\u00ebrbashk\u00ebt e partis\u00eb shqiptare FORCA, asaj boshnjake PARTIA BOSHNJAKE dhe partis\u00eb kroate INICIATIVA QYTETARE KROATE e krijuar p\u00ebr bisedime me","og_url":"https:\/\/www.visit-ulcinj.com\/blog\/2012\/11\/05\/malesia-mbetet-pjese-e-podgorices\/","og_site_name":"Lajme nga Ulqini","article_published_time":"2012-11-05T18:13:06+00:00","article_modified_time":"2012-11-06T17:29:49+00:00","twitter_misc":{"Written by":"ulqini","Est. reading time":"2 minutes"},"schema":{"@context":"https:\/\/schema.org","@graph":[{"@type":"WebSite","@id":"https:\/\/www.visit-ulcinj.com\/blog\/#website","url":"https:\/\/www.visit-ulcinj.com\/blog\/","name":"Lajme nga Ulqini","description":"Lajme,Vijesti,Ulqini,Ulqin,Crna Gora,Mali i Zi","potentialAction":[{"@type":"SearchAction","target":{"@type":"EntryPoint","urlTemplate":"https:\/\/www.visit-ulcinj.com\/blog\/?s={search_term_string}"},"query-input":"required name=search_term_string"}],"inLanguage":"en-US"},{"@type":"WebPage","@id":"https:\/\/www.visit-ulcinj.com\/blog\/2012\/11\/05\/malesia-mbetet-pjese-e-podgorices\/#webpage","url":"https:\/\/www.visit-ulcinj.com\/blog\/2012\/11\/05\/malesia-mbetet-pjese-e-podgorices\/","name":"Mal\u00ebsia mbetet pjes\u00eb e Podgoric\u00ebs ? ? ? - Lajme nga Ulqini","isPartOf":{"@id":"https:\/\/www.visit-ulcinj.com\/blog\/#website"},"datePublished":"2012-11-05T18:13:06+00:00","dateModified":"2012-11-06T17:29:49+00:00","author":{"@id":"https:\/\/www.visit-ulcinj.com\/blog\/#\/schema\/person\/dcab619c614d3038751c63bc2aadc06d"},"description":"Platforma e p\u00ebrbashk\u00ebt e partis\u00eb shqiptare FORCA, asaj boshnjake PARTIA BOSHNJAKE dhe partis\u00eb kroate INICIATIVA QYTETARE KROATE e krijuar p\u00ebr bisedime me","breadcrumb":{"@id":"https:\/\/www.visit-ulcinj.com\/blog\/2012\/11\/05\/malesia-mbetet-pjese-e-podgorices\/#breadcrumb"},"inLanguage":"en-US","potentialAction":[{"@type":"ReadAction","target":["https:\/\/www.visit-ulcinj.com\/blog\/2012\/11\/05\/malesia-mbetet-pjese-e-podgorices\/"]}]},{"@type":"BreadcrumbList","@id":"https:\/\/www.visit-ulcinj.com\/blog\/2012\/11\/05\/malesia-mbetet-pjese-e-podgorices\/#breadcrumb","itemListElement":[{"@type":"ListItem","position":1,"name":"Mal\u00ebsia mbetet pjes\u00eb e Podgoric\u00ebs ? ? ?"}]},{"@type":"Person","@id":"https:\/\/www.visit-ulcinj.com\/blog\/#\/schema\/person\/dcab619c614d3038751c63bc2aadc06d","name":"ulqini","sameAs":["http:\/\/www.visit-ulcinj.com"],"url":"https:\/\/www.visit-ulcinj.com\/blog\/author\/admin\/"}]}},"jetpack_featured_media_url":"","jetpack_sharing_enabled":true,"jetpack_shortlink":"https:\/\/wp.me\/pe6lTn-h15","_links":{"self":[{"href":"https:\/\/www.visit-ulcinj.com\/blog\/wp-json\/wp\/v2\/posts\/65415"}],"collection":[{"href":"https:\/\/www.visit-ulcinj.com\/blog\/wp-json\/wp\/v2\/posts"}],"about":[{"href":"https:\/\/www.visit-ulcinj.com\/blog\/wp-json\/wp\/v2\/types\/post"}],"author":[{"embeddable":true,"href":"https:\/\/www.visit-ulcinj.com\/blog\/wp-json\/wp\/v2\/users\/1"}],"replies":[{"embeddable":true,"href":"https:\/\/www.visit-ulcinj.com\/blog\/wp-json\/wp\/v2\/comments?post=65415"}],"version-history":[{"count":4,"href":"https:\/\/www.visit-ulcinj.com\/blog\/wp-json\/wp\/v2\/posts\/65415\/revisions"}],"predecessor-version":[{"id":65419,"href":"https:\/\/www.visit-ulcinj.com\/blog\/wp-json\/wp\/v2\/posts\/65415\/revisions\/65419"}],"wp:attachment":[{"href":"https:\/\/www.visit-ulcinj.com\/blog\/wp-json\/wp\/v2\/media?parent=65415"}],"wp:term":[{"taxonomy":"category","embeddable":true,"href":"https:\/\/www.visit-ulcinj.com\/blog\/wp-json\/wp\/v2\/categories?post=65415"},{"taxonomy":"post_tag","embeddable":true,"href":"https:\/\/www.visit-ulcinj.com\/blog\/wp-json\/wp\/v2\/tags?post=65415"}],"curies":[{"name":"wp","href":"https:\/\/api.w.org\/{rel}","templated":true}]}}