{"id":65435,"date":"2012-11-06T16:35:50","date_gmt":"2012-11-06T15:35:50","guid":{"rendered":"http:\/\/www.visit-ulcinj.com\/blog\/?p=65435"},"modified":"2012-11-13T14:45:21","modified_gmt":"2012-11-13T13:45:21","slug":"bka-organizon-manifestimin-dita-e-sheges-15-nentor-2012","status":"publish","type":"post","link":"https:\/\/www.visit-ulcinj.com\/blog\/2012\/11\/06\/bka-organizon-manifestimin-dita-e-sheges-15-nentor-2012\/","title":{"rendered":"BKA organizon manifestimin &#8220;Dita e Sheg\u00ebs&#8221; 15 n\u00ebntor 2012"},"content":{"rendered":"<p><a href=\"http:\/\/www.visit-ulcinj.com\/blog\/wp-content\/uploads\/2012\/11\/Dita-Sheges-Katerkoll-Ulqin.jpg\"><img loading=\"lazy\" class=\"alignleft  wp-image-65436\" title=\"Dita Sheges - Katerkoll -Ulqin\" src=\"http:\/\/www.visit-ulcinj.com\/blog\/wp-content\/uploads\/2012\/11\/Dita-Sheges-Katerkoll-Ulqin.jpg\" alt=\"\" width=\"508\" height=\"360\" \/><\/a>BKA organizon manifestimin &#8220;Dita e Sheg\u00ebs&#8221; 15 n\u00ebntor 2012, e enjte ora 11.00h n\u00eb Kat\u00ebrkoll\u00eb.<\/p>\n<p><strong>JENI T\u00cb MIR\u00cbSEARDHUR<br \/>\n<\/strong><\/p>\n<div>\n<p><strong>BIZNIS KLUB ANAMALIT<\/strong><br \/>\n<strong><br clear=\"all\" \/><\/strong><br \/>\nKontakt tel: \u00a0<strong>069\/964-461\u00a0\u00a0\u00a0\u00a0\u00a0\u00a0\u00a0\u00a0\u00a0\u00a0\u00a0\u00a0\u00a0\u00a0\u00a0\u00a0\u00a0\u00a0\u00a0\u00a0\u00a0\u00a0\u00a0 <\/strong><a href=\"mailto:   biznisanamalit@gmail.com\" target=\"_blank\"><strong>biznisanamalit@<span style=\"text-decoration: underline;\">gmail.com<\/span><\/strong><\/a><\/p>\n<p><strong><br \/>\n<\/strong><\/p>\n<p style=\"text-align: center;\"><strong>FTES\u00cb<\/strong><br \/>\nBiznis Klub Anamalit n\u00eb bashk\u00ebpunim me komun\u00ebn e Ulqinit dhe nd\u00ebrmarrjen \u201eAgro-Vita&#8221; organizojne manifestimin<br \/>\n\u201eDita e Sheg\u00ebs&#8221;<br \/>\nE enjte, 15 n\u00ebntor 2012, ora 11.oo &#8211; n\u00eb Kat\u00ebrkoll\u00eb.<br \/>\n\u2022 Marrin pjes\u00eb: prodhues t\u00eb sheg\u00ebs dhe prodhimeve t\u00eb tjera nga Ana e Ma1it, Ulqini, Kraja, Podgorica, Shqip\u00ebria, Kosova, Turqia.<br \/>\n\u2022 T\u00eb ftuar jan\u00eb: prodhues dhe studiues nga Mali i Zi, Shqip\u00ebria, Kosova, Turqia, Kroacia dhe Bosna e Hercegovina.<br \/>\n\u2022 Mbahen ligj\u00ebrata p\u00ebr kultur\u00ebn e sheg\u00ebs dhe pem\u00ebve t\u00eb tjera mesdhetare.<br \/>\n\u2022 N\u00eb ceremonin\u00eb e hapjes do te p\u00ebrsh\u00ebndesin p\u00ebrfaq\u00ebsuesit e organizator\u00ebve dhe personalitete t\u00eb ftuar.<br \/>\nManifestimi \u00ebsht\u00eb n\u00ebn patronazhin e Ministris\u00eb s\u00eb bujq\u00ebsis\u00eb dhe t\u00eb zhvillimit rural<\/p>\n<p><strong>Kryetari i BKA-se<\/strong><\/p>\n<p><strong>Kabil Kurti<\/strong><\/p>\n<p><strong>Zmadho Fotografin\u00eb<\/strong><\/p>\n<p><a href=\"http:\/\/www.visit-ulcinj.com\/blog\/wp-content\/uploads\/2012\/11\/Dita-Sheges-Katerkoll-Ulqin.1.jpg\"><img loading=\"lazy\" class=\"alignleft  wp-image-65438\" title=\"Dita Sheges - Katerkoll -Ulqin.1\" src=\"http:\/\/www.visit-ulcinj.com\/blog\/wp-content\/uploads\/2012\/11\/Dita-Sheges-Katerkoll-Ulqin.1.jpg\" alt=\"\" width=\"508\" height=\"636\" \/><\/a><br \/>\n<strong><br \/>\nNe gjindemi edhe n\u00eb TWITER: <a title=\"LAJME NGA ULQINI\" href=\"https:\/\/twitter.com\/lajmengaulqini\" target=\"_blank\">https:\/\/twitter.com\/lajmengaulqini<\/a><\/strong><br \/>\n<!--YouTube Error: bad URL entered--><\/p>\n<\/div>\n","protected":false},"excerpt":{"rendered":"<p>BKA organizon manifestimin &#8220;Dita e Sheg\u00ebs&#8221; 15 n\u00ebntor 2012, e enjte ora 11.00h n\u00eb Kat\u00ebrkoll\u00eb. JENI T\u00cb MIR\u00cbSEARDHUR BIZNIS KLUB ANAMALIT Kontakt tel: \u00a0069\/964-461\u00a0\u00a0\u00a0\u00a0\u00a0\u00a0\u00a0\u00a0\u00a0\u00a0\u00a0\u00a0\u00a0\u00a0\u00a0\u00a0\u00a0\u00a0\u00a0\u00a0\u00a0\u00a0\u00a0 biznisanamalit@gmail.com FTES\u00cb Biznis Klub Anamalit n\u00eb bashk\u00ebpunim me komun\u00ebn e Ulqinit dhe nd\u00ebrmarrjen \u201eAgro-Vita&#8221; organizojne manifestimin \u201eDita e Sheg\u00ebs&#8221; E enjte, 15 n\u00ebntor 2012, ora 11.oo &#8211; n\u00eb Kat\u00ebrkoll\u00eb. \u2022 Marrin [&hellip;]<\/p>\n","protected":false},"author":1,"featured_media":0,"comment_status":"open","ping_status":"closed","sticky":false,"template":"","format":"standard","meta":{"spay_email":"","jetpack_publicize_message":"","jetpack_is_tweetstorm":false,"jetpack_publicize_feature_enabled":true},"categories":[4,12],"tags":[212,17828,17834,18370,17811,20884,7930,17831,18362,14353,17808,14354,12340,17840,17839,18363,17835,17814,17810,17816,17071,17807,3516,14652,17837,17827,21416,14358,222,17802,17812,17803,17820,17825,17817,17805,305,17823,17832,3506,17818,214,17680,14362,14363,18371,3507,17800,498,3500,21421,115,14364,21418,17799,3327,17841,17826,15213,18236,3512,17806,18399,11648,18289,17838,95,21427,17813,17804,15141,347,19495,17836,14366,79,17073,18294,318,118,18368,18369,21417,1653,21420,21426,21419,1909,14367,17801,18360,17822,14368,14369,17824,14370,18291,2083,3231,14371,41,3617,3722,14372,17844,17821,18372,17830,17077,18295,14375,17833,17829,899,200,18,17819,17809,4265,14376],"jetpack_publicize_connections":[],"yoast_head":"<!-- This site is optimized with the Yoast SEO plugin v19.1 - https:\/\/yoast.com\/wordpress\/plugins\/seo\/ -->\n<title>BKA organizon manifestimin &quot;Dita e Sheg\u00ebs&quot; 15 n\u00ebntor 2012 - Lajme nga Ulqini<\/title>\n<meta name=\"description\" content=\"BKA organizon manifestimin &quot;Dita e Sheg\u00ebs&quot; 15 n\u00ebntor 2012, e enjte ora 11.00h n\u00eb Kat\u00ebrkoll\u00eb. JENI T\u00cb MIR\u00cbSEARDHUR BIZNIS KLUB ANAMALIT Kontakt tel:\" \/>\n<meta name=\"robots\" content=\"index, follow, max-snippet:-1, max-image-preview:large, max-video-preview:-1\" \/>\n<link rel=\"canonical\" href=\"https:\/\/www.visit-ulcinj.com\/blog\/2012\/11\/06\/bka-organizon-manifestimin-dita-e-sheges-15-nentor-2012\/\" \/>\n<meta property=\"og:locale\" content=\"en_US\" \/>\n<meta property=\"og:type\" content=\"article\" \/>\n<meta property=\"og:title\" content=\"BKA organizon manifestimin &quot;Dita e Sheg\u00ebs&quot; 15 n\u00ebntor 2012 - Lajme nga Ulqini\" \/>\n<meta property=\"og:description\" content=\"BKA organizon manifestimin &quot;Dita e Sheg\u00ebs&quot; 15 n\u00ebntor 2012, e enjte ora 11.00h n\u00eb Kat\u00ebrkoll\u00eb. JENI T\u00cb MIR\u00cbSEARDHUR BIZNIS KLUB ANAMALIT Kontakt tel:\" \/>\n<meta property=\"og:url\" content=\"https:\/\/www.visit-ulcinj.com\/blog\/2012\/11\/06\/bka-organizon-manifestimin-dita-e-sheges-15-nentor-2012\/\" \/>\n<meta property=\"og:site_name\" content=\"Lajme nga Ulqini\" \/>\n<meta property=\"article:published_time\" content=\"2012-11-06T15:35:50+00:00\" \/>\n<meta property=\"article:modified_time\" content=\"2012-11-13T13:45:21+00:00\" \/>\n<meta property=\"og:image\" content=\"http:\/\/www.visit-ulcinj.com\/blog\/wp-content\/uploads\/2012\/11\/Dita-Sheges-Katerkoll-Ulqin.jpg\" \/>\n<meta name=\"twitter:label1\" content=\"Written by\" \/>\n\t<meta name=\"twitter:data1\" content=\"ulqini\" \/>\n\t<meta name=\"twitter:label2\" content=\"Est. reading time\" \/>\n\t<meta name=\"twitter:data2\" content=\"1 minute\" \/>\n<script type=\"application\/ld+json\" class=\"yoast-schema-graph\">{\"@context\":\"https:\/\/schema.org\",\"@graph\":[{\"@type\":\"WebSite\",\"@id\":\"https:\/\/www.visit-ulcinj.com\/blog\/#website\",\"url\":\"https:\/\/www.visit-ulcinj.com\/blog\/\",\"name\":\"Lajme nga Ulqini\",\"description\":\"Lajme,Vijesti,Ulqini,Ulqin,Crna Gora,Mali i Zi\",\"potentialAction\":[{\"@type\":\"SearchAction\",\"target\":{\"@type\":\"EntryPoint\",\"urlTemplate\":\"https:\/\/www.visit-ulcinj.com\/blog\/?s={search_term_string}\"},\"query-input\":\"required name=search_term_string\"}],\"inLanguage\":\"en-US\"},{\"@type\":\"ImageObject\",\"inLanguage\":\"en-US\",\"@id\":\"https:\/\/www.visit-ulcinj.com\/blog\/2012\/11\/06\/bka-organizon-manifestimin-dita-e-sheges-15-nentor-2012\/#primaryimage\",\"url\":\"https:\/\/www.visit-ulcinj.com\/blog\/wp-content\/uploads\/2012\/11\/Dita-Sheges-Katerkoll-Ulqin.jpg\",\"contentUrl\":\"https:\/\/www.visit-ulcinj.com\/blog\/wp-content\/uploads\/2012\/11\/Dita-Sheges-Katerkoll-Ulqin.jpg\",\"width\":\"960\",\"height\":\"960\"},{\"@type\":\"WebPage\",\"@id\":\"https:\/\/www.visit-ulcinj.com\/blog\/2012\/11\/06\/bka-organizon-manifestimin-dita-e-sheges-15-nentor-2012\/#webpage\",\"url\":\"https:\/\/www.visit-ulcinj.com\/blog\/2012\/11\/06\/bka-organizon-manifestimin-dita-e-sheges-15-nentor-2012\/\",\"name\":\"BKA organizon manifestimin \\\"Dita e Sheg\u00ebs\\\" 15 n\u00ebntor 2012 - Lajme nga Ulqini\",\"isPartOf\":{\"@id\":\"https:\/\/www.visit-ulcinj.com\/blog\/#website\"},\"primaryImageOfPage\":{\"@id\":\"https:\/\/www.visit-ulcinj.com\/blog\/2012\/11\/06\/bka-organizon-manifestimin-dita-e-sheges-15-nentor-2012\/#primaryimage\"},\"datePublished\":\"2012-11-06T15:35:50+00:00\",\"dateModified\":\"2012-11-13T13:45:21+00:00\",\"author\":{\"@id\":\"https:\/\/www.visit-ulcinj.com\/blog\/#\/schema\/person\/dcab619c614d3038751c63bc2aadc06d\"},\"description\":\"BKA organizon manifestimin \\\"Dita e Sheg\u00ebs\\\" 15 n\u00ebntor 2012, e enjte ora 11.00h n\u00eb Kat\u00ebrkoll\u00eb. JENI T\u00cb MIR\u00cbSEARDHUR BIZNIS KLUB ANAMALIT Kontakt tel:\",\"breadcrumb\":{\"@id\":\"https:\/\/www.visit-ulcinj.com\/blog\/2012\/11\/06\/bka-organizon-manifestimin-dita-e-sheges-15-nentor-2012\/#breadcrumb\"},\"inLanguage\":\"en-US\",\"potentialAction\":[{\"@type\":\"ReadAction\",\"target\":[\"https:\/\/www.visit-ulcinj.com\/blog\/2012\/11\/06\/bka-organizon-manifestimin-dita-e-sheges-15-nentor-2012\/\"]}]},{\"@type\":\"BreadcrumbList\",\"@id\":\"https:\/\/www.visit-ulcinj.com\/blog\/2012\/11\/06\/bka-organizon-manifestimin-dita-e-sheges-15-nentor-2012\/#breadcrumb\",\"itemListElement\":[{\"@type\":\"ListItem\",\"position\":1,\"name\":\"BKA organizon manifestimin &#8220;Dita e Sheg\u00ebs&#8221; 15 n\u00ebntor 2012\"}]},{\"@type\":\"Person\",\"@id\":\"https:\/\/www.visit-ulcinj.com\/blog\/#\/schema\/person\/dcab619c614d3038751c63bc2aadc06d\",\"name\":\"ulqini\",\"sameAs\":[\"http:\/\/www.visit-ulcinj.com\"],\"url\":\"https:\/\/www.visit-ulcinj.com\/blog\/author\/admin\/\"}]}<\/script>\n<!-- \/ Yoast SEO plugin. -->","yoast_head_json":{"title":"BKA organizon manifestimin \"Dita e Sheg\u00ebs\" 15 n\u00ebntor 2012 - Lajme nga Ulqini","description":"BKA organizon manifestimin \"Dita e Sheg\u00ebs\" 15 n\u00ebntor 2012, e enjte ora 11.00h n\u00eb Kat\u00ebrkoll\u00eb. JENI T\u00cb MIR\u00cbSEARDHUR BIZNIS KLUB ANAMALIT Kontakt tel:","robots":{"index":"index","follow":"follow","max-snippet":"max-snippet:-1","max-image-preview":"max-image-preview:large","max-video-preview":"max-video-preview:-1"},"canonical":"https:\/\/www.visit-ulcinj.com\/blog\/2012\/11\/06\/bka-organizon-manifestimin-dita-e-sheges-15-nentor-2012\/","og_locale":"en_US","og_type":"article","og_title":"BKA organizon manifestimin \"Dita e Sheg\u00ebs\" 15 n\u00ebntor 2012 - Lajme nga Ulqini","og_description":"BKA organizon manifestimin \"Dita e Sheg\u00ebs\" 15 n\u00ebntor 2012, e enjte ora 11.00h n\u00eb Kat\u00ebrkoll\u00eb. JENI T\u00cb MIR\u00cbSEARDHUR BIZNIS KLUB ANAMALIT Kontakt tel:","og_url":"https:\/\/www.visit-ulcinj.com\/blog\/2012\/11\/06\/bka-organizon-manifestimin-dita-e-sheges-15-nentor-2012\/","og_site_name":"Lajme nga Ulqini","article_published_time":"2012-11-06T15:35:50+00:00","article_modified_time":"2012-11-13T13:45:21+00:00","og_image":[{"url":"http:\/\/www.visit-ulcinj.com\/blog\/wp-content\/uploads\/2012\/11\/Dita-Sheges-Katerkoll-Ulqin.jpg"}],"twitter_misc":{"Written by":"ulqini","Est. reading time":"1 minute"},"schema":{"@context":"https:\/\/schema.org","@graph":[{"@type":"WebSite","@id":"https:\/\/www.visit-ulcinj.com\/blog\/#website","url":"https:\/\/www.visit-ulcinj.com\/blog\/","name":"Lajme nga Ulqini","description":"Lajme,Vijesti,Ulqini,Ulqin,Crna Gora,Mali i Zi","potentialAction":[{"@type":"SearchAction","target":{"@type":"EntryPoint","urlTemplate":"https:\/\/www.visit-ulcinj.com\/blog\/?s={search_term_string}"},"query-input":"required name=search_term_string"}],"inLanguage":"en-US"},{"@type":"ImageObject","inLanguage":"en-US","@id":"https:\/\/www.visit-ulcinj.com\/blog\/2012\/11\/06\/bka-organizon-manifestimin-dita-e-sheges-15-nentor-2012\/#primaryimage","url":"https:\/\/www.visit-ulcinj.com\/blog\/wp-content\/uploads\/2012\/11\/Dita-Sheges-Katerkoll-Ulqin.jpg","contentUrl":"https:\/\/www.visit-ulcinj.com\/blog\/wp-content\/uploads\/2012\/11\/Dita-Sheges-Katerkoll-Ulqin.jpg","width":"960","height":"960"},{"@type":"WebPage","@id":"https:\/\/www.visit-ulcinj.com\/blog\/2012\/11\/06\/bka-organizon-manifestimin-dita-e-sheges-15-nentor-2012\/#webpage","url":"https:\/\/www.visit-ulcinj.com\/blog\/2012\/11\/06\/bka-organizon-manifestimin-dita-e-sheges-15-nentor-2012\/","name":"BKA organizon manifestimin \"Dita e Sheg\u00ebs\" 15 n\u00ebntor 2012 - Lajme nga Ulqini","isPartOf":{"@id":"https:\/\/www.visit-ulcinj.com\/blog\/#website"},"primaryImageOfPage":{"@id":"https:\/\/www.visit-ulcinj.com\/blog\/2012\/11\/06\/bka-organizon-manifestimin-dita-e-sheges-15-nentor-2012\/#primaryimage"},"datePublished":"2012-11-06T15:35:50+00:00","dateModified":"2012-11-13T13:45:21+00:00","author":{"@id":"https:\/\/www.visit-ulcinj.com\/blog\/#\/schema\/person\/dcab619c614d3038751c63bc2aadc06d"},"description":"BKA organizon manifestimin \"Dita e Sheg\u00ebs\" 15 n\u00ebntor 2012, e enjte ora 11.00h n\u00eb Kat\u00ebrkoll\u00eb. JENI T\u00cb MIR\u00cbSEARDHUR BIZNIS KLUB ANAMALIT Kontakt tel:","breadcrumb":{"@id":"https:\/\/www.visit-ulcinj.com\/blog\/2012\/11\/06\/bka-organizon-manifestimin-dita-e-sheges-15-nentor-2012\/#breadcrumb"},"inLanguage":"en-US","potentialAction":[{"@type":"ReadAction","target":["https:\/\/www.visit-ulcinj.com\/blog\/2012\/11\/06\/bka-organizon-manifestimin-dita-e-sheges-15-nentor-2012\/"]}]},{"@type":"BreadcrumbList","@id":"https:\/\/www.visit-ulcinj.com\/blog\/2012\/11\/06\/bka-organizon-manifestimin-dita-e-sheges-15-nentor-2012\/#breadcrumb","itemListElement":[{"@type":"ListItem","position":1,"name":"BKA organizon manifestimin &#8220;Dita e Sheg\u00ebs&#8221; 15 n\u00ebntor 2012"}]},{"@type":"Person","@id":"https:\/\/www.visit-ulcinj.com\/blog\/#\/schema\/person\/dcab619c614d3038751c63bc2aadc06d","name":"ulqini","sameAs":["http:\/\/www.visit-ulcinj.com"],"url":"https:\/\/www.visit-ulcinj.com\/blog\/author\/admin\/"}]}},"jetpack_featured_media_url":"","jetpack_sharing_enabled":true,"jetpack_shortlink":"https:\/\/wp.me\/pe6lTn-h1p","_links":{"self":[{"href":"https:\/\/www.visit-ulcinj.com\/blog\/wp-json\/wp\/v2\/posts\/65435"}],"collection":[{"href":"https:\/\/www.visit-ulcinj.com\/blog\/wp-json\/wp\/v2\/posts"}],"about":[{"href":"https:\/\/www.visit-ulcinj.com\/blog\/wp-json\/wp\/v2\/types\/post"}],"author":[{"embeddable":true,"href":"https:\/\/www.visit-ulcinj.com\/blog\/wp-json\/wp\/v2\/users\/1"}],"replies":[{"embeddable":true,"href":"https:\/\/www.visit-ulcinj.com\/blog\/wp-json\/wp\/v2\/comments?post=65435"}],"version-history":[{"count":11,"href":"https:\/\/www.visit-ulcinj.com\/blog\/wp-json\/wp\/v2\/posts\/65435\/revisions"}],"predecessor-version":[{"id":65646,"href":"https:\/\/www.visit-ulcinj.com\/blog\/wp-json\/wp\/v2\/posts\/65435\/revisions\/65646"}],"wp:attachment":[{"href":"https:\/\/www.visit-ulcinj.com\/blog\/wp-json\/wp\/v2\/media?parent=65435"}],"wp:term":[{"taxonomy":"category","embeddable":true,"href":"https:\/\/www.visit-ulcinj.com\/blog\/wp-json\/wp\/v2\/categories?post=65435"},{"taxonomy":"post_tag","embeddable":true,"href":"https:\/\/www.visit-ulcinj.com\/blog\/wp-json\/wp\/v2\/tags?post=65435"}],"curies":[{"name":"wp","href":"https:\/\/api.w.org\/{rel}","templated":true}]}}