{"id":65448,"date":"2012-11-06T17:31:16","date_gmt":"2012-11-06T16:31:16","guid":{"rendered":"http:\/\/www.visit-ulcinj.com\/blog\/?p=65448"},"modified":"2012-11-06T17:33:06","modified_gmt":"2012-11-06T16:33:06","slug":"sjednica-opstinskog-odbora-odrzana-u-ulcinju","status":"publish","type":"post","link":"https:\/\/www.visit-ulcinj.com\/blog\/2012\/11\/06\/sjednica-opstinskog-odbora-odrzana-u-ulcinju\/","title":{"rendered":"Sjednica Op\u0161tinskog odbora odr\u017eana u Ulcinju"},"content":{"rendered":"<p><a href=\"http:\/\/www.visit-ulcinj.com\/blog\/wp-content\/uploads\/2012\/11\/Sjednica-DPS-Ulcinj.jpg\"><img loading=\"lazy\" class=\"alignleft  wp-image-65449\" title=\"Sjednica DPS Ulcinj\" src=\"http:\/\/www.visit-ulcinj.com\/blog\/wp-content\/uploads\/2012\/11\/Sjednica-DPS-Ulcinj.jpg\" alt=\"\" width=\"508\" height=\"360\" \/><\/a>Sjednica Izvr\u0161nog odbora i sjednica Op\u0161tinskog odbora Demokratske partije socijalista Ulcinj u pro\u0161irenom sastavu odr\u017eane su sino\u0107.\u00a0Sjednicama je prisustvovala dr Sanja Vlahovi\u0107, \u010dlanica Predsjedni\u0161tva DPS Crne Gore.<\/p>\n<p>Na sjednici IO je razmatrana informacija o parlamentarnim izborima odr\u017eanim 14.10.2012. godine. Uvodno izlaganje je dao predsjednik Op\u0161tinskog odbora Loro Nreki\u0107, koji je saop\u0161tio da je ostvareni rezultat u Ulcinju bolji od izbornog rezultata 2009. godine, te da smo danas sigurno pojedina\u010dno naja\u010da partija u Ulcinju. Ovaj izborni rezultat pokazuje rast bira\u010da koji podr\u017eavaju na\u0161u Partiju.<\/p>\n<p>Neposredno prije parlamentarnih izbora i tokom izborne kampanje, pristupnicu DPS-u je potpisalo blizu 200 novih \u010dlanova, prete\u017eno mladih, \u0161to predstavlja dobru osnovu za budu\u0107i partijski rad.<\/p>\n<p>\u010clanica Predsjedni\u0161tva dr Sanja Vlahovi\u0107 je najprije \u010destitala \u00a0na izbornom rezultatu i istakla je da je Ulcinj jedna od op\u0161tina koja je postigla bolji rezultat od predhodnih parlamentarnih izbora, te da ovaj izborni rezultat predstavlja novu mogu\u0107nost da se borimo za osvajanje lokalne vlasti u Ulcinju.<\/p>\n<p><strong>Izvor: DPS<\/strong><\/p>\n","protected":false},"excerpt":{"rendered":"<p>Sjednica Izvr\u0161nog odbora i sjednica Op\u0161tinskog odbora Demokratske partije socijalista Ulcinj u pro\u0161irenom sastavu odr\u017eane su sino\u0107.\u00a0Sjednicama je prisustvovala dr Sanja Vlahovi\u0107, \u010dlanica Predsjedni\u0161tva DPS Crne Gore. Na sjednici IO je razmatrana informacija o parlamentarnim izborima odr\u017eanim 14.10.2012. godine. Uvodno izlaganje je dao predsjednik Op\u0161tinskog odbora Loro Nreki\u0107, koji je saop\u0161tio da je ostvareni rezultat [&hellip;]<\/p>\n","protected":false},"author":1,"featured_media":0,"comment_status":"open","ping_status":"closed","sticky":false,"template":"","format":"standard","meta":{"spay_email":"","jetpack_publicize_message":"","jetpack_is_tweetstorm":false,"jetpack_publicize_feature_enabled":true},"categories":[8337],"tags":[14736,19383],"jetpack_publicize_connections":[],"yoast_head":"<!-- This site is optimized with the Yoast SEO plugin v19.1 - https:\/\/yoast.com\/wordpress\/plugins\/seo\/ -->\n<title>Sjednica Op\u0161tinskog odbora odr\u017eana u Ulcinju - Lajme nga Ulqini<\/title>\n<meta name=\"description\" content=\"Sjednica Izvr\u0161nog odbora i sjednica Op\u0161tinskog odbora Demokratske partije socijalista Ulcinj u pro\u0161irenom sastavu odr\u017eane su sino\u0107.\u00a0Sjednicama je\" \/>\n<meta name=\"robots\" content=\"index, follow, max-snippet:-1, max-image-preview:large, max-video-preview:-1\" \/>\n<link rel=\"canonical\" href=\"https:\/\/www.visit-ulcinj.com\/blog\/2012\/11\/06\/sjednica-opstinskog-odbora-odrzana-u-ulcinju\/\" \/>\n<meta property=\"og:locale\" content=\"en_US\" \/>\n<meta property=\"og:type\" content=\"article\" \/>\n<meta property=\"og:title\" content=\"Sjednica Op\u0161tinskog odbora odr\u017eana u Ulcinju - Lajme nga Ulqini\" \/>\n<meta property=\"og:description\" content=\"Sjednica Izvr\u0161nog odbora i sjednica Op\u0161tinskog odbora Demokratske partije socijalista Ulcinj u pro\u0161irenom sastavu odr\u017eane su sino\u0107.\u00a0Sjednicama je\" \/>\n<meta property=\"og:url\" content=\"https:\/\/www.visit-ulcinj.com\/blog\/2012\/11\/06\/sjednica-opstinskog-odbora-odrzana-u-ulcinju\/\" \/>\n<meta property=\"og:site_name\" content=\"Lajme nga Ulqini\" \/>\n<meta property=\"article:published_time\" content=\"2012-11-06T16:31:16+00:00\" \/>\n<meta property=\"article:modified_time\" content=\"2012-11-06T16:33:06+00:00\" \/>\n<meta property=\"og:image\" content=\"http:\/\/www.visit-ulcinj.com\/blog\/wp-content\/uploads\/2012\/11\/Sjednica-DPS-Ulcinj.jpg\" \/>\n<meta name=\"twitter:label1\" content=\"Written by\" \/>\n\t<meta name=\"twitter:data1\" content=\"ulqini\" \/>\n\t<meta name=\"twitter:label2\" content=\"Est. reading time\" \/>\n\t<meta name=\"twitter:data2\" content=\"1 minute\" \/>\n<script type=\"application\/ld+json\" class=\"yoast-schema-graph\">{\"@context\":\"https:\/\/schema.org\",\"@graph\":[{\"@type\":\"WebSite\",\"@id\":\"https:\/\/www.visit-ulcinj.com\/blog\/#website\",\"url\":\"https:\/\/www.visit-ulcinj.com\/blog\/\",\"name\":\"Lajme nga Ulqini\",\"description\":\"Lajme,Vijesti,Ulqini,Ulqin,Crna Gora,Mali i Zi\",\"potentialAction\":[{\"@type\":\"SearchAction\",\"target\":{\"@type\":\"EntryPoint\",\"urlTemplate\":\"https:\/\/www.visit-ulcinj.com\/blog\/?s={search_term_string}\"},\"query-input\":\"required name=search_term_string\"}],\"inLanguage\":\"en-US\"},{\"@type\":\"ImageObject\",\"inLanguage\":\"en-US\",\"@id\":\"https:\/\/www.visit-ulcinj.com\/blog\/2012\/11\/06\/sjednica-opstinskog-odbora-odrzana-u-ulcinju\/#primaryimage\",\"url\":\"https:\/\/www.visit-ulcinj.com\/blog\/wp-content\/uploads\/2012\/11\/Sjednica-DPS-Ulcinj.jpg\",\"contentUrl\":\"https:\/\/www.visit-ulcinj.com\/blog\/wp-content\/uploads\/2012\/11\/Sjednica-DPS-Ulcinj.jpg\",\"width\":\"720\",\"height\":\"431\"},{\"@type\":\"WebPage\",\"@id\":\"https:\/\/www.visit-ulcinj.com\/blog\/2012\/11\/06\/sjednica-opstinskog-odbora-odrzana-u-ulcinju\/#webpage\",\"url\":\"https:\/\/www.visit-ulcinj.com\/blog\/2012\/11\/06\/sjednica-opstinskog-odbora-odrzana-u-ulcinju\/\",\"name\":\"Sjednica Op\u0161tinskog odbora odr\u017eana u Ulcinju - Lajme nga Ulqini\",\"isPartOf\":{\"@id\":\"https:\/\/www.visit-ulcinj.com\/blog\/#website\"},\"primaryImageOfPage\":{\"@id\":\"https:\/\/www.visit-ulcinj.com\/blog\/2012\/11\/06\/sjednica-opstinskog-odbora-odrzana-u-ulcinju\/#primaryimage\"},\"datePublished\":\"2012-11-06T16:31:16+00:00\",\"dateModified\":\"2012-11-06T16:33:06+00:00\",\"author\":{\"@id\":\"https:\/\/www.visit-ulcinj.com\/blog\/#\/schema\/person\/dcab619c614d3038751c63bc2aadc06d\"},\"description\":\"Sjednica Izvr\u0161nog odbora i sjednica Op\u0161tinskog odbora Demokratske partije socijalista Ulcinj u pro\u0161irenom sastavu odr\u017eane su sino\u0107.\u00a0Sjednicama je\",\"breadcrumb\":{\"@id\":\"https:\/\/www.visit-ulcinj.com\/blog\/2012\/11\/06\/sjednica-opstinskog-odbora-odrzana-u-ulcinju\/#breadcrumb\"},\"inLanguage\":\"en-US\",\"potentialAction\":[{\"@type\":\"ReadAction\",\"target\":[\"https:\/\/www.visit-ulcinj.com\/blog\/2012\/11\/06\/sjednica-opstinskog-odbora-odrzana-u-ulcinju\/\"]}]},{\"@type\":\"BreadcrumbList\",\"@id\":\"https:\/\/www.visit-ulcinj.com\/blog\/2012\/11\/06\/sjednica-opstinskog-odbora-odrzana-u-ulcinju\/#breadcrumb\",\"itemListElement\":[{\"@type\":\"ListItem\",\"position\":1,\"name\":\"Sjednica Op\u0161tinskog odbora odr\u017eana u Ulcinju\"}]},{\"@type\":\"Person\",\"@id\":\"https:\/\/www.visit-ulcinj.com\/blog\/#\/schema\/person\/dcab619c614d3038751c63bc2aadc06d\",\"name\":\"ulqini\",\"sameAs\":[\"http:\/\/www.visit-ulcinj.com\"],\"url\":\"https:\/\/www.visit-ulcinj.com\/blog\/author\/admin\/\"}]}<\/script>\n<!-- \/ Yoast SEO plugin. -->","yoast_head_json":{"title":"Sjednica Op\u0161tinskog odbora odr\u017eana u Ulcinju - Lajme nga Ulqini","description":"Sjednica Izvr\u0161nog odbora i sjednica Op\u0161tinskog odbora Demokratske partije socijalista Ulcinj u pro\u0161irenom sastavu odr\u017eane su sino\u0107.\u00a0Sjednicama je","robots":{"index":"index","follow":"follow","max-snippet":"max-snippet:-1","max-image-preview":"max-image-preview:large","max-video-preview":"max-video-preview:-1"},"canonical":"https:\/\/www.visit-ulcinj.com\/blog\/2012\/11\/06\/sjednica-opstinskog-odbora-odrzana-u-ulcinju\/","og_locale":"en_US","og_type":"article","og_title":"Sjednica Op\u0161tinskog odbora odr\u017eana u Ulcinju - Lajme nga Ulqini","og_description":"Sjednica Izvr\u0161nog odbora i sjednica Op\u0161tinskog odbora Demokratske partije socijalista Ulcinj u pro\u0161irenom sastavu odr\u017eane su sino\u0107.\u00a0Sjednicama je","og_url":"https:\/\/www.visit-ulcinj.com\/blog\/2012\/11\/06\/sjednica-opstinskog-odbora-odrzana-u-ulcinju\/","og_site_name":"Lajme nga Ulqini","article_published_time":"2012-11-06T16:31:16+00:00","article_modified_time":"2012-11-06T16:33:06+00:00","og_image":[{"url":"http:\/\/www.visit-ulcinj.com\/blog\/wp-content\/uploads\/2012\/11\/Sjednica-DPS-Ulcinj.jpg"}],"twitter_misc":{"Written by":"ulqini","Est. reading time":"1 minute"},"schema":{"@context":"https:\/\/schema.org","@graph":[{"@type":"WebSite","@id":"https:\/\/www.visit-ulcinj.com\/blog\/#website","url":"https:\/\/www.visit-ulcinj.com\/blog\/","name":"Lajme nga Ulqini","description":"Lajme,Vijesti,Ulqini,Ulqin,Crna Gora,Mali i Zi","potentialAction":[{"@type":"SearchAction","target":{"@type":"EntryPoint","urlTemplate":"https:\/\/www.visit-ulcinj.com\/blog\/?s={search_term_string}"},"query-input":"required name=search_term_string"}],"inLanguage":"en-US"},{"@type":"ImageObject","inLanguage":"en-US","@id":"https:\/\/www.visit-ulcinj.com\/blog\/2012\/11\/06\/sjednica-opstinskog-odbora-odrzana-u-ulcinju\/#primaryimage","url":"https:\/\/www.visit-ulcinj.com\/blog\/wp-content\/uploads\/2012\/11\/Sjednica-DPS-Ulcinj.jpg","contentUrl":"https:\/\/www.visit-ulcinj.com\/blog\/wp-content\/uploads\/2012\/11\/Sjednica-DPS-Ulcinj.jpg","width":"720","height":"431"},{"@type":"WebPage","@id":"https:\/\/www.visit-ulcinj.com\/blog\/2012\/11\/06\/sjednica-opstinskog-odbora-odrzana-u-ulcinju\/#webpage","url":"https:\/\/www.visit-ulcinj.com\/blog\/2012\/11\/06\/sjednica-opstinskog-odbora-odrzana-u-ulcinju\/","name":"Sjednica Op\u0161tinskog odbora odr\u017eana u Ulcinju - Lajme nga Ulqini","isPartOf":{"@id":"https:\/\/www.visit-ulcinj.com\/blog\/#website"},"primaryImageOfPage":{"@id":"https:\/\/www.visit-ulcinj.com\/blog\/2012\/11\/06\/sjednica-opstinskog-odbora-odrzana-u-ulcinju\/#primaryimage"},"datePublished":"2012-11-06T16:31:16+00:00","dateModified":"2012-11-06T16:33:06+00:00","author":{"@id":"https:\/\/www.visit-ulcinj.com\/blog\/#\/schema\/person\/dcab619c614d3038751c63bc2aadc06d"},"description":"Sjednica Izvr\u0161nog odbora i sjednica Op\u0161tinskog odbora Demokratske partije socijalista Ulcinj u pro\u0161irenom sastavu odr\u017eane su sino\u0107.\u00a0Sjednicama je","breadcrumb":{"@id":"https:\/\/www.visit-ulcinj.com\/blog\/2012\/11\/06\/sjednica-opstinskog-odbora-odrzana-u-ulcinju\/#breadcrumb"},"inLanguage":"en-US","potentialAction":[{"@type":"ReadAction","target":["https:\/\/www.visit-ulcinj.com\/blog\/2012\/11\/06\/sjednica-opstinskog-odbora-odrzana-u-ulcinju\/"]}]},{"@type":"BreadcrumbList","@id":"https:\/\/www.visit-ulcinj.com\/blog\/2012\/11\/06\/sjednica-opstinskog-odbora-odrzana-u-ulcinju\/#breadcrumb","itemListElement":[{"@type":"ListItem","position":1,"name":"Sjednica Op\u0161tinskog odbora odr\u017eana u Ulcinju"}]},{"@type":"Person","@id":"https:\/\/www.visit-ulcinj.com\/blog\/#\/schema\/person\/dcab619c614d3038751c63bc2aadc06d","name":"ulqini","sameAs":["http:\/\/www.visit-ulcinj.com"],"url":"https:\/\/www.visit-ulcinj.com\/blog\/author\/admin\/"}]}},"jetpack_featured_media_url":"","jetpack_sharing_enabled":true,"jetpack_shortlink":"https:\/\/wp.me\/pe6lTn-h1C","_links":{"self":[{"href":"https:\/\/www.visit-ulcinj.com\/blog\/wp-json\/wp\/v2\/posts\/65448"}],"collection":[{"href":"https:\/\/www.visit-ulcinj.com\/blog\/wp-json\/wp\/v2\/posts"}],"about":[{"href":"https:\/\/www.visit-ulcinj.com\/blog\/wp-json\/wp\/v2\/types\/post"}],"author":[{"embeddable":true,"href":"https:\/\/www.visit-ulcinj.com\/blog\/wp-json\/wp\/v2\/users\/1"}],"replies":[{"embeddable":true,"href":"https:\/\/www.visit-ulcinj.com\/blog\/wp-json\/wp\/v2\/comments?post=65448"}],"version-history":[{"count":3,"href":"https:\/\/www.visit-ulcinj.com\/blog\/wp-json\/wp\/v2\/posts\/65448\/revisions"}],"predecessor-version":[{"id":65454,"href":"https:\/\/www.visit-ulcinj.com\/blog\/wp-json\/wp\/v2\/posts\/65448\/revisions\/65454"}],"wp:attachment":[{"href":"https:\/\/www.visit-ulcinj.com\/blog\/wp-json\/wp\/v2\/media?parent=65448"}],"wp:term":[{"taxonomy":"category","embeddable":true,"href":"https:\/\/www.visit-ulcinj.com\/blog\/wp-json\/wp\/v2\/categories?post=65448"},{"taxonomy":"post_tag","embeddable":true,"href":"https:\/\/www.visit-ulcinj.com\/blog\/wp-json\/wp\/v2\/tags?post=65448"}],"curies":[{"name":"wp","href":"https:\/\/api.w.org\/{rel}","templated":true}]}}