{"id":65462,"date":"2012-11-06T18:29:06","date_gmt":"2012-11-06T17:29:06","guid":{"rendered":"http:\/\/www.visit-ulcinj.com\/blog\/?p=65462"},"modified":"2012-11-06T18:35:04","modified_gmt":"2012-11-06T17:35:04","slug":"perfaqesuesit-e-koalicionit-mali-i-zi-evropian-dhe-te-partive-te-pakicave-nenshkruan-sot-marreveshje","status":"publish","type":"post","link":"https:\/\/www.visit-ulcinj.com\/blog\/2012\/11\/06\/perfaqesuesit-e-koalicionit-mali-i-zi-evropian-dhe-te-partive-te-pakicave-nenshkruan-sot-marreveshje\/","title":{"rendered":"P\u00ebrfaq\u00ebsuesit e Koalicionit Mali i Zi Evropian dhe t\u00eb partive t\u00eb pakicave n\u00ebnshkruan sot marr\u00ebveshje"},"content":{"rendered":"<p><a href=\"http:\/\/www.visit-ulcinj.com\/blog\/wp-content\/uploads\/2012\/11\/P\u00ebrfaq\u00ebsuesit-e-Koalicionit-Mali-i-Zi-Evropian-FORCA.jpg\"><img loading=\"lazy\" class=\"alignleft  wp-image-65463\" title=\"P\u00ebrfaq\u00ebsuesit e Koalicionit Mali i Zi Evropian-FORCA\" src=\"http:\/\/www.visit-ulcinj.com\/blog\/wp-content\/uploads\/2012\/11\/P\u00ebrfaq\u00ebsuesit-e-Koalicionit-Mali-i-Zi-Evropian-FORCA.jpg\" alt=\"\" width=\"508\" height=\"360\" \/><\/a>P\u00ebrfaq\u00ebsuesit e Koalicionit Mali i Zi Evropian dhe t\u00eb partive t\u00eb pakicave n\u00ebnshkruan sot marr\u00ebveshjen mbi veprimin politik t\u00eb p\u00ebrbashk\u00ebt, kurse kah fundi i k\u00ebsaj jave ose n\u00eb fillim t\u00eb jav\u00ebs s\u00eb ardhshme mund t\u00eb b\u00ebhet e njohur se kush do t\u00eb jet\u00eb kryeminist\u00ebr, tha kryetari i Partis\u00eb Demokratike t\u00eb Socialisteve, Millo Gjukanoviq.<\/p>\n<p>Gjukanoviq, i pyetur n\u00ebse me marr\u00ebveshje, t\u00eb cil\u00ebn e n\u00ebnshkruan ai dhe lideri i Partis\u00eb Boshnjake, Rafet Husoviq, \u00ebsht\u00eb definuar se cilat vende do t&#8217;u takojn\u00eb p\u00ebrfaq\u00ebsuesve t\u00eb partive t\u00eb pakicave, tha se me k\u00ebt\u00eb dokument nuk jan\u00eb precizuar k\u00ebto \u00e7\u00ebshtje, por nuk ka asnj\u00eb m\u00ebdyshje se p\u00ebrgjigja jon\u00eb politike \u00ebsht\u00eb e qart\u00eb q\u00eb koalicioni i partive t\u00eb popujve pakic\u00eb do t\u00eb ken\u00eb vend p\u00ebrgjegj\u00ebs n\u00eb parlament, gjegj\u00ebsisht vendin e n\u00ebnkryetarit t\u00eb parlamentit.<\/p>\n<p>Gjukanoviq ka th\u00ebn\u00eb se jan\u00eb precizuar edhe t\u00eb drejtat q\u00eb koalicioni i partive t\u00eb pakicave do t\u00eb ken\u00eb n\u00eb qeveri, por jemi pajtuar se \u00e7\u00ebshtja e posteve konkrete n\u00eb qeverin\u00eb \u00ebsht\u00eb \u00e7\u00ebshtje q\u00eb do t\u00eb diskutojn\u00eb p\u00ebrfaq\u00ebsuesit e k\u00ebtyre partive me mandatarin, kur t\u00eb caktohet.<\/p>\n<p>Husoviq ka rekomanduar se me n\u00ebnshkrimin e marr\u00ebveshjes jan\u00eb krijuar kushtet p\u00ebr shumic\u00eb parlamentare stabile dhe p\u00ebr themelimin t\u00eb shpejt\u00eb t\u00eb qeveris\u00eb.<\/p>\n<p>P\u00ebr p\u00ebrfaq\u00ebsuesit e partive t\u00eb pakicave, kjo \u00ebsht\u00eb edhe nj\u00eb sfid\u00eb sepse kemi dh\u00ebn\u00eb kontribut p\u00ebr demokratizimin e Malit t\u00eb Zi, ka vler\u00ebsuar ai, duke rekomanduar se p\u00ebrfaq\u00ebsuesit e partive t\u00eb pakicave do t\u00eb p\u00ebrpiqen q\u00eb t\u00eb kontribuojn\u00eb n\u00eb qeveri n\u00eb pozitat e caktuara ku do t\u00eb gjenden.<\/p>\n<p><strong>TVCG<\/strong><br \/>\n<iframe loading=\"lazy\" src=\"http:\/\/www.youtube.com\/embed\/HU6KmbolpgA\" frameborder=\"0\" width=\"508\" height=\"360\"><\/iframe><\/p>\n<p><strong>U mbajt mbledhja konstituive e parlamentit t\u00eb ri t\u00eb Malit t\u00eb Zi<\/strong><\/p>\n<p>Mbledhja konstituive e p\u00ebrb\u00ebrjes s\u00eb re t\u00eb parlamentit, q\u00eb ka 81 vende deputet\u00ebsh, filloi me intonimin e himnit t\u00eb Malit t\u00eb Zi, me \u00e7&#8217;rast nuk mor\u00ebn pjes\u00eb p\u00ebrfaq\u00ebsuesit e Demokracis\u00eb s\u00eb re serbe \u2013 Nova, si dhe Predrag Bullatoviq, Millan Knezheviq dhe Vlladisllav Bojoviq nga Fronti Demokratik. Pas intonimit t\u00eb himnit malazez, ata hyn\u00eb n\u00eb seanc\u00ebn plenare.<\/p>\n<p>Parlamenti ua verifikoi mandatet deputet\u00ebve n\u00eb baz\u00eb t\u00eb raportit t\u00eb Komisionit Shtet\u00ebror t\u00eb Zgjedhjeve mbi rezultatet e zgjedhjeve parlamentare, kurse, p\u00ebr shkak t\u00eb mosp\u00ebrputhjes s\u00eb funksioneve, gjasht\u00eb prej tyre dhan\u00eb dor\u00ebheqjen.<\/p>\n<p>P\u00ebrve\u00e7 v\u00ebrtetimit t\u00eb mandateve n\u00eb rend dite \u00ebsht\u00eb edhe zgjedhja e kryetarit t\u00eb parlamentit. \u00cbsht\u00eb parapar\u00eb edhe v\u00ebrtetimi i numrit dhe zgjedhja e n\u00ebnkryetar\u00ebve t\u00eb parlamentit dhe kryetarit dhe an\u00ebtar\u00ebve t\u00eb K\u00ebshillit Administrativ.<\/p>\n<p>Sipas rezultateve p\u00ebrfundimtare t\u00eb Komisionit Shtet\u00ebror t\u00eb Zgjedhjeve, koalicioni Mali i Zi evropian ka fituar 39 vende deputet\u00ebsh, Fronti Demokratik 20, Partia Socialiste Popullore 9, Mali i Zi Pozitiv 7, kurse Partia Boshnjake 3 mandate. N\u00eb parlament nga nj\u00eb deputet\u00ebt do t\u00eb ken\u00eb edhe Iniciativa qytetare kroate, Forca p\u00ebr bashkim dhe Koalicioni shqiptar i p\u00ebrb\u00ebr\u00eb nga Lidhja Demokratike n\u00eb Mal t\u00eb Zi, Partia Demokratike dhe Alternativa Shqiptare.<\/p>\n<p>TVCG<\/p>\n<p><strong>Krivokapiq p\u00ebrs\u00ebri kryetari i parlamentit<\/strong><\/p>\n<p>Lideri i Partis\u00eb Social-demokratike, Ranko Krivokapiq p\u00ebrs\u00ebri sot \u00ebsht\u00eb zgjedhur kryetar i kuvendit t\u00eb Malit t\u00eb Zi. Ky \u00ebsht\u00eb mandati i kat\u00ebrt i tij n\u00eb detyr\u00ebn e kryetarit t\u00eb parlamentit dhe p\u00ebr her\u00eb t\u00eb par\u00eb \u00ebsht\u00eb zgjedh\u00eb n\u00eb vitin 2003. N\u00eb votimin e fsheht\u00eb p\u00ebr zgjedhjen e Krivokapiq kan\u00eb votuar 36 deputetet, 34 ishin kund\u00ebr dhe nj\u00eb flet\u00ebvotim ishte i pavlefsh\u00ebm.<\/p>\n<p>Kuvendi u ka v\u00ebrtetuar mandatin deputet\u00ebve t\u00eb ri nga PDS t\u00eb cil\u00ebt do ti z\u00ebvend\u00ebsojn\u00eb ata t\u00eb cil\u00ebt kan\u00eb dh\u00ebn\u00eb dor\u00ebheqje p\u00ebr shkak t\u00eb mosp\u00ebrputhjes s\u00eb funksioneve.<\/p>\n<p>Presidenti i Malit t\u00eb Zi, Filip Vujanoviq \u00ebsht\u00eb i obliguar q\u00eb t\u00eb propozoj\u00eb mandatarin p\u00ebr p\u00ebrb\u00ebrjen e qeveris\u00eb s\u00eb re brenda 30 dit\u00ebve prej dit\u00ebs s\u00eb konstituivit t\u00eb parlamentit. Kjo parashihet me kushtetut\u00ebn e Malit t\u00eb Zi.<\/p>\n<p>TVCG<\/p>\n<p><strong>Vujanoviq pret mb\u00ebshtetjen e parlamentit<\/strong><\/p>\n<p>Presidenti i Malit t\u00eb Zi, Filip Vujanoviq ka theksuar se nga p\u00ebrb\u00ebrja e re e parlamentit e pret mb\u00ebshtetjen n\u00eb veprimtarin\u00eb e p\u00ebrbashk\u00ebt n\u00eb integrimet euroatlantike dhe n\u00eb zgjidhjen e \u00e7\u00ebshtjeve ekonomiko-sociale. Ai ka shtuar se k\u00ebto jan\u00eb dy tema t\u00eb cilat duhet t\u00eb jen\u00eb prioritet i qeveris\u00eb s\u00eb ardhshme, duke theksuar se parlamenti do ti kuptoj\u00eb si vler\u00eb dhe detyrim t\u00eb ve\u00e7ant\u00eb.<\/p>\n<p>Vujanoviq i p\u00ebrg\u00ebzoi t\u00eb gjith\u00eb deputetet, mandati i t\u00eb cil\u00ebve \u00ebsht\u00eb v\u00ebrtetuar, duke theksuar se fushata dhe dita e zgjedhjeve kan\u00eb fituar not\u00eb t\u00eb lart\u00eb t\u00eb v\u00ebzhguesve nd\u00ebrkomb\u00ebtare.<\/p>\n<p>Ai ka theksuar se pret q\u00eb parlamenti n\u00eb mandatin e ardhsh\u00ebm do t\u00eb ket\u00eb atmosfer\u00eb konstruktive dhe do t\u00eb kontribuoj\u00eb n\u00eb promovimin e Malit t\u00eb Zi n\u00eb ushtrimin e pushtetit ligjdh\u00ebn\u00ebs dhe se do t\u00eb jap nxitje t\u00eb fort\u00eb integrimeve evropiane dhe euroatlantike.<\/p>\n<p>TVCG<\/p>\n","protected":false},"excerpt":{"rendered":"<p>P\u00ebrfaq\u00ebsuesit e Koalicionit Mali i Zi Evropian dhe t\u00eb partive t\u00eb pakicave n\u00ebnshkruan sot marr\u00ebveshjen mbi veprimin politik t\u00eb p\u00ebrbashk\u00ebt, kurse kah fundi i k\u00ebsaj jave ose n\u00eb fillim t\u00eb jav\u00ebs s\u00eb ardhshme mund t\u00eb b\u00ebhet e njohur se kush do t\u00eb jet\u00eb kryeminist\u00ebr, tha kryetari i Partis\u00eb Demokratike t\u00eb Socialisteve, Millo Gjukanoviq. Gjukanoviq, i [&hellip;]<\/p>\n","protected":false},"author":1,"featured_media":0,"comment_status":"open","ping_status":"closed","sticky":false,"template":"","format":"standard","meta":{"spay_email":"","jetpack_publicize_message":"","jetpack_is_tweetstorm":false,"jetpack_publicize_feature_enabled":true},"categories":[6],"tags":[117,21437,200,18],"jetpack_publicize_connections":[],"yoast_head":"<!-- This site is optimized with the Yoast SEO plugin v19.1 - https:\/\/yoast.com\/wordpress\/plugins\/seo\/ -->\n<title>P\u00ebrfaq\u00ebsuesit e Koalicionit Mali i Zi Evropian dhe t\u00eb partive t\u00eb pakicave n\u00ebnshkruan sot marr\u00ebveshje - Lajme nga Ulqini<\/title>\n<meta name=\"description\" content=\"P\u00ebrfaq\u00ebsuesit e Koalicionit Mali i Zi Evropian dhe t\u00eb partive t\u00eb pakicave n\u00ebnshkruan sot marr\u00ebveshjen mbi veprimin politik t\u00eb p\u00ebrbashk\u00ebt, kurse kah fundi\" \/>\n<meta name=\"robots\" content=\"index, follow, max-snippet:-1, max-image-preview:large, max-video-preview:-1\" \/>\n<link rel=\"canonical\" href=\"https:\/\/www.visit-ulcinj.com\/blog\/2012\/11\/06\/perfaqesuesit-e-koalicionit-mali-i-zi-evropian-dhe-te-partive-te-pakicave-nenshkruan-sot-marreveshje\/\" \/>\n<meta property=\"og:locale\" content=\"en_US\" \/>\n<meta property=\"og:type\" content=\"article\" \/>\n<meta property=\"og:title\" content=\"P\u00ebrfaq\u00ebsuesit e Koalicionit Mali i Zi Evropian dhe t\u00eb partive t\u00eb pakicave n\u00ebnshkruan sot marr\u00ebveshje - Lajme nga Ulqini\" \/>\n<meta property=\"og:description\" content=\"P\u00ebrfaq\u00ebsuesit e Koalicionit Mali i Zi Evropian dhe t\u00eb partive t\u00eb pakicave n\u00ebnshkruan sot marr\u00ebveshjen mbi veprimin politik t\u00eb p\u00ebrbashk\u00ebt, kurse kah fundi\" \/>\n<meta property=\"og:url\" content=\"https:\/\/www.visit-ulcinj.com\/blog\/2012\/11\/06\/perfaqesuesit-e-koalicionit-mali-i-zi-evropian-dhe-te-partive-te-pakicave-nenshkruan-sot-marreveshje\/\" \/>\n<meta property=\"og:site_name\" content=\"Lajme nga Ulqini\" \/>\n<meta property=\"article:published_time\" content=\"2012-11-06T17:29:06+00:00\" \/>\n<meta property=\"article:modified_time\" content=\"2012-11-06T17:35:04+00:00\" \/>\n<meta name=\"twitter:label1\" content=\"Written by\" \/>\n\t<meta name=\"twitter:data1\" content=\"ulqini\" \/>\n\t<meta name=\"twitter:label2\" content=\"Est. reading time\" \/>\n\t<meta name=\"twitter:data2\" content=\"4 minutes\" \/>\n<script type=\"application\/ld+json\" class=\"yoast-schema-graph\">{\"@context\":\"https:\/\/schema.org\",\"@graph\":[{\"@type\":\"WebSite\",\"@id\":\"https:\/\/www.visit-ulcinj.com\/blog\/#website\",\"url\":\"https:\/\/www.visit-ulcinj.com\/blog\/\",\"name\":\"Lajme nga Ulqini\",\"description\":\"Lajme,Vijesti,Ulqini,Ulqin,Crna Gora,Mali i Zi\",\"potentialAction\":[{\"@type\":\"SearchAction\",\"target\":{\"@type\":\"EntryPoint\",\"urlTemplate\":\"https:\/\/www.visit-ulcinj.com\/blog\/?s={search_term_string}\"},\"query-input\":\"required name=search_term_string\"}],\"inLanguage\":\"en-US\"},{\"@type\":\"WebPage\",\"@id\":\"https:\/\/www.visit-ulcinj.com\/blog\/2012\/11\/06\/perfaqesuesit-e-koalicionit-mali-i-zi-evropian-dhe-te-partive-te-pakicave-nenshkruan-sot-marreveshje\/#webpage\",\"url\":\"https:\/\/www.visit-ulcinj.com\/blog\/2012\/11\/06\/perfaqesuesit-e-koalicionit-mali-i-zi-evropian-dhe-te-partive-te-pakicave-nenshkruan-sot-marreveshje\/\",\"name\":\"P\u00ebrfaq\u00ebsuesit e Koalicionit Mali i Zi Evropian dhe t\u00eb partive t\u00eb pakicave n\u00ebnshkruan sot marr\u00ebveshje - Lajme nga Ulqini\",\"isPartOf\":{\"@id\":\"https:\/\/www.visit-ulcinj.com\/blog\/#website\"},\"datePublished\":\"2012-11-06T17:29:06+00:00\",\"dateModified\":\"2012-11-06T17:35:04+00:00\",\"author\":{\"@id\":\"https:\/\/www.visit-ulcinj.com\/blog\/#\/schema\/person\/dcab619c614d3038751c63bc2aadc06d\"},\"description\":\"P\u00ebrfaq\u00ebsuesit e Koalicionit Mali i Zi Evropian dhe t\u00eb partive t\u00eb pakicave n\u00ebnshkruan sot marr\u00ebveshjen mbi veprimin politik t\u00eb p\u00ebrbashk\u00ebt, kurse kah fundi\",\"breadcrumb\":{\"@id\":\"https:\/\/www.visit-ulcinj.com\/blog\/2012\/11\/06\/perfaqesuesit-e-koalicionit-mali-i-zi-evropian-dhe-te-partive-te-pakicave-nenshkruan-sot-marreveshje\/#breadcrumb\"},\"inLanguage\":\"en-US\",\"potentialAction\":[{\"@type\":\"ReadAction\",\"target\":[\"https:\/\/www.visit-ulcinj.com\/blog\/2012\/11\/06\/perfaqesuesit-e-koalicionit-mali-i-zi-evropian-dhe-te-partive-te-pakicave-nenshkruan-sot-marreveshje\/\"]}]},{\"@type\":\"BreadcrumbList\",\"@id\":\"https:\/\/www.visit-ulcinj.com\/blog\/2012\/11\/06\/perfaqesuesit-e-koalicionit-mali-i-zi-evropian-dhe-te-partive-te-pakicave-nenshkruan-sot-marreveshje\/#breadcrumb\",\"itemListElement\":[{\"@type\":\"ListItem\",\"position\":1,\"name\":\"P\u00ebrfaq\u00ebsuesit e Koalicionit Mali i Zi Evropian dhe t\u00eb partive t\u00eb pakicave n\u00ebnshkruan sot marr\u00ebveshje\"}]},{\"@type\":\"Person\",\"@id\":\"https:\/\/www.visit-ulcinj.com\/blog\/#\/schema\/person\/dcab619c614d3038751c63bc2aadc06d\",\"name\":\"ulqini\",\"sameAs\":[\"http:\/\/www.visit-ulcinj.com\"],\"url\":\"https:\/\/www.visit-ulcinj.com\/blog\/author\/admin\/\"}]}<\/script>\n<!-- \/ Yoast SEO plugin. -->","yoast_head_json":{"title":"P\u00ebrfaq\u00ebsuesit e Koalicionit Mali i Zi Evropian dhe t\u00eb partive t\u00eb pakicave n\u00ebnshkruan sot marr\u00ebveshje - Lajme nga Ulqini","description":"P\u00ebrfaq\u00ebsuesit e Koalicionit Mali i Zi Evropian dhe t\u00eb partive t\u00eb pakicave n\u00ebnshkruan sot marr\u00ebveshjen mbi veprimin politik t\u00eb p\u00ebrbashk\u00ebt, kurse kah fundi","robots":{"index":"index","follow":"follow","max-snippet":"max-snippet:-1","max-image-preview":"max-image-preview:large","max-video-preview":"max-video-preview:-1"},"canonical":"https:\/\/www.visit-ulcinj.com\/blog\/2012\/11\/06\/perfaqesuesit-e-koalicionit-mali-i-zi-evropian-dhe-te-partive-te-pakicave-nenshkruan-sot-marreveshje\/","og_locale":"en_US","og_type":"article","og_title":"P\u00ebrfaq\u00ebsuesit e Koalicionit Mali i Zi Evropian dhe t\u00eb partive t\u00eb pakicave n\u00ebnshkruan sot marr\u00ebveshje - Lajme nga Ulqini","og_description":"P\u00ebrfaq\u00ebsuesit e Koalicionit Mali i Zi Evropian dhe t\u00eb partive t\u00eb pakicave n\u00ebnshkruan sot marr\u00ebveshjen mbi veprimin politik t\u00eb p\u00ebrbashk\u00ebt, kurse kah fundi","og_url":"https:\/\/www.visit-ulcinj.com\/blog\/2012\/11\/06\/perfaqesuesit-e-koalicionit-mali-i-zi-evropian-dhe-te-partive-te-pakicave-nenshkruan-sot-marreveshje\/","og_site_name":"Lajme nga Ulqini","article_published_time":"2012-11-06T17:29:06+00:00","article_modified_time":"2012-11-06T17:35:04+00:00","twitter_misc":{"Written by":"ulqini","Est. reading time":"4 minutes"},"schema":{"@context":"https:\/\/schema.org","@graph":[{"@type":"WebSite","@id":"https:\/\/www.visit-ulcinj.com\/blog\/#website","url":"https:\/\/www.visit-ulcinj.com\/blog\/","name":"Lajme nga Ulqini","description":"Lajme,Vijesti,Ulqini,Ulqin,Crna Gora,Mali i Zi","potentialAction":[{"@type":"SearchAction","target":{"@type":"EntryPoint","urlTemplate":"https:\/\/www.visit-ulcinj.com\/blog\/?s={search_term_string}"},"query-input":"required name=search_term_string"}],"inLanguage":"en-US"},{"@type":"WebPage","@id":"https:\/\/www.visit-ulcinj.com\/blog\/2012\/11\/06\/perfaqesuesit-e-koalicionit-mali-i-zi-evropian-dhe-te-partive-te-pakicave-nenshkruan-sot-marreveshje\/#webpage","url":"https:\/\/www.visit-ulcinj.com\/blog\/2012\/11\/06\/perfaqesuesit-e-koalicionit-mali-i-zi-evropian-dhe-te-partive-te-pakicave-nenshkruan-sot-marreveshje\/","name":"P\u00ebrfaq\u00ebsuesit e Koalicionit Mali i Zi Evropian dhe t\u00eb partive t\u00eb pakicave n\u00ebnshkruan sot marr\u00ebveshje - Lajme nga Ulqini","isPartOf":{"@id":"https:\/\/www.visit-ulcinj.com\/blog\/#website"},"datePublished":"2012-11-06T17:29:06+00:00","dateModified":"2012-11-06T17:35:04+00:00","author":{"@id":"https:\/\/www.visit-ulcinj.com\/blog\/#\/schema\/person\/dcab619c614d3038751c63bc2aadc06d"},"description":"P\u00ebrfaq\u00ebsuesit e Koalicionit Mali i Zi Evropian dhe t\u00eb partive t\u00eb pakicave n\u00ebnshkruan sot marr\u00ebveshjen mbi veprimin politik t\u00eb p\u00ebrbashk\u00ebt, kurse kah fundi","breadcrumb":{"@id":"https:\/\/www.visit-ulcinj.com\/blog\/2012\/11\/06\/perfaqesuesit-e-koalicionit-mali-i-zi-evropian-dhe-te-partive-te-pakicave-nenshkruan-sot-marreveshje\/#breadcrumb"},"inLanguage":"en-US","potentialAction":[{"@type":"ReadAction","target":["https:\/\/www.visit-ulcinj.com\/blog\/2012\/11\/06\/perfaqesuesit-e-koalicionit-mali-i-zi-evropian-dhe-te-partive-te-pakicave-nenshkruan-sot-marreveshje\/"]}]},{"@type":"BreadcrumbList","@id":"https:\/\/www.visit-ulcinj.com\/blog\/2012\/11\/06\/perfaqesuesit-e-koalicionit-mali-i-zi-evropian-dhe-te-partive-te-pakicave-nenshkruan-sot-marreveshje\/#breadcrumb","itemListElement":[{"@type":"ListItem","position":1,"name":"P\u00ebrfaq\u00ebsuesit e Koalicionit Mali i Zi Evropian dhe t\u00eb partive t\u00eb pakicave n\u00ebnshkruan sot marr\u00ebveshje"}]},{"@type":"Person","@id":"https:\/\/www.visit-ulcinj.com\/blog\/#\/schema\/person\/dcab619c614d3038751c63bc2aadc06d","name":"ulqini","sameAs":["http:\/\/www.visit-ulcinj.com"],"url":"https:\/\/www.visit-ulcinj.com\/blog\/author\/admin\/"}]}},"jetpack_featured_media_url":"","jetpack_sharing_enabled":true,"jetpack_shortlink":"https:\/\/wp.me\/pe6lTn-h1Q","_links":{"self":[{"href":"https:\/\/www.visit-ulcinj.com\/blog\/wp-json\/wp\/v2\/posts\/65462"}],"collection":[{"href":"https:\/\/www.visit-ulcinj.com\/blog\/wp-json\/wp\/v2\/posts"}],"about":[{"href":"https:\/\/www.visit-ulcinj.com\/blog\/wp-json\/wp\/v2\/types\/post"}],"author":[{"embeddable":true,"href":"https:\/\/www.visit-ulcinj.com\/blog\/wp-json\/wp\/v2\/users\/1"}],"replies":[{"embeddable":true,"href":"https:\/\/www.visit-ulcinj.com\/blog\/wp-json\/wp\/v2\/comments?post=65462"}],"version-history":[{"count":3,"href":"https:\/\/www.visit-ulcinj.com\/blog\/wp-json\/wp\/v2\/posts\/65462\/revisions"}],"predecessor-version":[{"id":65466,"href":"https:\/\/www.visit-ulcinj.com\/blog\/wp-json\/wp\/v2\/posts\/65462\/revisions\/65466"}],"wp:attachment":[{"href":"https:\/\/www.visit-ulcinj.com\/blog\/wp-json\/wp\/v2\/media?parent=65462"}],"wp:term":[{"taxonomy":"category","embeddable":true,"href":"https:\/\/www.visit-ulcinj.com\/blog\/wp-json\/wp\/v2\/categories?post=65462"},{"taxonomy":"post_tag","embeddable":true,"href":"https:\/\/www.visit-ulcinj.com\/blog\/wp-json\/wp\/v2\/tags?post=65462"}],"curies":[{"name":"wp","href":"https:\/\/api.w.org\/{rel}","templated":true}]}}