{"id":65468,"date":"2012-11-07T07:38:54","date_gmt":"2012-11-07T06:38:54","guid":{"rendered":"http:\/\/www.visit-ulcinj.com\/blog\/?p=65468"},"modified":"2012-11-07T07:38:54","modified_gmt":"2012-11-07T06:38:54","slug":"aktivistet-e-shoqates-ana-e-malit-ne-new-yorkndihmojne-te-demtuarit-nga-uragani","status":"publish","type":"post","link":"https:\/\/www.visit-ulcinj.com\/blog\/2012\/11\/07\/aktivistet-e-shoqates-ana-e-malit-ne-new-yorkndihmojne-te-demtuarit-nga-uragani\/","title":{"rendered":"Aktivist\u0113t e shoqat\u0113s &#8220;Ana e Malit&#8221; n\u0113 New York,ndihmojn\u0113 t\u0113 d\u0113mtuarit  nga uragani"},"content":{"rendered":"<p><a href=\"http:\/\/www.visit-ulcinj.com\/blog\/wp-content\/uploads\/2012\/11\/Aktivistet-e-shoqates-Ana-e-Malit-ne-New-York.jpg\"><img loading=\"lazy\" class=\"alignleft  wp-image-65470\" title=\"Aktivistet e shoqates Ana e Malit ne New York\" src=\"http:\/\/www.visit-ulcinj.com\/blog\/wp-content\/uploads\/2012\/11\/Aktivistet-e-shoqates-Ana-e-Malit-ne-New-York.jpg\" alt=\"\" width=\"508\" height=\"360\" \/><\/a>N\u0113 frym\u0113n solidarizuese me viktimat e\u00a0 d\u0113mtimeve materiale t\u0113 shkaktuara nga Uragani &#8220;Sandy&#8221;\u00a0 e jav\u0113s s\u0113 kaluar (29 Tetor 2012), nj\u0113 grup aktivist\u0113sh t\u0113 Shoqat\u0113s &#8220;Ana e Mali&#8221; n\u0113 New York, muar\u0113n iniciajativ\u0113n ,fundjav\u00ean e kaluar (me 3 dhe 4 N\u0113ntor )p\u0113r t\u0113 ndihmuar bashk\u0113vendasit e tyre n\u0113 riparimin e pasojave\u00a0 shkat\u0113ruese t\u0113 k\u0113saj stuhie n\u0113 Staten Island(NY).<\/p>\n<p>K\u0113to ndihma ishin n\u0113 forma t\u0113 ndryshme por kryesisht n\u0113 form\u0113n e spastrimit t\u0113 sht\u0113pive nga pasojat e v\u00earshimeve t\u0113 ujit n\u0113 podrumet dhe pjes\u0113t e tjera banuese t\u0113 sht\u0113pive, pastaj n\u0113 form\u0113n e ofrimit t\u0113 gjenerator\u0113ve p\u0113r ata t\u0113 cil\u0113t kan\u0113 mbetur pa rrym\u0113 elektrike, si dhe ofrimin e materialeve t\u0113 tjera nd\u0113rtimore p\u0113r sanimin e p\u0113rkohsh\u0113m t\u0113 atyre pronave sht\u0113piake q\u0113 jan\u0113 d\u0113mtuar m\u0113 s\u0113 shumti.Kurse nj\u0113 grup i vajzave u muar me shp\u0113rndarjen e veshmbathjeve nd\u0113r familjet m\u0113 me nevoj\u0113. K\u0113to veshmbathje ishin\u00a0 donacion i komunitetit shqiptar n\u0113 Staten Island. Brenda dy dit\u00eave sa zgjati aksioni, i ndihmuan mbi 20 familje sht\u0113piake t\u0113 Staten Island.<\/p>\n<p>Esht\u0113 me r\u0113nd\u00easi q\u0113 t\u0113 p\u0113rmenden emrat e atyre q\u0113 n\u0113 rradh\u0113 t\u0113 par\u0113 sakrifikuan\u00a0 koh\u0113n dhe dhan\u0113\u00a0 kontributin e tyre, jo vet\u00eam fizik por edhe ate moral n\u0113 leht\u0113simin e gjendjes s\u0113 atyre q\u0113 kan\u0113 qen\u0113 m\u0113 t\u0113 efektuar\u00a0 nga\u00a0 pasojat e k\u0113saj fat\u0113keq\u0113sie natyrore, dhe k\u0113to jan\u00ea:<\/p>\n<p>Ismet Kurti, Alban Mustafa, Granit Kurti, Bajame Llolla, Edona Gjeloshi, Adelina Gjeloshi, Nail Llolla, Dul Gjeloshi, Fatmir Kallaba, Adem Tela, G\u0113zim Kurti, Xheneta-Gjeka Osmani, Adriana Gjeloshi, Ram\u0113 Kova\u00e7i, Enver Kallaba, Arialda Gjeka, Adisa Gjeka, Suad Kurti, Neser Gjeloshi, Vehbi Spahiu, Ruzhdi Pali, Fatmir Salaj, Sabir \u00c7apriqi, Nail \u00c7apriqi, Rexhep Kollari, Dino Nela, Hysen Mehmedi, Ilmi Mehmedi, Sami Mehmedi, Bajram Nika dhe Ajet Shaba. Kurse Ismet Nika dhe Naser Nika kontribuan duke siguruar ushqimin\u00a0 p\u0113r vullnetar\u0113t aktivist\u0113 t\u0113 lart\u0113p\u0113rmendur,dit\u0113n e Shtund\u0113 dhe dit\u0113n e Diel.Kurse bashkatdhetari nga shteti i Maryland-it, z. Sabaudin Gashi premtoi hapjen e dyerve t\u0113 sht\u0113pis\u0113 s\u0113 tij p\u0113r strehim , viktimave eventuale t\u0113 stuhis\u0113,respektivisht p\u0113r ata t\u0113 cil\u0113t kan\u0113 mbetur pa kulm mbi sht\u0113pi.<\/p>\n<p>Aktivist\u0113t vullnetar\u0113,shprehin d\u0113shir\u0113n e tyre se do t\u0113 angazhohen p\u0113rs\u0113ri edhe n\u0113 fundjav\u0113n e ardhshme,n\u0113se paraqitet nevoja.<\/p>\n<p>Me k\u0113te aksion humanitar,u d\u0113shmua edhe nj\u0113 her\u0113 se\u00a0 komuniteti shqiptar i An\u0113s s\u0113 Malit n\u0113 New York me rrethe, jan\u0113 \u00e7do her\u0113 t\u0113 gatsh\u0113m q\u0113 t\u0113 mobilizohen dhe t\u0113 ndihmojn\u0113 n\u0113 raste t\u0113 fatkeq\u0113sive natyrore,qofshin ato n\u0113 vet komunitetin ku ata jetojn\u0113 e veprojn\u0113, apo n\u0113 vendlindjen e tyre.<\/p>\n<p>&nbsp;<\/p>\n<p>&nbsp;<\/p>\n<p><strong>Xheladin Zeneli<\/strong><\/p>\n<p><strong>New York<\/strong><\/p>\n<p><strong>6 N\u0113ntor 2012<\/strong><\/p>\n<p>&nbsp;<\/p>\n<p>P.S.<\/p>\n<p>N\u0113 pregatitjen e k\u0113tij shkrimi informues dhe me fotografi,<\/p>\n<p>ndihmoi z. Ismet Kurti.<\/p>\n","protected":false},"excerpt":{"rendered":"<p>N\u0113 frym\u0113n solidarizuese me viktimat e\u00a0 d\u0113mtimeve materiale t\u0113 shkaktuara nga Uragani &#8220;Sandy&#8221;\u00a0 e jav\u0113s s\u0113 kaluar (29 Tetor 2012), nj\u0113 grup aktivist\u0113sh t\u0113 Shoqat\u0113s &#8220;Ana e Mali&#8221; n\u0113 New York, muar\u0113n iniciajativ\u0113n ,fundjav\u00ean e kaluar (me 3 dhe 4 N\u0113ntor )p\u0113r t\u0113 ndihmuar bashk\u0113vendasit e tyre n\u0113 riparimin e pasojave\u00a0 shkat\u0113ruese t\u0113 k\u0113saj stuhie [&hellip;]<\/p>\n","protected":false},"author":1,"featured_media":0,"comment_status":"open","ping_status":"closed","sticky":false,"template":"","format":"standard","meta":{"spay_email":"","jetpack_publicize_message":"","jetpack_is_tweetstorm":false,"jetpack_publicize_feature_enabled":true},"categories":[14249],"tags":[21438],"jetpack_publicize_connections":[],"yoast_head":"<!-- This site is optimized with the Yoast SEO plugin v19.1 - https:\/\/yoast.com\/wordpress\/plugins\/seo\/ -->\n<title>Aktivist\u0113t e shoqat\u0113s &quot;Ana e Malit&quot; n\u0113 New York,ndihmojn\u0113 t\u0113 d\u0113mtuarit nga uragani - Lajme nga Ulqini<\/title>\n<meta name=\"description\" content=\"N\u0113 frym\u0113n solidarizuese me viktimat e\u00a0 d\u0113mtimeve materiale t\u0113 shkaktuara nga Uragani &quot;Sandy&quot;\u00a0 e jav\u0113s s\u0113 kaluar (29 Tetor 2012), nj\u0113 grup aktivist\u0113sh t\u0113\" \/>\n<meta name=\"robots\" content=\"index, follow, max-snippet:-1, max-image-preview:large, max-video-preview:-1\" \/>\n<link rel=\"canonical\" href=\"https:\/\/www.visit-ulcinj.com\/blog\/2012\/11\/07\/aktivistet-e-shoqates-ana-e-malit-ne-new-yorkndihmojne-te-demtuarit-nga-uragani\/\" \/>\n<meta property=\"og:locale\" content=\"en_US\" \/>\n<meta property=\"og:type\" content=\"article\" \/>\n<meta property=\"og:title\" content=\"Aktivist\u0113t e shoqat\u0113s &quot;Ana e Malit&quot; n\u0113 New York,ndihmojn\u0113 t\u0113 d\u0113mtuarit nga uragani - Lajme nga Ulqini\" \/>\n<meta property=\"og:description\" content=\"N\u0113 frym\u0113n solidarizuese me viktimat e\u00a0 d\u0113mtimeve materiale t\u0113 shkaktuara nga Uragani &quot;Sandy&quot;\u00a0 e jav\u0113s s\u0113 kaluar (29 Tetor 2012), nj\u0113 grup aktivist\u0113sh t\u0113\" \/>\n<meta property=\"og:url\" content=\"https:\/\/www.visit-ulcinj.com\/blog\/2012\/11\/07\/aktivistet-e-shoqates-ana-e-malit-ne-new-yorkndihmojne-te-demtuarit-nga-uragani\/\" \/>\n<meta property=\"og:site_name\" content=\"Lajme nga Ulqini\" \/>\n<meta property=\"article:published_time\" content=\"2012-11-07T06:38:54+00:00\" \/>\n<meta property=\"og:image\" content=\"http:\/\/www.visit-ulcinj.com\/blog\/wp-content\/uploads\/2012\/11\/Aktivistet-e-shoqates-Ana-e-Malit-ne-New-York.jpg\" \/>\n<meta name=\"twitter:label1\" content=\"Written by\" \/>\n\t<meta name=\"twitter:data1\" content=\"ulqini\" \/>\n\t<meta name=\"twitter:label2\" content=\"Est. reading time\" \/>\n\t<meta name=\"twitter:data2\" content=\"2 minutes\" \/>\n<script type=\"application\/ld+json\" class=\"yoast-schema-graph\">{\"@context\":\"https:\/\/schema.org\",\"@graph\":[{\"@type\":\"WebSite\",\"@id\":\"https:\/\/www.visit-ulcinj.com\/blog\/#website\",\"url\":\"https:\/\/www.visit-ulcinj.com\/blog\/\",\"name\":\"Lajme nga Ulqini\",\"description\":\"Lajme,Vijesti,Ulqini,Ulqin,Crna Gora,Mali i Zi\",\"potentialAction\":[{\"@type\":\"SearchAction\",\"target\":{\"@type\":\"EntryPoint\",\"urlTemplate\":\"https:\/\/www.visit-ulcinj.com\/blog\/?s={search_term_string}\"},\"query-input\":\"required name=search_term_string\"}],\"inLanguage\":\"en-US\"},{\"@type\":\"ImageObject\",\"inLanguage\":\"en-US\",\"@id\":\"https:\/\/www.visit-ulcinj.com\/blog\/2012\/11\/07\/aktivistet-e-shoqates-ana-e-malit-ne-new-yorkndihmojne-te-demtuarit-nga-uragani\/#primaryimage\",\"url\":\"http:\/\/www.visit-ulcinj.com\/blog\/wp-content\/uploads\/2012\/11\/Aktivistet-e-shoqates-Ana-e-Malit-ne-New-York.jpg\",\"contentUrl\":\"http:\/\/www.visit-ulcinj.com\/blog\/wp-content\/uploads\/2012\/11\/Aktivistet-e-shoqates-Ana-e-Malit-ne-New-York.jpg\"},{\"@type\":\"WebPage\",\"@id\":\"https:\/\/www.visit-ulcinj.com\/blog\/2012\/11\/07\/aktivistet-e-shoqates-ana-e-malit-ne-new-yorkndihmojne-te-demtuarit-nga-uragani\/#webpage\",\"url\":\"https:\/\/www.visit-ulcinj.com\/blog\/2012\/11\/07\/aktivistet-e-shoqates-ana-e-malit-ne-new-yorkndihmojne-te-demtuarit-nga-uragani\/\",\"name\":\"Aktivist\u0113t e shoqat\u0113s \\\"Ana e Malit\\\" n\u0113 New York,ndihmojn\u0113 t\u0113 d\u0113mtuarit nga uragani - Lajme nga Ulqini\",\"isPartOf\":{\"@id\":\"https:\/\/www.visit-ulcinj.com\/blog\/#website\"},\"primaryImageOfPage\":{\"@id\":\"https:\/\/www.visit-ulcinj.com\/blog\/2012\/11\/07\/aktivistet-e-shoqates-ana-e-malit-ne-new-yorkndihmojne-te-demtuarit-nga-uragani\/#primaryimage\"},\"datePublished\":\"2012-11-07T06:38:54+00:00\",\"dateModified\":\"2012-11-07T06:38:54+00:00\",\"author\":{\"@id\":\"https:\/\/www.visit-ulcinj.com\/blog\/#\/schema\/person\/dcab619c614d3038751c63bc2aadc06d\"},\"description\":\"N\u0113 frym\u0113n solidarizuese me viktimat e\u00a0 d\u0113mtimeve materiale t\u0113 shkaktuara nga Uragani \\\"Sandy\\\"\u00a0 e jav\u0113s s\u0113 kaluar (29 Tetor 2012), nj\u0113 grup aktivist\u0113sh t\u0113\",\"breadcrumb\":{\"@id\":\"https:\/\/www.visit-ulcinj.com\/blog\/2012\/11\/07\/aktivistet-e-shoqates-ana-e-malit-ne-new-yorkndihmojne-te-demtuarit-nga-uragani\/#breadcrumb\"},\"inLanguage\":\"en-US\",\"potentialAction\":[{\"@type\":\"ReadAction\",\"target\":[\"https:\/\/www.visit-ulcinj.com\/blog\/2012\/11\/07\/aktivistet-e-shoqates-ana-e-malit-ne-new-yorkndihmojne-te-demtuarit-nga-uragani\/\"]}]},{\"@type\":\"BreadcrumbList\",\"@id\":\"https:\/\/www.visit-ulcinj.com\/blog\/2012\/11\/07\/aktivistet-e-shoqates-ana-e-malit-ne-new-yorkndihmojne-te-demtuarit-nga-uragani\/#breadcrumb\",\"itemListElement\":[{\"@type\":\"ListItem\",\"position\":1,\"name\":\"Aktivist\u0113t e shoqat\u0113s &#8220;Ana e Malit&#8221; n\u0113 New York,ndihmojn\u0113 t\u0113 d\u0113mtuarit nga uragani\"}]},{\"@type\":\"Person\",\"@id\":\"https:\/\/www.visit-ulcinj.com\/blog\/#\/schema\/person\/dcab619c614d3038751c63bc2aadc06d\",\"name\":\"ulqini\",\"sameAs\":[\"http:\/\/www.visit-ulcinj.com\"],\"url\":\"https:\/\/www.visit-ulcinj.com\/blog\/author\/admin\/\"}]}<\/script>\n<!-- \/ Yoast SEO plugin. -->","yoast_head_json":{"title":"Aktivist\u0113t e shoqat\u0113s \"Ana e Malit\" n\u0113 New York,ndihmojn\u0113 t\u0113 d\u0113mtuarit nga uragani - Lajme nga Ulqini","description":"N\u0113 frym\u0113n solidarizuese me viktimat e\u00a0 d\u0113mtimeve materiale t\u0113 shkaktuara nga Uragani \"Sandy\"\u00a0 e jav\u0113s s\u0113 kaluar (29 Tetor 2012), nj\u0113 grup aktivist\u0113sh t\u0113","robots":{"index":"index","follow":"follow","max-snippet":"max-snippet:-1","max-image-preview":"max-image-preview:large","max-video-preview":"max-video-preview:-1"},"canonical":"https:\/\/www.visit-ulcinj.com\/blog\/2012\/11\/07\/aktivistet-e-shoqates-ana-e-malit-ne-new-yorkndihmojne-te-demtuarit-nga-uragani\/","og_locale":"en_US","og_type":"article","og_title":"Aktivist\u0113t e shoqat\u0113s \"Ana e Malit\" n\u0113 New York,ndihmojn\u0113 t\u0113 d\u0113mtuarit nga uragani - Lajme nga Ulqini","og_description":"N\u0113 frym\u0113n solidarizuese me viktimat e\u00a0 d\u0113mtimeve materiale t\u0113 shkaktuara nga Uragani \"Sandy\"\u00a0 e jav\u0113s s\u0113 kaluar (29 Tetor 2012), nj\u0113 grup aktivist\u0113sh t\u0113","og_url":"https:\/\/www.visit-ulcinj.com\/blog\/2012\/11\/07\/aktivistet-e-shoqates-ana-e-malit-ne-new-yorkndihmojne-te-demtuarit-nga-uragani\/","og_site_name":"Lajme nga Ulqini","article_published_time":"2012-11-07T06:38:54+00:00","og_image":[{"url":"http:\/\/www.visit-ulcinj.com\/blog\/wp-content\/uploads\/2012\/11\/Aktivistet-e-shoqates-Ana-e-Malit-ne-New-York.jpg"}],"twitter_misc":{"Written by":"ulqini","Est. reading time":"2 minutes"},"schema":{"@context":"https:\/\/schema.org","@graph":[{"@type":"WebSite","@id":"https:\/\/www.visit-ulcinj.com\/blog\/#website","url":"https:\/\/www.visit-ulcinj.com\/blog\/","name":"Lajme nga Ulqini","description":"Lajme,Vijesti,Ulqini,Ulqin,Crna Gora,Mali i Zi","potentialAction":[{"@type":"SearchAction","target":{"@type":"EntryPoint","urlTemplate":"https:\/\/www.visit-ulcinj.com\/blog\/?s={search_term_string}"},"query-input":"required name=search_term_string"}],"inLanguage":"en-US"},{"@type":"ImageObject","inLanguage":"en-US","@id":"https:\/\/www.visit-ulcinj.com\/blog\/2012\/11\/07\/aktivistet-e-shoqates-ana-e-malit-ne-new-yorkndihmojne-te-demtuarit-nga-uragani\/#primaryimage","url":"http:\/\/www.visit-ulcinj.com\/blog\/wp-content\/uploads\/2012\/11\/Aktivistet-e-shoqates-Ana-e-Malit-ne-New-York.jpg","contentUrl":"http:\/\/www.visit-ulcinj.com\/blog\/wp-content\/uploads\/2012\/11\/Aktivistet-e-shoqates-Ana-e-Malit-ne-New-York.jpg"},{"@type":"WebPage","@id":"https:\/\/www.visit-ulcinj.com\/blog\/2012\/11\/07\/aktivistet-e-shoqates-ana-e-malit-ne-new-yorkndihmojne-te-demtuarit-nga-uragani\/#webpage","url":"https:\/\/www.visit-ulcinj.com\/blog\/2012\/11\/07\/aktivistet-e-shoqates-ana-e-malit-ne-new-yorkndihmojne-te-demtuarit-nga-uragani\/","name":"Aktivist\u0113t e shoqat\u0113s \"Ana e Malit\" n\u0113 New York,ndihmojn\u0113 t\u0113 d\u0113mtuarit nga uragani - Lajme nga Ulqini","isPartOf":{"@id":"https:\/\/www.visit-ulcinj.com\/blog\/#website"},"primaryImageOfPage":{"@id":"https:\/\/www.visit-ulcinj.com\/blog\/2012\/11\/07\/aktivistet-e-shoqates-ana-e-malit-ne-new-yorkndihmojne-te-demtuarit-nga-uragani\/#primaryimage"},"datePublished":"2012-11-07T06:38:54+00:00","dateModified":"2012-11-07T06:38:54+00:00","author":{"@id":"https:\/\/www.visit-ulcinj.com\/blog\/#\/schema\/person\/dcab619c614d3038751c63bc2aadc06d"},"description":"N\u0113 frym\u0113n solidarizuese me viktimat e\u00a0 d\u0113mtimeve materiale t\u0113 shkaktuara nga Uragani \"Sandy\"\u00a0 e jav\u0113s s\u0113 kaluar (29 Tetor 2012), nj\u0113 grup aktivist\u0113sh t\u0113","breadcrumb":{"@id":"https:\/\/www.visit-ulcinj.com\/blog\/2012\/11\/07\/aktivistet-e-shoqates-ana-e-malit-ne-new-yorkndihmojne-te-demtuarit-nga-uragani\/#breadcrumb"},"inLanguage":"en-US","potentialAction":[{"@type":"ReadAction","target":["https:\/\/www.visit-ulcinj.com\/blog\/2012\/11\/07\/aktivistet-e-shoqates-ana-e-malit-ne-new-yorkndihmojne-te-demtuarit-nga-uragani\/"]}]},{"@type":"BreadcrumbList","@id":"https:\/\/www.visit-ulcinj.com\/blog\/2012\/11\/07\/aktivistet-e-shoqates-ana-e-malit-ne-new-yorkndihmojne-te-demtuarit-nga-uragani\/#breadcrumb","itemListElement":[{"@type":"ListItem","position":1,"name":"Aktivist\u0113t e shoqat\u0113s &#8220;Ana e Malit&#8221; n\u0113 New York,ndihmojn\u0113 t\u0113 d\u0113mtuarit nga uragani"}]},{"@type":"Person","@id":"https:\/\/www.visit-ulcinj.com\/blog\/#\/schema\/person\/dcab619c614d3038751c63bc2aadc06d","name":"ulqini","sameAs":["http:\/\/www.visit-ulcinj.com"],"url":"https:\/\/www.visit-ulcinj.com\/blog\/author\/admin\/"}]}},"jetpack_featured_media_url":"","jetpack_sharing_enabled":true,"jetpack_shortlink":"https:\/\/wp.me\/pe6lTn-h1W","_links":{"self":[{"href":"https:\/\/www.visit-ulcinj.com\/blog\/wp-json\/wp\/v2\/posts\/65468"}],"collection":[{"href":"https:\/\/www.visit-ulcinj.com\/blog\/wp-json\/wp\/v2\/posts"}],"about":[{"href":"https:\/\/www.visit-ulcinj.com\/blog\/wp-json\/wp\/v2\/types\/post"}],"author":[{"embeddable":true,"href":"https:\/\/www.visit-ulcinj.com\/blog\/wp-json\/wp\/v2\/users\/1"}],"replies":[{"embeddable":true,"href":"https:\/\/www.visit-ulcinj.com\/blog\/wp-json\/wp\/v2\/comments?post=65468"}],"version-history":[{"count":1,"href":"https:\/\/www.visit-ulcinj.com\/blog\/wp-json\/wp\/v2\/posts\/65468\/revisions"}],"predecessor-version":[{"id":65471,"href":"https:\/\/www.visit-ulcinj.com\/blog\/wp-json\/wp\/v2\/posts\/65468\/revisions\/65471"}],"wp:attachment":[{"href":"https:\/\/www.visit-ulcinj.com\/blog\/wp-json\/wp\/v2\/media?parent=65468"}],"wp:term":[{"taxonomy":"category","embeddable":true,"href":"https:\/\/www.visit-ulcinj.com\/blog\/wp-json\/wp\/v2\/categories?post=65468"},{"taxonomy":"post_tag","embeddable":true,"href":"https:\/\/www.visit-ulcinj.com\/blog\/wp-json\/wp\/v2\/tags?post=65468"}],"curies":[{"name":"wp","href":"https:\/\/api.w.org\/{rel}","templated":true}]}}