{"id":65472,"date":"2012-11-07T15:43:33","date_gmt":"2012-11-07T14:43:33","guid":{"rendered":"http:\/\/www.visit-ulcinj.com\/blog\/?p=65472"},"modified":"2012-11-07T23:17:29","modified_gmt":"2012-11-07T22:17:29","slug":"ulcinj-pronadeni-ribari-knezevic-i-batricevic","status":"publish","type":"post","link":"https:\/\/www.visit-ulcinj.com\/blog\/2012\/11\/07\/ulcinj-pronadeni-ribari-knezevic-i-batricevic\/","title":{"rendered":"Ulcinj: Prona\u0111eni ribari Kne\u017eevi\u0107 i Batri\u0107evi\u0107 &#8211; Video"},"content":{"rendered":"<p><a href=\"http:\/\/www.visit-ulcinj.com\/blog\/wp-content\/uploads\/2012\/11\/Ada-Bojana_Ulqin_Ulqini.jpg\"><img loading=\"lazy\" class=\"alignleft  wp-image-65473\" title=\"Ada-Bojana_Ulqin_Ulqini\" src=\"http:\/\/www.visit-ulcinj.com\/blog\/wp-content\/uploads\/2012\/11\/Ada-Bojana_Ulqin_Ulqini.jpg\" alt=\"\" width=\"508\" height=\"360\" \/><\/a>Biv\u0161i \u0161ef ulcinjske policije Vlatko Kne\u017eevi\u0107 i njegov prijatelj Peri\u0161a Batri\u0107evi\u0107, iskusni ribar iz Ulcinja, nestali su ju\u010de u talasima na otvorenom moru naspram pla\u017ee Kopakabana, dva sata nakon \u0161to su isplovili iz Bojane.<\/p>\n<p>Pripadnici Plovne jedinice Ulcinj i Uprave pomorske sigurnosti sino\u0107 su tragali za nestalim ribarima, koji su ju\u010de oko 15 \u010dasova sa barkom krenuli prema mre\u017eama, koje su se nalazile na otvorenom moru, pi\u0161u Vijesti.<\/p>\n<p>Kako pi\u0161e podgori\u010dki list telefoni Kne\u017eevi\u0107a i Batri\u0107evi\u0107a bili su van dometa, \u0161to je za posljedicu imalo opse\u017enu akciju pomorskih snaga.<\/p>\n<p>U akciju spa\u0161avanja bile su uklju\u010dene i albanske pomorske snage, jer su morske struje i talasi sna\u017eno nosile ju\u017eno, odnosno prema Otranskim vratima.<\/p>\n<p><strong>Izvor: Vijesti \/ CDM<\/strong><br \/>\n<iframe loading=\"lazy\" width=\"508\" height=\"360\" src=\"http:\/\/www.youtube.com\/embed\/31FYzONxo9c\" frameborder=\"0\" allowfullscreen><\/iframe><\/p>\n","protected":false},"excerpt":{"rendered":"<p>Biv\u0161i \u0161ef ulcinjske policije Vlatko Kne\u017eevi\u0107 i njegov prijatelj Peri\u0161a Batri\u0107evi\u0107, iskusni ribar iz Ulcinja, nestali su ju\u010de u talasima na otvorenom moru naspram pla\u017ee Kopakabana, dva sata nakon \u0161to su isplovili iz Bojane. Pripadnici Plovne jedinice Ulcinj i Uprave pomorske sigurnosti sino\u0107 su tragali za nestalim ribarima, koji su ju\u010de oko 15 \u010dasova sa [&hellip;]<\/p>\n","protected":false},"author":1,"featured_media":0,"comment_status":"open","ping_status":"closed","sticky":false,"template":"","format":"standard","meta":{"spay_email":"","jetpack_publicize_message":"","jetpack_is_tweetstorm":false,"jetpack_publicize_feature_enabled":true},"categories":[6950],"tags":[138,19],"jetpack_publicize_connections":[],"yoast_head":"<!-- This site is optimized with the Yoast SEO plugin v19.1 - https:\/\/yoast.com\/wordpress\/plugins\/seo\/ -->\n<title>Ulcinj: Prona\u0111eni ribari Kne\u017eevi\u0107 i Batri\u0107evi\u0107 - Video - Lajme nga Ulqini<\/title>\n<meta name=\"description\" content=\"Biv\u0161i \u0161ef ulcinjske policije Vlatko Kne\u017eevi\u0107 i njegov prijatelj Peri\u0161a Batri\u0107evi\u0107, iskusni ribar iz Ulcinja, nestali su ju\u010de u talasima na otvorenom moru\" \/>\n<meta name=\"robots\" content=\"index, follow, max-snippet:-1, max-image-preview:large, max-video-preview:-1\" \/>\n<link rel=\"canonical\" href=\"https:\/\/www.visit-ulcinj.com\/blog\/2012\/11\/07\/ulcinj-pronadeni-ribari-knezevic-i-batricevic\/\" \/>\n<meta property=\"og:locale\" content=\"en_US\" \/>\n<meta property=\"og:type\" content=\"article\" \/>\n<meta property=\"og:title\" content=\"Ulcinj: Prona\u0111eni ribari Kne\u017eevi\u0107 i Batri\u0107evi\u0107 - Video - Lajme nga Ulqini\" \/>\n<meta property=\"og:description\" content=\"Biv\u0161i \u0161ef ulcinjske policije Vlatko Kne\u017eevi\u0107 i njegov prijatelj Peri\u0161a Batri\u0107evi\u0107, iskusni ribar iz Ulcinja, nestali su ju\u010de u talasima na otvorenom moru\" \/>\n<meta property=\"og:url\" content=\"https:\/\/www.visit-ulcinj.com\/blog\/2012\/11\/07\/ulcinj-pronadeni-ribari-knezevic-i-batricevic\/\" \/>\n<meta property=\"og:site_name\" content=\"Lajme nga Ulqini\" \/>\n<meta property=\"article:published_time\" content=\"2012-11-07T14:43:33+00:00\" \/>\n<meta property=\"article:modified_time\" content=\"2012-11-07T22:17:29+00:00\" \/>\n<meta property=\"og:image\" content=\"http:\/\/www.visit-ulcinj.com\/blog\/wp-content\/uploads\/2012\/11\/Ada-Bojana_Ulqin_Ulqini.jpg\" \/>\n<meta name=\"twitter:label1\" content=\"Written by\" \/>\n\t<meta name=\"twitter:data1\" content=\"ulqini\" \/>\n\t<meta name=\"twitter:label2\" content=\"Est. reading time\" \/>\n\t<meta name=\"twitter:data2\" content=\"1 minute\" \/>\n<script type=\"application\/ld+json\" class=\"yoast-schema-graph\">{\"@context\":\"https:\/\/schema.org\",\"@graph\":[{\"@type\":\"WebSite\",\"@id\":\"https:\/\/www.visit-ulcinj.com\/blog\/#website\",\"url\":\"https:\/\/www.visit-ulcinj.com\/blog\/\",\"name\":\"Lajme nga Ulqini\",\"description\":\"Lajme,Vijesti,Ulqini,Ulqin,Crna Gora,Mali i Zi\",\"potentialAction\":[{\"@type\":\"SearchAction\",\"target\":{\"@type\":\"EntryPoint\",\"urlTemplate\":\"https:\/\/www.visit-ulcinj.com\/blog\/?s={search_term_string}\"},\"query-input\":\"required name=search_term_string\"}],\"inLanguage\":\"en-US\"},{\"@type\":\"ImageObject\",\"inLanguage\":\"en-US\",\"@id\":\"https:\/\/www.visit-ulcinj.com\/blog\/2012\/11\/07\/ulcinj-pronadeni-ribari-knezevic-i-batricevic\/#primaryimage\",\"url\":\"https:\/\/www.visit-ulcinj.com\/blog\/wp-content\/uploads\/2012\/11\/Ada-Bojana_Ulqin_Ulqini.jpg\",\"contentUrl\":\"https:\/\/www.visit-ulcinj.com\/blog\/wp-content\/uploads\/2012\/11\/Ada-Bojana_Ulqin_Ulqini.jpg\",\"width\":\"800\",\"height\":\"533\"},{\"@type\":\"WebPage\",\"@id\":\"https:\/\/www.visit-ulcinj.com\/blog\/2012\/11\/07\/ulcinj-pronadeni-ribari-knezevic-i-batricevic\/#webpage\",\"url\":\"https:\/\/www.visit-ulcinj.com\/blog\/2012\/11\/07\/ulcinj-pronadeni-ribari-knezevic-i-batricevic\/\",\"name\":\"Ulcinj: Prona\u0111eni ribari Kne\u017eevi\u0107 i Batri\u0107evi\u0107 - Video - Lajme nga Ulqini\",\"isPartOf\":{\"@id\":\"https:\/\/www.visit-ulcinj.com\/blog\/#website\"},\"primaryImageOfPage\":{\"@id\":\"https:\/\/www.visit-ulcinj.com\/blog\/2012\/11\/07\/ulcinj-pronadeni-ribari-knezevic-i-batricevic\/#primaryimage\"},\"datePublished\":\"2012-11-07T14:43:33+00:00\",\"dateModified\":\"2012-11-07T22:17:29+00:00\",\"author\":{\"@id\":\"https:\/\/www.visit-ulcinj.com\/blog\/#\/schema\/person\/dcab619c614d3038751c63bc2aadc06d\"},\"description\":\"Biv\u0161i \u0161ef ulcinjske policije Vlatko Kne\u017eevi\u0107 i njegov prijatelj Peri\u0161a Batri\u0107evi\u0107, iskusni ribar iz Ulcinja, nestali su ju\u010de u talasima na otvorenom moru\",\"breadcrumb\":{\"@id\":\"https:\/\/www.visit-ulcinj.com\/blog\/2012\/11\/07\/ulcinj-pronadeni-ribari-knezevic-i-batricevic\/#breadcrumb\"},\"inLanguage\":\"en-US\",\"potentialAction\":[{\"@type\":\"ReadAction\",\"target\":[\"https:\/\/www.visit-ulcinj.com\/blog\/2012\/11\/07\/ulcinj-pronadeni-ribari-knezevic-i-batricevic\/\"]}]},{\"@type\":\"BreadcrumbList\",\"@id\":\"https:\/\/www.visit-ulcinj.com\/blog\/2012\/11\/07\/ulcinj-pronadeni-ribari-knezevic-i-batricevic\/#breadcrumb\",\"itemListElement\":[{\"@type\":\"ListItem\",\"position\":1,\"name\":\"Ulcinj: Prona\u0111eni ribari Kne\u017eevi\u0107 i Batri\u0107evi\u0107 &#8211; Video\"}]},{\"@type\":\"Person\",\"@id\":\"https:\/\/www.visit-ulcinj.com\/blog\/#\/schema\/person\/dcab619c614d3038751c63bc2aadc06d\",\"name\":\"ulqini\",\"sameAs\":[\"http:\/\/www.visit-ulcinj.com\"],\"url\":\"https:\/\/www.visit-ulcinj.com\/blog\/author\/admin\/\"}]}<\/script>\n<!-- \/ Yoast SEO plugin. -->","yoast_head_json":{"title":"Ulcinj: Prona\u0111eni ribari Kne\u017eevi\u0107 i Batri\u0107evi\u0107 - Video - Lajme nga Ulqini","description":"Biv\u0161i \u0161ef ulcinjske policije Vlatko Kne\u017eevi\u0107 i njegov prijatelj Peri\u0161a Batri\u0107evi\u0107, iskusni ribar iz Ulcinja, nestali su ju\u010de u talasima na otvorenom moru","robots":{"index":"index","follow":"follow","max-snippet":"max-snippet:-1","max-image-preview":"max-image-preview:large","max-video-preview":"max-video-preview:-1"},"canonical":"https:\/\/www.visit-ulcinj.com\/blog\/2012\/11\/07\/ulcinj-pronadeni-ribari-knezevic-i-batricevic\/","og_locale":"en_US","og_type":"article","og_title":"Ulcinj: Prona\u0111eni ribari Kne\u017eevi\u0107 i Batri\u0107evi\u0107 - Video - Lajme nga Ulqini","og_description":"Biv\u0161i \u0161ef ulcinjske policije Vlatko Kne\u017eevi\u0107 i njegov prijatelj Peri\u0161a Batri\u0107evi\u0107, iskusni ribar iz Ulcinja, nestali su ju\u010de u talasima na otvorenom moru","og_url":"https:\/\/www.visit-ulcinj.com\/blog\/2012\/11\/07\/ulcinj-pronadeni-ribari-knezevic-i-batricevic\/","og_site_name":"Lajme nga Ulqini","article_published_time":"2012-11-07T14:43:33+00:00","article_modified_time":"2012-11-07T22:17:29+00:00","og_image":[{"url":"http:\/\/www.visit-ulcinj.com\/blog\/wp-content\/uploads\/2012\/11\/Ada-Bojana_Ulqin_Ulqini.jpg"}],"twitter_misc":{"Written by":"ulqini","Est. reading time":"1 minute"},"schema":{"@context":"https:\/\/schema.org","@graph":[{"@type":"WebSite","@id":"https:\/\/www.visit-ulcinj.com\/blog\/#website","url":"https:\/\/www.visit-ulcinj.com\/blog\/","name":"Lajme nga Ulqini","description":"Lajme,Vijesti,Ulqini,Ulqin,Crna Gora,Mali i Zi","potentialAction":[{"@type":"SearchAction","target":{"@type":"EntryPoint","urlTemplate":"https:\/\/www.visit-ulcinj.com\/blog\/?s={search_term_string}"},"query-input":"required name=search_term_string"}],"inLanguage":"en-US"},{"@type":"ImageObject","inLanguage":"en-US","@id":"https:\/\/www.visit-ulcinj.com\/blog\/2012\/11\/07\/ulcinj-pronadeni-ribari-knezevic-i-batricevic\/#primaryimage","url":"https:\/\/www.visit-ulcinj.com\/blog\/wp-content\/uploads\/2012\/11\/Ada-Bojana_Ulqin_Ulqini.jpg","contentUrl":"https:\/\/www.visit-ulcinj.com\/blog\/wp-content\/uploads\/2012\/11\/Ada-Bojana_Ulqin_Ulqini.jpg","width":"800","height":"533"},{"@type":"WebPage","@id":"https:\/\/www.visit-ulcinj.com\/blog\/2012\/11\/07\/ulcinj-pronadeni-ribari-knezevic-i-batricevic\/#webpage","url":"https:\/\/www.visit-ulcinj.com\/blog\/2012\/11\/07\/ulcinj-pronadeni-ribari-knezevic-i-batricevic\/","name":"Ulcinj: Prona\u0111eni ribari Kne\u017eevi\u0107 i Batri\u0107evi\u0107 - Video - Lajme nga Ulqini","isPartOf":{"@id":"https:\/\/www.visit-ulcinj.com\/blog\/#website"},"primaryImageOfPage":{"@id":"https:\/\/www.visit-ulcinj.com\/blog\/2012\/11\/07\/ulcinj-pronadeni-ribari-knezevic-i-batricevic\/#primaryimage"},"datePublished":"2012-11-07T14:43:33+00:00","dateModified":"2012-11-07T22:17:29+00:00","author":{"@id":"https:\/\/www.visit-ulcinj.com\/blog\/#\/schema\/person\/dcab619c614d3038751c63bc2aadc06d"},"description":"Biv\u0161i \u0161ef ulcinjske policije Vlatko Kne\u017eevi\u0107 i njegov prijatelj Peri\u0161a Batri\u0107evi\u0107, iskusni ribar iz Ulcinja, nestali su ju\u010de u talasima na otvorenom moru","breadcrumb":{"@id":"https:\/\/www.visit-ulcinj.com\/blog\/2012\/11\/07\/ulcinj-pronadeni-ribari-knezevic-i-batricevic\/#breadcrumb"},"inLanguage":"en-US","potentialAction":[{"@type":"ReadAction","target":["https:\/\/www.visit-ulcinj.com\/blog\/2012\/11\/07\/ulcinj-pronadeni-ribari-knezevic-i-batricevic\/"]}]},{"@type":"BreadcrumbList","@id":"https:\/\/www.visit-ulcinj.com\/blog\/2012\/11\/07\/ulcinj-pronadeni-ribari-knezevic-i-batricevic\/#breadcrumb","itemListElement":[{"@type":"ListItem","position":1,"name":"Ulcinj: Prona\u0111eni ribari Kne\u017eevi\u0107 i Batri\u0107evi\u0107 &#8211; Video"}]},{"@type":"Person","@id":"https:\/\/www.visit-ulcinj.com\/blog\/#\/schema\/person\/dcab619c614d3038751c63bc2aadc06d","name":"ulqini","sameAs":["http:\/\/www.visit-ulcinj.com"],"url":"https:\/\/www.visit-ulcinj.com\/blog\/author\/admin\/"}]}},"jetpack_featured_media_url":"","jetpack_sharing_enabled":true,"jetpack_shortlink":"https:\/\/wp.me\/pe6lTn-h20","_links":{"self":[{"href":"https:\/\/www.visit-ulcinj.com\/blog\/wp-json\/wp\/v2\/posts\/65472"}],"collection":[{"href":"https:\/\/www.visit-ulcinj.com\/blog\/wp-json\/wp\/v2\/posts"}],"about":[{"href":"https:\/\/www.visit-ulcinj.com\/blog\/wp-json\/wp\/v2\/types\/post"}],"author":[{"embeddable":true,"href":"https:\/\/www.visit-ulcinj.com\/blog\/wp-json\/wp\/v2\/users\/1"}],"replies":[{"embeddable":true,"href":"https:\/\/www.visit-ulcinj.com\/blog\/wp-json\/wp\/v2\/comments?post=65472"}],"version-history":[{"count":3,"href":"https:\/\/www.visit-ulcinj.com\/blog\/wp-json\/wp\/v2\/posts\/65472\/revisions"}],"predecessor-version":[{"id":65495,"href":"https:\/\/www.visit-ulcinj.com\/blog\/wp-json\/wp\/v2\/posts\/65472\/revisions\/65495"}],"wp:attachment":[{"href":"https:\/\/www.visit-ulcinj.com\/blog\/wp-json\/wp\/v2\/media?parent=65472"}],"wp:term":[{"taxonomy":"category","embeddable":true,"href":"https:\/\/www.visit-ulcinj.com\/blog\/wp-json\/wp\/v2\/categories?post=65472"},{"taxonomy":"post_tag","embeddable":true,"href":"https:\/\/www.visit-ulcinj.com\/blog\/wp-json\/wp\/v2\/tags?post=65472"}],"curies":[{"name":"wp","href":"https:\/\/api.w.org\/{rel}","templated":true}]}}