{"id":65476,"date":"2012-11-07T18:30:09","date_gmt":"2012-11-07T17:30:09","guid":{"rendered":"http:\/\/www.visit-ulcinj.com\/blog\/?p=65476"},"modified":"2012-11-07T18:35:42","modified_gmt":"2012-11-07T17:35:42","slug":"cungu-maslinjaci-da-se-vrate-vlasnicima","status":"publish","type":"post","link":"https:\/\/www.visit-ulcinj.com\/blog\/2012\/11\/07\/cungu-maslinjaci-da-se-vrate-vlasnicima\/","title":{"rendered":"Cungu: Maslinjaci da se vrate vlasnicima"},"content":{"rendered":"<p><strong><a href=\"http:\/\/www.visit-ulcinj.com\/blog\/wp-content\/uploads\/2012\/11\/Nazif-Cungu-koalicija.jpg\"><img loading=\"lazy\" class=\"alignleft  wp-image-65477\" title=\"Nazif Cungu-koalicija\" src=\"http:\/\/www.visit-ulcinj.com\/blog\/wp-content\/uploads\/2012\/11\/Nazif-Cungu-koalicija.jpg\" alt=\"\" width=\"508\" height=\"360\" \/><\/a>Lider Force najavio da \u0107e nastaviti da se bori za deeksproprijaciju imovine u Valdanosu<\/strong><\/p>\n<p>ULCINj \u2013 Ukoliko Nova demokratska snaga Forca bude dio vlasti na dr\u017eavnom nivou, nastavi\u0107e da se zala\u017ee da se imovina oduzeta u Valdanosu vrati biv\u0161im vlasnicima, izjavio je \u201eDanu\u201d lider te partije Nazif Cungu.<br \/>\n\u2013 Pitanje povra\u0107aja imovine za nas nije rije\u0161eno pitanje pa smo i u zajedni\u010dkoj platformi za pregovore sa Koalicijom \u201eEvropska Crna Gora\u201d, koju smo potpisali sa HGI i Bo\u0161nja\u010dkom strankom, dogovorili da jedan od zahtjeva za sklapanje budu\u0107e vladaju\u0107e koalicije bude i vra\u0107anje oduzete imovine. Kada to ka\u017eem ne mislim samo na Valdanos ve\u0107 na svu imovinu koja nije vra\u0107ena, a na koju biv\u0161i vlasnici po zakonu imaju pravo. Taj na\u0161 sporazum koji smo ponudili DPS-u, SDP-u i LP-u u potpunosti je prihva\u0107en tako da mislimo da tu ne\u0107e biti problema \u2013 nagla\u0161ava Cungu.<br \/>\nPrema njegovim rije\u010dima manjinske partije nijesu definisale neke rokove za restituciju jer se radi o slo\u017eenom procesu.<br \/>\n\u2013 Vidje\u0107emo u nastavku pregovora da li ima prostora za detaljniji dogovor, u smislu odre\u0111ivanja datuma do kada bi taj proces trebalo da se okon\u010da. Mislim da \u0107emo oko toga jo\u0161 razgovarati jer smo mi nazna\u010dili to kao jedno od otvorenih pitanja koje se mora rije\u0161iti. Forca ne\u0107e odustati od ranijih zahtjeva koje je pokrenula prije nekoliko godina. Vra\u0107anje imovine je jedan od na\u0161ih programskih principa i mi ne\u0107emo odustati od toga \u2013 tvrdi lider Force koja je, podsje\u0107amo, takore\u0107i od osnivanja pokrenuo pitanje restitucije oko milion kvadrata i 18 hiljada stabala masline koji su rje\u0161enjem SO Ulcinj iz 1978. godine oduzeta od 204 vlasnika radi izgradnje vojnog objekta trajnog karaktera. U toj partiji smatraju da je korisnik eksproprijacije odustao od gradnje vojnog objekta stalnog karaktera, a biv\u0161a dr\u017eava je potom maslinjak vratila Crnoj Gori. Imovina do danas nije vra\u0107ena op\u0161tini Ulcinj na kori\u0161\u0107enje i raspolaganje, jer je Vlada CG odlu\u010dila da proda, odnosno da da u zakup tu imovinu. Forca je 2007. godine u SO Ulcinj inicirala odluku o povra\u0107aju, odnosno deeksproprijaciji imovine u Valdanosu, a zahvaljuju\u0107i tada\u0161njoj ve\u0107ini u lokalnom parlamentu odluka je usvojena i objavljena iste godine (Sl.list RCG, op\u0161tinski propisi br.18 od 18.05.2007. godine). Proteklih godina najvi\u0161i funkcioneri Force u vi\u0161e navrata su se protivili namjeri Vlade da Valdanos valorizuje tako \u0161to \u0107e taj po mnogo \u010demu jedinstveni lokalitet izdati u vi\u0161edecenijski zakup. Svojevremeno je potpredsjednik Force D\u017eaudet Cakuli pozvao potencijalne investitore da se bli\u017ee upoznaju sa problematikom vlasni\u0161tva tog dijela ulcinjske obale prije nego se odlu\u010de za investicije.<br \/>\n\u2013 Potencijalni investitori, moraju imati u vidu \u010dinjenicu da se u vezi sa vlasni\u0161tvom u uvali Valdanos vode sudski sporovi u Crnoj Gori te da je ve\u0107 dosta predmeta stiglo i do Me\u0111unarodnog suda za za\u0161titu ljudskih prava u Strazburu. Smatram da \u0107e oni nai\u0107i na velike probleme prilikom eventualne realizacije investicija i pozivam ih da dobro razmisle o kona\u010dnom ishodu velikih ulaganja njihovog kapitala. Poznata je pravna \u010dinjenica da imovinska prava nikad ne zastarijevaju, te je bolje da sami \u0161to prije zavr\u0161imo povra\u0107aj jer, nakon \u0161to tako bude presudio sud u Strazburu, puno \u0107e nas vi\u0161e ko\u0161tati. Eventualni dogovor i ugovaranje investicija u Valdanosu treba da nastupi tek nakon povra\u0107aja maslinade \u2013 izjavio je tada Cakuli.<br \/>\n<strong>M.K.<br \/>\n<a href=\"http:\/\/www.visit-ulcinj.com\/blog\/wp-content\/uploads\/2012\/11\/Fatmir-Gjeka_Dritan-Abazovic.jpg\"><img loading=\"lazy\" class=\"alignleft  wp-image-65479\" title=\"Fatmir Gjeka_Dritan Abazovic\" src=\"http:\/\/www.visit-ulcinj.com\/blog\/wp-content\/uploads\/2012\/11\/Fatmir-Gjeka_Dritan-Abazovic.jpg\" alt=\"\" width=\"508\" height=\"333\" \/><\/a><br \/>\n<\/strong><\/p>\n<p><strong> Svi za povra\u0107aj imovine<\/strong><br \/>\nVra\u0107anje oduzete privatne imovine u Valdanosu barem do sada su podr\u017eavale sve politi\u010dke partije u najju\u017enijoj crnogorskoj op\u0161tini. Ako je suditi po izjavama politi\u010dara i stavovima partija, reklo bi se da ne postoji prepreka da se ispravi na stotine nepravdi iz vremena biv\u0161e SFRJ. Albanske partije DP, PDP, Perspektiva, kao i Nova i SNP nemaju su\u0161tinskih razlika u pogledu vra\u0107anja imovine i maslinjaka. Dodu\u0161e, DPS i SDP, imaju namjeru da po principu \u201ei vuk sit i ovce na broju\u201d zadovolje biv\u0161e vlasnike tako \u0161to \u0107e im dozvoliti eksploataciju maslinjaka ali ne i potpuno vra\u0107anje imovine.<\/p>\n<p><strong>Izvor: DAN<\/strong><\/p>\n","protected":false},"excerpt":{"rendered":"<p>Lider Force najavio da \u0107e nastaviti da se bori za deeksproprijaciju imovine u Valdanosu ULCINj \u2013 Ukoliko Nova demokratska snaga Forca bude dio vlasti na dr\u017eavnom nivou, nastavi\u0107e da se zala\u017ee da se imovina oduzeta u Valdanosu vrati biv\u0161im vlasnicima, izjavio je \u201eDanu\u201d lider te partije Nazif Cungu. \u2013 Pitanje povra\u0107aja imovine za nas nije [&hellip;]<\/p>\n","protected":false},"author":1,"featured_media":0,"comment_status":"open","ping_status":"closed","sticky":false,"template":"","format":"standard","meta":{"spay_email":"","jetpack_publicize_message":"","jetpack_is_tweetstorm":false,"jetpack_publicize_feature_enabled":true},"categories":[8337],"tags":[118,19],"jetpack_publicize_connections":[],"yoast_head":"<!-- This site is optimized with the Yoast SEO plugin v19.1 - https:\/\/yoast.com\/wordpress\/plugins\/seo\/ -->\n<title>Cungu: Maslinjaci da se vrate vlasnicima - Lajme nga Ulqini<\/title>\n<meta name=\"description\" content=\"Lider Force najavio da \u0107e nastaviti da se bori za deeksproprijaciju imovine u Valdanosu ULCINj \u2013 Ukoliko Nova demokratska snaga Forca bude dio vlasti na\" \/>\n<meta name=\"robots\" content=\"index, follow, max-snippet:-1, max-image-preview:large, max-video-preview:-1\" \/>\n<link rel=\"canonical\" href=\"https:\/\/www.visit-ulcinj.com\/blog\/2012\/11\/07\/cungu-maslinjaci-da-se-vrate-vlasnicima\/\" \/>\n<meta property=\"og:locale\" content=\"en_US\" \/>\n<meta property=\"og:type\" content=\"article\" \/>\n<meta property=\"og:title\" content=\"Cungu: Maslinjaci da se vrate vlasnicima - Lajme nga Ulqini\" \/>\n<meta property=\"og:description\" content=\"Lider Force najavio da \u0107e nastaviti da se bori za deeksproprijaciju imovine u Valdanosu ULCINj \u2013 Ukoliko Nova demokratska snaga Forca bude dio vlasti na\" \/>\n<meta property=\"og:url\" content=\"https:\/\/www.visit-ulcinj.com\/blog\/2012\/11\/07\/cungu-maslinjaci-da-se-vrate-vlasnicima\/\" \/>\n<meta property=\"og:site_name\" content=\"Lajme nga Ulqini\" \/>\n<meta property=\"article:published_time\" content=\"2012-11-07T17:30:09+00:00\" \/>\n<meta property=\"article:modified_time\" content=\"2012-11-07T17:35:42+00:00\" \/>\n<meta property=\"og:image\" content=\"http:\/\/www.visit-ulcinj.com\/blog\/wp-content\/uploads\/2012\/11\/Nazif-Cungu-koalicija.jpg\" \/>\n<meta name=\"twitter:label1\" content=\"Written by\" \/>\n\t<meta name=\"twitter:data1\" content=\"ulqini\" \/>\n\t<meta name=\"twitter:label2\" content=\"Est. reading time\" \/>\n\t<meta name=\"twitter:data2\" content=\"3 minutes\" \/>\n<script type=\"application\/ld+json\" class=\"yoast-schema-graph\">{\"@context\":\"https:\/\/schema.org\",\"@graph\":[{\"@type\":\"WebSite\",\"@id\":\"https:\/\/www.visit-ulcinj.com\/blog\/#website\",\"url\":\"https:\/\/www.visit-ulcinj.com\/blog\/\",\"name\":\"Lajme nga Ulqini\",\"description\":\"Lajme,Vijesti,Ulqini,Ulqin,Crna Gora,Mali i Zi\",\"potentialAction\":[{\"@type\":\"SearchAction\",\"target\":{\"@type\":\"EntryPoint\",\"urlTemplate\":\"https:\/\/www.visit-ulcinj.com\/blog\/?s={search_term_string}\"},\"query-input\":\"required name=search_term_string\"}],\"inLanguage\":\"en-US\"},{\"@type\":\"ImageObject\",\"inLanguage\":\"en-US\",\"@id\":\"https:\/\/www.visit-ulcinj.com\/blog\/2012\/11\/07\/cungu-maslinjaci-da-se-vrate-vlasnicima\/#primaryimage\",\"url\":\"https:\/\/www.visit-ulcinj.com\/blog\/wp-content\/uploads\/2012\/11\/Nazif-Cungu-koalicija.jpg\",\"contentUrl\":\"https:\/\/www.visit-ulcinj.com\/blog\/wp-content\/uploads\/2012\/11\/Nazif-Cungu-koalicija.jpg\",\"width\":\"1000\",\"height\":\"631\"},{\"@type\":\"WebPage\",\"@id\":\"https:\/\/www.visit-ulcinj.com\/blog\/2012\/11\/07\/cungu-maslinjaci-da-se-vrate-vlasnicima\/#webpage\",\"url\":\"https:\/\/www.visit-ulcinj.com\/blog\/2012\/11\/07\/cungu-maslinjaci-da-se-vrate-vlasnicima\/\",\"name\":\"Cungu: Maslinjaci da se vrate vlasnicima - Lajme nga Ulqini\",\"isPartOf\":{\"@id\":\"https:\/\/www.visit-ulcinj.com\/blog\/#website\"},\"primaryImageOfPage\":{\"@id\":\"https:\/\/www.visit-ulcinj.com\/blog\/2012\/11\/07\/cungu-maslinjaci-da-se-vrate-vlasnicima\/#primaryimage\"},\"datePublished\":\"2012-11-07T17:30:09+00:00\",\"dateModified\":\"2012-11-07T17:35:42+00:00\",\"author\":{\"@id\":\"https:\/\/www.visit-ulcinj.com\/blog\/#\/schema\/person\/dcab619c614d3038751c63bc2aadc06d\"},\"description\":\"Lider Force najavio da \u0107e nastaviti da se bori za deeksproprijaciju imovine u Valdanosu ULCINj \u2013 Ukoliko Nova demokratska snaga Forca bude dio vlasti na\",\"breadcrumb\":{\"@id\":\"https:\/\/www.visit-ulcinj.com\/blog\/2012\/11\/07\/cungu-maslinjaci-da-se-vrate-vlasnicima\/#breadcrumb\"},\"inLanguage\":\"en-US\",\"potentialAction\":[{\"@type\":\"ReadAction\",\"target\":[\"https:\/\/www.visit-ulcinj.com\/blog\/2012\/11\/07\/cungu-maslinjaci-da-se-vrate-vlasnicima\/\"]}]},{\"@type\":\"BreadcrumbList\",\"@id\":\"https:\/\/www.visit-ulcinj.com\/blog\/2012\/11\/07\/cungu-maslinjaci-da-se-vrate-vlasnicima\/#breadcrumb\",\"itemListElement\":[{\"@type\":\"ListItem\",\"position\":1,\"name\":\"Cungu: Maslinjaci da se vrate vlasnicima\"}]},{\"@type\":\"Person\",\"@id\":\"https:\/\/www.visit-ulcinj.com\/blog\/#\/schema\/person\/dcab619c614d3038751c63bc2aadc06d\",\"name\":\"ulqini\",\"sameAs\":[\"http:\/\/www.visit-ulcinj.com\"],\"url\":\"https:\/\/www.visit-ulcinj.com\/blog\/author\/admin\/\"}]}<\/script>\n<!-- \/ Yoast SEO plugin. -->","yoast_head_json":{"title":"Cungu: Maslinjaci da se vrate vlasnicima - Lajme nga Ulqini","description":"Lider Force najavio da \u0107e nastaviti da se bori za deeksproprijaciju imovine u Valdanosu ULCINj \u2013 Ukoliko Nova demokratska snaga Forca bude dio vlasti na","robots":{"index":"index","follow":"follow","max-snippet":"max-snippet:-1","max-image-preview":"max-image-preview:large","max-video-preview":"max-video-preview:-1"},"canonical":"https:\/\/www.visit-ulcinj.com\/blog\/2012\/11\/07\/cungu-maslinjaci-da-se-vrate-vlasnicima\/","og_locale":"en_US","og_type":"article","og_title":"Cungu: Maslinjaci da se vrate vlasnicima - Lajme nga Ulqini","og_description":"Lider Force najavio da \u0107e nastaviti da se bori za deeksproprijaciju imovine u Valdanosu ULCINj \u2013 Ukoliko Nova demokratska snaga Forca bude dio vlasti na","og_url":"https:\/\/www.visit-ulcinj.com\/blog\/2012\/11\/07\/cungu-maslinjaci-da-se-vrate-vlasnicima\/","og_site_name":"Lajme nga Ulqini","article_published_time":"2012-11-07T17:30:09+00:00","article_modified_time":"2012-11-07T17:35:42+00:00","og_image":[{"url":"http:\/\/www.visit-ulcinj.com\/blog\/wp-content\/uploads\/2012\/11\/Nazif-Cungu-koalicija.jpg"}],"twitter_misc":{"Written by":"ulqini","Est. reading time":"3 minutes"},"schema":{"@context":"https:\/\/schema.org","@graph":[{"@type":"WebSite","@id":"https:\/\/www.visit-ulcinj.com\/blog\/#website","url":"https:\/\/www.visit-ulcinj.com\/blog\/","name":"Lajme nga Ulqini","description":"Lajme,Vijesti,Ulqini,Ulqin,Crna Gora,Mali i Zi","potentialAction":[{"@type":"SearchAction","target":{"@type":"EntryPoint","urlTemplate":"https:\/\/www.visit-ulcinj.com\/blog\/?s={search_term_string}"},"query-input":"required name=search_term_string"}],"inLanguage":"en-US"},{"@type":"ImageObject","inLanguage":"en-US","@id":"https:\/\/www.visit-ulcinj.com\/blog\/2012\/11\/07\/cungu-maslinjaci-da-se-vrate-vlasnicima\/#primaryimage","url":"https:\/\/www.visit-ulcinj.com\/blog\/wp-content\/uploads\/2012\/11\/Nazif-Cungu-koalicija.jpg","contentUrl":"https:\/\/www.visit-ulcinj.com\/blog\/wp-content\/uploads\/2012\/11\/Nazif-Cungu-koalicija.jpg","width":"1000","height":"631"},{"@type":"WebPage","@id":"https:\/\/www.visit-ulcinj.com\/blog\/2012\/11\/07\/cungu-maslinjaci-da-se-vrate-vlasnicima\/#webpage","url":"https:\/\/www.visit-ulcinj.com\/blog\/2012\/11\/07\/cungu-maslinjaci-da-se-vrate-vlasnicima\/","name":"Cungu: Maslinjaci da se vrate vlasnicima - Lajme nga Ulqini","isPartOf":{"@id":"https:\/\/www.visit-ulcinj.com\/blog\/#website"},"primaryImageOfPage":{"@id":"https:\/\/www.visit-ulcinj.com\/blog\/2012\/11\/07\/cungu-maslinjaci-da-se-vrate-vlasnicima\/#primaryimage"},"datePublished":"2012-11-07T17:30:09+00:00","dateModified":"2012-11-07T17:35:42+00:00","author":{"@id":"https:\/\/www.visit-ulcinj.com\/blog\/#\/schema\/person\/dcab619c614d3038751c63bc2aadc06d"},"description":"Lider Force najavio da \u0107e nastaviti da se bori za deeksproprijaciju imovine u Valdanosu ULCINj \u2013 Ukoliko Nova demokratska snaga Forca bude dio vlasti na","breadcrumb":{"@id":"https:\/\/www.visit-ulcinj.com\/blog\/2012\/11\/07\/cungu-maslinjaci-da-se-vrate-vlasnicima\/#breadcrumb"},"inLanguage":"en-US","potentialAction":[{"@type":"ReadAction","target":["https:\/\/www.visit-ulcinj.com\/blog\/2012\/11\/07\/cungu-maslinjaci-da-se-vrate-vlasnicima\/"]}]},{"@type":"BreadcrumbList","@id":"https:\/\/www.visit-ulcinj.com\/blog\/2012\/11\/07\/cungu-maslinjaci-da-se-vrate-vlasnicima\/#breadcrumb","itemListElement":[{"@type":"ListItem","position":1,"name":"Cungu: Maslinjaci da se vrate vlasnicima"}]},{"@type":"Person","@id":"https:\/\/www.visit-ulcinj.com\/blog\/#\/schema\/person\/dcab619c614d3038751c63bc2aadc06d","name":"ulqini","sameAs":["http:\/\/www.visit-ulcinj.com"],"url":"https:\/\/www.visit-ulcinj.com\/blog\/author\/admin\/"}]}},"jetpack_featured_media_url":"","jetpack_sharing_enabled":true,"jetpack_shortlink":"https:\/\/wp.me\/pe6lTn-h24","_links":{"self":[{"href":"https:\/\/www.visit-ulcinj.com\/blog\/wp-json\/wp\/v2\/posts\/65476"}],"collection":[{"href":"https:\/\/www.visit-ulcinj.com\/blog\/wp-json\/wp\/v2\/posts"}],"about":[{"href":"https:\/\/www.visit-ulcinj.com\/blog\/wp-json\/wp\/v2\/types\/post"}],"author":[{"embeddable":true,"href":"https:\/\/www.visit-ulcinj.com\/blog\/wp-json\/wp\/v2\/users\/1"}],"replies":[{"embeddable":true,"href":"https:\/\/www.visit-ulcinj.com\/blog\/wp-json\/wp\/v2\/comments?post=65476"}],"version-history":[{"count":2,"href":"https:\/\/www.visit-ulcinj.com\/blog\/wp-json\/wp\/v2\/posts\/65476\/revisions"}],"predecessor-version":[{"id":65480,"href":"https:\/\/www.visit-ulcinj.com\/blog\/wp-json\/wp\/v2\/posts\/65476\/revisions\/65480"}],"wp:attachment":[{"href":"https:\/\/www.visit-ulcinj.com\/blog\/wp-json\/wp\/v2\/media?parent=65476"}],"wp:term":[{"taxonomy":"category","embeddable":true,"href":"https:\/\/www.visit-ulcinj.com\/blog\/wp-json\/wp\/v2\/categories?post=65476"},{"taxonomy":"post_tag","embeddable":true,"href":"https:\/\/www.visit-ulcinj.com\/blog\/wp-json\/wp\/v2\/tags?post=65476"}],"curies":[{"name":"wp","href":"https:\/\/api.w.org\/{rel}","templated":true}]}}