{"id":65491,"date":"2012-11-07T19:22:25","date_gmt":"2012-11-07T18:22:25","guid":{"rendered":"http:\/\/www.visit-ulcinj.com\/blog\/?p=65491"},"modified":"2012-11-13T14:34:10","modified_gmt":"2012-11-13T13:34:10","slug":"bardhi-ne-zna-da-mu-je-lista-postala-dio-vlasti","status":"publish","type":"post","link":"https:\/\/www.visit-ulcinj.com\/blog\/2012\/11\/07\/bardhi-ne-zna-da-mu-je-lista-postala-dio-vlasti\/","title":{"rendered":"Bardhi ne zna da mu je lista postala dio vlasti"},"content":{"rendered":"<p><a href=\"http:\/\/www.visit-ulcinj.com\/blog\/wp-content\/uploads\/2012\/11\/Mehmet-Bardhi.jpg\"><img loading=\"lazy\" class=\"alignleft size-full wp-image-65492\" title=\"Mehmet Bardhi\" src=\"http:\/\/www.visit-ulcinj.com\/blog\/wp-content\/uploads\/2012\/11\/Mehmet-Bardhi.jpg\" alt=\"\" width=\"407\" height=\"302\" srcset=\"https:\/\/www.visit-ulcinj.com\/blog\/wp-content\/uploads\/2012\/11\/Mehmet-Bardhi.jpg 407w, https:\/\/www.visit-ulcinj.com\/blog\/wp-content\/uploads\/2012\/11\/Mehmet-Bardhi-300x222.jpg 300w\" sizes=\"(max-width: 407px) 100vw, 407px\" \/><\/a>U sporazumu o zajedni\u010dkom politi\u010dkom djelovanju kao jedna od potpisnica se navodi i Demokratska partija Fatmira \u0110eke, koja je na izborima nastupila u koaliciji sa Demokratskim savezom i Albanskom alternativom.<br \/>\nNakon potpisivanja sporazuma, predsjednik Demokratskog saveza Mehmet Bardhi je ocijenio da ta partija nije u\u0161la u vlast.<br \/>\n\u2013Mi nijesmo u\u010destvovali ni u kakvim razgovorima sa predstavnicima koalicije \u201eEvropska Crna Gora\u201d. Niko mi nije uputio zvani\u010dan poziv za razgovor u pisanoj formi. Na sastanku u nedjelju ve\u010de dogovorio sam se sa \u0110ekom i predstavnikom Albanske alternative da podr\u017eimo izbor Ranka Krivokapi\u0107a za predsjednika Skup\u0161tine, a da o drugim stvarima razgovaramo u toku nedjelje \u2013 kazao je Bardhi, u izjavi za \u201eDan\u201d.<br \/>\nSa druge strane, lider Demokratske partije Fatmir \u0110eka tvrdi da je Albanska koalicija postala dio vladaju\u0107eg saveza.<br \/>\n\u2013U\u0161li smo u vlast i Bardhi je informisan o tome, ali nije znao sve detalje. Razgovara\u0107u s njim da mu to pojasnim \u2013 naveo je \u0110eka.<\/p>\n<p><strong>Izvor: DAN<\/strong><\/p>\n","protected":false},"excerpt":{"rendered":"<p>U sporazumu o zajedni\u010dkom politi\u010dkom djelovanju kao jedna od potpisnica se navodi i Demokratska partija Fatmira \u0110eke, koja je na izborima nastupila u koaliciji sa Demokratskim savezom i Albanskom alternativom. Nakon potpisivanja sporazuma, predsjednik Demokratskog saveza Mehmet Bardhi je ocijenio da ta partija nije u\u0161la u vlast. \u2013Mi nijesmo u\u010destvovali ni u kakvim razgovorima sa [&hellip;]<\/p>\n","protected":false},"author":1,"featured_media":0,"comment_status":"open","ping_status":"closed","sticky":false,"template":"","format":"standard","meta":{"spay_email":"","jetpack_publicize_message":"","jetpack_is_tweetstorm":false,"jetpack_publicize_feature_enabled":true},"categories":[8337],"tags":[347],"jetpack_publicize_connections":[],"yoast_head":"<!-- This site is optimized with the Yoast SEO plugin v19.1 - https:\/\/yoast.com\/wordpress\/plugins\/seo\/ -->\n<title>Bardhi ne zna da mu je lista postala dio vlasti - Lajme nga Ulqini<\/title>\n<meta name=\"description\" content=\"U sporazumu o zajedni\u010dkom politi\u010dkom djelovanju kao jedna od potpisnica se navodi i Demokratska partija Fatmira \u0110eke, koja je na izborima nastupila u\" \/>\n<meta name=\"robots\" content=\"index, follow, max-snippet:-1, max-image-preview:large, max-video-preview:-1\" \/>\n<link rel=\"canonical\" href=\"https:\/\/www.visit-ulcinj.com\/blog\/2012\/11\/07\/bardhi-ne-zna-da-mu-je-lista-postala-dio-vlasti\/\" \/>\n<meta property=\"og:locale\" content=\"en_US\" \/>\n<meta property=\"og:type\" content=\"article\" \/>\n<meta property=\"og:title\" content=\"Bardhi ne zna da mu je lista postala dio vlasti - Lajme nga Ulqini\" \/>\n<meta property=\"og:description\" content=\"U sporazumu o zajedni\u010dkom politi\u010dkom djelovanju kao jedna od potpisnica se navodi i Demokratska partija Fatmira \u0110eke, koja je na izborima nastupila u\" \/>\n<meta property=\"og:url\" content=\"https:\/\/www.visit-ulcinj.com\/blog\/2012\/11\/07\/bardhi-ne-zna-da-mu-je-lista-postala-dio-vlasti\/\" \/>\n<meta property=\"og:site_name\" content=\"Lajme nga Ulqini\" \/>\n<meta property=\"article:published_time\" content=\"2012-11-07T18:22:25+00:00\" \/>\n<meta property=\"article:modified_time\" content=\"2012-11-13T13:34:10+00:00\" \/>\n<meta property=\"og:image\" content=\"http:\/\/www.visit-ulcinj.com\/blog\/wp-content\/uploads\/2012\/11\/Mehmet-Bardhi.jpg\" \/>\n<meta name=\"twitter:label1\" content=\"Written by\" \/>\n\t<meta name=\"twitter:data1\" content=\"ulqini\" \/>\n\t<meta name=\"twitter:label2\" content=\"Est. reading time\" \/>\n\t<meta name=\"twitter:data2\" content=\"1 minute\" \/>\n<script type=\"application\/ld+json\" class=\"yoast-schema-graph\">{\"@context\":\"https:\/\/schema.org\",\"@graph\":[{\"@type\":\"WebSite\",\"@id\":\"https:\/\/www.visit-ulcinj.com\/blog\/#website\",\"url\":\"https:\/\/www.visit-ulcinj.com\/blog\/\",\"name\":\"Lajme nga Ulqini\",\"description\":\"Lajme,Vijesti,Ulqini,Ulqin,Crna Gora,Mali i Zi\",\"potentialAction\":[{\"@type\":\"SearchAction\",\"target\":{\"@type\":\"EntryPoint\",\"urlTemplate\":\"https:\/\/www.visit-ulcinj.com\/blog\/?s={search_term_string}\"},\"query-input\":\"required name=search_term_string\"}],\"inLanguage\":\"en-US\"},{\"@type\":\"ImageObject\",\"inLanguage\":\"en-US\",\"@id\":\"https:\/\/www.visit-ulcinj.com\/blog\/2012\/11\/07\/bardhi-ne-zna-da-mu-je-lista-postala-dio-vlasti\/#primaryimage\",\"url\":\"https:\/\/www.visit-ulcinj.com\/blog\/wp-content\/uploads\/2012\/11\/Mehmet-Bardhi.jpg\",\"contentUrl\":\"https:\/\/www.visit-ulcinj.com\/blog\/wp-content\/uploads\/2012\/11\/Mehmet-Bardhi.jpg\",\"width\":\"407\",\"height\":\"302\"},{\"@type\":\"WebPage\",\"@id\":\"https:\/\/www.visit-ulcinj.com\/blog\/2012\/11\/07\/bardhi-ne-zna-da-mu-je-lista-postala-dio-vlasti\/#webpage\",\"url\":\"https:\/\/www.visit-ulcinj.com\/blog\/2012\/11\/07\/bardhi-ne-zna-da-mu-je-lista-postala-dio-vlasti\/\",\"name\":\"Bardhi ne zna da mu je lista postala dio vlasti - Lajme nga Ulqini\",\"isPartOf\":{\"@id\":\"https:\/\/www.visit-ulcinj.com\/blog\/#website\"},\"primaryImageOfPage\":{\"@id\":\"https:\/\/www.visit-ulcinj.com\/blog\/2012\/11\/07\/bardhi-ne-zna-da-mu-je-lista-postala-dio-vlasti\/#primaryimage\"},\"datePublished\":\"2012-11-07T18:22:25+00:00\",\"dateModified\":\"2012-11-13T13:34:10+00:00\",\"author\":{\"@id\":\"https:\/\/www.visit-ulcinj.com\/blog\/#\/schema\/person\/dcab619c614d3038751c63bc2aadc06d\"},\"description\":\"U sporazumu o zajedni\u010dkom politi\u010dkom djelovanju kao jedna od potpisnica se navodi i Demokratska partija Fatmira \u0110eke, koja je na izborima nastupila u\",\"breadcrumb\":{\"@id\":\"https:\/\/www.visit-ulcinj.com\/blog\/2012\/11\/07\/bardhi-ne-zna-da-mu-je-lista-postala-dio-vlasti\/#breadcrumb\"},\"inLanguage\":\"en-US\",\"potentialAction\":[{\"@type\":\"ReadAction\",\"target\":[\"https:\/\/www.visit-ulcinj.com\/blog\/2012\/11\/07\/bardhi-ne-zna-da-mu-je-lista-postala-dio-vlasti\/\"]}]},{\"@type\":\"BreadcrumbList\",\"@id\":\"https:\/\/www.visit-ulcinj.com\/blog\/2012\/11\/07\/bardhi-ne-zna-da-mu-je-lista-postala-dio-vlasti\/#breadcrumb\",\"itemListElement\":[{\"@type\":\"ListItem\",\"position\":1,\"name\":\"Bardhi ne zna da mu je lista postala dio vlasti\"}]},{\"@type\":\"Person\",\"@id\":\"https:\/\/www.visit-ulcinj.com\/blog\/#\/schema\/person\/dcab619c614d3038751c63bc2aadc06d\",\"name\":\"ulqini\",\"sameAs\":[\"http:\/\/www.visit-ulcinj.com\"],\"url\":\"https:\/\/www.visit-ulcinj.com\/blog\/author\/admin\/\"}]}<\/script>\n<!-- \/ Yoast SEO plugin. -->","yoast_head_json":{"title":"Bardhi ne zna da mu je lista postala dio vlasti - Lajme nga Ulqini","description":"U sporazumu o zajedni\u010dkom politi\u010dkom djelovanju kao jedna od potpisnica se navodi i Demokratska partija Fatmira \u0110eke, koja je na izborima nastupila u","robots":{"index":"index","follow":"follow","max-snippet":"max-snippet:-1","max-image-preview":"max-image-preview:large","max-video-preview":"max-video-preview:-1"},"canonical":"https:\/\/www.visit-ulcinj.com\/blog\/2012\/11\/07\/bardhi-ne-zna-da-mu-je-lista-postala-dio-vlasti\/","og_locale":"en_US","og_type":"article","og_title":"Bardhi ne zna da mu je lista postala dio vlasti - Lajme nga Ulqini","og_description":"U sporazumu o zajedni\u010dkom politi\u010dkom djelovanju kao jedna od potpisnica se navodi i Demokratska partija Fatmira \u0110eke, koja je na izborima nastupila u","og_url":"https:\/\/www.visit-ulcinj.com\/blog\/2012\/11\/07\/bardhi-ne-zna-da-mu-je-lista-postala-dio-vlasti\/","og_site_name":"Lajme nga Ulqini","article_published_time":"2012-11-07T18:22:25+00:00","article_modified_time":"2012-11-13T13:34:10+00:00","og_image":[{"url":"http:\/\/www.visit-ulcinj.com\/blog\/wp-content\/uploads\/2012\/11\/Mehmet-Bardhi.jpg"}],"twitter_misc":{"Written by":"ulqini","Est. reading time":"1 minute"},"schema":{"@context":"https:\/\/schema.org","@graph":[{"@type":"WebSite","@id":"https:\/\/www.visit-ulcinj.com\/blog\/#website","url":"https:\/\/www.visit-ulcinj.com\/blog\/","name":"Lajme nga Ulqini","description":"Lajme,Vijesti,Ulqini,Ulqin,Crna Gora,Mali i Zi","potentialAction":[{"@type":"SearchAction","target":{"@type":"EntryPoint","urlTemplate":"https:\/\/www.visit-ulcinj.com\/blog\/?s={search_term_string}"},"query-input":"required name=search_term_string"}],"inLanguage":"en-US"},{"@type":"ImageObject","inLanguage":"en-US","@id":"https:\/\/www.visit-ulcinj.com\/blog\/2012\/11\/07\/bardhi-ne-zna-da-mu-je-lista-postala-dio-vlasti\/#primaryimage","url":"https:\/\/www.visit-ulcinj.com\/blog\/wp-content\/uploads\/2012\/11\/Mehmet-Bardhi.jpg","contentUrl":"https:\/\/www.visit-ulcinj.com\/blog\/wp-content\/uploads\/2012\/11\/Mehmet-Bardhi.jpg","width":"407","height":"302"},{"@type":"WebPage","@id":"https:\/\/www.visit-ulcinj.com\/blog\/2012\/11\/07\/bardhi-ne-zna-da-mu-je-lista-postala-dio-vlasti\/#webpage","url":"https:\/\/www.visit-ulcinj.com\/blog\/2012\/11\/07\/bardhi-ne-zna-da-mu-je-lista-postala-dio-vlasti\/","name":"Bardhi ne zna da mu je lista postala dio vlasti - Lajme nga Ulqini","isPartOf":{"@id":"https:\/\/www.visit-ulcinj.com\/blog\/#website"},"primaryImageOfPage":{"@id":"https:\/\/www.visit-ulcinj.com\/blog\/2012\/11\/07\/bardhi-ne-zna-da-mu-je-lista-postala-dio-vlasti\/#primaryimage"},"datePublished":"2012-11-07T18:22:25+00:00","dateModified":"2012-11-13T13:34:10+00:00","author":{"@id":"https:\/\/www.visit-ulcinj.com\/blog\/#\/schema\/person\/dcab619c614d3038751c63bc2aadc06d"},"description":"U sporazumu o zajedni\u010dkom politi\u010dkom djelovanju kao jedna od potpisnica se navodi i Demokratska partija Fatmira \u0110eke, koja je na izborima nastupila u","breadcrumb":{"@id":"https:\/\/www.visit-ulcinj.com\/blog\/2012\/11\/07\/bardhi-ne-zna-da-mu-je-lista-postala-dio-vlasti\/#breadcrumb"},"inLanguage":"en-US","potentialAction":[{"@type":"ReadAction","target":["https:\/\/www.visit-ulcinj.com\/blog\/2012\/11\/07\/bardhi-ne-zna-da-mu-je-lista-postala-dio-vlasti\/"]}]},{"@type":"BreadcrumbList","@id":"https:\/\/www.visit-ulcinj.com\/blog\/2012\/11\/07\/bardhi-ne-zna-da-mu-je-lista-postala-dio-vlasti\/#breadcrumb","itemListElement":[{"@type":"ListItem","position":1,"name":"Bardhi ne zna da mu je lista postala dio vlasti"}]},{"@type":"Person","@id":"https:\/\/www.visit-ulcinj.com\/blog\/#\/schema\/person\/dcab619c614d3038751c63bc2aadc06d","name":"ulqini","sameAs":["http:\/\/www.visit-ulcinj.com"],"url":"https:\/\/www.visit-ulcinj.com\/blog\/author\/admin\/"}]}},"jetpack_featured_media_url":"","jetpack_sharing_enabled":true,"jetpack_shortlink":"https:\/\/wp.me\/pe6lTn-h2j","_links":{"self":[{"href":"https:\/\/www.visit-ulcinj.com\/blog\/wp-json\/wp\/v2\/posts\/65491"}],"collection":[{"href":"https:\/\/www.visit-ulcinj.com\/blog\/wp-json\/wp\/v2\/posts"}],"about":[{"href":"https:\/\/www.visit-ulcinj.com\/blog\/wp-json\/wp\/v2\/types\/post"}],"author":[{"embeddable":true,"href":"https:\/\/www.visit-ulcinj.com\/blog\/wp-json\/wp\/v2\/users\/1"}],"replies":[{"embeddable":true,"href":"https:\/\/www.visit-ulcinj.com\/blog\/wp-json\/wp\/v2\/comments?post=65491"}],"version-history":[{"count":2,"href":"https:\/\/www.visit-ulcinj.com\/blog\/wp-json\/wp\/v2\/posts\/65491\/revisions"}],"predecessor-version":[{"id":65642,"href":"https:\/\/www.visit-ulcinj.com\/blog\/wp-json\/wp\/v2\/posts\/65491\/revisions\/65642"}],"wp:attachment":[{"href":"https:\/\/www.visit-ulcinj.com\/blog\/wp-json\/wp\/v2\/media?parent=65491"}],"wp:term":[{"taxonomy":"category","embeddable":true,"href":"https:\/\/www.visit-ulcinj.com\/blog\/wp-json\/wp\/v2\/categories?post=65491"},{"taxonomy":"post_tag","embeddable":true,"href":"https:\/\/www.visit-ulcinj.com\/blog\/wp-json\/wp\/v2\/tags?post=65491"}],"curies":[{"name":"wp","href":"https:\/\/api.w.org\/{rel}","templated":true}]}}