{"id":65502,"date":"2012-11-08T12:20:47","date_gmt":"2012-11-08T11:20:47","guid":{"rendered":"http:\/\/www.visit-ulcinj.com\/blog\/?p=65502"},"modified":"2012-11-08T22:08:27","modified_gmt":"2012-11-08T21:08:27","slug":"vujanovic-poceo-konsultacije-o-mandataru-video","status":"publish","type":"post","link":"https:\/\/www.visit-ulcinj.com\/blog\/2012\/11\/08\/vujanovic-poceo-konsultacije-o-mandataru-video\/","title":{"rendered":"Vujanovi\u0107 po\u010deo konsultacije o mandataru &#8211; Video"},"content":{"rendered":"<p>Crnogorski predsjednik Filip Vujanovi\u0107 po\u010deo je razgovore sa predsjednicima parlamentarnih partija u vezi predlaganja mandatara za sastav Vlade.<\/p>\n<p><a href=\"http:\/\/www.visit-ulcinj.com\/blog\/wp-content\/uploads\/2012\/11\/Nazif-Cungu_Filip-Vujanovic.jpg\"><img loading=\"lazy\" class=\"alignleft  wp-image-65503\" title=\"Nazif-Cungu_Filip-Vujanovic\" src=\"http:\/\/www.visit-ulcinj.com\/blog\/wp-content\/uploads\/2012\/11\/Nazif-Cungu_Filip-Vujanovic.jpg\" alt=\"\" width=\"508\" height=\"368\" \/><\/a><\/p>\n<p>11.45<\/p>\n<p>Nazif Cungu je rekao da sa Vujanovi\u0107em nije razgovarao o imenu mandatara.<\/p>\n<p>&#8220;Za FORCU \u0107e biti prihvatljivo svako rje\u0161enje koje predlo\u017ei DPS&#8221;, rekao je Cungu novinarima nakon razgovora sa Vujanovi\u0107em.<\/p>\n<p>Prema njegovim rije\u010dima on i predsjednik dr\u017eave nisu razgovarali ni o u\u010de\u0161\u0107u FORCE u novoj Vladi.<\/p>\n<p>&#8220;O tome \u0107emo razgovarati sa novim premijerom&#8221;, najavio je Cungu.<\/p>\n<p>11.20<\/p>\n<p>&#8220;Bo\u0161nja\u010dka stranka bila bi zadoviljna da mandatar za sastav budu\u0107e vlade bude predsjednik Demokratske partije socijalista DPS Milo \u0110ukanovi\u0107 ili aktuelni premijer Igor Luk\u0161i\u0107&#8221;, saop\u0161tio je nakon razgovora sa Vujanovi\u0107em predsjednik Bo\u0161nja\u010dke stranke Rafet Husovi\u0107.<\/p>\n<p>On smatra da \u0161to prije treba odrediti ime mandatara jer novu Vladu \u010deka puno obaveza.<\/p>\n<p>&#8220;Nismo razgovarali konkretno o imenu budu\u0107eg mandatara&#8221;, kazao je Husovi\u0107 i dodao da \u0107e DPS u u polovini naredne sedmice saop\u0161titi ime mandatara.<\/p>\n<p>&#8220;DPS \u0107e to kao i uvijek tajno dogovoriti&#8221;, istakao je Husovi\u0107 i poru\u010dio da nova Vlada mora da ispuni sva predizborna obe\u0107anja.<br \/>\n<a href=\"http:\/\/www.visit-ulcinj.com\/blog\/wp-content\/uploads\/2012\/11\/Fatmir-Djeka-Filip-Vujanovic.jpg\"><img loading=\"lazy\" src=\"http:\/\/www.visit-ulcinj.com\/blog\/wp-content\/uploads\/2012\/11\/Fatmir-Djeka-Filip-Vujanovic.jpg\" alt=\"\" title=\"Fatmir Djeka - Filip Vujanovic\" width=\"508\" height=\"300\" class=\"alignleft size-full wp-image-65549\" \/><\/a><br \/>\n10.40<\/p>\n<p>Fatmir \u0110eka iz Demokratske partije je rekao da \u0107e u narednih nekoliko dana Demokratska partija socijalista DPS saop\u0161titi ime mandatara.<\/p>\n<p>On je kazao da je sa predsjednikom dr\u017eave razgovarao o dobijanju statusa op\u0161tine Tuzi, te da je od Vujanovi\u0107a dobio punu podr\u0161ku da \u0107e to pitanje biti rije\u0161eno.<\/p>\n<p>&#8220;Nadam se da \u0107emo uskoro slaviti dan op\u0161tine Tuzi&#8221;, rekao je novinarima nakon razgovora sa Vujanovi\u0107em Fatmir \u0110eka, i dodao da nema nikakvog sukoba sa Mehmedom Bardhijem.<\/p>\n<p>Prema Ustavu Crne Gore, Vujanovi\u0107 je obavezan da predlo\u017ei mandatara u roku od 30 dana od konstituisanja novog saziva parlamenta, \u0161to je ura\u0111eno u utorak.<\/p>\n<p>Vujanovi\u0107 danas razgovara sa predsjednicima Demokratske partije, Bo\u0161nja\u010dke stranke, FORCE, Hrvatske gra\u0111anske inicijative i Pozitivne Crne Gore-Fatmir \u0110ekom, Rafetom Husovi\u0107em, Nazifom Cungom, Marijom Vu\u010dinovi\u0107 i Darkom Pajovi\u0107em.<\/p>\n<p>Crnogorski predsjednik \u0107e u petak razgovarati sa predsjednicima Liberalne partije i Socijalisti\u010dke narodne partije Andrijom Popovi\u0107em i Sr\u0111anom Mili\u0107em i nosiocem liste Demokratskog fronta Miodragom Leki\u0107em.<\/p>\n<p>Vujanovi\u0107 \u0107e sastanke u vezi mandatara zavr\u0161iti razgovorima sa predsjednicima Socijaldemokratske partije i Demokratske partije socijalista Rankom Krivokapi\u0107em i Milom \u0110ukanovi\u0107em.<\/p>\n<p>Sastanci Vujanovi\u0107a sa predsjednicima parlamentarnih stranaka bi\u0107e odr\u017eani u vili Gorica.<\/p>\n<p><strong>Izvor: CDM<\/strong><br \/>\n<strong>VIDEO TV VIJESTI<\/strong><br \/>\n<iframe loading=\"lazy\" width=\"508\" height=\"360\" src=\"http:\/\/www.youtube.com\/embed\/HGQbz4UoB2E?list=UUGGDfpTbmFVcvtd4iwHk_WQ&amp;hl=fr_FR\" frameborder=\"0\" allowfullscreen><\/iframe><\/p>\n","protected":false},"excerpt":{"rendered":"<p>Crnogorski predsjednik Filip Vujanovi\u0107 po\u010deo je razgovore sa predsjednicima parlamentarnih partija u vezi predlaganja mandatara za sastav Vlade. 11.45 Nazif Cungu je rekao da sa Vujanovi\u0107em nije razgovarao o imenu mandatara. &#8220;Za FORCU \u0107e biti prihvatljivo svako rje\u0161enje koje predlo\u017ei DPS&#8221;, rekao je Cungu novinarima nakon razgovora sa Vujanovi\u0107em. Prema njegovim rije\u010dima on i predsjednik [&hellip;]<\/p>\n","protected":false},"author":1,"featured_media":0,"comment_status":"open","ping_status":"closed","sticky":false,"template":"","format":"standard","meta":{"spay_email":"","jetpack_publicize_message":"","jetpack_is_tweetstorm":false,"jetpack_publicize_feature_enabled":true},"categories":[8337],"tags":[530,117,118,19],"jetpack_publicize_connections":[],"yoast_head":"<!-- This site is optimized with the Yoast SEO plugin v19.1 - https:\/\/yoast.com\/wordpress\/plugins\/seo\/ -->\n<title>Vujanovi\u0107 po\u010deo konsultacije o mandataru - Video - Lajme nga Ulqini<\/title>\n<meta name=\"description\" content=\"Crnogorski predsjednik Filip Vujanovi\u0107 po\u010deo je razgovore sa predsjednicima parlamentarnih partija u vezi predlaganja mandatara za sastav Vlade. 11.45\" \/>\n<meta name=\"robots\" content=\"index, follow, max-snippet:-1, max-image-preview:large, max-video-preview:-1\" \/>\n<link rel=\"canonical\" href=\"https:\/\/www.visit-ulcinj.com\/blog\/2012\/11\/08\/vujanovic-poceo-konsultacije-o-mandataru-video\/\" \/>\n<meta property=\"og:locale\" content=\"en_US\" \/>\n<meta property=\"og:type\" content=\"article\" \/>\n<meta property=\"og:title\" content=\"Vujanovi\u0107 po\u010deo konsultacije o mandataru - Video - Lajme nga Ulqini\" \/>\n<meta property=\"og:description\" content=\"Crnogorski predsjednik Filip Vujanovi\u0107 po\u010deo je razgovore sa predsjednicima parlamentarnih partija u vezi predlaganja mandatara za sastav Vlade. 11.45\" \/>\n<meta property=\"og:url\" content=\"https:\/\/www.visit-ulcinj.com\/blog\/2012\/11\/08\/vujanovic-poceo-konsultacije-o-mandataru-video\/\" \/>\n<meta property=\"og:site_name\" content=\"Lajme nga Ulqini\" \/>\n<meta property=\"article:published_time\" content=\"2012-11-08T11:20:47+00:00\" \/>\n<meta property=\"article:modified_time\" content=\"2012-11-08T21:08:27+00:00\" \/>\n<meta property=\"og:image\" content=\"http:\/\/www.visit-ulcinj.com\/blog\/wp-content\/uploads\/2012\/11\/Nazif-Cungu_Filip-Vujanovic.jpg\" \/>\n<meta name=\"twitter:label1\" content=\"Written by\" \/>\n\t<meta name=\"twitter:data1\" content=\"ulqini\" \/>\n\t<meta name=\"twitter:label2\" content=\"Est. reading time\" \/>\n\t<meta name=\"twitter:data2\" content=\"2 minutes\" \/>\n<script type=\"application\/ld+json\" class=\"yoast-schema-graph\">{\"@context\":\"https:\/\/schema.org\",\"@graph\":[{\"@type\":\"WebSite\",\"@id\":\"https:\/\/www.visit-ulcinj.com\/blog\/#website\",\"url\":\"https:\/\/www.visit-ulcinj.com\/blog\/\",\"name\":\"Lajme nga Ulqini\",\"description\":\"Lajme,Vijesti,Ulqini,Ulqin,Crna Gora,Mali i Zi\",\"potentialAction\":[{\"@type\":\"SearchAction\",\"target\":{\"@type\":\"EntryPoint\",\"urlTemplate\":\"https:\/\/www.visit-ulcinj.com\/blog\/?s={search_term_string}\"},\"query-input\":\"required name=search_term_string\"}],\"inLanguage\":\"en-US\"},{\"@type\":\"ImageObject\",\"inLanguage\":\"en-US\",\"@id\":\"https:\/\/www.visit-ulcinj.com\/blog\/2012\/11\/08\/vujanovic-poceo-konsultacije-o-mandataru-video\/#primaryimage\",\"url\":\"https:\/\/www.visit-ulcinj.com\/blog\/wp-content\/uploads\/2012\/11\/Nazif-Cungu_Filip-Vujanovic.jpg\",\"contentUrl\":\"https:\/\/www.visit-ulcinj.com\/blog\/wp-content\/uploads\/2012\/11\/Nazif-Cungu_Filip-Vujanovic.jpg\",\"width\":\"490\",\"height\":\"368\"},{\"@type\":\"WebPage\",\"@id\":\"https:\/\/www.visit-ulcinj.com\/blog\/2012\/11\/08\/vujanovic-poceo-konsultacije-o-mandataru-video\/#webpage\",\"url\":\"https:\/\/www.visit-ulcinj.com\/blog\/2012\/11\/08\/vujanovic-poceo-konsultacije-o-mandataru-video\/\",\"name\":\"Vujanovi\u0107 po\u010deo konsultacije o mandataru - Video - Lajme nga Ulqini\",\"isPartOf\":{\"@id\":\"https:\/\/www.visit-ulcinj.com\/blog\/#website\"},\"primaryImageOfPage\":{\"@id\":\"https:\/\/www.visit-ulcinj.com\/blog\/2012\/11\/08\/vujanovic-poceo-konsultacije-o-mandataru-video\/#primaryimage\"},\"datePublished\":\"2012-11-08T11:20:47+00:00\",\"dateModified\":\"2012-11-08T21:08:27+00:00\",\"author\":{\"@id\":\"https:\/\/www.visit-ulcinj.com\/blog\/#\/schema\/person\/dcab619c614d3038751c63bc2aadc06d\"},\"description\":\"Crnogorski predsjednik Filip Vujanovi\u0107 po\u010deo je razgovore sa predsjednicima parlamentarnih partija u vezi predlaganja mandatara za sastav Vlade. 11.45\",\"breadcrumb\":{\"@id\":\"https:\/\/www.visit-ulcinj.com\/blog\/2012\/11\/08\/vujanovic-poceo-konsultacije-o-mandataru-video\/#breadcrumb\"},\"inLanguage\":\"en-US\",\"potentialAction\":[{\"@type\":\"ReadAction\",\"target\":[\"https:\/\/www.visit-ulcinj.com\/blog\/2012\/11\/08\/vujanovic-poceo-konsultacije-o-mandataru-video\/\"]}]},{\"@type\":\"BreadcrumbList\",\"@id\":\"https:\/\/www.visit-ulcinj.com\/blog\/2012\/11\/08\/vujanovic-poceo-konsultacije-o-mandataru-video\/#breadcrumb\",\"itemListElement\":[{\"@type\":\"ListItem\",\"position\":1,\"name\":\"Vujanovi\u0107 po\u010deo konsultacije o mandataru &#8211; Video\"}]},{\"@type\":\"Person\",\"@id\":\"https:\/\/www.visit-ulcinj.com\/blog\/#\/schema\/person\/dcab619c614d3038751c63bc2aadc06d\",\"name\":\"ulqini\",\"sameAs\":[\"http:\/\/www.visit-ulcinj.com\"],\"url\":\"https:\/\/www.visit-ulcinj.com\/blog\/author\/admin\/\"}]}<\/script>\n<!-- \/ Yoast SEO plugin. -->","yoast_head_json":{"title":"Vujanovi\u0107 po\u010deo konsultacije o mandataru - Video - Lajme nga Ulqini","description":"Crnogorski predsjednik Filip Vujanovi\u0107 po\u010deo je razgovore sa predsjednicima parlamentarnih partija u vezi predlaganja mandatara za sastav Vlade. 11.45","robots":{"index":"index","follow":"follow","max-snippet":"max-snippet:-1","max-image-preview":"max-image-preview:large","max-video-preview":"max-video-preview:-1"},"canonical":"https:\/\/www.visit-ulcinj.com\/blog\/2012\/11\/08\/vujanovic-poceo-konsultacije-o-mandataru-video\/","og_locale":"en_US","og_type":"article","og_title":"Vujanovi\u0107 po\u010deo konsultacije o mandataru - Video - Lajme nga Ulqini","og_description":"Crnogorski predsjednik Filip Vujanovi\u0107 po\u010deo je razgovore sa predsjednicima parlamentarnih partija u vezi predlaganja mandatara za sastav Vlade. 11.45","og_url":"https:\/\/www.visit-ulcinj.com\/blog\/2012\/11\/08\/vujanovic-poceo-konsultacije-o-mandataru-video\/","og_site_name":"Lajme nga Ulqini","article_published_time":"2012-11-08T11:20:47+00:00","article_modified_time":"2012-11-08T21:08:27+00:00","og_image":[{"url":"http:\/\/www.visit-ulcinj.com\/blog\/wp-content\/uploads\/2012\/11\/Nazif-Cungu_Filip-Vujanovic.jpg"}],"twitter_misc":{"Written by":"ulqini","Est. reading time":"2 minutes"},"schema":{"@context":"https:\/\/schema.org","@graph":[{"@type":"WebSite","@id":"https:\/\/www.visit-ulcinj.com\/blog\/#website","url":"https:\/\/www.visit-ulcinj.com\/blog\/","name":"Lajme nga Ulqini","description":"Lajme,Vijesti,Ulqini,Ulqin,Crna Gora,Mali i Zi","potentialAction":[{"@type":"SearchAction","target":{"@type":"EntryPoint","urlTemplate":"https:\/\/www.visit-ulcinj.com\/blog\/?s={search_term_string}"},"query-input":"required name=search_term_string"}],"inLanguage":"en-US"},{"@type":"ImageObject","inLanguage":"en-US","@id":"https:\/\/www.visit-ulcinj.com\/blog\/2012\/11\/08\/vujanovic-poceo-konsultacije-o-mandataru-video\/#primaryimage","url":"https:\/\/www.visit-ulcinj.com\/blog\/wp-content\/uploads\/2012\/11\/Nazif-Cungu_Filip-Vujanovic.jpg","contentUrl":"https:\/\/www.visit-ulcinj.com\/blog\/wp-content\/uploads\/2012\/11\/Nazif-Cungu_Filip-Vujanovic.jpg","width":"490","height":"368"},{"@type":"WebPage","@id":"https:\/\/www.visit-ulcinj.com\/blog\/2012\/11\/08\/vujanovic-poceo-konsultacije-o-mandataru-video\/#webpage","url":"https:\/\/www.visit-ulcinj.com\/blog\/2012\/11\/08\/vujanovic-poceo-konsultacije-o-mandataru-video\/","name":"Vujanovi\u0107 po\u010deo konsultacije o mandataru - Video - Lajme nga Ulqini","isPartOf":{"@id":"https:\/\/www.visit-ulcinj.com\/blog\/#website"},"primaryImageOfPage":{"@id":"https:\/\/www.visit-ulcinj.com\/blog\/2012\/11\/08\/vujanovic-poceo-konsultacije-o-mandataru-video\/#primaryimage"},"datePublished":"2012-11-08T11:20:47+00:00","dateModified":"2012-11-08T21:08:27+00:00","author":{"@id":"https:\/\/www.visit-ulcinj.com\/blog\/#\/schema\/person\/dcab619c614d3038751c63bc2aadc06d"},"description":"Crnogorski predsjednik Filip Vujanovi\u0107 po\u010deo je razgovore sa predsjednicima parlamentarnih partija u vezi predlaganja mandatara za sastav Vlade. 11.45","breadcrumb":{"@id":"https:\/\/www.visit-ulcinj.com\/blog\/2012\/11\/08\/vujanovic-poceo-konsultacije-o-mandataru-video\/#breadcrumb"},"inLanguage":"en-US","potentialAction":[{"@type":"ReadAction","target":["https:\/\/www.visit-ulcinj.com\/blog\/2012\/11\/08\/vujanovic-poceo-konsultacije-o-mandataru-video\/"]}]},{"@type":"BreadcrumbList","@id":"https:\/\/www.visit-ulcinj.com\/blog\/2012\/11\/08\/vujanovic-poceo-konsultacije-o-mandataru-video\/#breadcrumb","itemListElement":[{"@type":"ListItem","position":1,"name":"Vujanovi\u0107 po\u010deo konsultacije o mandataru &#8211; Video"}]},{"@type":"Person","@id":"https:\/\/www.visit-ulcinj.com\/blog\/#\/schema\/person\/dcab619c614d3038751c63bc2aadc06d","name":"ulqini","sameAs":["http:\/\/www.visit-ulcinj.com"],"url":"https:\/\/www.visit-ulcinj.com\/blog\/author\/admin\/"}]}},"jetpack_featured_media_url":"","jetpack_sharing_enabled":true,"jetpack_shortlink":"https:\/\/wp.me\/pe6lTn-h2u","_links":{"self":[{"href":"https:\/\/www.visit-ulcinj.com\/blog\/wp-json\/wp\/v2\/posts\/65502"}],"collection":[{"href":"https:\/\/www.visit-ulcinj.com\/blog\/wp-json\/wp\/v2\/posts"}],"about":[{"href":"https:\/\/www.visit-ulcinj.com\/blog\/wp-json\/wp\/v2\/types\/post"}],"author":[{"embeddable":true,"href":"https:\/\/www.visit-ulcinj.com\/blog\/wp-json\/wp\/v2\/users\/1"}],"replies":[{"embeddable":true,"href":"https:\/\/www.visit-ulcinj.com\/blog\/wp-json\/wp\/v2\/comments?post=65502"}],"version-history":[{"count":4,"href":"https:\/\/www.visit-ulcinj.com\/blog\/wp-json\/wp\/v2\/posts\/65502\/revisions"}],"predecessor-version":[{"id":65551,"href":"https:\/\/www.visit-ulcinj.com\/blog\/wp-json\/wp\/v2\/posts\/65502\/revisions\/65551"}],"wp:attachment":[{"href":"https:\/\/www.visit-ulcinj.com\/blog\/wp-json\/wp\/v2\/media?parent=65502"}],"wp:term":[{"taxonomy":"category","embeddable":true,"href":"https:\/\/www.visit-ulcinj.com\/blog\/wp-json\/wp\/v2\/categories?post=65502"},{"taxonomy":"post_tag","embeddable":true,"href":"https:\/\/www.visit-ulcinj.com\/blog\/wp-json\/wp\/v2\/tags?post=65502"}],"curies":[{"name":"wp","href":"https:\/\/api.w.org\/{rel}","templated":true}]}}