{"id":65513,"date":"2012-11-08T18:17:36","date_gmt":"2012-11-08T17:17:36","guid":{"rendered":"http:\/\/www.visit-ulcinj.com\/blog\/?p=65513"},"modified":"2012-11-08T18:17:36","modified_gmt":"2012-11-08T17:17:36","slug":"mali-i-zi-dhe-shqiperia-bashkepunim-ne-perballimin-e-emergjencave","status":"publish","type":"post","link":"https:\/\/www.visit-ulcinj.com\/blog\/2012\/11\/08\/mali-i-zi-dhe-shqiperia-bashkepunim-ne-perballimin-e-emergjencave\/","title":{"rendered":"&#8220;Mali i Zi dhe Shqip\u00ebria, bashk\u00ebpunim n\u00eb p\u00ebrballimin e emergjencave&#8221;"},"content":{"rendered":"<p><a href=\"http:\/\/www.visit-ulcinj.com\/blog\/wp-content\/uploads\/2012\/11\/MB-Noka-MB-malazes-Brajovic.jpg\"><img loading=\"lazy\" class=\"alignleft  wp-image-65514\" title=\"MB-Noka-MB-malazes-Brajovic\" src=\"http:\/\/www.visit-ulcinj.com\/blog\/wp-content\/uploads\/2012\/11\/MB-Noka-MB-malazes-Brajovic.jpg\" alt=\"\" width=\"300\" height=\"400\" \/><\/a>TIRAN\u00cb &#8211; Ministri i Brendsh\u00ebm, Flamur Noka, n\u00eb kuad\u00ebr t\u00eb Forumit Ministerial t\u00eb BE-s\u00eb me vendet e Ballkanit\u00a0 Per\u00ebndimor, u takua me ministrin e Brendsh\u00ebm t\u00eb Malit t\u00eb Zi, Ivan Brajovi\u00e7. Gjat\u00eb takimit t\u00eb dy titullar\u00ebt e n\u00ebnvizuan marr\u00ebdh\u00ebniet e shk\u00eblqyera q\u00eb jan\u00eb vendosur tashm\u00eb prej vitesh jo vet\u00ebm mes qeverive respektive, institucioneve homologe, por edhe dy popujve.<\/p>\n<p>Ministri Noka e fal\u00ebnderoi homologun malazes lidhur bashk\u00ebpunimin dhe ndihm\u00ebn e madhe dh\u00ebn\u00eb n\u00eb kuad\u00ebr t\u00eb emergjencave civile. \u201cGjej rastin t\u2019 ju fal\u00ebnderoj edhe nga af\u00ebr p\u00ebr ndihm\u00ebn q\u00eb Mali i Zi na dha p\u00ebr fikjen e zjarreve nga ajri, edhe pse Mali i Zi ishte n\u00eb nj\u00eb situat\u00eb m\u00eb t\u00eb v\u00ebshtir\u00eb dhe emergjente se e jona\u201d, u shpreh Noka. Ky nivel i lart\u00eb n\u00eb marr\u00ebdh\u00ebniet dypal\u00ebshe \u00ebsht\u00eb nj\u00eb tjet\u00ebr faktor p\u00ebr sigurin\u00eb dhe stabilitetin n\u00eb rajon, tregues i qart\u00eb p\u00ebr rolin e r\u00ebnd\u00ebsish\u00ebm q\u00eb kan\u00eb vendet tona n\u00eb k\u00ebt\u00eb aspekt, por edhe nj\u00ebkoh\u00ebsisht \u00ebsht\u00eb nj\u00eb shembull edhe p\u00ebr vendet e tjera\u201d.<\/p>\n<p>Duke vler\u00ebsuar bashk\u00ebpunimin nd\u00ebrkufitar dhe atij policor n\u00eb t\u00ebr\u00ebsi, Noka theksoi se ky bashk\u00ebpunim \u201cka dh\u00ebn\u00eb rezultate shum\u00eb pozitive n\u00eb luft\u00ebn kund\u00ebr krimit n\u00eb t\u00ebr\u00ebsi, forcimin e rendit dhe siguris\u00eb n\u00eb t\u00eb dy vendet, por edhe kuad\u00ebr t\u00eb masave t\u00eb p\u00ebrbashk\u00ebta p\u00ebr respektimin e l\u00ebvizjes s\u00eb lir\u00eb t\u00eb shtetasve t\u00eb dy vendeve, n\u00eb zon\u00ebn Shengen. Por, p\u00ebr t\u00eb qen\u00eb akoma m\u00eb t\u00eb suksessh\u00ebm \u00ebsht\u00eb nevoja q\u00eb ky bashk\u00ebpunim t\u00eb forcohet gjithmon\u00eb e m\u00eb shum\u00eb dhe t\u00eb shtrihet n\u00eb t\u00eb gjitha fushat\u201d.<\/p>\n<p>Nga ana e tij, ministri i Brendsh\u00ebm i Malit t\u00eb Zi, Ivan Brajovi\u00e7, vler\u00ebsoi frym\u00ebn e shk\u00eblqyer t\u00eb bashk\u00ebpunimit mes dy vendeve dhe rolin q\u00eb Shqip\u00ebria dhe Republika e Malit t\u00eb Zi kan\u00eb n\u00eb forcimin e klim\u00ebs s\u00eb bashk\u00ebpunimit dhe stabilitetit rajonal. Gjithashtu, Brajovi\u00e7 vler\u00ebsoi edhe rolin shum\u00eb t\u00eb r\u00ebnd\u00ebsish\u00ebm q\u00eb luan faktori shqiptar n\u00eb Malin e Zi, p\u00ebr forcimin e m\u00ebtejsh\u00ebm t\u00eb k\u00ebsaj klime t\u00eb fqinj\u00ebsis\u00eb s\u00eb mir\u00eb dhe bashk\u00ebpunimit bilateral.<\/p>\n<p><a href=\"http:\/\/www.visit-ulcinj.com\/blog\/wp-content\/uploads\/2012\/11\/Brajoviq_Noka.jpg\"><img loading=\"lazy\" class=\"alignleft  wp-image-65515\" title=\"Brajoviq_Noka\" src=\"http:\/\/www.visit-ulcinj.com\/blog\/wp-content\/uploads\/2012\/11\/Brajoviq_Noka.jpg\" alt=\"\" width=\"508\" height=\"300\" \/><\/a><\/p>\n<p>Ministri i Brendsh\u00ebm malazes n\u00ebnvizoi faktin se duhet \u201ct\u00eb bashk\u00ebpunojm\u00eb akoma m\u00eb shum\u00eb p\u00ebr p\u00ebrballimin e situateve t\u00eb emergjencave\u201d, pasi t\u00eb dy vendet kan\u00eb shqet\u00ebsim t\u00eb nj\u00ebt\u00eb sa i takon zon\u00ebs n\u00eb gryk\u00ebderdhjen e lumit t\u00eb Bun\u00ebs, por edhe n\u00eb sektor\u00eb t\u00eb tjer\u00eb. N\u00eb mbyllje t\u00eb takimit, t\u00eb dy zyrtar\u00ebt e lart\u00eb, shpreh\u00ebn besimin e pal\u00ebkundur se marr\u00ebdh\u00ebniet do t\u00eb vijojn\u00eb edhe n\u00eb t\u00eb ardhmen, n\u00eb t\u00eb nj\u00ebjt\u00ebn frym\u00eb, n\u00eb forcim t\u00eb pandalsh\u00ebm, duke par\u00eb t\u00eb gjitha mund\u00ebsit\u00eb p\u00ebr t\u2019u shtrir\u00eb n\u00eb \u00e7do fush\u00eb me interes t\u00eb p\u00ebrbashk\u00ebt. Gjat\u00eb takimit, ministri Brajovi\u00e7, shoq\u00ebrohej edhe nga ambasadori i Malit t\u00eb Zi n\u00eb Tiran\u00eb, Ferhat Dinosha.<\/p>\n<p><strong>\/Shekulli Online\/M.A.\/<\/strong><\/p>\n","protected":false},"excerpt":{"rendered":"<p>TIRAN\u00cb &#8211; Ministri i Brendsh\u00ebm, Flamur Noka, n\u00eb kuad\u00ebr t\u00eb Forumit Ministerial t\u00eb BE-s\u00eb me vendet e Ballkanit\u00a0 Per\u00ebndimor, u takua me ministrin e Brendsh\u00ebm t\u00eb Malit t\u00eb Zi, Ivan Brajovi\u00e7. Gjat\u00eb takimit t\u00eb dy titullar\u00ebt e n\u00ebnvizuan marr\u00ebdh\u00ebniet e shk\u00eblqyera q\u00eb jan\u00eb vendosur tashm\u00eb prej vitesh jo vet\u00ebm mes qeverive respektive, institucioneve homologe, por [&hellip;]<\/p>\n","protected":false},"author":1,"featured_media":0,"comment_status":"open","ping_status":"closed","sticky":false,"template":"","format":"standard","meta":{"spay_email":"","jetpack_publicize_message":"","jetpack_is_tweetstorm":false,"jetpack_publicize_feature_enabled":true},"categories":[14],"tags":[21440,14727],"jetpack_publicize_connections":[],"yoast_head":"<!-- This site is optimized with the Yoast SEO plugin v19.1 - https:\/\/yoast.com\/wordpress\/plugins\/seo\/ -->\n<title>&quot;Mali i Zi dhe Shqip\u00ebria, bashk\u00ebpunim n\u00eb p\u00ebrballimin e emergjencave&quot; - Lajme nga Ulqini<\/title>\n<meta name=\"description\" content=\"TIRAN\u00cb - Ministri i Brendsh\u00ebm, Flamur Noka, n\u00eb kuad\u00ebr t\u00eb Forumit Ministerial t\u00eb BE-s\u00eb me vendet e Ballkanit\u00a0 Per\u00ebndimor, u takua me ministrin e Brendsh\u00ebm\" \/>\n<meta name=\"robots\" content=\"index, follow, max-snippet:-1, max-image-preview:large, max-video-preview:-1\" \/>\n<link rel=\"canonical\" href=\"https:\/\/www.visit-ulcinj.com\/blog\/2012\/11\/08\/mali-i-zi-dhe-shqiperia-bashkepunim-ne-perballimin-e-emergjencave\/\" \/>\n<meta property=\"og:locale\" content=\"en_US\" \/>\n<meta property=\"og:type\" content=\"article\" \/>\n<meta property=\"og:title\" content=\"&quot;Mali i Zi dhe Shqip\u00ebria, bashk\u00ebpunim n\u00eb p\u00ebrballimin e emergjencave&quot; - Lajme nga Ulqini\" \/>\n<meta property=\"og:description\" content=\"TIRAN\u00cb - Ministri i Brendsh\u00ebm, Flamur Noka, n\u00eb kuad\u00ebr t\u00eb Forumit Ministerial t\u00eb BE-s\u00eb me vendet e Ballkanit\u00a0 Per\u00ebndimor, u takua me ministrin e Brendsh\u00ebm\" \/>\n<meta property=\"og:url\" content=\"https:\/\/www.visit-ulcinj.com\/blog\/2012\/11\/08\/mali-i-zi-dhe-shqiperia-bashkepunim-ne-perballimin-e-emergjencave\/\" \/>\n<meta property=\"og:site_name\" content=\"Lajme nga Ulqini\" \/>\n<meta property=\"article:published_time\" content=\"2012-11-08T17:17:36+00:00\" \/>\n<meta property=\"og:image\" content=\"http:\/\/www.visit-ulcinj.com\/blog\/wp-content\/uploads\/2012\/11\/MB-Noka-MB-malazes-Brajovic.jpg\" \/>\n<meta name=\"twitter:label1\" content=\"Written by\" \/>\n\t<meta name=\"twitter:data1\" content=\"ulqini\" \/>\n\t<meta name=\"twitter:label2\" content=\"Est. reading time\" \/>\n\t<meta name=\"twitter:data2\" content=\"3 minutes\" \/>\n<script type=\"application\/ld+json\" class=\"yoast-schema-graph\">{\"@context\":\"https:\/\/schema.org\",\"@graph\":[{\"@type\":\"WebSite\",\"@id\":\"https:\/\/www.visit-ulcinj.com\/blog\/#website\",\"url\":\"https:\/\/www.visit-ulcinj.com\/blog\/\",\"name\":\"Lajme nga Ulqini\",\"description\":\"Lajme,Vijesti,Ulqini,Ulqin,Crna Gora,Mali i Zi\",\"potentialAction\":[{\"@type\":\"SearchAction\",\"target\":{\"@type\":\"EntryPoint\",\"urlTemplate\":\"https:\/\/www.visit-ulcinj.com\/blog\/?s={search_term_string}\"},\"query-input\":\"required name=search_term_string\"}],\"inLanguage\":\"en-US\"},{\"@type\":\"ImageObject\",\"inLanguage\":\"en-US\",\"@id\":\"https:\/\/www.visit-ulcinj.com\/blog\/2012\/11\/08\/mali-i-zi-dhe-shqiperia-bashkepunim-ne-perballimin-e-emergjencave\/#primaryimage\",\"url\":\"https:\/\/www.visit-ulcinj.com\/blog\/wp-content\/uploads\/2012\/11\/MB-Noka-MB-malazes-Brajovic.jpg\",\"contentUrl\":\"https:\/\/www.visit-ulcinj.com\/blog\/wp-content\/uploads\/2012\/11\/MB-Noka-MB-malazes-Brajovic.jpg\",\"width\":\"900\",\"height\":\"944\"},{\"@type\":\"WebPage\",\"@id\":\"https:\/\/www.visit-ulcinj.com\/blog\/2012\/11\/08\/mali-i-zi-dhe-shqiperia-bashkepunim-ne-perballimin-e-emergjencave\/#webpage\",\"url\":\"https:\/\/www.visit-ulcinj.com\/blog\/2012\/11\/08\/mali-i-zi-dhe-shqiperia-bashkepunim-ne-perballimin-e-emergjencave\/\",\"name\":\"\\\"Mali i Zi dhe Shqip\u00ebria, bashk\u00ebpunim n\u00eb p\u00ebrballimin e emergjencave\\\" - Lajme nga Ulqini\",\"isPartOf\":{\"@id\":\"https:\/\/www.visit-ulcinj.com\/blog\/#website\"},\"primaryImageOfPage\":{\"@id\":\"https:\/\/www.visit-ulcinj.com\/blog\/2012\/11\/08\/mali-i-zi-dhe-shqiperia-bashkepunim-ne-perballimin-e-emergjencave\/#primaryimage\"},\"datePublished\":\"2012-11-08T17:17:36+00:00\",\"dateModified\":\"2012-11-08T17:17:36+00:00\",\"author\":{\"@id\":\"https:\/\/www.visit-ulcinj.com\/blog\/#\/schema\/person\/dcab619c614d3038751c63bc2aadc06d\"},\"description\":\"TIRAN\u00cb - Ministri i Brendsh\u00ebm, Flamur Noka, n\u00eb kuad\u00ebr t\u00eb Forumit Ministerial t\u00eb BE-s\u00eb me vendet e Ballkanit\u00a0 Per\u00ebndimor, u takua me ministrin e Brendsh\u00ebm\",\"breadcrumb\":{\"@id\":\"https:\/\/www.visit-ulcinj.com\/blog\/2012\/11\/08\/mali-i-zi-dhe-shqiperia-bashkepunim-ne-perballimin-e-emergjencave\/#breadcrumb\"},\"inLanguage\":\"en-US\",\"potentialAction\":[{\"@type\":\"ReadAction\",\"target\":[\"https:\/\/www.visit-ulcinj.com\/blog\/2012\/11\/08\/mali-i-zi-dhe-shqiperia-bashkepunim-ne-perballimin-e-emergjencave\/\"]}]},{\"@type\":\"BreadcrumbList\",\"@id\":\"https:\/\/www.visit-ulcinj.com\/blog\/2012\/11\/08\/mali-i-zi-dhe-shqiperia-bashkepunim-ne-perballimin-e-emergjencave\/#breadcrumb\",\"itemListElement\":[{\"@type\":\"ListItem\",\"position\":1,\"name\":\"&#8220;Mali i Zi dhe Shqip\u00ebria, bashk\u00ebpunim n\u00eb p\u00ebrballimin e emergjencave&#8221;\"}]},{\"@type\":\"Person\",\"@id\":\"https:\/\/www.visit-ulcinj.com\/blog\/#\/schema\/person\/dcab619c614d3038751c63bc2aadc06d\",\"name\":\"ulqini\",\"sameAs\":[\"http:\/\/www.visit-ulcinj.com\"],\"url\":\"https:\/\/www.visit-ulcinj.com\/blog\/author\/admin\/\"}]}<\/script>\n<!-- \/ Yoast SEO plugin. -->","yoast_head_json":{"title":"\"Mali i Zi dhe Shqip\u00ebria, bashk\u00ebpunim n\u00eb p\u00ebrballimin e emergjencave\" - Lajme nga Ulqini","description":"TIRAN\u00cb - Ministri i Brendsh\u00ebm, Flamur Noka, n\u00eb kuad\u00ebr t\u00eb Forumit Ministerial t\u00eb BE-s\u00eb me vendet e Ballkanit\u00a0 Per\u00ebndimor, u takua me ministrin e Brendsh\u00ebm","robots":{"index":"index","follow":"follow","max-snippet":"max-snippet:-1","max-image-preview":"max-image-preview:large","max-video-preview":"max-video-preview:-1"},"canonical":"https:\/\/www.visit-ulcinj.com\/blog\/2012\/11\/08\/mali-i-zi-dhe-shqiperia-bashkepunim-ne-perballimin-e-emergjencave\/","og_locale":"en_US","og_type":"article","og_title":"\"Mali i Zi dhe Shqip\u00ebria, bashk\u00ebpunim n\u00eb p\u00ebrballimin e emergjencave\" - Lajme nga Ulqini","og_description":"TIRAN\u00cb - Ministri i Brendsh\u00ebm, Flamur Noka, n\u00eb kuad\u00ebr t\u00eb Forumit Ministerial t\u00eb BE-s\u00eb me vendet e Ballkanit\u00a0 Per\u00ebndimor, u takua me ministrin e Brendsh\u00ebm","og_url":"https:\/\/www.visit-ulcinj.com\/blog\/2012\/11\/08\/mali-i-zi-dhe-shqiperia-bashkepunim-ne-perballimin-e-emergjencave\/","og_site_name":"Lajme nga Ulqini","article_published_time":"2012-11-08T17:17:36+00:00","og_image":[{"url":"http:\/\/www.visit-ulcinj.com\/blog\/wp-content\/uploads\/2012\/11\/MB-Noka-MB-malazes-Brajovic.jpg"}],"twitter_misc":{"Written by":"ulqini","Est. reading time":"3 minutes"},"schema":{"@context":"https:\/\/schema.org","@graph":[{"@type":"WebSite","@id":"https:\/\/www.visit-ulcinj.com\/blog\/#website","url":"https:\/\/www.visit-ulcinj.com\/blog\/","name":"Lajme nga Ulqini","description":"Lajme,Vijesti,Ulqini,Ulqin,Crna Gora,Mali i Zi","potentialAction":[{"@type":"SearchAction","target":{"@type":"EntryPoint","urlTemplate":"https:\/\/www.visit-ulcinj.com\/blog\/?s={search_term_string}"},"query-input":"required name=search_term_string"}],"inLanguage":"en-US"},{"@type":"ImageObject","inLanguage":"en-US","@id":"https:\/\/www.visit-ulcinj.com\/blog\/2012\/11\/08\/mali-i-zi-dhe-shqiperia-bashkepunim-ne-perballimin-e-emergjencave\/#primaryimage","url":"https:\/\/www.visit-ulcinj.com\/blog\/wp-content\/uploads\/2012\/11\/MB-Noka-MB-malazes-Brajovic.jpg","contentUrl":"https:\/\/www.visit-ulcinj.com\/blog\/wp-content\/uploads\/2012\/11\/MB-Noka-MB-malazes-Brajovic.jpg","width":"900","height":"944"},{"@type":"WebPage","@id":"https:\/\/www.visit-ulcinj.com\/blog\/2012\/11\/08\/mali-i-zi-dhe-shqiperia-bashkepunim-ne-perballimin-e-emergjencave\/#webpage","url":"https:\/\/www.visit-ulcinj.com\/blog\/2012\/11\/08\/mali-i-zi-dhe-shqiperia-bashkepunim-ne-perballimin-e-emergjencave\/","name":"\"Mali i Zi dhe Shqip\u00ebria, bashk\u00ebpunim n\u00eb p\u00ebrballimin e emergjencave\" - Lajme nga Ulqini","isPartOf":{"@id":"https:\/\/www.visit-ulcinj.com\/blog\/#website"},"primaryImageOfPage":{"@id":"https:\/\/www.visit-ulcinj.com\/blog\/2012\/11\/08\/mali-i-zi-dhe-shqiperia-bashkepunim-ne-perballimin-e-emergjencave\/#primaryimage"},"datePublished":"2012-11-08T17:17:36+00:00","dateModified":"2012-11-08T17:17:36+00:00","author":{"@id":"https:\/\/www.visit-ulcinj.com\/blog\/#\/schema\/person\/dcab619c614d3038751c63bc2aadc06d"},"description":"TIRAN\u00cb - Ministri i Brendsh\u00ebm, Flamur Noka, n\u00eb kuad\u00ebr t\u00eb Forumit Ministerial t\u00eb BE-s\u00eb me vendet e Ballkanit\u00a0 Per\u00ebndimor, u takua me ministrin e Brendsh\u00ebm","breadcrumb":{"@id":"https:\/\/www.visit-ulcinj.com\/blog\/2012\/11\/08\/mali-i-zi-dhe-shqiperia-bashkepunim-ne-perballimin-e-emergjencave\/#breadcrumb"},"inLanguage":"en-US","potentialAction":[{"@type":"ReadAction","target":["https:\/\/www.visit-ulcinj.com\/blog\/2012\/11\/08\/mali-i-zi-dhe-shqiperia-bashkepunim-ne-perballimin-e-emergjencave\/"]}]},{"@type":"BreadcrumbList","@id":"https:\/\/www.visit-ulcinj.com\/blog\/2012\/11\/08\/mali-i-zi-dhe-shqiperia-bashkepunim-ne-perballimin-e-emergjencave\/#breadcrumb","itemListElement":[{"@type":"ListItem","position":1,"name":"&#8220;Mali i Zi dhe Shqip\u00ebria, bashk\u00ebpunim n\u00eb p\u00ebrballimin e emergjencave&#8221;"}]},{"@type":"Person","@id":"https:\/\/www.visit-ulcinj.com\/blog\/#\/schema\/person\/dcab619c614d3038751c63bc2aadc06d","name":"ulqini","sameAs":["http:\/\/www.visit-ulcinj.com"],"url":"https:\/\/www.visit-ulcinj.com\/blog\/author\/admin\/"}]}},"jetpack_featured_media_url":"","jetpack_sharing_enabled":true,"jetpack_shortlink":"https:\/\/wp.me\/pe6lTn-h2F","_links":{"self":[{"href":"https:\/\/www.visit-ulcinj.com\/blog\/wp-json\/wp\/v2\/posts\/65513"}],"collection":[{"href":"https:\/\/www.visit-ulcinj.com\/blog\/wp-json\/wp\/v2\/posts"}],"about":[{"href":"https:\/\/www.visit-ulcinj.com\/blog\/wp-json\/wp\/v2\/types\/post"}],"author":[{"embeddable":true,"href":"https:\/\/www.visit-ulcinj.com\/blog\/wp-json\/wp\/v2\/users\/1"}],"replies":[{"embeddable":true,"href":"https:\/\/www.visit-ulcinj.com\/blog\/wp-json\/wp\/v2\/comments?post=65513"}],"version-history":[{"count":2,"href":"https:\/\/www.visit-ulcinj.com\/blog\/wp-json\/wp\/v2\/posts\/65513\/revisions"}],"predecessor-version":[{"id":65517,"href":"https:\/\/www.visit-ulcinj.com\/blog\/wp-json\/wp\/v2\/posts\/65513\/revisions\/65517"}],"wp:attachment":[{"href":"https:\/\/www.visit-ulcinj.com\/blog\/wp-json\/wp\/v2\/media?parent=65513"}],"wp:term":[{"taxonomy":"category","embeddable":true,"href":"https:\/\/www.visit-ulcinj.com\/blog\/wp-json\/wp\/v2\/categories?post=65513"},{"taxonomy":"post_tag","embeddable":true,"href":"https:\/\/www.visit-ulcinj.com\/blog\/wp-json\/wp\/v2\/tags?post=65513"}],"curies":[{"name":"wp","href":"https:\/\/api.w.org\/{rel}","templated":true}]}}