{"id":65518,"date":"2012-11-08T18:32:51","date_gmt":"2012-11-08T17:32:51","guid":{"rendered":"http:\/\/www.visit-ulcinj.com\/blog\/?p=65518"},"modified":"2012-11-13T14:46:21","modified_gmt":"2012-11-13T13:46:21","slug":"vuajnoviq-i-filloi-bisedimet-per-mandatorin-me-gjeken-video","status":"publish","type":"post","link":"https:\/\/www.visit-ulcinj.com\/blog\/2012\/11\/08\/vuajnoviq-i-filloi-bisedimet-per-mandatorin-me-gjeken-video\/","title":{"rendered":"Vuajnoviq i filloi bisedimet p\u00ebr mandatorin me Gjek\u00ebn &#8211; Video"},"content":{"rendered":"<p><a href=\"http:\/\/www.visit-ulcinj.com\/blog\/wp-content\/uploads\/2012\/11\/Nazif-Cungu_Filip-Vujanoviq.jpg\"><img loading=\"lazy\" class=\"alignleft  wp-image-65519\" title=\"Nazif-Cungu_Filip-Vujanoviq\" src=\"http:\/\/www.visit-ulcinj.com\/blog\/wp-content\/uploads\/2012\/11\/Nazif-Cungu_Filip-Vujanoviq.jpg\" alt=\"\" width=\"508\" height=\"368\" \/><\/a>Presidenti i Malit t\u00eb Zi Filip Vujanoviq i filloi sot bisedimet me kryetar\u00eb t\u00eb partive parlamentare n\u00eb lidhje me propozimin e mandatarit p\u00ebr p\u00ebrb\u00ebrjen e Qeveris\u00eb s\u00eb re. Sipas kushtetut\u00eb s\u00eb Malit t\u00eb Zi, Vujanoviq \u00ebsht\u00eb i obliguar q\u00eb ta propozoj\u00eb mandatarin n\u00eb afat prej 30 dit\u00ebsh nga konstituimi i p\u00ebrb\u00ebrjes s\u00eb re t\u00eb parlamentit.<\/p>\n<p><a href=\"http:\/\/www.visit-ulcinj.com\/blog\/wp-content\/uploads\/2012\/11\/Fatmir-Gjeka-Filip-Vujanoviq.jpg\"><img loading=\"lazy\" class=\"alignleft  wp-image-65544\" title=\"Fatmir Gjeka - Filip Vujanoviq\" src=\"http:\/\/www.visit-ulcinj.com\/blog\/wp-content\/uploads\/2012\/11\/Fatmir-Gjeka-Filip-Vujanoviq.jpg\" alt=\"\" width=\"508\" height=\"346\" \/><\/a><\/p>\n<p>Vujanoviq sot u takua me kryetar\u00ebt e Partis\u00eb Demokratike, Partis\u00eb Boshnjake, Forc\u00ebs, Iniciativ\u00ebs Qytetare Kroate dhe Malit t\u00eb Zi Pozitiv, Fatmir Gjeka, Rafet Husoviq, Nazif Cungu, Marija Vu\u00e7inoviq dhe Darko Pajoviq. Presidenti nes\u00ebr do t\u00eb bisedoj\u00eb me p\u00ebrfaq\u00ebsuesit e Partis\u00eb Liberale dhe t\u00eb partis\u00eb Socialiste Popullore, Andrija Popoviq dhe S\u00ebrgjan Miliq dhe me bart\u00ebsin e list\u00ebs t\u00eb Frontit Demokratik, Miodrag Lekiq.<\/p>\n<p>Vujanoviq takimet n\u00eb lidhje me mandatarin do t&#8217;i p\u00ebrfundoj\u00eb me bisedimet me kryetar\u00ebt e Partis\u00eb Socialdemokrate dhe Partis\u00eb Demokratike t\u00eb Socialisteve, Ranko Krivokapiq dhe Millo Gjukanoviq.<\/p>\n<p>TVCG<br \/>\n<strong>VIDEO TV VIJESTI<\/strong><br \/>\n<iframe loading=\"lazy\" width=\"508\" height=\"360\" src=\"http:\/\/www.youtube.com\/embed\/HGQbz4UoB2E?list=UUGGDfpTbmFVcvtd4iwHk_WQ&amp;hl=fr_FR\" frameborder=\"0\" allowfullscreen><\/iframe><\/p>\n","protected":false},"excerpt":{"rendered":"<p>Presidenti i Malit t\u00eb Zi Filip Vujanoviq i filloi sot bisedimet me kryetar\u00eb t\u00eb partive parlamentare n\u00eb lidhje me propozimin e mandatarit p\u00ebr p\u00ebrb\u00ebrjen e Qeveris\u00eb s\u00eb re. Sipas kushtetut\u00eb s\u00eb Malit t\u00eb Zi, Vujanoviq \u00ebsht\u00eb i obliguar q\u00eb ta propozoj\u00eb mandatarin n\u00eb afat prej 30 dit\u00ebsh nga konstituimi i p\u00ebrb\u00ebrjes s\u00eb re t\u00eb parlamentit. [&hellip;]<\/p>\n","protected":false},"author":1,"featured_media":0,"comment_status":"open","ping_status":"closed","sticky":false,"template":"","format":"standard","meta":{"spay_email":"","jetpack_publicize_message":"","jetpack_is_tweetstorm":false,"jetpack_publicize_feature_enabled":true},"categories":[6],"tags":[1768,118],"jetpack_publicize_connections":[],"yoast_head":"<!-- This site is optimized with the Yoast SEO plugin v19.1 - https:\/\/yoast.com\/wordpress\/plugins\/seo\/ -->\n<title>Vuajnoviq i filloi bisedimet p\u00ebr mandatorin me Gjek\u00ebn - Video - Lajme nga Ulqini<\/title>\n<meta name=\"description\" content=\"Presidenti i Malit t\u00eb Zi Filip Vujanoviq i filloi sot bisedimet me kryetar\u00eb t\u00eb partive parlamentare n\u00eb lidhje me propozimin e mandatarit p\u00ebr p\u00ebrb\u00ebrjen e\" \/>\n<meta name=\"robots\" content=\"index, follow, max-snippet:-1, max-image-preview:large, max-video-preview:-1\" \/>\n<link rel=\"canonical\" href=\"https:\/\/www.visit-ulcinj.com\/blog\/2012\/11\/08\/vuajnoviq-i-filloi-bisedimet-per-mandatorin-me-gjeken-video\/\" \/>\n<meta property=\"og:locale\" content=\"en_US\" \/>\n<meta property=\"og:type\" content=\"article\" \/>\n<meta property=\"og:title\" content=\"Vuajnoviq i filloi bisedimet p\u00ebr mandatorin me Gjek\u00ebn - Video - Lajme nga Ulqini\" \/>\n<meta property=\"og:description\" content=\"Presidenti i Malit t\u00eb Zi Filip Vujanoviq i filloi sot bisedimet me kryetar\u00eb t\u00eb partive parlamentare n\u00eb lidhje me propozimin e mandatarit p\u00ebr p\u00ebrb\u00ebrjen e\" \/>\n<meta property=\"og:url\" content=\"https:\/\/www.visit-ulcinj.com\/blog\/2012\/11\/08\/vuajnoviq-i-filloi-bisedimet-per-mandatorin-me-gjeken-video\/\" \/>\n<meta property=\"og:site_name\" content=\"Lajme nga Ulqini\" \/>\n<meta property=\"article:published_time\" content=\"2012-11-08T17:32:51+00:00\" \/>\n<meta property=\"article:modified_time\" content=\"2012-11-13T13:46:21+00:00\" \/>\n<meta property=\"og:image\" content=\"http:\/\/www.visit-ulcinj.com\/blog\/wp-content\/uploads\/2012\/11\/Nazif-Cungu_Filip-Vujanoviq.jpg\" \/>\n<meta name=\"twitter:label1\" content=\"Written by\" \/>\n\t<meta name=\"twitter:data1\" content=\"ulqini\" \/>\n\t<meta name=\"twitter:label2\" content=\"Est. reading time\" \/>\n\t<meta name=\"twitter:data2\" content=\"1 minute\" \/>\n<script type=\"application\/ld+json\" class=\"yoast-schema-graph\">{\"@context\":\"https:\/\/schema.org\",\"@graph\":[{\"@type\":\"WebSite\",\"@id\":\"https:\/\/www.visit-ulcinj.com\/blog\/#website\",\"url\":\"https:\/\/www.visit-ulcinj.com\/blog\/\",\"name\":\"Lajme nga Ulqini\",\"description\":\"Lajme,Vijesti,Ulqini,Ulqin,Crna Gora,Mali i Zi\",\"potentialAction\":[{\"@type\":\"SearchAction\",\"target\":{\"@type\":\"EntryPoint\",\"urlTemplate\":\"https:\/\/www.visit-ulcinj.com\/blog\/?s={search_term_string}\"},\"query-input\":\"required name=search_term_string\"}],\"inLanguage\":\"en-US\"},{\"@type\":\"ImageObject\",\"inLanguage\":\"en-US\",\"@id\":\"https:\/\/www.visit-ulcinj.com\/blog\/2012\/11\/08\/vuajnoviq-i-filloi-bisedimet-per-mandatorin-me-gjeken-video\/#primaryimage\",\"url\":\"https:\/\/www.visit-ulcinj.com\/blog\/wp-content\/uploads\/2012\/11\/Nazif-Cungu_Filip-Vujanoviq.jpg\",\"contentUrl\":\"https:\/\/www.visit-ulcinj.com\/blog\/wp-content\/uploads\/2012\/11\/Nazif-Cungu_Filip-Vujanoviq.jpg\",\"width\":\"490\",\"height\":\"368\"},{\"@type\":\"WebPage\",\"@id\":\"https:\/\/www.visit-ulcinj.com\/blog\/2012\/11\/08\/vuajnoviq-i-filloi-bisedimet-per-mandatorin-me-gjeken-video\/#webpage\",\"url\":\"https:\/\/www.visit-ulcinj.com\/blog\/2012\/11\/08\/vuajnoviq-i-filloi-bisedimet-per-mandatorin-me-gjeken-video\/\",\"name\":\"Vuajnoviq i filloi bisedimet p\u00ebr mandatorin me Gjek\u00ebn - Video - Lajme nga Ulqini\",\"isPartOf\":{\"@id\":\"https:\/\/www.visit-ulcinj.com\/blog\/#website\"},\"primaryImageOfPage\":{\"@id\":\"https:\/\/www.visit-ulcinj.com\/blog\/2012\/11\/08\/vuajnoviq-i-filloi-bisedimet-per-mandatorin-me-gjeken-video\/#primaryimage\"},\"datePublished\":\"2012-11-08T17:32:51+00:00\",\"dateModified\":\"2012-11-13T13:46:21+00:00\",\"author\":{\"@id\":\"https:\/\/www.visit-ulcinj.com\/blog\/#\/schema\/person\/dcab619c614d3038751c63bc2aadc06d\"},\"description\":\"Presidenti i Malit t\u00eb Zi Filip Vujanoviq i filloi sot bisedimet me kryetar\u00eb t\u00eb partive parlamentare n\u00eb lidhje me propozimin e mandatarit p\u00ebr p\u00ebrb\u00ebrjen e\",\"breadcrumb\":{\"@id\":\"https:\/\/www.visit-ulcinj.com\/blog\/2012\/11\/08\/vuajnoviq-i-filloi-bisedimet-per-mandatorin-me-gjeken-video\/#breadcrumb\"},\"inLanguage\":\"en-US\",\"potentialAction\":[{\"@type\":\"ReadAction\",\"target\":[\"https:\/\/www.visit-ulcinj.com\/blog\/2012\/11\/08\/vuajnoviq-i-filloi-bisedimet-per-mandatorin-me-gjeken-video\/\"]}]},{\"@type\":\"BreadcrumbList\",\"@id\":\"https:\/\/www.visit-ulcinj.com\/blog\/2012\/11\/08\/vuajnoviq-i-filloi-bisedimet-per-mandatorin-me-gjeken-video\/#breadcrumb\",\"itemListElement\":[{\"@type\":\"ListItem\",\"position\":1,\"name\":\"Vuajnoviq i filloi bisedimet p\u00ebr mandatorin me Gjek\u00ebn &#8211; Video\"}]},{\"@type\":\"Person\",\"@id\":\"https:\/\/www.visit-ulcinj.com\/blog\/#\/schema\/person\/dcab619c614d3038751c63bc2aadc06d\",\"name\":\"ulqini\",\"sameAs\":[\"http:\/\/www.visit-ulcinj.com\"],\"url\":\"https:\/\/www.visit-ulcinj.com\/blog\/author\/admin\/\"}]}<\/script>\n<!-- \/ Yoast SEO plugin. -->","yoast_head_json":{"title":"Vuajnoviq i filloi bisedimet p\u00ebr mandatorin me Gjek\u00ebn - Video - Lajme nga Ulqini","description":"Presidenti i Malit t\u00eb Zi Filip Vujanoviq i filloi sot bisedimet me kryetar\u00eb t\u00eb partive parlamentare n\u00eb lidhje me propozimin e mandatarit p\u00ebr p\u00ebrb\u00ebrjen e","robots":{"index":"index","follow":"follow","max-snippet":"max-snippet:-1","max-image-preview":"max-image-preview:large","max-video-preview":"max-video-preview:-1"},"canonical":"https:\/\/www.visit-ulcinj.com\/blog\/2012\/11\/08\/vuajnoviq-i-filloi-bisedimet-per-mandatorin-me-gjeken-video\/","og_locale":"en_US","og_type":"article","og_title":"Vuajnoviq i filloi bisedimet p\u00ebr mandatorin me Gjek\u00ebn - Video - Lajme nga Ulqini","og_description":"Presidenti i Malit t\u00eb Zi Filip Vujanoviq i filloi sot bisedimet me kryetar\u00eb t\u00eb partive parlamentare n\u00eb lidhje me propozimin e mandatarit p\u00ebr p\u00ebrb\u00ebrjen e","og_url":"https:\/\/www.visit-ulcinj.com\/blog\/2012\/11\/08\/vuajnoviq-i-filloi-bisedimet-per-mandatorin-me-gjeken-video\/","og_site_name":"Lajme nga Ulqini","article_published_time":"2012-11-08T17:32:51+00:00","article_modified_time":"2012-11-13T13:46:21+00:00","og_image":[{"url":"http:\/\/www.visit-ulcinj.com\/blog\/wp-content\/uploads\/2012\/11\/Nazif-Cungu_Filip-Vujanoviq.jpg"}],"twitter_misc":{"Written by":"ulqini","Est. reading time":"1 minute"},"schema":{"@context":"https:\/\/schema.org","@graph":[{"@type":"WebSite","@id":"https:\/\/www.visit-ulcinj.com\/blog\/#website","url":"https:\/\/www.visit-ulcinj.com\/blog\/","name":"Lajme nga Ulqini","description":"Lajme,Vijesti,Ulqini,Ulqin,Crna Gora,Mali i Zi","potentialAction":[{"@type":"SearchAction","target":{"@type":"EntryPoint","urlTemplate":"https:\/\/www.visit-ulcinj.com\/blog\/?s={search_term_string}"},"query-input":"required name=search_term_string"}],"inLanguage":"en-US"},{"@type":"ImageObject","inLanguage":"en-US","@id":"https:\/\/www.visit-ulcinj.com\/blog\/2012\/11\/08\/vuajnoviq-i-filloi-bisedimet-per-mandatorin-me-gjeken-video\/#primaryimage","url":"https:\/\/www.visit-ulcinj.com\/blog\/wp-content\/uploads\/2012\/11\/Nazif-Cungu_Filip-Vujanoviq.jpg","contentUrl":"https:\/\/www.visit-ulcinj.com\/blog\/wp-content\/uploads\/2012\/11\/Nazif-Cungu_Filip-Vujanoviq.jpg","width":"490","height":"368"},{"@type":"WebPage","@id":"https:\/\/www.visit-ulcinj.com\/blog\/2012\/11\/08\/vuajnoviq-i-filloi-bisedimet-per-mandatorin-me-gjeken-video\/#webpage","url":"https:\/\/www.visit-ulcinj.com\/blog\/2012\/11\/08\/vuajnoviq-i-filloi-bisedimet-per-mandatorin-me-gjeken-video\/","name":"Vuajnoviq i filloi bisedimet p\u00ebr mandatorin me Gjek\u00ebn - Video - Lajme nga Ulqini","isPartOf":{"@id":"https:\/\/www.visit-ulcinj.com\/blog\/#website"},"primaryImageOfPage":{"@id":"https:\/\/www.visit-ulcinj.com\/blog\/2012\/11\/08\/vuajnoviq-i-filloi-bisedimet-per-mandatorin-me-gjeken-video\/#primaryimage"},"datePublished":"2012-11-08T17:32:51+00:00","dateModified":"2012-11-13T13:46:21+00:00","author":{"@id":"https:\/\/www.visit-ulcinj.com\/blog\/#\/schema\/person\/dcab619c614d3038751c63bc2aadc06d"},"description":"Presidenti i Malit t\u00eb Zi Filip Vujanoviq i filloi sot bisedimet me kryetar\u00eb t\u00eb partive parlamentare n\u00eb lidhje me propozimin e mandatarit p\u00ebr p\u00ebrb\u00ebrjen e","breadcrumb":{"@id":"https:\/\/www.visit-ulcinj.com\/blog\/2012\/11\/08\/vuajnoviq-i-filloi-bisedimet-per-mandatorin-me-gjeken-video\/#breadcrumb"},"inLanguage":"en-US","potentialAction":[{"@type":"ReadAction","target":["https:\/\/www.visit-ulcinj.com\/blog\/2012\/11\/08\/vuajnoviq-i-filloi-bisedimet-per-mandatorin-me-gjeken-video\/"]}]},{"@type":"BreadcrumbList","@id":"https:\/\/www.visit-ulcinj.com\/blog\/2012\/11\/08\/vuajnoviq-i-filloi-bisedimet-per-mandatorin-me-gjeken-video\/#breadcrumb","itemListElement":[{"@type":"ListItem","position":1,"name":"Vuajnoviq i filloi bisedimet p\u00ebr mandatorin me Gjek\u00ebn &#8211; Video"}]},{"@type":"Person","@id":"https:\/\/www.visit-ulcinj.com\/blog\/#\/schema\/person\/dcab619c614d3038751c63bc2aadc06d","name":"ulqini","sameAs":["http:\/\/www.visit-ulcinj.com"],"url":"https:\/\/www.visit-ulcinj.com\/blog\/author\/admin\/"}]}},"jetpack_featured_media_url":"","jetpack_sharing_enabled":true,"jetpack_shortlink":"https:\/\/wp.me\/pe6lTn-h2K","_links":{"self":[{"href":"https:\/\/www.visit-ulcinj.com\/blog\/wp-json\/wp\/v2\/posts\/65518"}],"collection":[{"href":"https:\/\/www.visit-ulcinj.com\/blog\/wp-json\/wp\/v2\/posts"}],"about":[{"href":"https:\/\/www.visit-ulcinj.com\/blog\/wp-json\/wp\/v2\/types\/post"}],"author":[{"embeddable":true,"href":"https:\/\/www.visit-ulcinj.com\/blog\/wp-json\/wp\/v2\/users\/1"}],"replies":[{"embeddable":true,"href":"https:\/\/www.visit-ulcinj.com\/blog\/wp-json\/wp\/v2\/comments?post=65518"}],"version-history":[{"count":5,"href":"https:\/\/www.visit-ulcinj.com\/blog\/wp-json\/wp\/v2\/posts\/65518\/revisions"}],"predecessor-version":[{"id":65647,"href":"https:\/\/www.visit-ulcinj.com\/blog\/wp-json\/wp\/v2\/posts\/65518\/revisions\/65647"}],"wp:attachment":[{"href":"https:\/\/www.visit-ulcinj.com\/blog\/wp-json\/wp\/v2\/media?parent=65518"}],"wp:term":[{"taxonomy":"category","embeddable":true,"href":"https:\/\/www.visit-ulcinj.com\/blog\/wp-json\/wp\/v2\/categories?post=65518"},{"taxonomy":"post_tag","embeddable":true,"href":"https:\/\/www.visit-ulcinj.com\/blog\/wp-json\/wp\/v2\/tags?post=65518"}],"curies":[{"name":"wp","href":"https:\/\/api.w.org\/{rel}","templated":true}]}}