{"id":65521,"date":"2012-11-08T19:14:47","date_gmt":"2012-11-08T18:14:47","guid":{"rendered":"http:\/\/www.visit-ulcinj.com\/blog\/?p=65521"},"modified":"2012-11-08T19:14:47","modified_gmt":"2012-11-08T18:14:47","slug":"adelina-ismajli-sjell-videoklip-epik-me-video","status":"publish","type":"post","link":"https:\/\/www.visit-ulcinj.com\/blog\/2012\/11\/08\/adelina-ismajli-sjell-videoklip-epik-me-video\/","title":{"rendered":"Adelina Ismajli sjell videoklip epik (me video)"},"content":{"rendered":"<p><a href=\"http:\/\/www.visit-ulcinj.com\/blog\/wp-content\/uploads\/2012\/11\/adelinaa__SKENDERBE.jpg\"><img loading=\"lazy\" class=\"alignleft  wp-image-65522\" title=\"adelinaa__SKENDERBE\" src=\"http:\/\/www.visit-ulcinj.com\/blog\/wp-content\/uploads\/2012\/11\/adelinaa__SKENDERBE.jpg\" alt=\"\" width=\"508\" height=\"360\" \/><\/a>K\u00ebng\u00ebtarja Adelina Ismajli ka realizuar nj\u00eb klip t\u00eb animuar p\u00ebr k\u00ebng\u00ebn \u201cSk\u00ebnderbe\u201d.<\/p>\n<p>Klipi i animuar\u00a0 \u00ebsht\u00eb publikuar vet\u00ebm disa minuta m\u00eb par\u00eb por qindra komente pozitive kan\u00eb arritur p\u00ebr k\u00ebt\u00eb k\u00ebng\u00eb.<br \/>\n\u201cKrenar q\u00eb jemi shqiptar\u201d ka shkruar Adelina n\u00eb Facebook duke publikuar k\u00ebt\u00eb klip.<br \/>\nN\u00eb klipin e animuar shihet Ismail Qemaili, Sk\u00ebnderbeu, Naim Frash\u00ebri dhe figura t\u00eb tjera komb\u00ebtare<strong>.<\/strong><\/p>\n<p><strong>\/InfoGLOBI\/<\/strong><br \/>\n<iframe loading=\"lazy\" width=\"508\" height=\"360\" src=\"http:\/\/www.youtube.com\/embed\/0k2GJW8F38M?rel=0\" frameborder=\"0\" allowfullscreen><\/iframe><\/p>\n","protected":false},"excerpt":{"rendered":"<p>K\u00ebng\u00ebtarja Adelina Ismajli ka realizuar nj\u00eb klip t\u00eb animuar p\u00ebr k\u00ebng\u00ebn \u201cSk\u00ebnderbe\u201d. Klipi i animuar\u00a0 \u00ebsht\u00eb publikuar vet\u00ebm disa minuta m\u00eb par\u00eb por qindra komente pozitive kan\u00eb arritur p\u00ebr k\u00ebt\u00eb k\u00ebng\u00eb. \u201cKrenar q\u00eb jemi shqiptar\u201d ka shkruar Adelina n\u00eb Facebook duke publikuar k\u00ebt\u00eb klip. N\u00eb klipin e animuar shihet Ismail Qemaili, Sk\u00ebnderbeu, Naim Frash\u00ebri dhe [&hellip;]<\/p>\n","protected":false},"author":1,"featured_media":0,"comment_status":"open","ping_status":"closed","sticky":false,"template":"","format":"standard","meta":{"spay_email":"","jetpack_publicize_message":"","jetpack_is_tweetstorm":false,"jetpack_publicize_feature_enabled":true},"categories":[1],"tags":[21441,2364],"jetpack_publicize_connections":[],"yoast_head":"<!-- This site is optimized with the Yoast SEO plugin v19.1 - https:\/\/yoast.com\/wordpress\/plugins\/seo\/ -->\n<title>Adelina Ismajli sjell videoklip epik (me video) - Lajme nga Ulqini<\/title>\n<meta name=\"description\" content=\"K\u00ebng\u00ebtarja Adelina Ismajli ka realizuar nj\u00eb klip t\u00eb animuar p\u00ebr k\u00ebng\u00ebn \u201cSk\u00ebnderbe\u201d. Klipi i animuar\u00a0 \u00ebsht\u00eb publikuar vet\u00ebm disa minuta m\u00eb par\u00eb por qindra\" \/>\n<meta name=\"robots\" content=\"index, follow, max-snippet:-1, max-image-preview:large, max-video-preview:-1\" \/>\n<link rel=\"canonical\" href=\"https:\/\/www.visit-ulcinj.com\/blog\/2012\/11\/08\/adelina-ismajli-sjell-videoklip-epik-me-video\/\" \/>\n<meta property=\"og:locale\" content=\"en_US\" \/>\n<meta property=\"og:type\" content=\"article\" \/>\n<meta property=\"og:title\" content=\"Adelina Ismajli sjell videoklip epik (me video) - Lajme nga Ulqini\" \/>\n<meta property=\"og:description\" content=\"K\u00ebng\u00ebtarja Adelina Ismajli ka realizuar nj\u00eb klip t\u00eb animuar p\u00ebr k\u00ebng\u00ebn \u201cSk\u00ebnderbe\u201d. Klipi i animuar\u00a0 \u00ebsht\u00eb publikuar vet\u00ebm disa minuta m\u00eb par\u00eb por qindra\" \/>\n<meta property=\"og:url\" content=\"https:\/\/www.visit-ulcinj.com\/blog\/2012\/11\/08\/adelina-ismajli-sjell-videoklip-epik-me-video\/\" \/>\n<meta property=\"og:site_name\" content=\"Lajme nga Ulqini\" \/>\n<meta property=\"article:published_time\" content=\"2012-11-08T18:14:47+00:00\" \/>\n<meta property=\"og:image\" content=\"http:\/\/www.visit-ulcinj.com\/blog\/wp-content\/uploads\/2012\/11\/adelinaa__SKENDERBE.jpg\" \/>\n<meta name=\"twitter:label1\" content=\"Written by\" \/>\n\t<meta name=\"twitter:data1\" content=\"ulqini\" \/>\n<script type=\"application\/ld+json\" class=\"yoast-schema-graph\">{\"@context\":\"https:\/\/schema.org\",\"@graph\":[{\"@type\":\"WebSite\",\"@id\":\"https:\/\/www.visit-ulcinj.com\/blog\/#website\",\"url\":\"https:\/\/www.visit-ulcinj.com\/blog\/\",\"name\":\"Lajme nga Ulqini\",\"description\":\"Lajme,Vijesti,Ulqini,Ulqin,Crna Gora,Mali i Zi\",\"potentialAction\":[{\"@type\":\"SearchAction\",\"target\":{\"@type\":\"EntryPoint\",\"urlTemplate\":\"https:\/\/www.visit-ulcinj.com\/blog\/?s={search_term_string}\"},\"query-input\":\"required name=search_term_string\"}],\"inLanguage\":\"en-US\"},{\"@type\":\"ImageObject\",\"inLanguage\":\"en-US\",\"@id\":\"https:\/\/www.visit-ulcinj.com\/blog\/2012\/11\/08\/adelina-ismajli-sjell-videoklip-epik-me-video\/#primaryimage\",\"url\":\"http:\/\/www.visit-ulcinj.com\/blog\/wp-content\/uploads\/2012\/11\/adelinaa__SKENDERBE.jpg\",\"contentUrl\":\"http:\/\/www.visit-ulcinj.com\/blog\/wp-content\/uploads\/2012\/11\/adelinaa__SKENDERBE.jpg\"},{\"@type\":\"WebPage\",\"@id\":\"https:\/\/www.visit-ulcinj.com\/blog\/2012\/11\/08\/adelina-ismajli-sjell-videoklip-epik-me-video\/#webpage\",\"url\":\"https:\/\/www.visit-ulcinj.com\/blog\/2012\/11\/08\/adelina-ismajli-sjell-videoklip-epik-me-video\/\",\"name\":\"Adelina Ismajli sjell videoklip epik (me video) - Lajme nga Ulqini\",\"isPartOf\":{\"@id\":\"https:\/\/www.visit-ulcinj.com\/blog\/#website\"},\"primaryImageOfPage\":{\"@id\":\"https:\/\/www.visit-ulcinj.com\/blog\/2012\/11\/08\/adelina-ismajli-sjell-videoklip-epik-me-video\/#primaryimage\"},\"datePublished\":\"2012-11-08T18:14:47+00:00\",\"dateModified\":\"2012-11-08T18:14:47+00:00\",\"author\":{\"@id\":\"https:\/\/www.visit-ulcinj.com\/blog\/#\/schema\/person\/dcab619c614d3038751c63bc2aadc06d\"},\"description\":\"K\u00ebng\u00ebtarja Adelina Ismajli ka realizuar nj\u00eb klip t\u00eb animuar p\u00ebr k\u00ebng\u00ebn \u201cSk\u00ebnderbe\u201d. Klipi i animuar\u00a0 \u00ebsht\u00eb publikuar vet\u00ebm disa minuta m\u00eb par\u00eb por qindra\",\"breadcrumb\":{\"@id\":\"https:\/\/www.visit-ulcinj.com\/blog\/2012\/11\/08\/adelina-ismajli-sjell-videoklip-epik-me-video\/#breadcrumb\"},\"inLanguage\":\"en-US\",\"potentialAction\":[{\"@type\":\"ReadAction\",\"target\":[\"https:\/\/www.visit-ulcinj.com\/blog\/2012\/11\/08\/adelina-ismajli-sjell-videoklip-epik-me-video\/\"]}]},{\"@type\":\"BreadcrumbList\",\"@id\":\"https:\/\/www.visit-ulcinj.com\/blog\/2012\/11\/08\/adelina-ismajli-sjell-videoklip-epik-me-video\/#breadcrumb\",\"itemListElement\":[{\"@type\":\"ListItem\",\"position\":1,\"name\":\"Adelina Ismajli sjell videoklip epik (me video)\"}]},{\"@type\":\"Person\",\"@id\":\"https:\/\/www.visit-ulcinj.com\/blog\/#\/schema\/person\/dcab619c614d3038751c63bc2aadc06d\",\"name\":\"ulqini\",\"sameAs\":[\"http:\/\/www.visit-ulcinj.com\"],\"url\":\"https:\/\/www.visit-ulcinj.com\/blog\/author\/admin\/\"}]}<\/script>\n<!-- \/ Yoast SEO plugin. -->","yoast_head_json":{"title":"Adelina Ismajli sjell videoklip epik (me video) - Lajme nga Ulqini","description":"K\u00ebng\u00ebtarja Adelina Ismajli ka realizuar nj\u00eb klip t\u00eb animuar p\u00ebr k\u00ebng\u00ebn \u201cSk\u00ebnderbe\u201d. Klipi i animuar\u00a0 \u00ebsht\u00eb publikuar vet\u00ebm disa minuta m\u00eb par\u00eb por qindra","robots":{"index":"index","follow":"follow","max-snippet":"max-snippet:-1","max-image-preview":"max-image-preview:large","max-video-preview":"max-video-preview:-1"},"canonical":"https:\/\/www.visit-ulcinj.com\/blog\/2012\/11\/08\/adelina-ismajli-sjell-videoklip-epik-me-video\/","og_locale":"en_US","og_type":"article","og_title":"Adelina Ismajli sjell videoklip epik (me video) - Lajme nga Ulqini","og_description":"K\u00ebng\u00ebtarja Adelina Ismajli ka realizuar nj\u00eb klip t\u00eb animuar p\u00ebr k\u00ebng\u00ebn \u201cSk\u00ebnderbe\u201d. Klipi i animuar\u00a0 \u00ebsht\u00eb publikuar vet\u00ebm disa minuta m\u00eb par\u00eb por qindra","og_url":"https:\/\/www.visit-ulcinj.com\/blog\/2012\/11\/08\/adelina-ismajli-sjell-videoklip-epik-me-video\/","og_site_name":"Lajme nga Ulqini","article_published_time":"2012-11-08T18:14:47+00:00","og_image":[{"url":"http:\/\/www.visit-ulcinj.com\/blog\/wp-content\/uploads\/2012\/11\/adelinaa__SKENDERBE.jpg"}],"twitter_misc":{"Written by":"ulqini"},"schema":{"@context":"https:\/\/schema.org","@graph":[{"@type":"WebSite","@id":"https:\/\/www.visit-ulcinj.com\/blog\/#website","url":"https:\/\/www.visit-ulcinj.com\/blog\/","name":"Lajme nga Ulqini","description":"Lajme,Vijesti,Ulqini,Ulqin,Crna Gora,Mali i Zi","potentialAction":[{"@type":"SearchAction","target":{"@type":"EntryPoint","urlTemplate":"https:\/\/www.visit-ulcinj.com\/blog\/?s={search_term_string}"},"query-input":"required name=search_term_string"}],"inLanguage":"en-US"},{"@type":"ImageObject","inLanguage":"en-US","@id":"https:\/\/www.visit-ulcinj.com\/blog\/2012\/11\/08\/adelina-ismajli-sjell-videoklip-epik-me-video\/#primaryimage","url":"http:\/\/www.visit-ulcinj.com\/blog\/wp-content\/uploads\/2012\/11\/adelinaa__SKENDERBE.jpg","contentUrl":"http:\/\/www.visit-ulcinj.com\/blog\/wp-content\/uploads\/2012\/11\/adelinaa__SKENDERBE.jpg"},{"@type":"WebPage","@id":"https:\/\/www.visit-ulcinj.com\/blog\/2012\/11\/08\/adelina-ismajli-sjell-videoklip-epik-me-video\/#webpage","url":"https:\/\/www.visit-ulcinj.com\/blog\/2012\/11\/08\/adelina-ismajli-sjell-videoklip-epik-me-video\/","name":"Adelina Ismajli sjell videoklip epik (me video) - Lajme nga Ulqini","isPartOf":{"@id":"https:\/\/www.visit-ulcinj.com\/blog\/#website"},"primaryImageOfPage":{"@id":"https:\/\/www.visit-ulcinj.com\/blog\/2012\/11\/08\/adelina-ismajli-sjell-videoklip-epik-me-video\/#primaryimage"},"datePublished":"2012-11-08T18:14:47+00:00","dateModified":"2012-11-08T18:14:47+00:00","author":{"@id":"https:\/\/www.visit-ulcinj.com\/blog\/#\/schema\/person\/dcab619c614d3038751c63bc2aadc06d"},"description":"K\u00ebng\u00ebtarja Adelina Ismajli ka realizuar nj\u00eb klip t\u00eb animuar p\u00ebr k\u00ebng\u00ebn \u201cSk\u00ebnderbe\u201d. Klipi i animuar\u00a0 \u00ebsht\u00eb publikuar vet\u00ebm disa minuta m\u00eb par\u00eb por qindra","breadcrumb":{"@id":"https:\/\/www.visit-ulcinj.com\/blog\/2012\/11\/08\/adelina-ismajli-sjell-videoklip-epik-me-video\/#breadcrumb"},"inLanguage":"en-US","potentialAction":[{"@type":"ReadAction","target":["https:\/\/www.visit-ulcinj.com\/blog\/2012\/11\/08\/adelina-ismajli-sjell-videoklip-epik-me-video\/"]}]},{"@type":"BreadcrumbList","@id":"https:\/\/www.visit-ulcinj.com\/blog\/2012\/11\/08\/adelina-ismajli-sjell-videoklip-epik-me-video\/#breadcrumb","itemListElement":[{"@type":"ListItem","position":1,"name":"Adelina Ismajli sjell videoklip epik (me video)"}]},{"@type":"Person","@id":"https:\/\/www.visit-ulcinj.com\/blog\/#\/schema\/person\/dcab619c614d3038751c63bc2aadc06d","name":"ulqini","sameAs":["http:\/\/www.visit-ulcinj.com"],"url":"https:\/\/www.visit-ulcinj.com\/blog\/author\/admin\/"}]}},"jetpack_featured_media_url":"","jetpack_sharing_enabled":true,"jetpack_shortlink":"https:\/\/wp.me\/pe6lTn-h2N","_links":{"self":[{"href":"https:\/\/www.visit-ulcinj.com\/blog\/wp-json\/wp\/v2\/posts\/65521"}],"collection":[{"href":"https:\/\/www.visit-ulcinj.com\/blog\/wp-json\/wp\/v2\/posts"}],"about":[{"href":"https:\/\/www.visit-ulcinj.com\/blog\/wp-json\/wp\/v2\/types\/post"}],"author":[{"embeddable":true,"href":"https:\/\/www.visit-ulcinj.com\/blog\/wp-json\/wp\/v2\/users\/1"}],"replies":[{"embeddable":true,"href":"https:\/\/www.visit-ulcinj.com\/blog\/wp-json\/wp\/v2\/comments?post=65521"}],"version-history":[{"count":1,"href":"https:\/\/www.visit-ulcinj.com\/blog\/wp-json\/wp\/v2\/posts\/65521\/revisions"}],"predecessor-version":[{"id":65523,"href":"https:\/\/www.visit-ulcinj.com\/blog\/wp-json\/wp\/v2\/posts\/65521\/revisions\/65523"}],"wp:attachment":[{"href":"https:\/\/www.visit-ulcinj.com\/blog\/wp-json\/wp\/v2\/media?parent=65521"}],"wp:term":[{"taxonomy":"category","embeddable":true,"href":"https:\/\/www.visit-ulcinj.com\/blog\/wp-json\/wp\/v2\/categories?post=65521"},{"taxonomy":"post_tag","embeddable":true,"href":"https:\/\/www.visit-ulcinj.com\/blog\/wp-json\/wp\/v2\/tags?post=65521"}],"curies":[{"name":"wp","href":"https:\/\/api.w.org\/{rel}","templated":true}]}}