{"id":65532,"date":"2012-11-08T20:34:43","date_gmt":"2012-11-08T19:34:43","guid":{"rendered":"http:\/\/www.visit-ulcinj.com\/blog\/?p=65532"},"modified":"2012-11-08T20:34:43","modified_gmt":"2012-11-08T19:34:43","slug":"fadil-berisha-zhvesh-edhe-dafinen","status":"publish","type":"post","link":"https:\/\/www.visit-ulcinj.com\/blog\/2012\/11\/08\/fadil-berisha-zhvesh-edhe-dafinen\/","title":{"rendered":"Fadil Berisha, \u201czhvesh\u201d edhe Dafin\u00ebn"},"content":{"rendered":"<p>Dafina Zeqiri, \u00a0e cila ka disa muaj qe po qendron ne SHBA, ka pozuar atje per fotografin e njohur shqiptar Fadil Berisha.<br \/>\n<a href=\"http:\/\/www.visit-ulcinj.com\/blog\/wp-content\/uploads\/2012\/11\/dafina-zeqa-exhveshur.jpg\"><img loading=\"lazy\" class=\"alignleft  wp-image-65533\" title=\"dafina-zeqa-exhveshur\" src=\"http:\/\/www.visit-ulcinj.com\/blog\/wp-content\/uploads\/2012\/11\/dafina-zeqa-exhveshur.jpg\" alt=\"\" width=\"508\" height=\"600\" \/><\/a><\/p>\n<p>Pas nj\u00eb sesioni fotografik ku Dafina shfaqej e af\u00ebrt me fotomodel\u00ebn Emina \u00c7unmulaj, Berisha ka realizuar edhe disa fotografi me k\u00ebngetaren, ku ajo shfaq shum\u00eb nga trupi i saj, nd\u00ebrsa sip\u00ebr ka t\u00eb hedhur vet\u00ebm nj\u00eb shall.<\/p>\n<p><a href=\"http:\/\/www.visit-ulcinj.com\/blog\/wp-content\/uploads\/2012\/11\/dafina-zeqa-exhveshur.1.jpg\"><img loading=\"lazy\" class=\"alignleft  wp-image-65534\" title=\"dafina-zeqa-exhveshur.1\" src=\"http:\/\/www.visit-ulcinj.com\/blog\/wp-content\/uploads\/2012\/11\/dafina-zeqa-exhveshur.1.jpg\" alt=\"\" width=\"508\" height=\"400\" \/><\/a><\/p>\n<p>Karahas k\u00ebsaj fotografie, Berisha ka sh\u00ebnuar: \u201cDuke realizuar fotografi me t\u00eb bukur\u00ebn dhe t\u00eb talentuaren\u201d<\/p>\n<p>Vipat.info<\/p>\n<p><iframe loading=\"lazy\" width=\"508\" height=\"360\" src=\"http:\/\/www.youtube.com\/embed\/xWAq-xb5kwQ?rel=0\" frameborder=\"0\" allowfullscreen><\/iframe><\/p>\n","protected":false},"excerpt":{"rendered":"<p>Dafina Zeqiri, \u00a0e cila ka disa muaj qe po qendron ne SHBA, ka pozuar atje per fotografin e njohur shqiptar Fadil Berisha. Pas nj\u00eb sesioni fotografik ku Dafina shfaqej e af\u00ebrt me fotomodel\u00ebn Emina \u00c7unmulaj, Berisha ka realizuar edhe disa fotografi me k\u00ebngetaren, ku ajo shfaq shum\u00eb nga trupi i saj, nd\u00ebrsa sip\u00ebr ka t\u00eb [&hellip;]<\/p>\n","protected":false},"author":1,"featured_media":0,"comment_status":"open","ping_status":"closed","sticky":false,"template":"","format":"standard","meta":{"spay_email":"","jetpack_publicize_message":"","jetpack_is_tweetstorm":false,"jetpack_publicize_feature_enabled":true},"categories":[1],"tags":[19677,20458,4926,21442,19806,16036,19514,19511,19513,6693,4684,19460],"jetpack_publicize_connections":[],"yoast_head":"<!-- This site is optimized with the Yoast SEO plugin v19.1 - https:\/\/yoast.com\/wordpress\/plugins\/seo\/ -->\n<title>Fadil Berisha, \u201czhvesh\u201d edhe Dafin\u00ebn - Lajme nga Ulqini<\/title>\n<meta name=\"description\" content=\"Dafina Zeqiri, \u00a0e cila ka disa muaj qe po qendron ne SHBA, ka pozuar atje per fotografin e njohur shqiptar Fadil Berisha. Pas nj\u00eb sesioni fotografik ku\" \/>\n<meta name=\"robots\" content=\"index, follow, max-snippet:-1, max-image-preview:large, max-video-preview:-1\" \/>\n<link rel=\"canonical\" href=\"https:\/\/www.visit-ulcinj.com\/blog\/2012\/11\/08\/fadil-berisha-zhvesh-edhe-dafinen\/\" \/>\n<meta property=\"og:locale\" content=\"en_US\" \/>\n<meta property=\"og:type\" content=\"article\" \/>\n<meta property=\"og:title\" content=\"Fadil Berisha, \u201czhvesh\u201d edhe Dafin\u00ebn - Lajme nga Ulqini\" \/>\n<meta property=\"og:description\" content=\"Dafina Zeqiri, \u00a0e cila ka disa muaj qe po qendron ne SHBA, ka pozuar atje per fotografin e njohur shqiptar Fadil Berisha. Pas nj\u00eb sesioni fotografik ku\" \/>\n<meta property=\"og:url\" content=\"https:\/\/www.visit-ulcinj.com\/blog\/2012\/11\/08\/fadil-berisha-zhvesh-edhe-dafinen\/\" \/>\n<meta property=\"og:site_name\" content=\"Lajme nga Ulqini\" \/>\n<meta property=\"article:published_time\" content=\"2012-11-08T19:34:43+00:00\" \/>\n<meta property=\"og:image\" content=\"http:\/\/www.visit-ulcinj.com\/blog\/wp-content\/uploads\/2012\/11\/dafina-zeqa-exhveshur.jpg\" \/>\n<meta name=\"twitter:label1\" content=\"Written by\" \/>\n\t<meta name=\"twitter:data1\" content=\"ulqini\" \/>\n<script type=\"application\/ld+json\" class=\"yoast-schema-graph\">{\"@context\":\"https:\/\/schema.org\",\"@graph\":[{\"@type\":\"WebSite\",\"@id\":\"https:\/\/www.visit-ulcinj.com\/blog\/#website\",\"url\":\"https:\/\/www.visit-ulcinj.com\/blog\/\",\"name\":\"Lajme nga Ulqini\",\"description\":\"Lajme,Vijesti,Ulqini,Ulqin,Crna Gora,Mali i Zi\",\"potentialAction\":[{\"@type\":\"SearchAction\",\"target\":{\"@type\":\"EntryPoint\",\"urlTemplate\":\"https:\/\/www.visit-ulcinj.com\/blog\/?s={search_term_string}\"},\"query-input\":\"required name=search_term_string\"}],\"inLanguage\":\"en-US\"},{\"@type\":\"ImageObject\",\"inLanguage\":\"en-US\",\"@id\":\"https:\/\/www.visit-ulcinj.com\/blog\/2012\/11\/08\/fadil-berisha-zhvesh-edhe-dafinen\/#primaryimage\",\"url\":\"http:\/\/www.visit-ulcinj.com\/blog\/wp-content\/uploads\/2012\/11\/dafina-zeqa-exhveshur.jpg\",\"contentUrl\":\"http:\/\/www.visit-ulcinj.com\/blog\/wp-content\/uploads\/2012\/11\/dafina-zeqa-exhveshur.jpg\"},{\"@type\":\"WebPage\",\"@id\":\"https:\/\/www.visit-ulcinj.com\/blog\/2012\/11\/08\/fadil-berisha-zhvesh-edhe-dafinen\/#webpage\",\"url\":\"https:\/\/www.visit-ulcinj.com\/blog\/2012\/11\/08\/fadil-berisha-zhvesh-edhe-dafinen\/\",\"name\":\"Fadil Berisha, \u201czhvesh\u201d edhe Dafin\u00ebn - Lajme nga Ulqini\",\"isPartOf\":{\"@id\":\"https:\/\/www.visit-ulcinj.com\/blog\/#website\"},\"primaryImageOfPage\":{\"@id\":\"https:\/\/www.visit-ulcinj.com\/blog\/2012\/11\/08\/fadil-berisha-zhvesh-edhe-dafinen\/#primaryimage\"},\"datePublished\":\"2012-11-08T19:34:43+00:00\",\"dateModified\":\"2012-11-08T19:34:43+00:00\",\"author\":{\"@id\":\"https:\/\/www.visit-ulcinj.com\/blog\/#\/schema\/person\/dcab619c614d3038751c63bc2aadc06d\"},\"description\":\"Dafina Zeqiri, \u00a0e cila ka disa muaj qe po qendron ne SHBA, ka pozuar atje per fotografin e njohur shqiptar Fadil Berisha. Pas nj\u00eb sesioni fotografik ku\",\"breadcrumb\":{\"@id\":\"https:\/\/www.visit-ulcinj.com\/blog\/2012\/11\/08\/fadil-berisha-zhvesh-edhe-dafinen\/#breadcrumb\"},\"inLanguage\":\"en-US\",\"potentialAction\":[{\"@type\":\"ReadAction\",\"target\":[\"https:\/\/www.visit-ulcinj.com\/blog\/2012\/11\/08\/fadil-berisha-zhvesh-edhe-dafinen\/\"]}]},{\"@type\":\"BreadcrumbList\",\"@id\":\"https:\/\/www.visit-ulcinj.com\/blog\/2012\/11\/08\/fadil-berisha-zhvesh-edhe-dafinen\/#breadcrumb\",\"itemListElement\":[{\"@type\":\"ListItem\",\"position\":1,\"name\":\"Fadil Berisha, \u201czhvesh\u201d edhe Dafin\u00ebn\"}]},{\"@type\":\"Person\",\"@id\":\"https:\/\/www.visit-ulcinj.com\/blog\/#\/schema\/person\/dcab619c614d3038751c63bc2aadc06d\",\"name\":\"ulqini\",\"sameAs\":[\"http:\/\/www.visit-ulcinj.com\"],\"url\":\"https:\/\/www.visit-ulcinj.com\/blog\/author\/admin\/\"}]}<\/script>\n<!-- \/ Yoast SEO plugin. -->","yoast_head_json":{"title":"Fadil Berisha, \u201czhvesh\u201d edhe Dafin\u00ebn - Lajme nga Ulqini","description":"Dafina Zeqiri, \u00a0e cila ka disa muaj qe po qendron ne SHBA, ka pozuar atje per fotografin e njohur shqiptar Fadil Berisha. Pas nj\u00eb sesioni fotografik ku","robots":{"index":"index","follow":"follow","max-snippet":"max-snippet:-1","max-image-preview":"max-image-preview:large","max-video-preview":"max-video-preview:-1"},"canonical":"https:\/\/www.visit-ulcinj.com\/blog\/2012\/11\/08\/fadil-berisha-zhvesh-edhe-dafinen\/","og_locale":"en_US","og_type":"article","og_title":"Fadil Berisha, \u201czhvesh\u201d edhe Dafin\u00ebn - Lajme nga Ulqini","og_description":"Dafina Zeqiri, \u00a0e cila ka disa muaj qe po qendron ne SHBA, ka pozuar atje per fotografin e njohur shqiptar Fadil Berisha. Pas nj\u00eb sesioni fotografik ku","og_url":"https:\/\/www.visit-ulcinj.com\/blog\/2012\/11\/08\/fadil-berisha-zhvesh-edhe-dafinen\/","og_site_name":"Lajme nga Ulqini","article_published_time":"2012-11-08T19:34:43+00:00","og_image":[{"url":"http:\/\/www.visit-ulcinj.com\/blog\/wp-content\/uploads\/2012\/11\/dafina-zeqa-exhveshur.jpg"}],"twitter_misc":{"Written by":"ulqini"},"schema":{"@context":"https:\/\/schema.org","@graph":[{"@type":"WebSite","@id":"https:\/\/www.visit-ulcinj.com\/blog\/#website","url":"https:\/\/www.visit-ulcinj.com\/blog\/","name":"Lajme nga Ulqini","description":"Lajme,Vijesti,Ulqini,Ulqin,Crna Gora,Mali i Zi","potentialAction":[{"@type":"SearchAction","target":{"@type":"EntryPoint","urlTemplate":"https:\/\/www.visit-ulcinj.com\/blog\/?s={search_term_string}"},"query-input":"required name=search_term_string"}],"inLanguage":"en-US"},{"@type":"ImageObject","inLanguage":"en-US","@id":"https:\/\/www.visit-ulcinj.com\/blog\/2012\/11\/08\/fadil-berisha-zhvesh-edhe-dafinen\/#primaryimage","url":"http:\/\/www.visit-ulcinj.com\/blog\/wp-content\/uploads\/2012\/11\/dafina-zeqa-exhveshur.jpg","contentUrl":"http:\/\/www.visit-ulcinj.com\/blog\/wp-content\/uploads\/2012\/11\/dafina-zeqa-exhveshur.jpg"},{"@type":"WebPage","@id":"https:\/\/www.visit-ulcinj.com\/blog\/2012\/11\/08\/fadil-berisha-zhvesh-edhe-dafinen\/#webpage","url":"https:\/\/www.visit-ulcinj.com\/blog\/2012\/11\/08\/fadil-berisha-zhvesh-edhe-dafinen\/","name":"Fadil Berisha, \u201czhvesh\u201d edhe Dafin\u00ebn - Lajme nga Ulqini","isPartOf":{"@id":"https:\/\/www.visit-ulcinj.com\/blog\/#website"},"primaryImageOfPage":{"@id":"https:\/\/www.visit-ulcinj.com\/blog\/2012\/11\/08\/fadil-berisha-zhvesh-edhe-dafinen\/#primaryimage"},"datePublished":"2012-11-08T19:34:43+00:00","dateModified":"2012-11-08T19:34:43+00:00","author":{"@id":"https:\/\/www.visit-ulcinj.com\/blog\/#\/schema\/person\/dcab619c614d3038751c63bc2aadc06d"},"description":"Dafina Zeqiri, \u00a0e cila ka disa muaj qe po qendron ne SHBA, ka pozuar atje per fotografin e njohur shqiptar Fadil Berisha. Pas nj\u00eb sesioni fotografik ku","breadcrumb":{"@id":"https:\/\/www.visit-ulcinj.com\/blog\/2012\/11\/08\/fadil-berisha-zhvesh-edhe-dafinen\/#breadcrumb"},"inLanguage":"en-US","potentialAction":[{"@type":"ReadAction","target":["https:\/\/www.visit-ulcinj.com\/blog\/2012\/11\/08\/fadil-berisha-zhvesh-edhe-dafinen\/"]}]},{"@type":"BreadcrumbList","@id":"https:\/\/www.visit-ulcinj.com\/blog\/2012\/11\/08\/fadil-berisha-zhvesh-edhe-dafinen\/#breadcrumb","itemListElement":[{"@type":"ListItem","position":1,"name":"Fadil Berisha, \u201czhvesh\u201d edhe Dafin\u00ebn"}]},{"@type":"Person","@id":"https:\/\/www.visit-ulcinj.com\/blog\/#\/schema\/person\/dcab619c614d3038751c63bc2aadc06d","name":"ulqini","sameAs":["http:\/\/www.visit-ulcinj.com"],"url":"https:\/\/www.visit-ulcinj.com\/blog\/author\/admin\/"}]}},"jetpack_featured_media_url":"","jetpack_sharing_enabled":true,"jetpack_shortlink":"https:\/\/wp.me\/pe6lTn-h2Y","_links":{"self":[{"href":"https:\/\/www.visit-ulcinj.com\/blog\/wp-json\/wp\/v2\/posts\/65532"}],"collection":[{"href":"https:\/\/www.visit-ulcinj.com\/blog\/wp-json\/wp\/v2\/posts"}],"about":[{"href":"https:\/\/www.visit-ulcinj.com\/blog\/wp-json\/wp\/v2\/types\/post"}],"author":[{"embeddable":true,"href":"https:\/\/www.visit-ulcinj.com\/blog\/wp-json\/wp\/v2\/users\/1"}],"replies":[{"embeddable":true,"href":"https:\/\/www.visit-ulcinj.com\/blog\/wp-json\/wp\/v2\/comments?post=65532"}],"version-history":[{"count":1,"href":"https:\/\/www.visit-ulcinj.com\/blog\/wp-json\/wp\/v2\/posts\/65532\/revisions"}],"predecessor-version":[{"id":65535,"href":"https:\/\/www.visit-ulcinj.com\/blog\/wp-json\/wp\/v2\/posts\/65532\/revisions\/65535"}],"wp:attachment":[{"href":"https:\/\/www.visit-ulcinj.com\/blog\/wp-json\/wp\/v2\/media?parent=65532"}],"wp:term":[{"taxonomy":"category","embeddable":true,"href":"https:\/\/www.visit-ulcinj.com\/blog\/wp-json\/wp\/v2\/categories?post=65532"},{"taxonomy":"post_tag","embeddable":true,"href":"https:\/\/www.visit-ulcinj.com\/blog\/wp-json\/wp\/v2\/tags?post=65532"}],"curies":[{"name":"wp","href":"https:\/\/api.w.org\/{rel}","templated":true}]}}