{"id":65539,"date":"2012-11-08T20:55:45","date_gmt":"2012-11-08T19:55:45","guid":{"rendered":"http:\/\/www.visit-ulcinj.com\/blog\/?p=65539"},"modified":"2012-11-08T20:55:45","modified_gmt":"2012-11-08T19:55:45","slug":"gold-ag-edhe-pse-ne-pranga-nuk-frikesohet-video","status":"publish","type":"post","link":"https:\/\/www.visit-ulcinj.com\/blog\/2012\/11\/08\/gold-ag-edhe-pse-ne-pranga-nuk-frikesohet-video\/","title":{"rendered":"Gold AG edhe pse ne pranga nuk frikesohet &#8211; Video"},"content":{"rendered":"<p><a href=\"http:\/\/www.visit-ulcinj.com\/blog\/wp-content\/uploads\/2012\/11\/Gold-AG-edhe-pse-ne-pranga-nuk-frikesohet.jpg\"><img loading=\"lazy\" class=\"alignleft  wp-image-65540\" title=\"Gold AG edhe pse ne pranga nuk frikesohet\" src=\"http:\/\/www.visit-ulcinj.com\/blog\/wp-content\/uploads\/2012\/11\/Gold-AG-edhe-pse-ne-pranga-nuk-frikesohet.jpg\" alt=\"\" width=\"508\" height=\"367\" \/><\/a>Menj\u00ebher\u00eb pas publikimit pasuan komentet nga fansat e shumt\u00eb t\u00eb reperit t\u00eb cil\u00ebt ndiheshin \u2018\u2019krenar\u00eb\u2019\u2019 p\u00ebr reperin i cili tregoi se nuk di t\u00eb frik\u00ebsohet edhe pse ishte i lidhur me pranga.E kishte edhe nga ata q\u00eb menduan se Gold AG e dinte se ishte n\u00eb kamer\u00eb t\u00eb fshehur prandaj \u2018\u2019sillej aq trim\u2019\u2019.Por vet\u00eb reperi,ekskluzivisht p\u00ebr Indeksonline tregon se nuk e dinte fare, e as q\u00eb i kishte shkuar mendja q\u00eb ishte n\u00eb kamer\u00eb t\u00eb fshehur :<br \/>\n<a href=\"http:\/\/www.visit-ulcinj.com\/blog\/wp-content\/uploads\/2012\/11\/Gold-AG-edhe-pse-ne-pranga-nuk-frikesohet.1.jpg\"><img loading=\"lazy\" src=\"http:\/\/www.visit-ulcinj.com\/blog\/wp-content\/uploads\/2012\/11\/Gold-AG-edhe-pse-ne-pranga-nuk-frikesohet.1.jpg\" alt=\"\" title=\"Gold AG edhe pse ne pranga nuk frikesohet.1\" width=\"508\" height=\"300\" class=\"alignleft size-full wp-image-65541\" \/><\/a><\/p>\n<p>\u2018\u2019 N\u00eb fillim kur mi vun\u00eb prangat , ju besova mendova se jan\u00eb polic\u00eb v\u00ebrtet\u00eb,sepse nuk \u00ebsht\u00eb hera e par\u00eb q\u00eb ndalohem nga policia, por pastaj kur m\u00eb fut\u00ebn mbrenda pash karriken e kamer\u00ebn p\u00ebrpara mendova se jan\u00eb ndonj\u00eb sh\u00ebrbim sekret, por kur ata filluan vet\u00ebm t\u00eb m\u00eb ngacmonin at\u00ebher\u00eb mendova se vet\u00ebm po d\u00ebshirojn\u00eb t\u00eb m\u00eb frik\u00ebsojn\u00eb dhe t\u2019ua tregojn\u00eb t\u00eb tjer\u00ebve xhirimet,dhe pastaj u b\u00eb siq u b\u00eb situata\u2019\u2019.<\/p>\n<div>\n<div>Pra reperi Gold AG tregoi edhe nj\u00ebher\u00eb shpirtin e tij luftarak,ai n\u00eb k\u00ebt\u00eb kamer\u00eb t\u00eb fshehur v\u00ebrtet\u00eb na bindi se \u00ebsht\u00eb nj\u00eb trim dhe se tekstet e k\u00ebng\u00ebve t\u00eb tij nuk jan\u00eb vet\u00ebm fjal\u00eb.<\/div>\n<div><\/div>\n<div>Indeksonline<\/div>\n<\/div>\n<p><iframe loading=\"lazy\" width=\"508\" height=\"360\" src=\"http:\/\/www.youtube.com\/embed\/meEw1KiUIks?rel=0\" frameborder=\"0\" allowfullscreen><\/iframe><\/p>\n","protected":false},"excerpt":{"rendered":"<p>Menj\u00ebher\u00eb pas publikimit pasuan komentet nga fansat e shumt\u00eb t\u00eb reperit t\u00eb cil\u00ebt ndiheshin \u2018\u2019krenar\u00eb\u2019\u2019 p\u00ebr reperin i cili tregoi se nuk di t\u00eb frik\u00ebsohet edhe pse ishte i lidhur me pranga.E kishte edhe nga ata q\u00eb menduan se Gold AG e dinte se ishte n\u00eb kamer\u00eb t\u00eb fshehur prandaj \u2018\u2019sillej aq trim\u2019\u2019.Por vet\u00eb reperi,ekskluzivisht [&hellip;]<\/p>\n","protected":false},"author":1,"featured_media":0,"comment_status":"open","ping_status":"closed","sticky":false,"template":"","format":"standard","meta":{"spay_email":"","jetpack_publicize_message":"","jetpack_is_tweetstorm":false,"jetpack_publicize_feature_enabled":true},"categories":[1],"tags":[19677,19806,19039,16036,8966,19514,19511,4684,19460],"jetpack_publicize_connections":[],"yoast_head":"<!-- This site is optimized with the Yoast SEO plugin v19.1 - https:\/\/yoast.com\/wordpress\/plugins\/seo\/ -->\n<title>Gold AG edhe pse ne pranga nuk frikesohet - Video - Lajme nga Ulqini<\/title>\n<meta name=\"description\" content=\"Menj\u00ebher\u00eb pas publikimit pasuan komentet nga fansat e shumt\u00eb t\u00eb reperit t\u00eb cil\u00ebt ndiheshin \u2018\u2019krenar\u00eb\u2019\u2019 p\u00ebr reperin i cili tregoi se nuk di t\u00eb frik\u00ebsohet\" \/>\n<meta name=\"robots\" content=\"index, follow, max-snippet:-1, max-image-preview:large, max-video-preview:-1\" \/>\n<link rel=\"canonical\" href=\"https:\/\/www.visit-ulcinj.com\/blog\/2012\/11\/08\/gold-ag-edhe-pse-ne-pranga-nuk-frikesohet-video\/\" \/>\n<meta property=\"og:locale\" content=\"en_US\" \/>\n<meta property=\"og:type\" content=\"article\" \/>\n<meta property=\"og:title\" content=\"Gold AG edhe pse ne pranga nuk frikesohet - Video - Lajme nga Ulqini\" \/>\n<meta property=\"og:description\" content=\"Menj\u00ebher\u00eb pas publikimit pasuan komentet nga fansat e shumt\u00eb t\u00eb reperit t\u00eb cil\u00ebt ndiheshin \u2018\u2019krenar\u00eb\u2019\u2019 p\u00ebr reperin i cili tregoi se nuk di t\u00eb frik\u00ebsohet\" \/>\n<meta property=\"og:url\" content=\"https:\/\/www.visit-ulcinj.com\/blog\/2012\/11\/08\/gold-ag-edhe-pse-ne-pranga-nuk-frikesohet-video\/\" \/>\n<meta property=\"og:site_name\" content=\"Lajme nga Ulqini\" \/>\n<meta property=\"article:published_time\" content=\"2012-11-08T19:55:45+00:00\" \/>\n<meta property=\"og:image\" content=\"http:\/\/www.visit-ulcinj.com\/blog\/wp-content\/uploads\/2012\/11\/Gold-AG-edhe-pse-ne-pranga-nuk-frikesohet.jpg\" \/>\n<meta name=\"twitter:label1\" content=\"Written by\" \/>\n\t<meta name=\"twitter:data1\" content=\"ulqini\" \/>\n\t<meta name=\"twitter:label2\" content=\"Est. reading time\" \/>\n\t<meta name=\"twitter:data2\" content=\"1 minute\" \/>\n<script type=\"application\/ld+json\" class=\"yoast-schema-graph\">{\"@context\":\"https:\/\/schema.org\",\"@graph\":[{\"@type\":\"WebSite\",\"@id\":\"https:\/\/www.visit-ulcinj.com\/blog\/#website\",\"url\":\"https:\/\/www.visit-ulcinj.com\/blog\/\",\"name\":\"Lajme nga Ulqini\",\"description\":\"Lajme,Vijesti,Ulqini,Ulqin,Crna Gora,Mali i Zi\",\"potentialAction\":[{\"@type\":\"SearchAction\",\"target\":{\"@type\":\"EntryPoint\",\"urlTemplate\":\"https:\/\/www.visit-ulcinj.com\/blog\/?s={search_term_string}\"},\"query-input\":\"required name=search_term_string\"}],\"inLanguage\":\"en-US\"},{\"@type\":\"ImageObject\",\"inLanguage\":\"en-US\",\"@id\":\"https:\/\/www.visit-ulcinj.com\/blog\/2012\/11\/08\/gold-ag-edhe-pse-ne-pranga-nuk-frikesohet-video\/#primaryimage\",\"url\":\"http:\/\/www.visit-ulcinj.com\/blog\/wp-content\/uploads\/2012\/11\/Gold-AG-edhe-pse-ne-pranga-nuk-frikesohet.jpg\",\"contentUrl\":\"http:\/\/www.visit-ulcinj.com\/blog\/wp-content\/uploads\/2012\/11\/Gold-AG-edhe-pse-ne-pranga-nuk-frikesohet.jpg\"},{\"@type\":\"WebPage\",\"@id\":\"https:\/\/www.visit-ulcinj.com\/blog\/2012\/11\/08\/gold-ag-edhe-pse-ne-pranga-nuk-frikesohet-video\/#webpage\",\"url\":\"https:\/\/www.visit-ulcinj.com\/blog\/2012\/11\/08\/gold-ag-edhe-pse-ne-pranga-nuk-frikesohet-video\/\",\"name\":\"Gold AG edhe pse ne pranga nuk frikesohet - Video - Lajme nga Ulqini\",\"isPartOf\":{\"@id\":\"https:\/\/www.visit-ulcinj.com\/blog\/#website\"},\"primaryImageOfPage\":{\"@id\":\"https:\/\/www.visit-ulcinj.com\/blog\/2012\/11\/08\/gold-ag-edhe-pse-ne-pranga-nuk-frikesohet-video\/#primaryimage\"},\"datePublished\":\"2012-11-08T19:55:45+00:00\",\"dateModified\":\"2012-11-08T19:55:45+00:00\",\"author\":{\"@id\":\"https:\/\/www.visit-ulcinj.com\/blog\/#\/schema\/person\/dcab619c614d3038751c63bc2aadc06d\"},\"description\":\"Menj\u00ebher\u00eb pas publikimit pasuan komentet nga fansat e shumt\u00eb t\u00eb reperit t\u00eb cil\u00ebt ndiheshin \u2018\u2019krenar\u00eb\u2019\u2019 p\u00ebr reperin i cili tregoi se nuk di t\u00eb frik\u00ebsohet\",\"breadcrumb\":{\"@id\":\"https:\/\/www.visit-ulcinj.com\/blog\/2012\/11\/08\/gold-ag-edhe-pse-ne-pranga-nuk-frikesohet-video\/#breadcrumb\"},\"inLanguage\":\"en-US\",\"potentialAction\":[{\"@type\":\"ReadAction\",\"target\":[\"https:\/\/www.visit-ulcinj.com\/blog\/2012\/11\/08\/gold-ag-edhe-pse-ne-pranga-nuk-frikesohet-video\/\"]}]},{\"@type\":\"BreadcrumbList\",\"@id\":\"https:\/\/www.visit-ulcinj.com\/blog\/2012\/11\/08\/gold-ag-edhe-pse-ne-pranga-nuk-frikesohet-video\/#breadcrumb\",\"itemListElement\":[{\"@type\":\"ListItem\",\"position\":1,\"name\":\"Gold AG edhe pse ne pranga nuk frikesohet &#8211; Video\"}]},{\"@type\":\"Person\",\"@id\":\"https:\/\/www.visit-ulcinj.com\/blog\/#\/schema\/person\/dcab619c614d3038751c63bc2aadc06d\",\"name\":\"ulqini\",\"sameAs\":[\"http:\/\/www.visit-ulcinj.com\"],\"url\":\"https:\/\/www.visit-ulcinj.com\/blog\/author\/admin\/\"}]}<\/script>\n<!-- \/ Yoast SEO plugin. -->","yoast_head_json":{"title":"Gold AG edhe pse ne pranga nuk frikesohet - Video - Lajme nga Ulqini","description":"Menj\u00ebher\u00eb pas publikimit pasuan komentet nga fansat e shumt\u00eb t\u00eb reperit t\u00eb cil\u00ebt ndiheshin \u2018\u2019krenar\u00eb\u2019\u2019 p\u00ebr reperin i cili tregoi se nuk di t\u00eb frik\u00ebsohet","robots":{"index":"index","follow":"follow","max-snippet":"max-snippet:-1","max-image-preview":"max-image-preview:large","max-video-preview":"max-video-preview:-1"},"canonical":"https:\/\/www.visit-ulcinj.com\/blog\/2012\/11\/08\/gold-ag-edhe-pse-ne-pranga-nuk-frikesohet-video\/","og_locale":"en_US","og_type":"article","og_title":"Gold AG edhe pse ne pranga nuk frikesohet - Video - Lajme nga Ulqini","og_description":"Menj\u00ebher\u00eb pas publikimit pasuan komentet nga fansat e shumt\u00eb t\u00eb reperit t\u00eb cil\u00ebt ndiheshin \u2018\u2019krenar\u00eb\u2019\u2019 p\u00ebr reperin i cili tregoi se nuk di t\u00eb frik\u00ebsohet","og_url":"https:\/\/www.visit-ulcinj.com\/blog\/2012\/11\/08\/gold-ag-edhe-pse-ne-pranga-nuk-frikesohet-video\/","og_site_name":"Lajme nga Ulqini","article_published_time":"2012-11-08T19:55:45+00:00","og_image":[{"url":"http:\/\/www.visit-ulcinj.com\/blog\/wp-content\/uploads\/2012\/11\/Gold-AG-edhe-pse-ne-pranga-nuk-frikesohet.jpg"}],"twitter_misc":{"Written by":"ulqini","Est. reading time":"1 minute"},"schema":{"@context":"https:\/\/schema.org","@graph":[{"@type":"WebSite","@id":"https:\/\/www.visit-ulcinj.com\/blog\/#website","url":"https:\/\/www.visit-ulcinj.com\/blog\/","name":"Lajme nga Ulqini","description":"Lajme,Vijesti,Ulqini,Ulqin,Crna Gora,Mali i Zi","potentialAction":[{"@type":"SearchAction","target":{"@type":"EntryPoint","urlTemplate":"https:\/\/www.visit-ulcinj.com\/blog\/?s={search_term_string}"},"query-input":"required name=search_term_string"}],"inLanguage":"en-US"},{"@type":"ImageObject","inLanguage":"en-US","@id":"https:\/\/www.visit-ulcinj.com\/blog\/2012\/11\/08\/gold-ag-edhe-pse-ne-pranga-nuk-frikesohet-video\/#primaryimage","url":"http:\/\/www.visit-ulcinj.com\/blog\/wp-content\/uploads\/2012\/11\/Gold-AG-edhe-pse-ne-pranga-nuk-frikesohet.jpg","contentUrl":"http:\/\/www.visit-ulcinj.com\/blog\/wp-content\/uploads\/2012\/11\/Gold-AG-edhe-pse-ne-pranga-nuk-frikesohet.jpg"},{"@type":"WebPage","@id":"https:\/\/www.visit-ulcinj.com\/blog\/2012\/11\/08\/gold-ag-edhe-pse-ne-pranga-nuk-frikesohet-video\/#webpage","url":"https:\/\/www.visit-ulcinj.com\/blog\/2012\/11\/08\/gold-ag-edhe-pse-ne-pranga-nuk-frikesohet-video\/","name":"Gold AG edhe pse ne pranga nuk frikesohet - Video - Lajme nga Ulqini","isPartOf":{"@id":"https:\/\/www.visit-ulcinj.com\/blog\/#website"},"primaryImageOfPage":{"@id":"https:\/\/www.visit-ulcinj.com\/blog\/2012\/11\/08\/gold-ag-edhe-pse-ne-pranga-nuk-frikesohet-video\/#primaryimage"},"datePublished":"2012-11-08T19:55:45+00:00","dateModified":"2012-11-08T19:55:45+00:00","author":{"@id":"https:\/\/www.visit-ulcinj.com\/blog\/#\/schema\/person\/dcab619c614d3038751c63bc2aadc06d"},"description":"Menj\u00ebher\u00eb pas publikimit pasuan komentet nga fansat e shumt\u00eb t\u00eb reperit t\u00eb cil\u00ebt ndiheshin \u2018\u2019krenar\u00eb\u2019\u2019 p\u00ebr reperin i cili tregoi se nuk di t\u00eb frik\u00ebsohet","breadcrumb":{"@id":"https:\/\/www.visit-ulcinj.com\/blog\/2012\/11\/08\/gold-ag-edhe-pse-ne-pranga-nuk-frikesohet-video\/#breadcrumb"},"inLanguage":"en-US","potentialAction":[{"@type":"ReadAction","target":["https:\/\/www.visit-ulcinj.com\/blog\/2012\/11\/08\/gold-ag-edhe-pse-ne-pranga-nuk-frikesohet-video\/"]}]},{"@type":"BreadcrumbList","@id":"https:\/\/www.visit-ulcinj.com\/blog\/2012\/11\/08\/gold-ag-edhe-pse-ne-pranga-nuk-frikesohet-video\/#breadcrumb","itemListElement":[{"@type":"ListItem","position":1,"name":"Gold AG edhe pse ne pranga nuk frikesohet &#8211; Video"}]},{"@type":"Person","@id":"https:\/\/www.visit-ulcinj.com\/blog\/#\/schema\/person\/dcab619c614d3038751c63bc2aadc06d","name":"ulqini","sameAs":["http:\/\/www.visit-ulcinj.com"],"url":"https:\/\/www.visit-ulcinj.com\/blog\/author\/admin\/"}]}},"jetpack_featured_media_url":"","jetpack_sharing_enabled":true,"jetpack_shortlink":"https:\/\/wp.me\/pe6lTn-h35","_links":{"self":[{"href":"https:\/\/www.visit-ulcinj.com\/blog\/wp-json\/wp\/v2\/posts\/65539"}],"collection":[{"href":"https:\/\/www.visit-ulcinj.com\/blog\/wp-json\/wp\/v2\/posts"}],"about":[{"href":"https:\/\/www.visit-ulcinj.com\/blog\/wp-json\/wp\/v2\/types\/post"}],"author":[{"embeddable":true,"href":"https:\/\/www.visit-ulcinj.com\/blog\/wp-json\/wp\/v2\/users\/1"}],"replies":[{"embeddable":true,"href":"https:\/\/www.visit-ulcinj.com\/blog\/wp-json\/wp\/v2\/comments?post=65539"}],"version-history":[{"count":1,"href":"https:\/\/www.visit-ulcinj.com\/blog\/wp-json\/wp\/v2\/posts\/65539\/revisions"}],"predecessor-version":[{"id":65542,"href":"https:\/\/www.visit-ulcinj.com\/blog\/wp-json\/wp\/v2\/posts\/65539\/revisions\/65542"}],"wp:attachment":[{"href":"https:\/\/www.visit-ulcinj.com\/blog\/wp-json\/wp\/v2\/media?parent=65539"}],"wp:term":[{"taxonomy":"category","embeddable":true,"href":"https:\/\/www.visit-ulcinj.com\/blog\/wp-json\/wp\/v2\/categories?post=65539"},{"taxonomy":"post_tag","embeddable":true,"href":"https:\/\/www.visit-ulcinj.com\/blog\/wp-json\/wp\/v2\/tags?post=65539"}],"curies":[{"name":"wp","href":"https:\/\/api.w.org\/{rel}","templated":true}]}}