{"id":6554,"date":"2008-11-23T14:53:23","date_gmt":"2008-11-23T19:53:23","guid":{"rendered":"http:\/\/www.visit-ulcinj.com\/blog\/?p=6554"},"modified":"2008-11-23T14:53:23","modified_gmt":"2008-11-23T19:53:23","slug":"fituesja-e-festivalit-kenga-magjike-2008-jonida-maliqi","status":"publish","type":"post","link":"https:\/\/www.visit-ulcinj.com\/blog\/2008\/11\/23\/fituesja-e-festivalit-kenga-magjike-2008-jonida-maliqi\/","title":{"rendered":"Fituesja e festivalit &#8220;K\u00ebnga Magjike 2008&#8221;, Jonida Maliqi."},"content":{"rendered":"<p><a href=\"http:\/\/www.visit-ulcinj.com\/blog\/wp-content\/uploads\/2008\/11\/jonida-maliqi.jpg\"><img loading=\"lazy\" class=\"alignleft size-medium wp-image-6555\" title=\"jonida-maliqi\" src=\"http:\/\/www.visit-ulcinj.com\/blog\/wp-content\/uploads\/2008\/11\/jonida-maliqi-259x300.jpg\" alt=\"\" width=\"355\" height=\"411\" srcset=\"https:\/\/www.visit-ulcinj.com\/blog\/wp-content\/uploads\/2008\/11\/jonida-maliqi-259x300.jpg 259w, https:\/\/www.visit-ulcinj.com\/blog\/wp-content\/uploads\/2008\/11\/jonida-maliqi.jpg 480w\" sizes=\"(max-width: 355px) 100vw, 355px\" \/><\/a><strong>Thesi magjik i Gjebres\u00eb<\/strong><br \/>\nNga thesi magjik i Gjebres\u00eb jan\u00eb ndar\u00eb 31 \u00e7mime. Nga nata finale q\u00eb u mbajt t\u00eb shtun\u00ebn, lirisht mund t\u00eb thuhet se festivali \u201cK\u00ebnga Magjike\u201d, mund t\u00eb futet edhe n\u00eb lib\u00ebr t\u00eb \u201cGuinness\u201d, pasi q\u00eb pothuajse t\u00eb gjith\u00eb k\u00ebng\u00ebtar\u00ebt u shp\u00ebrblyen me di\u00e7ka. Madje nuk pat k\u00ebng\u00ebtar\u00eb konkurrent sa kishte \u00e7mime.<br \/>\nNj\u00eb thes me \u00e7mime \u00ebsht\u00eb ndar\u00eb n\u00eb festivalin e k\u00ebng\u00ebs \u201cK\u00ebnga Magjike 2008\u201d. Ajo q\u00eb \u00ebsht\u00eb par\u00eb nga fytyrat e k\u00ebng\u00ebtareve n\u00eb fund t\u00eb spektaklit \u201cK\u00ebnga Magjike\u201d, kan\u00eb qen\u00eb vet\u00ebm buz\u00ebqeshjet, nd\u00ebrkaq edhe nj\u00ebher\u00eb k\u00ebt\u00eb festival e ka fituar nj\u00eb k\u00ebng\u00ebtare e cila ka qen\u00eb plot\u00ebsisht \u201cout\u201d &#8211; madje nuk ishte p\u00ebrfolur aspak nga mediat si pretendente p\u00ebr \u00e7mimin kryesor\u00eb.<br \/>\nDuket se edhe nj\u00ebher\u00eb kan\u00eb triumfuar ata t\u00eb cil\u00ebt kan\u00eb shkruar m\u00eb shum\u00eb tekste dhe kan\u00eb aranzhuar m\u00eb shum\u00eb k\u00ebng\u00eb p\u00ebr k\u00ebng\u00ebtaret pjes\u00ebmarr\u00ebs \u2013 e q\u00eb shumica e tyre jan\u00eb miq t\u00eb ngusht\u00eb t\u00eb prezantuesit dhe drejtorit t\u00eb k\u00ebtij festivali, Ardit Gjebres\u00eb.<br \/>\nN\u00eb fund Jonida Maliqi triumfoj n\u00eb spektak\u00ebl me k\u00ebng\u00ebn \u201cNjeri nga ata\u201d, me nj\u00eb k\u00ebng\u00eb q\u00eb ishte e punuar me kompozim t\u00eb Kaliopit, orkestrim t\u00eb Darko Dimitrovit dhe me tekst t\u00eb Aida Barakut. Nd\u00ebrkaq, Aleksand\u00ebr Gjoka dhe Soni Malaj jan\u00eb k\u00ebnaqur k\u00ebsaj radhe me \u00e7mimin e dyt\u00eb respektivisht t\u00eb tretin.<br \/>\nE mira e k\u00ebtij festivali ka qen\u00eb k\u00ebnga e k\u00ebng\u00ebtares Elsa Lila, \u201cPyes Lotin\u201d, e cila k\u00ebng\u00eb u realizua \u201cUnplugged\u201d, dhe ajo fascinoj publikun n\u00eb sall\u00eb. Edhe motrat Libohova me z\u00ebrin e tyre karakteristik kan\u00eb emocionuar publikun n\u00eb sall\u00eb, p\u00ebrderisa Genta Ismaili dhe Pirro \u00c7ako nuk kan\u00eb qen\u00eb n\u00eb nivelin e duhur t\u00eb interpretimit t\u00eb tyre \u201cLive\u201d.<br \/>\nEdhe n\u00eb k\u00ebt\u00eb festival kosovar\u00ebt jan\u00eb shp\u00ebrblyer me \u00e7mime t\u00eb ndryshme. Nga Kosova kan\u00eb fituar Eliza Hoxha, Dafina Zeqiri, Teuta Kurti, Yllka Kuqi dhe Stine dhe Skillz. E vetmja q\u00eb \u00ebsht\u00eb ndar\u00eb pa asnj\u00eb \u00e7mim ka qen\u00eb aktorja dhe k\u00ebng\u00ebtarja Ryva Kajtazi.<br \/>\nE mira tjet\u00ebr e k\u00ebtij festivali ka qen\u00eb edhe skenografia dhe ndri\u00e7imi q\u00eb e kan\u00eb b\u00ebr\u00eb spektaklin t\u00eb duket tamam ashtu si duhet.<br \/>\nNd\u00ebrkaq, k\u00ebng\u00ebtar\u00ebt shumica e tyre jan\u00eb ndar\u00eb t\u00eb k\u00ebnaqur. Pasi q\u00eb kan\u00eb marr\u00eb \u00e7mime.<br \/>\nJonida Maliqi, ka qen\u00eb krejt\u00ebsisht e befasuar me \u00e7mimin saq\u00eb nuk ka mundur t\u2019i besoj vet\u00ebs se e ka fituar at\u00eb. \u201cKjo \u00ebsht\u00eb nj\u00eb gj\u00eb q\u00eb m\u00eb se paku e kam pritur\u201d, ka th\u00ebn\u00eb Jonida pas marrjes se \u00e7mimit.<\/p>\n<p>Fjal\u00eb t\u00eb mira p\u00ebr festivalin ka pasur edhe k\u00ebng\u00ebtarja Teuta Kurti, e cila ka th\u00ebn\u00eb se i p\u00eblqen t\u00eb marr\u00eb pjes\u00eb n\u00eb k\u00ebt\u00eb festival p\u00ebr shkak t\u00eb organizimit spektakular q\u00eb i b\u00ebhet.<\/p>\n<p>\u00c7mimet e \u201cK\u00ebng\u00ebs Magjike\u201d<\/p>\n<p>&#8220;\u00c7mimi i Par\u00eb&#8221; &#8211; Jonida Maliqi<\/p>\n<p>&#8220;\u00c7mimi i Dyt\u00eb&#8221; &#8211; Aleksand\u00ebr Gjoka<\/p>\n<p>&#8220;\u00c7mimi i Tret\u00eb&#8221; &#8211; Soni Malaj<br \/>\n&#8212;&#8212;&#8212;-<br \/>\n&#8220;\u00c7mimi i Publikut&#8221; &#8211; West Side Family<\/p>\n<p>&#8220;\u00c7mimi i Internetit&#8221; &#8211; Soni Malaj<\/p>\n<p>&#8220;\u00c7mimi Jon Music&#8221; &#8211; Teuta Kurti<\/p>\n<p>&#8220;\u00c7mimi Tendence&#8221; &#8211; Qelbanix<\/p>\n<p>&#8220;\u00c7mimi Magjia e Par\u00eb&#8221; &#8211; Dafina Zeqiri<\/p>\n<p>&#8220;Best Kantautor&#8221; &#8211; Mariza Ikonomi<\/p>\n<p>&#8220;Best Melody&#8221; &#8211; Yllka Kuqi<\/p>\n<p>&#8220;\u00c7mimi i Interpretimit&#8221; &#8211; Eliza Hoxha<\/p>\n<p>&#8220;Best Vocal&#8221; &#8211; Hana Cakuli<\/p>\n<p>&#8220;\u00c7mimi Televiziv&#8221; &#8211; Bleona Qereti<\/p>\n<p>&#8220;\u00c7mimi Fun Tune (AMC)&#8221; &#8211; Eneida Tarifa<\/p>\n<p>&#8220;Kenga Stil&#8221; &#8211; Kastro Zizo<\/p>\n<p>&#8220;\u00c7mimi i Kritikes&#8221; &#8211; Juliana Pasha<\/p>\n<p>&#8220;Kenga Hit (Radio NRG)&#8221; &#8211; Pirro Cako<\/p>\n<p>&#8220;Best Balade&#8221; &#8211; Silva Gunbardhi<\/p>\n<p>&#8220;Best Group&#8221; &#8211; Produkt 28<\/p>\n<p>&#8220;\u00c7mimi Diskografik&#8221; &#8211; Aleksander Gjoka<\/p>\n<p>&#8220;\u00c7mimi Cesk Zadeja&#8221; &#8211; Rosela Gjylbegu<\/p>\n<p>&#8220;Best Hip Hop&#8221; &#8211; Stine &amp; Skillz<\/p>\n<p>&#8220;\u00c7mimi Prezentimi Skenik&#8221; &#8211; \u00c7iljeta Xhilaga<\/p>\n<p><strong>nga Ardian Jasiqi<br \/>\nBurimi \/ Gazeta Express<\/strong><\/p>\n<!--YouTube Error: bad URL entered-->\n<!--YouTube Error: bad URL entered-->\n","protected":false},"excerpt":{"rendered":"<p>Thesi magjik i Gjebres\u00eb Nga thesi magjik i Gjebres\u00eb jan\u00eb ndar\u00eb 31 \u00e7mime. Nga nata finale q\u00eb u mbajt t\u00eb shtun\u00ebn, lirisht mund t\u00eb thuhet se festivali \u201cK\u00ebnga Magjike\u201d, mund t\u00eb futet edhe n\u00eb lib\u00ebr t\u00eb \u201cGuinness\u201d, pasi q\u00eb pothuajse t\u00eb gjith\u00eb k\u00ebng\u00ebtar\u00ebt u shp\u00ebrblyen me di\u00e7ka. Madje nuk pat k\u00ebng\u00ebtar\u00eb konkurrent sa kishte \u00e7mime. [&hellip;]<\/p>\n","protected":false},"author":1,"featured_media":0,"comment_status":"open","ping_status":"closed","sticky":false,"template":"","format":"standard","meta":{"spay_email":"","jetpack_publicize_message":"","jetpack_is_tweetstorm":false,"jetpack_publicize_feature_enabled":true},"categories":[1],"tags":[5127,5128],"jetpack_publicize_connections":[],"yoast_head":"<!-- This site is optimized with the Yoast SEO plugin v19.1 - https:\/\/yoast.com\/wordpress\/plugins\/seo\/ -->\n<title>Fituesja e festivalit &quot;K\u00ebnga Magjike 2008&quot;, Jonida Maliqi. - Lajme nga Ulqini<\/title>\n<meta name=\"description\" content=\"Thesi magjik i Gjebres\u00eb Nga thesi magjik i Gjebres\u00eb jan\u00eb ndar\u00eb 31 \u00e7mime. Nga nata finale q\u00eb u mbajt t\u00eb shtun\u00ebn, lirisht mund t\u00eb thuhet se festivali \u201cK\u00ebnga\" \/>\n<meta name=\"robots\" content=\"index, follow, max-snippet:-1, max-image-preview:large, max-video-preview:-1\" \/>\n<link rel=\"canonical\" href=\"https:\/\/www.visit-ulcinj.com\/blog\/2008\/11\/23\/fituesja-e-festivalit-kenga-magjike-2008-jonida-maliqi\/\" \/>\n<meta property=\"og:locale\" content=\"en_US\" \/>\n<meta property=\"og:type\" content=\"article\" \/>\n<meta property=\"og:title\" content=\"Fituesja e festivalit &quot;K\u00ebnga Magjike 2008&quot;, Jonida Maliqi. - Lajme nga Ulqini\" \/>\n<meta property=\"og:description\" content=\"Thesi magjik i Gjebres\u00eb Nga thesi magjik i Gjebres\u00eb jan\u00eb ndar\u00eb 31 \u00e7mime. Nga nata finale q\u00eb u mbajt t\u00eb shtun\u00ebn, lirisht mund t\u00eb thuhet se festivali \u201cK\u00ebnga\" \/>\n<meta property=\"og:url\" content=\"https:\/\/www.visit-ulcinj.com\/blog\/2008\/11\/23\/fituesja-e-festivalit-kenga-magjike-2008-jonida-maliqi\/\" \/>\n<meta property=\"og:site_name\" content=\"Lajme nga Ulqini\" \/>\n<meta property=\"article:published_time\" content=\"2008-11-23T19:53:23+00:00\" \/>\n<meta property=\"og:image\" content=\"http:\/\/www.visit-ulcinj.com\/blog\/wp-content\/uploads\/2008\/11\/jonida-maliqi-259x300.jpg\" \/>\n<meta name=\"twitter:label1\" content=\"Written by\" \/>\n\t<meta name=\"twitter:data1\" content=\"ulqini\" \/>\n\t<meta name=\"twitter:label2\" content=\"Est. reading time\" \/>\n\t<meta name=\"twitter:data2\" content=\"3 minutes\" \/>\n<script type=\"application\/ld+json\" class=\"yoast-schema-graph\">{\"@context\":\"https:\/\/schema.org\",\"@graph\":[{\"@type\":\"WebSite\",\"@id\":\"https:\/\/www.visit-ulcinj.com\/blog\/#website\",\"url\":\"https:\/\/www.visit-ulcinj.com\/blog\/\",\"name\":\"Lajme nga Ulqini\",\"description\":\"Lajme,Vijesti,Ulqini,Ulqin,Crna Gora,Mali i Zi\",\"potentialAction\":[{\"@type\":\"SearchAction\",\"target\":{\"@type\":\"EntryPoint\",\"urlTemplate\":\"https:\/\/www.visit-ulcinj.com\/blog\/?s={search_term_string}\"},\"query-input\":\"required name=search_term_string\"}],\"inLanguage\":\"en-US\"},{\"@type\":\"ImageObject\",\"inLanguage\":\"en-US\",\"@id\":\"https:\/\/www.visit-ulcinj.com\/blog\/2008\/11\/23\/fituesja-e-festivalit-kenga-magjike-2008-jonida-maliqi\/#primaryimage\",\"url\":\"http:\/\/www.visit-ulcinj.com\/blog\/wp-content\/uploads\/2008\/11\/jonida-maliqi-259x300.jpg\",\"contentUrl\":\"http:\/\/www.visit-ulcinj.com\/blog\/wp-content\/uploads\/2008\/11\/jonida-maliqi-259x300.jpg\"},{\"@type\":\"WebPage\",\"@id\":\"https:\/\/www.visit-ulcinj.com\/blog\/2008\/11\/23\/fituesja-e-festivalit-kenga-magjike-2008-jonida-maliqi\/#webpage\",\"url\":\"https:\/\/www.visit-ulcinj.com\/blog\/2008\/11\/23\/fituesja-e-festivalit-kenga-magjike-2008-jonida-maliqi\/\",\"name\":\"Fituesja e festivalit \\\"K\u00ebnga Magjike 2008\\\", Jonida Maliqi. - Lajme nga Ulqini\",\"isPartOf\":{\"@id\":\"https:\/\/www.visit-ulcinj.com\/blog\/#website\"},\"primaryImageOfPage\":{\"@id\":\"https:\/\/www.visit-ulcinj.com\/blog\/2008\/11\/23\/fituesja-e-festivalit-kenga-magjike-2008-jonida-maliqi\/#primaryimage\"},\"datePublished\":\"2008-11-23T19:53:23+00:00\",\"dateModified\":\"2008-11-23T19:53:23+00:00\",\"author\":{\"@id\":\"https:\/\/www.visit-ulcinj.com\/blog\/#\/schema\/person\/dcab619c614d3038751c63bc2aadc06d\"},\"description\":\"Thesi magjik i Gjebres\u00eb Nga thesi magjik i Gjebres\u00eb jan\u00eb ndar\u00eb 31 \u00e7mime. Nga nata finale q\u00eb u mbajt t\u00eb shtun\u00ebn, lirisht mund t\u00eb thuhet se festivali \u201cK\u00ebnga\",\"breadcrumb\":{\"@id\":\"https:\/\/www.visit-ulcinj.com\/blog\/2008\/11\/23\/fituesja-e-festivalit-kenga-magjike-2008-jonida-maliqi\/#breadcrumb\"},\"inLanguage\":\"en-US\",\"potentialAction\":[{\"@type\":\"ReadAction\",\"target\":[\"https:\/\/www.visit-ulcinj.com\/blog\/2008\/11\/23\/fituesja-e-festivalit-kenga-magjike-2008-jonida-maliqi\/\"]}]},{\"@type\":\"BreadcrumbList\",\"@id\":\"https:\/\/www.visit-ulcinj.com\/blog\/2008\/11\/23\/fituesja-e-festivalit-kenga-magjike-2008-jonida-maliqi\/#breadcrumb\",\"itemListElement\":[{\"@type\":\"ListItem\",\"position\":1,\"name\":\"Fituesja e festivalit &#8220;K\u00ebnga Magjike 2008&#8221;, Jonida Maliqi.\"}]},{\"@type\":\"Person\",\"@id\":\"https:\/\/www.visit-ulcinj.com\/blog\/#\/schema\/person\/dcab619c614d3038751c63bc2aadc06d\",\"name\":\"ulqini\",\"sameAs\":[\"http:\/\/www.visit-ulcinj.com\"],\"url\":\"https:\/\/www.visit-ulcinj.com\/blog\/author\/admin\/\"}]}<\/script>\n<!-- \/ Yoast SEO plugin. -->","yoast_head_json":{"title":"Fituesja e festivalit \"K\u00ebnga Magjike 2008\", Jonida Maliqi. - Lajme nga Ulqini","description":"Thesi magjik i Gjebres\u00eb Nga thesi magjik i Gjebres\u00eb jan\u00eb ndar\u00eb 31 \u00e7mime. Nga nata finale q\u00eb u mbajt t\u00eb shtun\u00ebn, lirisht mund t\u00eb thuhet se festivali \u201cK\u00ebnga","robots":{"index":"index","follow":"follow","max-snippet":"max-snippet:-1","max-image-preview":"max-image-preview:large","max-video-preview":"max-video-preview:-1"},"canonical":"https:\/\/www.visit-ulcinj.com\/blog\/2008\/11\/23\/fituesja-e-festivalit-kenga-magjike-2008-jonida-maliqi\/","og_locale":"en_US","og_type":"article","og_title":"Fituesja e festivalit \"K\u00ebnga Magjike 2008\", Jonida Maliqi. - Lajme nga Ulqini","og_description":"Thesi magjik i Gjebres\u00eb Nga thesi magjik i Gjebres\u00eb jan\u00eb ndar\u00eb 31 \u00e7mime. Nga nata finale q\u00eb u mbajt t\u00eb shtun\u00ebn, lirisht mund t\u00eb thuhet se festivali \u201cK\u00ebnga","og_url":"https:\/\/www.visit-ulcinj.com\/blog\/2008\/11\/23\/fituesja-e-festivalit-kenga-magjike-2008-jonida-maliqi\/","og_site_name":"Lajme nga Ulqini","article_published_time":"2008-11-23T19:53:23+00:00","og_image":[{"url":"http:\/\/www.visit-ulcinj.com\/blog\/wp-content\/uploads\/2008\/11\/jonida-maliqi-259x300.jpg"}],"twitter_misc":{"Written by":"ulqini","Est. reading time":"3 minutes"},"schema":{"@context":"https:\/\/schema.org","@graph":[{"@type":"WebSite","@id":"https:\/\/www.visit-ulcinj.com\/blog\/#website","url":"https:\/\/www.visit-ulcinj.com\/blog\/","name":"Lajme nga Ulqini","description":"Lajme,Vijesti,Ulqini,Ulqin,Crna Gora,Mali i Zi","potentialAction":[{"@type":"SearchAction","target":{"@type":"EntryPoint","urlTemplate":"https:\/\/www.visit-ulcinj.com\/blog\/?s={search_term_string}"},"query-input":"required name=search_term_string"}],"inLanguage":"en-US"},{"@type":"ImageObject","inLanguage":"en-US","@id":"https:\/\/www.visit-ulcinj.com\/blog\/2008\/11\/23\/fituesja-e-festivalit-kenga-magjike-2008-jonida-maliqi\/#primaryimage","url":"http:\/\/www.visit-ulcinj.com\/blog\/wp-content\/uploads\/2008\/11\/jonida-maliqi-259x300.jpg","contentUrl":"http:\/\/www.visit-ulcinj.com\/blog\/wp-content\/uploads\/2008\/11\/jonida-maliqi-259x300.jpg"},{"@type":"WebPage","@id":"https:\/\/www.visit-ulcinj.com\/blog\/2008\/11\/23\/fituesja-e-festivalit-kenga-magjike-2008-jonida-maliqi\/#webpage","url":"https:\/\/www.visit-ulcinj.com\/blog\/2008\/11\/23\/fituesja-e-festivalit-kenga-magjike-2008-jonida-maliqi\/","name":"Fituesja e festivalit \"K\u00ebnga Magjike 2008\", Jonida Maliqi. - Lajme nga Ulqini","isPartOf":{"@id":"https:\/\/www.visit-ulcinj.com\/blog\/#website"},"primaryImageOfPage":{"@id":"https:\/\/www.visit-ulcinj.com\/blog\/2008\/11\/23\/fituesja-e-festivalit-kenga-magjike-2008-jonida-maliqi\/#primaryimage"},"datePublished":"2008-11-23T19:53:23+00:00","dateModified":"2008-11-23T19:53:23+00:00","author":{"@id":"https:\/\/www.visit-ulcinj.com\/blog\/#\/schema\/person\/dcab619c614d3038751c63bc2aadc06d"},"description":"Thesi magjik i Gjebres\u00eb Nga thesi magjik i Gjebres\u00eb jan\u00eb ndar\u00eb 31 \u00e7mime. Nga nata finale q\u00eb u mbajt t\u00eb shtun\u00ebn, lirisht mund t\u00eb thuhet se festivali \u201cK\u00ebnga","breadcrumb":{"@id":"https:\/\/www.visit-ulcinj.com\/blog\/2008\/11\/23\/fituesja-e-festivalit-kenga-magjike-2008-jonida-maliqi\/#breadcrumb"},"inLanguage":"en-US","potentialAction":[{"@type":"ReadAction","target":["https:\/\/www.visit-ulcinj.com\/blog\/2008\/11\/23\/fituesja-e-festivalit-kenga-magjike-2008-jonida-maliqi\/"]}]},{"@type":"BreadcrumbList","@id":"https:\/\/www.visit-ulcinj.com\/blog\/2008\/11\/23\/fituesja-e-festivalit-kenga-magjike-2008-jonida-maliqi\/#breadcrumb","itemListElement":[{"@type":"ListItem","position":1,"name":"Fituesja e festivalit &#8220;K\u00ebnga Magjike 2008&#8221;, Jonida Maliqi."}]},{"@type":"Person","@id":"https:\/\/www.visit-ulcinj.com\/blog\/#\/schema\/person\/dcab619c614d3038751c63bc2aadc06d","name":"ulqini","sameAs":["http:\/\/www.visit-ulcinj.com"],"url":"https:\/\/www.visit-ulcinj.com\/blog\/author\/admin\/"}]}},"jetpack_featured_media_url":"","jetpack_sharing_enabled":true,"jetpack_shortlink":"https:\/\/wp.me\/pe6lTn-1HI","_links":{"self":[{"href":"https:\/\/www.visit-ulcinj.com\/blog\/wp-json\/wp\/v2\/posts\/6554"}],"collection":[{"href":"https:\/\/www.visit-ulcinj.com\/blog\/wp-json\/wp\/v2\/posts"}],"about":[{"href":"https:\/\/www.visit-ulcinj.com\/blog\/wp-json\/wp\/v2\/types\/post"}],"author":[{"embeddable":true,"href":"https:\/\/www.visit-ulcinj.com\/blog\/wp-json\/wp\/v2\/users\/1"}],"replies":[{"embeddable":true,"href":"https:\/\/www.visit-ulcinj.com\/blog\/wp-json\/wp\/v2\/comments?post=6554"}],"version-history":[{"count":0,"href":"https:\/\/www.visit-ulcinj.com\/blog\/wp-json\/wp\/v2\/posts\/6554\/revisions"}],"wp:attachment":[{"href":"https:\/\/www.visit-ulcinj.com\/blog\/wp-json\/wp\/v2\/media?parent=6554"}],"wp:term":[{"taxonomy":"category","embeddable":true,"href":"https:\/\/www.visit-ulcinj.com\/blog\/wp-json\/wp\/v2\/categories?post=6554"},{"taxonomy":"post_tag","embeddable":true,"href":"https:\/\/www.visit-ulcinj.com\/blog\/wp-json\/wp\/v2\/tags?post=6554"}],"curies":[{"name":"wp","href":"https:\/\/api.w.org\/{rel}","templated":true}]}}