{"id":65563,"date":"2012-11-09T19:49:41","date_gmt":"2012-11-09T18:49:41","guid":{"rendered":"http:\/\/www.visit-ulcinj.com\/blog\/?p=65563"},"modified":"2012-11-09T19:49:41","modified_gmt":"2012-11-09T18:49:41","slug":"millo-gjukanoviq-per-mandatar-per-perberjen-e-qeverise-se-re","status":"publish","type":"post","link":"https:\/\/www.visit-ulcinj.com\/blog\/2012\/11\/09\/millo-gjukanoviq-per-mandatar-per-perberjen-e-qeverise-se-re\/","title":{"rendered":"Millo GJukanoviq p\u00ebr mandatar p\u00ebr p\u00ebrb\u00ebrjen e Qeveris\u00eb s\u00eb re"},"content":{"rendered":"<p><strong>Vujanoviq do t\u2019ia propozoj\u00eb sot parlamentit Millo GJukanoviq p\u00ebr mandatar p\u00ebr p\u00ebrb\u00ebrjen e Qeveris\u00eb s\u00eb re<\/strong><\/p>\n<p><a href=\"http:\/\/www.visit-ulcinj.com\/blog\/wp-content\/uploads\/2012\/11\/VUJANOVIQ-GJUKANOVIQ.jpg\"><img loading=\"lazy\" class=\"alignleft  wp-image-65564\" title=\"VUJANOVIQ-GJUKANOVIQ\" src=\"http:\/\/www.visit-ulcinj.com\/blog\/wp-content\/uploads\/2012\/11\/VUJANOVIQ-GJUKANOVIQ.jpg\" alt=\"\" width=\"508\" height=\"348\" \/><\/a><\/p>\n<p>Presidenti i malit t\u00eb Zi Filip Vujanoviq do t&#8217;ia propozoj\u00eb sot parlamentit liderin e Partis\u00eb Demokratike t\u00eb Socialsiteve Millo GJukanoviq q\u00eb ta zgjedh mandatar p\u00ebr p\u00ebrb\u00ebrjen e Qeveris\u00eb s\u00eb re.<\/p>\n<p>Jam i bindur se Gjukanoviq, i cili ka qen\u00eb hartuesi dhe promovuesi kryesor i programit t\u00eb Koalicionit, me vendimin q\u00eb t\u00eb jet\u00eb mandatar ka marr\u00eb p\u00ebrgjegj\u00ebsin\u00eb p\u00ebr realizimin e tij dhe se shpreh gatishm\u00ebri t\u00eb plot\u00eb q\u00eb ta realizoj\u00eb, ka th\u00ebn\u00eb Vujanoviq.<\/p>\n<p>Ai pas p\u00ebrfundimit t\u00eb konsultimeve me p\u00ebrfaq\u00ebsuesit e partive parlamentare mbi mandatarin, ka th\u00ebn\u00eb se beson se s\u00eb shpejti do t\u00eb caktohet mbledhja n\u00eb t\u00eb cil\u00ebn do t\u00eb votohet mbi qeverin\u00eb.<\/p>\n<p>Vujanoviq, pas takimit me n\u00ebnkryetarin e Partis\u00eb Demokratike t\u00eb Socialisteve Svetozar Maroviq, ka kumtuar se Gjukanoviq ka fituar p\u00ebrkrahjen e kryesis\u00eb t\u00eb k\u00ebsaj partie q\u00eb t\u00eb jet\u00eb n\u00eb krye t\u00eb qeveris\u00eb s\u00eb re.<\/p>\n<p>Vujanoviq ka shprehur respekt t\u00eb ve\u00e7ant\u00eb ndaj kryeministrat aktual Igor Llukshiq, i cili, si\u00e7 ka theksuar ai, ka p\u00ebrkushtim maksimal p\u00ebr arritjen e interesave t\u00eb Malit t\u00eb Zi dhe Qeveris\u00eb s\u00eb tij.<\/p>\n<p>TVCG<\/p>\n<p><strong>Edhe kryesia e PDS n\u00eb mbledhjen e sotme e ka vendosur p\u00ebr Millo Gjukanoviq<\/strong><\/p>\n<p>Kryesia e Partis\u00eb Demokratike t\u00eb Socialisteve n\u00eb mbledhjen e sotme e ka vendosur q\u00eb p\u00ebr kandidat p\u00ebr mandatar p\u00ebr formimin e qeveris\u00eb s\u00eb re t\u00eb Malit t\u00eb Zi t\u00eb propozoj\u00eb liderin e k\u00ebsaj partie, Millo Gjukanoviq.<\/p>\n<p>Pas Konsultimeve me presidentin Vujanoviq, kryetari i Partis\u00eb Socialdemokrate, Ranko Krivokapiq, tha se &#8220;N\u00ebse lideri i Partis\u00eb Demokratike t\u00eb Socialisteve Millo Gjukanoviq do t\u00eb jet\u00eb kryeminist\u00ebr i ri, ai nuk do t\u00eb kthehet sepse i nevojit\u00ebt afirmimi, por p\u00ebr shkak t\u00eb situat\u00ebs s\u00eb v\u00ebshtir\u00eb e q\u00eb duhet t\u00eb formohet ekipi m\u00eb i mir\u00eb.<\/p>\n<p>Krivokapiq ka p\u00ebrs\u00ebritur se teknokrat\u00ebt nuk zgjidhin probleme t\u00eb m\u00ebdha, por p\u00ebr ato jan\u00eb personalitetet e forta politike. Nd\u00ebrakq, Kryetari i Partis\u00eb Liberale, Andrija Popoviq, pas takimit me presidentin e vendit ka shprehur d\u00ebshir\u00ebn q\u00eb mandatari i qeveris\u00eb t\u00eb re t\u00eb jet\u00eb kryetari i Partis\u00eb Demokratike t\u00eb Socialisteve, Millo Gjukanoviq.<\/p>\n<p>Nga ana tjet\u00ebr, Partia Socialiste Popullore, si\u00e7 \u00ebsht\u00eb shprehur lideri i saj, S\u00ebrgjan Miliq, nuk do ta p\u00ebrkrah\u00eb zgjedhjen e Gjukanoviqit n\u00ebse propozohet p\u00ebr k\u00ebt\u00eb funksion. Q\u00ebndrimi i Partis\u00eb Socialiste Popullore \u00ebsht\u00eb se ata q\u00eb e kan\u00eb sjell\u00eb Malin e Zi n\u00eb k\u00ebt\u00eb gjendje, v\u00ebshtir\u00eb mund t\u00eb jen\u00eb pjes\u00eb e zgjidhjes, ka th\u00ebn\u00eb Miliq pas takimit me Vujanoviqin.<\/p>\n<p>Miliq konsideron se Malit t\u00eb Zi i duhet politik\u00eb e re q\u00eb do t\u00eb zgjidh\u00eb problemin e qytetar\u00ebve. Kurse lideri i Frontit demokratik Miodrag Lekiq, ka ftuar presidentin Vujanoviq q\u00eb p\u00ebr mandatar t\u00eb propozoj\u00eb personalitetin q\u00eb do t\u00eb jet\u00eb kompetent dhe kredibil n\u00eb planin e brendsh\u00ebm dhe t\u00eb jasht\u00ebm.<\/p>\n<p>I pyetur n\u00ebse do ta p\u00ebrkrah\u00eb zgjedhjen e Gjukanoviqin p\u00ebr mandatar, a ka th\u00ebn\u00eb se do t\u00eb pres n\u00ebse kjo do t\u00eb ndodh\u00eb, kurse m\u00eb pastaj do ta komentoj\u00eb.<\/p>\n<p>TVCG<\/p>\n","protected":false},"excerpt":{"rendered":"<p>Vujanoviq do t\u2019ia propozoj\u00eb sot parlamentit Millo GJukanoviq p\u00ebr mandatar p\u00ebr p\u00ebrb\u00ebrjen e Qeveris\u00eb s\u00eb re Presidenti i malit t\u00eb Zi Filip Vujanoviq do t&#8217;ia propozoj\u00eb sot parlamentit liderin e Partis\u00eb Demokratike t\u00eb Socialsiteve Millo GJukanoviq q\u00eb ta zgjedh mandatar p\u00ebr p\u00ebrb\u00ebrjen e Qeveris\u00eb s\u00eb re. Jam i bindur se Gjukanoviq, i cili ka qen\u00eb [&hellip;]<\/p>\n","protected":false},"author":1,"featured_media":0,"comment_status":"open","ping_status":"closed","sticky":false,"template":"","format":"standard","meta":{"spay_email":"","jetpack_publicize_message":"","jetpack_is_tweetstorm":false,"jetpack_publicize_feature_enabled":true},"categories":[14],"tags":[2806],"jetpack_publicize_connections":[],"yoast_head":"<!-- This site is optimized with the Yoast SEO plugin v19.1 - https:\/\/yoast.com\/wordpress\/plugins\/seo\/ -->\n<title>Millo GJukanoviq p\u00ebr mandatar p\u00ebr p\u00ebrb\u00ebrjen e Qeveris\u00eb s\u00eb re - Lajme nga Ulqini<\/title>\n<meta name=\"description\" content=\"Vujanoviq do t\u2019ia propozoj\u00eb sot parlamentit Millo GJukanoviq p\u00ebr mandatar p\u00ebr p\u00ebrb\u00ebrjen e Qeveris\u00eb s\u00eb re Presidenti i malit t\u00eb Zi Filip Vujanoviq do t&#039;ia\" \/>\n<meta name=\"robots\" content=\"index, follow, max-snippet:-1, max-image-preview:large, max-video-preview:-1\" \/>\n<link rel=\"canonical\" href=\"https:\/\/www.visit-ulcinj.com\/blog\/2012\/11\/09\/millo-gjukanoviq-per-mandatar-per-perberjen-e-qeverise-se-re\/\" \/>\n<meta property=\"og:locale\" content=\"en_US\" \/>\n<meta property=\"og:type\" content=\"article\" \/>\n<meta property=\"og:title\" content=\"Millo GJukanoviq p\u00ebr mandatar p\u00ebr p\u00ebrb\u00ebrjen e Qeveris\u00eb s\u00eb re - Lajme nga Ulqini\" \/>\n<meta property=\"og:description\" content=\"Vujanoviq do t\u2019ia propozoj\u00eb sot parlamentit Millo GJukanoviq p\u00ebr mandatar p\u00ebr p\u00ebrb\u00ebrjen e Qeveris\u00eb s\u00eb re Presidenti i malit t\u00eb Zi Filip Vujanoviq do t&#039;ia\" \/>\n<meta property=\"og:url\" content=\"https:\/\/www.visit-ulcinj.com\/blog\/2012\/11\/09\/millo-gjukanoviq-per-mandatar-per-perberjen-e-qeverise-se-re\/\" \/>\n<meta property=\"og:site_name\" content=\"Lajme nga Ulqini\" \/>\n<meta property=\"article:published_time\" content=\"2012-11-09T18:49:41+00:00\" \/>\n<meta property=\"og:image\" content=\"http:\/\/www.visit-ulcinj.com\/blog\/wp-content\/uploads\/2012\/11\/VUJANOVIQ-GJUKANOVIQ.jpg\" \/>\n<meta name=\"twitter:label1\" content=\"Written by\" \/>\n\t<meta name=\"twitter:data1\" content=\"ulqini\" \/>\n\t<meta name=\"twitter:label2\" content=\"Est. reading time\" \/>\n\t<meta name=\"twitter:data2\" content=\"3 minutes\" \/>\n<script type=\"application\/ld+json\" class=\"yoast-schema-graph\">{\"@context\":\"https:\/\/schema.org\",\"@graph\":[{\"@type\":\"WebSite\",\"@id\":\"https:\/\/www.visit-ulcinj.com\/blog\/#website\",\"url\":\"https:\/\/www.visit-ulcinj.com\/blog\/\",\"name\":\"Lajme nga Ulqini\",\"description\":\"Lajme,Vijesti,Ulqini,Ulqin,Crna Gora,Mali i Zi\",\"potentialAction\":[{\"@type\":\"SearchAction\",\"target\":{\"@type\":\"EntryPoint\",\"urlTemplate\":\"https:\/\/www.visit-ulcinj.com\/blog\/?s={search_term_string}\"},\"query-input\":\"required name=search_term_string\"}],\"inLanguage\":\"en-US\"},{\"@type\":\"ImageObject\",\"inLanguage\":\"en-US\",\"@id\":\"https:\/\/www.visit-ulcinj.com\/blog\/2012\/11\/09\/millo-gjukanoviq-per-mandatar-per-perberjen-e-qeverise-se-re\/#primaryimage\",\"url\":\"https:\/\/www.visit-ulcinj.com\/blog\/wp-content\/uploads\/2012\/11\/VUJANOVIQ-GJUKANOVIQ.jpg\",\"contentUrl\":\"https:\/\/www.visit-ulcinj.com\/blog\/wp-content\/uploads\/2012\/11\/VUJANOVIQ-GJUKANOVIQ.jpg\",\"width\":\"468\",\"height\":\"348\"},{\"@type\":\"WebPage\",\"@id\":\"https:\/\/www.visit-ulcinj.com\/blog\/2012\/11\/09\/millo-gjukanoviq-per-mandatar-per-perberjen-e-qeverise-se-re\/#webpage\",\"url\":\"https:\/\/www.visit-ulcinj.com\/blog\/2012\/11\/09\/millo-gjukanoviq-per-mandatar-per-perberjen-e-qeverise-se-re\/\",\"name\":\"Millo GJukanoviq p\u00ebr mandatar p\u00ebr p\u00ebrb\u00ebrjen e Qeveris\u00eb s\u00eb re - Lajme nga Ulqini\",\"isPartOf\":{\"@id\":\"https:\/\/www.visit-ulcinj.com\/blog\/#website\"},\"primaryImageOfPage\":{\"@id\":\"https:\/\/www.visit-ulcinj.com\/blog\/2012\/11\/09\/millo-gjukanoviq-per-mandatar-per-perberjen-e-qeverise-se-re\/#primaryimage\"},\"datePublished\":\"2012-11-09T18:49:41+00:00\",\"dateModified\":\"2012-11-09T18:49:41+00:00\",\"author\":{\"@id\":\"https:\/\/www.visit-ulcinj.com\/blog\/#\/schema\/person\/dcab619c614d3038751c63bc2aadc06d\"},\"description\":\"Vujanoviq do t\u2019ia propozoj\u00eb sot parlamentit Millo GJukanoviq p\u00ebr mandatar p\u00ebr p\u00ebrb\u00ebrjen e Qeveris\u00eb s\u00eb re Presidenti i malit t\u00eb Zi Filip Vujanoviq do t'ia\",\"breadcrumb\":{\"@id\":\"https:\/\/www.visit-ulcinj.com\/blog\/2012\/11\/09\/millo-gjukanoviq-per-mandatar-per-perberjen-e-qeverise-se-re\/#breadcrumb\"},\"inLanguage\":\"en-US\",\"potentialAction\":[{\"@type\":\"ReadAction\",\"target\":[\"https:\/\/www.visit-ulcinj.com\/blog\/2012\/11\/09\/millo-gjukanoviq-per-mandatar-per-perberjen-e-qeverise-se-re\/\"]}]},{\"@type\":\"BreadcrumbList\",\"@id\":\"https:\/\/www.visit-ulcinj.com\/blog\/2012\/11\/09\/millo-gjukanoviq-per-mandatar-per-perberjen-e-qeverise-se-re\/#breadcrumb\",\"itemListElement\":[{\"@type\":\"ListItem\",\"position\":1,\"name\":\"Millo GJukanoviq p\u00ebr mandatar p\u00ebr p\u00ebrb\u00ebrjen e Qeveris\u00eb s\u00eb re\"}]},{\"@type\":\"Person\",\"@id\":\"https:\/\/www.visit-ulcinj.com\/blog\/#\/schema\/person\/dcab619c614d3038751c63bc2aadc06d\",\"name\":\"ulqini\",\"sameAs\":[\"http:\/\/www.visit-ulcinj.com\"],\"url\":\"https:\/\/www.visit-ulcinj.com\/blog\/author\/admin\/\"}]}<\/script>\n<!-- \/ Yoast SEO plugin. -->","yoast_head_json":{"title":"Millo GJukanoviq p\u00ebr mandatar p\u00ebr p\u00ebrb\u00ebrjen e Qeveris\u00eb s\u00eb re - Lajme nga Ulqini","description":"Vujanoviq do t\u2019ia propozoj\u00eb sot parlamentit Millo GJukanoviq p\u00ebr mandatar p\u00ebr p\u00ebrb\u00ebrjen e Qeveris\u00eb s\u00eb re Presidenti i malit t\u00eb Zi Filip Vujanoviq do t'ia","robots":{"index":"index","follow":"follow","max-snippet":"max-snippet:-1","max-image-preview":"max-image-preview:large","max-video-preview":"max-video-preview:-1"},"canonical":"https:\/\/www.visit-ulcinj.com\/blog\/2012\/11\/09\/millo-gjukanoviq-per-mandatar-per-perberjen-e-qeverise-se-re\/","og_locale":"en_US","og_type":"article","og_title":"Millo GJukanoviq p\u00ebr mandatar p\u00ebr p\u00ebrb\u00ebrjen e Qeveris\u00eb s\u00eb re - Lajme nga Ulqini","og_description":"Vujanoviq do t\u2019ia propozoj\u00eb sot parlamentit Millo GJukanoviq p\u00ebr mandatar p\u00ebr p\u00ebrb\u00ebrjen e Qeveris\u00eb s\u00eb re Presidenti i malit t\u00eb Zi Filip Vujanoviq do t'ia","og_url":"https:\/\/www.visit-ulcinj.com\/blog\/2012\/11\/09\/millo-gjukanoviq-per-mandatar-per-perberjen-e-qeverise-se-re\/","og_site_name":"Lajme nga Ulqini","article_published_time":"2012-11-09T18:49:41+00:00","og_image":[{"url":"http:\/\/www.visit-ulcinj.com\/blog\/wp-content\/uploads\/2012\/11\/VUJANOVIQ-GJUKANOVIQ.jpg"}],"twitter_misc":{"Written by":"ulqini","Est. reading time":"3 minutes"},"schema":{"@context":"https:\/\/schema.org","@graph":[{"@type":"WebSite","@id":"https:\/\/www.visit-ulcinj.com\/blog\/#website","url":"https:\/\/www.visit-ulcinj.com\/blog\/","name":"Lajme nga Ulqini","description":"Lajme,Vijesti,Ulqini,Ulqin,Crna Gora,Mali i Zi","potentialAction":[{"@type":"SearchAction","target":{"@type":"EntryPoint","urlTemplate":"https:\/\/www.visit-ulcinj.com\/blog\/?s={search_term_string}"},"query-input":"required name=search_term_string"}],"inLanguage":"en-US"},{"@type":"ImageObject","inLanguage":"en-US","@id":"https:\/\/www.visit-ulcinj.com\/blog\/2012\/11\/09\/millo-gjukanoviq-per-mandatar-per-perberjen-e-qeverise-se-re\/#primaryimage","url":"https:\/\/www.visit-ulcinj.com\/blog\/wp-content\/uploads\/2012\/11\/VUJANOVIQ-GJUKANOVIQ.jpg","contentUrl":"https:\/\/www.visit-ulcinj.com\/blog\/wp-content\/uploads\/2012\/11\/VUJANOVIQ-GJUKANOVIQ.jpg","width":"468","height":"348"},{"@type":"WebPage","@id":"https:\/\/www.visit-ulcinj.com\/blog\/2012\/11\/09\/millo-gjukanoviq-per-mandatar-per-perberjen-e-qeverise-se-re\/#webpage","url":"https:\/\/www.visit-ulcinj.com\/blog\/2012\/11\/09\/millo-gjukanoviq-per-mandatar-per-perberjen-e-qeverise-se-re\/","name":"Millo GJukanoviq p\u00ebr mandatar p\u00ebr p\u00ebrb\u00ebrjen e Qeveris\u00eb s\u00eb re - Lajme nga Ulqini","isPartOf":{"@id":"https:\/\/www.visit-ulcinj.com\/blog\/#website"},"primaryImageOfPage":{"@id":"https:\/\/www.visit-ulcinj.com\/blog\/2012\/11\/09\/millo-gjukanoviq-per-mandatar-per-perberjen-e-qeverise-se-re\/#primaryimage"},"datePublished":"2012-11-09T18:49:41+00:00","dateModified":"2012-11-09T18:49:41+00:00","author":{"@id":"https:\/\/www.visit-ulcinj.com\/blog\/#\/schema\/person\/dcab619c614d3038751c63bc2aadc06d"},"description":"Vujanoviq do t\u2019ia propozoj\u00eb sot parlamentit Millo GJukanoviq p\u00ebr mandatar p\u00ebr p\u00ebrb\u00ebrjen e Qeveris\u00eb s\u00eb re Presidenti i malit t\u00eb Zi Filip Vujanoviq do t'ia","breadcrumb":{"@id":"https:\/\/www.visit-ulcinj.com\/blog\/2012\/11\/09\/millo-gjukanoviq-per-mandatar-per-perberjen-e-qeverise-se-re\/#breadcrumb"},"inLanguage":"en-US","potentialAction":[{"@type":"ReadAction","target":["https:\/\/www.visit-ulcinj.com\/blog\/2012\/11\/09\/millo-gjukanoviq-per-mandatar-per-perberjen-e-qeverise-se-re\/"]}]},{"@type":"BreadcrumbList","@id":"https:\/\/www.visit-ulcinj.com\/blog\/2012\/11\/09\/millo-gjukanoviq-per-mandatar-per-perberjen-e-qeverise-se-re\/#breadcrumb","itemListElement":[{"@type":"ListItem","position":1,"name":"Millo GJukanoviq p\u00ebr mandatar p\u00ebr p\u00ebrb\u00ebrjen e Qeveris\u00eb s\u00eb re"}]},{"@type":"Person","@id":"https:\/\/www.visit-ulcinj.com\/blog\/#\/schema\/person\/dcab619c614d3038751c63bc2aadc06d","name":"ulqini","sameAs":["http:\/\/www.visit-ulcinj.com"],"url":"https:\/\/www.visit-ulcinj.com\/blog\/author\/admin\/"}]}},"jetpack_featured_media_url":"","jetpack_sharing_enabled":true,"jetpack_shortlink":"https:\/\/wp.me\/pe6lTn-h3t","_links":{"self":[{"href":"https:\/\/www.visit-ulcinj.com\/blog\/wp-json\/wp\/v2\/posts\/65563"}],"collection":[{"href":"https:\/\/www.visit-ulcinj.com\/blog\/wp-json\/wp\/v2\/posts"}],"about":[{"href":"https:\/\/www.visit-ulcinj.com\/blog\/wp-json\/wp\/v2\/types\/post"}],"author":[{"embeddable":true,"href":"https:\/\/www.visit-ulcinj.com\/blog\/wp-json\/wp\/v2\/users\/1"}],"replies":[{"embeddable":true,"href":"https:\/\/www.visit-ulcinj.com\/blog\/wp-json\/wp\/v2\/comments?post=65563"}],"version-history":[{"count":1,"href":"https:\/\/www.visit-ulcinj.com\/blog\/wp-json\/wp\/v2\/posts\/65563\/revisions"}],"predecessor-version":[{"id":65565,"href":"https:\/\/www.visit-ulcinj.com\/blog\/wp-json\/wp\/v2\/posts\/65563\/revisions\/65565"}],"wp:attachment":[{"href":"https:\/\/www.visit-ulcinj.com\/blog\/wp-json\/wp\/v2\/media?parent=65563"}],"wp:term":[{"taxonomy":"category","embeddable":true,"href":"https:\/\/www.visit-ulcinj.com\/blog\/wp-json\/wp\/v2\/categories?post=65563"},{"taxonomy":"post_tag","embeddable":true,"href":"https:\/\/www.visit-ulcinj.com\/blog\/wp-json\/wp\/v2\/tags?post=65563"}],"curies":[{"name":"wp","href":"https:\/\/api.w.org\/{rel}","templated":true}]}}