{"id":65566,"date":"2012-11-09T20:47:01","date_gmt":"2012-11-09T19:47:01","guid":{"rendered":"http:\/\/www.visit-ulcinj.com\/blog\/?p=65566"},"modified":"2012-11-10T19:58:11","modified_gmt":"2012-11-10T18:58:11","slug":"abazoviq-zgjedhja-e-gjukanoviqit-hap-mbrapa-per-demokracine","status":"publish","type":"post","link":"https:\/\/www.visit-ulcinj.com\/blog\/2012\/11\/09\/abazoviq-zgjedhja-e-gjukanoviqit-hap-mbrapa-per-demokracine\/","title":{"rendered":"Abazoviq: Zgjedhja e Gjukanoviqit hap mbrapa p\u00ebr demokracin\u00eb"},"content":{"rendered":"<p><a href=\"http:\/\/www.visit-ulcinj.com\/blog\/wp-content\/uploads\/2012\/11\/Dritan-Abazoviq.jpg\"><img loading=\"lazy\" class=\"alignleft  wp-image-65567\" title=\"Dritan Abazoviq\" src=\"http:\/\/www.visit-ulcinj.com\/blog\/wp-content\/uploads\/2012\/11\/Dritan-Abazoviq.jpg\" alt=\"\" width=\"508\" height=\"360\" \/><\/a>Zgjedhja e kryetarit t\u00eb Partis\u00eb Demokratike Socialiste PDS, Millo Gjukanoviq, p\u00ebr mandatar t\u00eb Qeveris\u00eb s\u00eb re \u00ebsht\u00eb hap mbrapa p\u00ebr demokracin\u00eb dhe tregon shqet\u00ebsimin e koalicionit udh\u00ebheq\u00ebs p\u00ebr situat\u00ebn socio-ekonomike t\u00eb shtetit, konsideron deputeti i Malit t\u00eb Zi Pozitiv Dritan Abazoviq.<\/p>\n<p>\u201cKjo \u00ebsht\u00eb definitivisht shprehje e mosbesimit ndaj bashk\u00ebpun\u00ebtor\u00ebve dhe atyre q\u00eb deri tani e kan\u00eb kryer k\u00ebt\u00eb funksion\u201d, vler\u00ebsoi Abazoviq.<\/p>\n<p>Ai p\u00ebr agjencin\u00eb Mina tha q\u00eb zgjedhja e Gjukanoviqit p\u00ebr mandatar nuk \u00ebsht\u00eb mesazh i mir\u00eb p\u00ebr bashk\u00ebsin\u00eb nd\u00ebrkomb\u00ebtare.<\/p>\n<p>\u201cMali i Zi duhet t\u00eb kthehet kah e ardhmja dhe t\u00eb filloj t\u00eb tregoj q\u00eb ka kapacitete njer\u00ebzore dhe sociale t\u00eb prodhoj reforma, q\u00eb jan\u00eb m\u00eb se t\u00eb domosdoshme p\u00ebr shoq\u00ebrin\u00eb ton\u00eb\u201d,\u00a0 konkludoi Abazoviq.<\/p>\n<p>Ai nuk \u00ebsht\u00eb i sigurt q\u00eb kthimi i Gjukanoviqit \u00e7on drejt p\u00ebrparimit socio-ekonomik t\u00eb shtetit.<\/p>\n<p><strong>Lajme nga Ulqini<\/strong><\/p>\n","protected":false},"excerpt":{"rendered":"<p>Zgjedhja e kryetarit t\u00eb Partis\u00eb Demokratike Socialiste PDS, Millo Gjukanoviq, p\u00ebr mandatar t\u00eb Qeveris\u00eb s\u00eb re \u00ebsht\u00eb hap mbrapa p\u00ebr demokracin\u00eb dhe tregon shqet\u00ebsimin e koalicionit udh\u00ebheq\u00ebs p\u00ebr situat\u00ebn socio-ekonomike t\u00eb shtetit, konsideron deputeti i Malit t\u00eb Zi Pozitiv Dritan Abazoviq. \u201cKjo \u00ebsht\u00eb definitivisht shprehje e mosbesimit ndaj bashk\u00ebpun\u00ebtor\u00ebve dhe atyre q\u00eb deri tani e [&hellip;]<\/p>\n","protected":false},"author":1,"featured_media":0,"comment_status":"open","ping_status":"closed","sticky":false,"template":"","format":"standard","meta":{"spay_email":"","jetpack_publicize_message":"","jetpack_is_tweetstorm":false,"jetpack_publicize_feature_enabled":true},"categories":[1,14249],"tags":[21443,13701,10529,95,200,18],"jetpack_publicize_connections":[],"yoast_head":"<!-- This site is optimized with the Yoast SEO plugin v19.1 - https:\/\/yoast.com\/wordpress\/plugins\/seo\/ -->\n<title>Abazoviq: Zgjedhja e Gjukanoviqit hap mbrapa p\u00ebr demokracin\u00eb - Lajme nga Ulqini<\/title>\n<meta name=\"description\" content=\"Zgjedhja e kryetarit t\u00eb Partis\u00eb Demokratike Socialiste PDS, Millo Gjukanoviq, p\u00ebr mandatar t\u00eb Qeveris\u00eb s\u00eb re \u00ebsht\u00eb hap mbrapa p\u00ebr demokracin\u00eb dhe tregon\" \/>\n<meta name=\"robots\" content=\"index, follow, max-snippet:-1, max-image-preview:large, max-video-preview:-1\" \/>\n<link rel=\"canonical\" href=\"https:\/\/www.visit-ulcinj.com\/blog\/2012\/11\/09\/abazoviq-zgjedhja-e-gjukanoviqit-hap-mbrapa-per-demokracine\/\" \/>\n<meta property=\"og:locale\" content=\"en_US\" \/>\n<meta property=\"og:type\" content=\"article\" \/>\n<meta property=\"og:title\" content=\"Abazoviq: Zgjedhja e Gjukanoviqit hap mbrapa p\u00ebr demokracin\u00eb - Lajme nga Ulqini\" \/>\n<meta property=\"og:description\" content=\"Zgjedhja e kryetarit t\u00eb Partis\u00eb Demokratike Socialiste PDS, Millo Gjukanoviq, p\u00ebr mandatar t\u00eb Qeveris\u00eb s\u00eb re \u00ebsht\u00eb hap mbrapa p\u00ebr demokracin\u00eb dhe tregon\" \/>\n<meta property=\"og:url\" content=\"https:\/\/www.visit-ulcinj.com\/blog\/2012\/11\/09\/abazoviq-zgjedhja-e-gjukanoviqit-hap-mbrapa-per-demokracine\/\" \/>\n<meta property=\"og:site_name\" content=\"Lajme nga Ulqini\" \/>\n<meta property=\"article:published_time\" content=\"2012-11-09T19:47:01+00:00\" \/>\n<meta property=\"article:modified_time\" content=\"2012-11-10T18:58:11+00:00\" \/>\n<meta property=\"og:image\" content=\"http:\/\/www.visit-ulcinj.com\/blog\/wp-content\/uploads\/2012\/11\/Dritan-Abazoviq.jpg\" \/>\n<meta name=\"twitter:label1\" content=\"Written by\" \/>\n\t<meta name=\"twitter:data1\" content=\"ulqini\" \/>\n\t<meta name=\"twitter:label2\" content=\"Est. reading time\" \/>\n\t<meta name=\"twitter:data2\" content=\"1 minute\" \/>\n<script type=\"application\/ld+json\" class=\"yoast-schema-graph\">{\"@context\":\"https:\/\/schema.org\",\"@graph\":[{\"@type\":\"WebSite\",\"@id\":\"https:\/\/www.visit-ulcinj.com\/blog\/#website\",\"url\":\"https:\/\/www.visit-ulcinj.com\/blog\/\",\"name\":\"Lajme nga Ulqini\",\"description\":\"Lajme,Vijesti,Ulqini,Ulqin,Crna Gora,Mali i Zi\",\"potentialAction\":[{\"@type\":\"SearchAction\",\"target\":{\"@type\":\"EntryPoint\",\"urlTemplate\":\"https:\/\/www.visit-ulcinj.com\/blog\/?s={search_term_string}\"},\"query-input\":\"required name=search_term_string\"}],\"inLanguage\":\"en-US\"},{\"@type\":\"ImageObject\",\"inLanguage\":\"en-US\",\"@id\":\"https:\/\/www.visit-ulcinj.com\/blog\/2012\/11\/09\/abazoviq-zgjedhja-e-gjukanoviqit-hap-mbrapa-per-demokracine\/#primaryimage\",\"url\":\"https:\/\/www.visit-ulcinj.com\/blog\/wp-content\/uploads\/2012\/11\/Dritan-Abazoviq.jpg\",\"contentUrl\":\"https:\/\/www.visit-ulcinj.com\/blog\/wp-content\/uploads\/2012\/11\/Dritan-Abazoviq.jpg\",\"width\":\"778\",\"height\":\"511\"},{\"@type\":\"WebPage\",\"@id\":\"https:\/\/www.visit-ulcinj.com\/blog\/2012\/11\/09\/abazoviq-zgjedhja-e-gjukanoviqit-hap-mbrapa-per-demokracine\/#webpage\",\"url\":\"https:\/\/www.visit-ulcinj.com\/blog\/2012\/11\/09\/abazoviq-zgjedhja-e-gjukanoviqit-hap-mbrapa-per-demokracine\/\",\"name\":\"Abazoviq: Zgjedhja e Gjukanoviqit hap mbrapa p\u00ebr demokracin\u00eb - Lajme nga Ulqini\",\"isPartOf\":{\"@id\":\"https:\/\/www.visit-ulcinj.com\/blog\/#website\"},\"primaryImageOfPage\":{\"@id\":\"https:\/\/www.visit-ulcinj.com\/blog\/2012\/11\/09\/abazoviq-zgjedhja-e-gjukanoviqit-hap-mbrapa-per-demokracine\/#primaryimage\"},\"datePublished\":\"2012-11-09T19:47:01+00:00\",\"dateModified\":\"2012-11-10T18:58:11+00:00\",\"author\":{\"@id\":\"https:\/\/www.visit-ulcinj.com\/blog\/#\/schema\/person\/dcab619c614d3038751c63bc2aadc06d\"},\"description\":\"Zgjedhja e kryetarit t\u00eb Partis\u00eb Demokratike Socialiste PDS, Millo Gjukanoviq, p\u00ebr mandatar t\u00eb Qeveris\u00eb s\u00eb re \u00ebsht\u00eb hap mbrapa p\u00ebr demokracin\u00eb dhe tregon\",\"breadcrumb\":{\"@id\":\"https:\/\/www.visit-ulcinj.com\/blog\/2012\/11\/09\/abazoviq-zgjedhja-e-gjukanoviqit-hap-mbrapa-per-demokracine\/#breadcrumb\"},\"inLanguage\":\"en-US\",\"potentialAction\":[{\"@type\":\"ReadAction\",\"target\":[\"https:\/\/www.visit-ulcinj.com\/blog\/2012\/11\/09\/abazoviq-zgjedhja-e-gjukanoviqit-hap-mbrapa-per-demokracine\/\"]}]},{\"@type\":\"BreadcrumbList\",\"@id\":\"https:\/\/www.visit-ulcinj.com\/blog\/2012\/11\/09\/abazoviq-zgjedhja-e-gjukanoviqit-hap-mbrapa-per-demokracine\/#breadcrumb\",\"itemListElement\":[{\"@type\":\"ListItem\",\"position\":1,\"name\":\"Abazoviq: Zgjedhja e Gjukanoviqit hap mbrapa p\u00ebr demokracin\u00eb\"}]},{\"@type\":\"Person\",\"@id\":\"https:\/\/www.visit-ulcinj.com\/blog\/#\/schema\/person\/dcab619c614d3038751c63bc2aadc06d\",\"name\":\"ulqini\",\"sameAs\":[\"http:\/\/www.visit-ulcinj.com\"],\"url\":\"https:\/\/www.visit-ulcinj.com\/blog\/author\/admin\/\"}]}<\/script>\n<!-- \/ Yoast SEO plugin. -->","yoast_head_json":{"title":"Abazoviq: Zgjedhja e Gjukanoviqit hap mbrapa p\u00ebr demokracin\u00eb - Lajme nga Ulqini","description":"Zgjedhja e kryetarit t\u00eb Partis\u00eb Demokratike Socialiste PDS, Millo Gjukanoviq, p\u00ebr mandatar t\u00eb Qeveris\u00eb s\u00eb re \u00ebsht\u00eb hap mbrapa p\u00ebr demokracin\u00eb dhe tregon","robots":{"index":"index","follow":"follow","max-snippet":"max-snippet:-1","max-image-preview":"max-image-preview:large","max-video-preview":"max-video-preview:-1"},"canonical":"https:\/\/www.visit-ulcinj.com\/blog\/2012\/11\/09\/abazoviq-zgjedhja-e-gjukanoviqit-hap-mbrapa-per-demokracine\/","og_locale":"en_US","og_type":"article","og_title":"Abazoviq: Zgjedhja e Gjukanoviqit hap mbrapa p\u00ebr demokracin\u00eb - Lajme nga Ulqini","og_description":"Zgjedhja e kryetarit t\u00eb Partis\u00eb Demokratike Socialiste PDS, Millo Gjukanoviq, p\u00ebr mandatar t\u00eb Qeveris\u00eb s\u00eb re \u00ebsht\u00eb hap mbrapa p\u00ebr demokracin\u00eb dhe tregon","og_url":"https:\/\/www.visit-ulcinj.com\/blog\/2012\/11\/09\/abazoviq-zgjedhja-e-gjukanoviqit-hap-mbrapa-per-demokracine\/","og_site_name":"Lajme nga Ulqini","article_published_time":"2012-11-09T19:47:01+00:00","article_modified_time":"2012-11-10T18:58:11+00:00","og_image":[{"url":"http:\/\/www.visit-ulcinj.com\/blog\/wp-content\/uploads\/2012\/11\/Dritan-Abazoviq.jpg"}],"twitter_misc":{"Written by":"ulqini","Est. reading time":"1 minute"},"schema":{"@context":"https:\/\/schema.org","@graph":[{"@type":"WebSite","@id":"https:\/\/www.visit-ulcinj.com\/blog\/#website","url":"https:\/\/www.visit-ulcinj.com\/blog\/","name":"Lajme nga Ulqini","description":"Lajme,Vijesti,Ulqini,Ulqin,Crna Gora,Mali i Zi","potentialAction":[{"@type":"SearchAction","target":{"@type":"EntryPoint","urlTemplate":"https:\/\/www.visit-ulcinj.com\/blog\/?s={search_term_string}"},"query-input":"required name=search_term_string"}],"inLanguage":"en-US"},{"@type":"ImageObject","inLanguage":"en-US","@id":"https:\/\/www.visit-ulcinj.com\/blog\/2012\/11\/09\/abazoviq-zgjedhja-e-gjukanoviqit-hap-mbrapa-per-demokracine\/#primaryimage","url":"https:\/\/www.visit-ulcinj.com\/blog\/wp-content\/uploads\/2012\/11\/Dritan-Abazoviq.jpg","contentUrl":"https:\/\/www.visit-ulcinj.com\/blog\/wp-content\/uploads\/2012\/11\/Dritan-Abazoviq.jpg","width":"778","height":"511"},{"@type":"WebPage","@id":"https:\/\/www.visit-ulcinj.com\/blog\/2012\/11\/09\/abazoviq-zgjedhja-e-gjukanoviqit-hap-mbrapa-per-demokracine\/#webpage","url":"https:\/\/www.visit-ulcinj.com\/blog\/2012\/11\/09\/abazoviq-zgjedhja-e-gjukanoviqit-hap-mbrapa-per-demokracine\/","name":"Abazoviq: Zgjedhja e Gjukanoviqit hap mbrapa p\u00ebr demokracin\u00eb - Lajme nga Ulqini","isPartOf":{"@id":"https:\/\/www.visit-ulcinj.com\/blog\/#website"},"primaryImageOfPage":{"@id":"https:\/\/www.visit-ulcinj.com\/blog\/2012\/11\/09\/abazoviq-zgjedhja-e-gjukanoviqit-hap-mbrapa-per-demokracine\/#primaryimage"},"datePublished":"2012-11-09T19:47:01+00:00","dateModified":"2012-11-10T18:58:11+00:00","author":{"@id":"https:\/\/www.visit-ulcinj.com\/blog\/#\/schema\/person\/dcab619c614d3038751c63bc2aadc06d"},"description":"Zgjedhja e kryetarit t\u00eb Partis\u00eb Demokratike Socialiste PDS, Millo Gjukanoviq, p\u00ebr mandatar t\u00eb Qeveris\u00eb s\u00eb re \u00ebsht\u00eb hap mbrapa p\u00ebr demokracin\u00eb dhe tregon","breadcrumb":{"@id":"https:\/\/www.visit-ulcinj.com\/blog\/2012\/11\/09\/abazoviq-zgjedhja-e-gjukanoviqit-hap-mbrapa-per-demokracine\/#breadcrumb"},"inLanguage":"en-US","potentialAction":[{"@type":"ReadAction","target":["https:\/\/www.visit-ulcinj.com\/blog\/2012\/11\/09\/abazoviq-zgjedhja-e-gjukanoviqit-hap-mbrapa-per-demokracine\/"]}]},{"@type":"BreadcrumbList","@id":"https:\/\/www.visit-ulcinj.com\/blog\/2012\/11\/09\/abazoviq-zgjedhja-e-gjukanoviqit-hap-mbrapa-per-demokracine\/#breadcrumb","itemListElement":[{"@type":"ListItem","position":1,"name":"Abazoviq: Zgjedhja e Gjukanoviqit hap mbrapa p\u00ebr demokracin\u00eb"}]},{"@type":"Person","@id":"https:\/\/www.visit-ulcinj.com\/blog\/#\/schema\/person\/dcab619c614d3038751c63bc2aadc06d","name":"ulqini","sameAs":["http:\/\/www.visit-ulcinj.com"],"url":"https:\/\/www.visit-ulcinj.com\/blog\/author\/admin\/"}]}},"jetpack_featured_media_url":"","jetpack_sharing_enabled":true,"jetpack_shortlink":"https:\/\/wp.me\/pe6lTn-h3w","_links":{"self":[{"href":"https:\/\/www.visit-ulcinj.com\/blog\/wp-json\/wp\/v2\/posts\/65566"}],"collection":[{"href":"https:\/\/www.visit-ulcinj.com\/blog\/wp-json\/wp\/v2\/posts"}],"about":[{"href":"https:\/\/www.visit-ulcinj.com\/blog\/wp-json\/wp\/v2\/types\/post"}],"author":[{"embeddable":true,"href":"https:\/\/www.visit-ulcinj.com\/blog\/wp-json\/wp\/v2\/users\/1"}],"replies":[{"embeddable":true,"href":"https:\/\/www.visit-ulcinj.com\/blog\/wp-json\/wp\/v2\/comments?post=65566"}],"version-history":[{"count":4,"href":"https:\/\/www.visit-ulcinj.com\/blog\/wp-json\/wp\/v2\/posts\/65566\/revisions"}],"predecessor-version":[{"id":65593,"href":"https:\/\/www.visit-ulcinj.com\/blog\/wp-json\/wp\/v2\/posts\/65566\/revisions\/65593"}],"wp:attachment":[{"href":"https:\/\/www.visit-ulcinj.com\/blog\/wp-json\/wp\/v2\/media?parent=65566"}],"wp:term":[{"taxonomy":"category","embeddable":true,"href":"https:\/\/www.visit-ulcinj.com\/blog\/wp-json\/wp\/v2\/categories?post=65566"},{"taxonomy":"post_tag","embeddable":true,"href":"https:\/\/www.visit-ulcinj.com\/blog\/wp-json\/wp\/v2\/tags?post=65566"}],"curies":[{"name":"wp","href":"https:\/\/api.w.org\/{rel}","templated":true}]}}