{"id":6557,"date":"2008-11-23T14:59:26","date_gmt":"2008-11-23T19:59:26","guid":{"rendered":"http:\/\/www.visit-ulcinj.com\/blog\/?p=6557"},"modified":"2008-11-23T14:59:26","modified_gmt":"2008-11-23T19:59:26","slug":"behrami-shenon-golin-e-pare-ne-premierlige","status":"publish","type":"post","link":"https:\/\/www.visit-ulcinj.com\/blog\/2008\/11\/23\/behrami-shenon-golin-e-pare-ne-premierlige\/","title":{"rendered":"Behrami sh\u00ebnon golin e par\u00eb n\u00eb Premierlig\u00eb"},"content":{"rendered":"<p><a href=\"http:\/\/www.visit-ulcinj.com\/blog\/wp-content\/uploads\/2008\/11\/valon-behrami.jpg\"><img loading=\"lazy\" class=\"alignleft size-medium wp-image-6558\" title=\"valon-behrami\" src=\"http:\/\/www.visit-ulcinj.com\/blog\/wp-content\/uploads\/2008\/11\/valon-behrami-300x225.jpg\" alt=\"\" width=\"400\" height=\"299\" srcset=\"https:\/\/www.visit-ulcinj.com\/blog\/wp-content\/uploads\/2008\/11\/valon-behrami-300x225.jpg 300w, https:\/\/www.visit-ulcinj.com\/blog\/wp-content\/uploads\/2008\/11\/valon-behrami.jpg 480w\" sizes=\"(max-width: 400px) 100vw, 400px\" \/><\/a>Valon Behrami ia siguroi fitoren skuadr\u00ebs s\u00eb tij West Ham, e cila si mysafire e mposhti Sunderlandin me rezultat minimal 0:1. Tri pik\u00eb mjaft t\u00eb vlefshme ekipit t\u00eb drejtuar nga italiani Zola, kosovari ia siguroi me golin e realizuar n\u00eb minut\u00ebn e 20-t\u00eb t\u00eb takimit. Madje, Behrami ka pasur rast t\u00eb mir\u00eb ta shtoj\u00eb ep\u00ebrsin\u00eb n\u00eb fund t\u00eb pjes\u00ebs s\u00eb par\u00eb, por goditja e tij goditi transversalen.<\/p>\n<p>Ky \u00ebsht\u00eb goli i par\u00eb i kosovarit me pasaport\u00eb zvicerane n\u00eb fanell\u00ebn e West Hamit, q\u00eb prej transferimit t\u00eb tij gjat\u00eb afatit kalimtar t\u00eb ver\u00ebs nga ekipi italian Lazio.<\/p>\n<p>Nuhiu sh\u00ebnon n\u00eb fitore<\/p>\n<p>Kosovari Atdhe Nuhiu ka sh\u00ebnuar gol n\u00eb fitoren e ekipit t\u00eb tij, Austria Karnten, e cila fitoi si mysafire e LASK Linz me rezultat 0:2. Sulmuesi shtatlart\u00eb n\u00eb minut\u00ebn e 27 ka kaluar ekipin e tij n\u00eb ep\u00ebrsi 0:1, derisa tre minuta pa p\u00ebrfunduar pjesa e par\u00eb, Sobrinho ka shtuar ep\u00ebrsin\u00eb n\u00eb 0:2. Ky \u00ebsht\u00eb goli i dyt\u00eb i prishtinasit n\u00eb fanell\u00ebn e Austria Karntenit, q\u00eb prej transferimit t\u00eb tij nga FC Wels. Me k\u00ebt\u00eb fitore, ekipi i 19-vje\u00e7arit z\u00eb pozit\u00ebn e pest\u00eb n\u00eb Bundeslig\u00ebn austriake me 29 pik\u00eb t\u00eb tubuara.<\/p>\n<p><strong>Gjasula realizon kund\u00ebr Ram\u00ebs<\/strong><\/p>\n<p>Jurgen Gjasula ka sh\u00ebnuar gol n\u00eb fitoren e thell\u00eb t\u00eb Baselit, e cila si mysafire mposhti (0:4) Thunin e Miliam Ram\u00ebs n\u00eb kuad\u00ebr t\u00eb kup\u00ebs s\u00eb Zvicr\u00ebs. Mesfushori shqiptar, i cili n\u00eb k\u00ebt\u00eb takim u inkuadrua tet\u00eb minuta pa p\u00ebrfunduar ndeshja, realizoi golin e kat\u00ebrt p\u00ebr kampion\u00ebt zviceran\u00eb n\u00eb minutat shtes\u00eb. N\u00eb Minut\u00ebn e 65-t\u00eb p\u00ebr Baselin \u00ebsht\u00eb inkuadruar edhe sulmuesi me prejardhje nga Kumanova, Orhan Mustafi, derisa mbrojt\u00ebsi kosovar, Beg Ferat ka luajtur 90 minuta. Nd\u00ebrsa p\u00ebr Thunin titullar ishte edhe Milaim Rama.<\/p>\n<p><strong>Selimi, gol n\u00eb humbje<\/strong><\/p>\n<p>Sulmuesi shqiptar, Nexhmedin Selimi ka sh\u00ebnuar gol p\u00ebr ekipin e tij, Primorje, e cila u mposht n\u00eb sht\u00ebpi nga Nova Gorica me rezultat 1:3. 24-vje\u00e7ari ka realizuar gol n\u00eb minut\u00ebn e fundit t\u00eb ndeshjes p\u00ebr ta zbutur ep\u00ebrsin\u00eb e mysafir\u00ebve n\u00eb 1:3. Goli i sh\u00ebnuar t\u00eb diel\u00ebn \u00ebsht\u00eb i teti n\u00eb kampionatin slloven p\u00ebr shqiptarin me pasaport\u00eb zvicerane.<br \/>\n<strong>Gazeta Express<\/strong><\/p>\n<!--YouTube Error: bad URL entered-->\n","protected":false},"excerpt":{"rendered":"<p>Valon Behrami ia siguroi fitoren skuadr\u00ebs s\u00eb tij West Ham, e cila si mysafire e mposhti Sunderlandin me rezultat minimal 0:1. Tri pik\u00eb mjaft t\u00eb vlefshme ekipit t\u00eb drejtuar nga italiani Zola, kosovari ia siguroi me golin e realizuar n\u00eb minut\u00ebn e 20-t\u00eb t\u00eb takimit. Madje, Behrami ka pasur rast t\u00eb mir\u00eb ta shtoj\u00eb ep\u00ebrsin\u00eb [&hellip;]<\/p>\n","protected":false},"author":1,"featured_media":0,"comment_status":"open","ping_status":"closed","sticky":false,"template":"","format":"standard","meta":{"spay_email":"","jetpack_publicize_message":"","jetpack_is_tweetstorm":false,"jetpack_publicize_feature_enabled":true},"categories":[3],"tags":[5129],"jetpack_publicize_connections":[],"yoast_head":"<!-- This site is optimized with the Yoast SEO plugin v19.1 - https:\/\/yoast.com\/wordpress\/plugins\/seo\/ -->\n<title>Behrami sh\u00ebnon golin e par\u00eb n\u00eb Premierlig\u00eb - Lajme nga Ulqini<\/title>\n<meta name=\"description\" content=\"Valon Behrami ia siguroi fitoren skuadr\u00ebs s\u00eb tij West Ham, e cila si mysafire e mposhti Sunderlandin me rezultat minimal 0:1. Tri pik\u00eb mjaft t\u00eb vlefshme\" \/>\n<meta name=\"robots\" content=\"index, follow, max-snippet:-1, max-image-preview:large, max-video-preview:-1\" \/>\n<link rel=\"canonical\" href=\"https:\/\/www.visit-ulcinj.com\/blog\/2008\/11\/23\/behrami-shenon-golin-e-pare-ne-premierlige\/\" \/>\n<meta property=\"og:locale\" content=\"en_US\" \/>\n<meta property=\"og:type\" content=\"article\" \/>\n<meta property=\"og:title\" content=\"Behrami sh\u00ebnon golin e par\u00eb n\u00eb Premierlig\u00eb - Lajme nga Ulqini\" \/>\n<meta property=\"og:description\" content=\"Valon Behrami ia siguroi fitoren skuadr\u00ebs s\u00eb tij West Ham, e cila si mysafire e mposhti Sunderlandin me rezultat minimal 0:1. Tri pik\u00eb mjaft t\u00eb vlefshme\" \/>\n<meta property=\"og:url\" content=\"https:\/\/www.visit-ulcinj.com\/blog\/2008\/11\/23\/behrami-shenon-golin-e-pare-ne-premierlige\/\" \/>\n<meta property=\"og:site_name\" content=\"Lajme nga Ulqini\" \/>\n<meta property=\"article:published_time\" content=\"2008-11-23T19:59:26+00:00\" \/>\n<meta property=\"og:image\" content=\"http:\/\/www.visit-ulcinj.com\/blog\/wp-content\/uploads\/2008\/11\/valon-behrami-300x225.jpg\" \/>\n<meta name=\"twitter:label1\" content=\"Written by\" \/>\n\t<meta name=\"twitter:data1\" content=\"ulqini\" \/>\n\t<meta name=\"twitter:label2\" content=\"Est. reading time\" \/>\n\t<meta name=\"twitter:data2\" content=\"2 minutes\" \/>\n<script type=\"application\/ld+json\" class=\"yoast-schema-graph\">{\"@context\":\"https:\/\/schema.org\",\"@graph\":[{\"@type\":\"WebSite\",\"@id\":\"https:\/\/www.visit-ulcinj.com\/blog\/#website\",\"url\":\"https:\/\/www.visit-ulcinj.com\/blog\/\",\"name\":\"Lajme nga Ulqini\",\"description\":\"Lajme,Vijesti,Ulqini,Ulqin,Crna Gora,Mali i Zi\",\"potentialAction\":[{\"@type\":\"SearchAction\",\"target\":{\"@type\":\"EntryPoint\",\"urlTemplate\":\"https:\/\/www.visit-ulcinj.com\/blog\/?s={search_term_string}\"},\"query-input\":\"required name=search_term_string\"}],\"inLanguage\":\"en-US\"},{\"@type\":\"ImageObject\",\"inLanguage\":\"en-US\",\"@id\":\"https:\/\/www.visit-ulcinj.com\/blog\/2008\/11\/23\/behrami-shenon-golin-e-pare-ne-premierlige\/#primaryimage\",\"url\":\"http:\/\/www.visit-ulcinj.com\/blog\/wp-content\/uploads\/2008\/11\/valon-behrami-300x225.jpg\",\"contentUrl\":\"http:\/\/www.visit-ulcinj.com\/blog\/wp-content\/uploads\/2008\/11\/valon-behrami-300x225.jpg\"},{\"@type\":\"WebPage\",\"@id\":\"https:\/\/www.visit-ulcinj.com\/blog\/2008\/11\/23\/behrami-shenon-golin-e-pare-ne-premierlige\/#webpage\",\"url\":\"https:\/\/www.visit-ulcinj.com\/blog\/2008\/11\/23\/behrami-shenon-golin-e-pare-ne-premierlige\/\",\"name\":\"Behrami sh\u00ebnon golin e par\u00eb n\u00eb Premierlig\u00eb - Lajme nga Ulqini\",\"isPartOf\":{\"@id\":\"https:\/\/www.visit-ulcinj.com\/blog\/#website\"},\"primaryImageOfPage\":{\"@id\":\"https:\/\/www.visit-ulcinj.com\/blog\/2008\/11\/23\/behrami-shenon-golin-e-pare-ne-premierlige\/#primaryimage\"},\"datePublished\":\"2008-11-23T19:59:26+00:00\",\"dateModified\":\"2008-11-23T19:59:26+00:00\",\"author\":{\"@id\":\"https:\/\/www.visit-ulcinj.com\/blog\/#\/schema\/person\/dcab619c614d3038751c63bc2aadc06d\"},\"description\":\"Valon Behrami ia siguroi fitoren skuadr\u00ebs s\u00eb tij West Ham, e cila si mysafire e mposhti Sunderlandin me rezultat minimal 0:1. Tri pik\u00eb mjaft t\u00eb vlefshme\",\"breadcrumb\":{\"@id\":\"https:\/\/www.visit-ulcinj.com\/blog\/2008\/11\/23\/behrami-shenon-golin-e-pare-ne-premierlige\/#breadcrumb\"},\"inLanguage\":\"en-US\",\"potentialAction\":[{\"@type\":\"ReadAction\",\"target\":[\"https:\/\/www.visit-ulcinj.com\/blog\/2008\/11\/23\/behrami-shenon-golin-e-pare-ne-premierlige\/\"]}]},{\"@type\":\"BreadcrumbList\",\"@id\":\"https:\/\/www.visit-ulcinj.com\/blog\/2008\/11\/23\/behrami-shenon-golin-e-pare-ne-premierlige\/#breadcrumb\",\"itemListElement\":[{\"@type\":\"ListItem\",\"position\":1,\"name\":\"Behrami sh\u00ebnon golin e par\u00eb n\u00eb Premierlig\u00eb\"}]},{\"@type\":\"Person\",\"@id\":\"https:\/\/www.visit-ulcinj.com\/blog\/#\/schema\/person\/dcab619c614d3038751c63bc2aadc06d\",\"name\":\"ulqini\",\"sameAs\":[\"http:\/\/www.visit-ulcinj.com\"],\"url\":\"https:\/\/www.visit-ulcinj.com\/blog\/author\/admin\/\"}]}<\/script>\n<!-- \/ Yoast SEO plugin. -->","yoast_head_json":{"title":"Behrami sh\u00ebnon golin e par\u00eb n\u00eb Premierlig\u00eb - Lajme nga Ulqini","description":"Valon Behrami ia siguroi fitoren skuadr\u00ebs s\u00eb tij West Ham, e cila si mysafire e mposhti Sunderlandin me rezultat minimal 0:1. Tri pik\u00eb mjaft t\u00eb vlefshme","robots":{"index":"index","follow":"follow","max-snippet":"max-snippet:-1","max-image-preview":"max-image-preview:large","max-video-preview":"max-video-preview:-1"},"canonical":"https:\/\/www.visit-ulcinj.com\/blog\/2008\/11\/23\/behrami-shenon-golin-e-pare-ne-premierlige\/","og_locale":"en_US","og_type":"article","og_title":"Behrami sh\u00ebnon golin e par\u00eb n\u00eb Premierlig\u00eb - Lajme nga Ulqini","og_description":"Valon Behrami ia siguroi fitoren skuadr\u00ebs s\u00eb tij West Ham, e cila si mysafire e mposhti Sunderlandin me rezultat minimal 0:1. Tri pik\u00eb mjaft t\u00eb vlefshme","og_url":"https:\/\/www.visit-ulcinj.com\/blog\/2008\/11\/23\/behrami-shenon-golin-e-pare-ne-premierlige\/","og_site_name":"Lajme nga Ulqini","article_published_time":"2008-11-23T19:59:26+00:00","og_image":[{"url":"http:\/\/www.visit-ulcinj.com\/blog\/wp-content\/uploads\/2008\/11\/valon-behrami-300x225.jpg"}],"twitter_misc":{"Written by":"ulqini","Est. reading time":"2 minutes"},"schema":{"@context":"https:\/\/schema.org","@graph":[{"@type":"WebSite","@id":"https:\/\/www.visit-ulcinj.com\/blog\/#website","url":"https:\/\/www.visit-ulcinj.com\/blog\/","name":"Lajme nga Ulqini","description":"Lajme,Vijesti,Ulqini,Ulqin,Crna Gora,Mali i Zi","potentialAction":[{"@type":"SearchAction","target":{"@type":"EntryPoint","urlTemplate":"https:\/\/www.visit-ulcinj.com\/blog\/?s={search_term_string}"},"query-input":"required name=search_term_string"}],"inLanguage":"en-US"},{"@type":"ImageObject","inLanguage":"en-US","@id":"https:\/\/www.visit-ulcinj.com\/blog\/2008\/11\/23\/behrami-shenon-golin-e-pare-ne-premierlige\/#primaryimage","url":"http:\/\/www.visit-ulcinj.com\/blog\/wp-content\/uploads\/2008\/11\/valon-behrami-300x225.jpg","contentUrl":"http:\/\/www.visit-ulcinj.com\/blog\/wp-content\/uploads\/2008\/11\/valon-behrami-300x225.jpg"},{"@type":"WebPage","@id":"https:\/\/www.visit-ulcinj.com\/blog\/2008\/11\/23\/behrami-shenon-golin-e-pare-ne-premierlige\/#webpage","url":"https:\/\/www.visit-ulcinj.com\/blog\/2008\/11\/23\/behrami-shenon-golin-e-pare-ne-premierlige\/","name":"Behrami sh\u00ebnon golin e par\u00eb n\u00eb Premierlig\u00eb - Lajme nga Ulqini","isPartOf":{"@id":"https:\/\/www.visit-ulcinj.com\/blog\/#website"},"primaryImageOfPage":{"@id":"https:\/\/www.visit-ulcinj.com\/blog\/2008\/11\/23\/behrami-shenon-golin-e-pare-ne-premierlige\/#primaryimage"},"datePublished":"2008-11-23T19:59:26+00:00","dateModified":"2008-11-23T19:59:26+00:00","author":{"@id":"https:\/\/www.visit-ulcinj.com\/blog\/#\/schema\/person\/dcab619c614d3038751c63bc2aadc06d"},"description":"Valon Behrami ia siguroi fitoren skuadr\u00ebs s\u00eb tij West Ham, e cila si mysafire e mposhti Sunderlandin me rezultat minimal 0:1. Tri pik\u00eb mjaft t\u00eb vlefshme","breadcrumb":{"@id":"https:\/\/www.visit-ulcinj.com\/blog\/2008\/11\/23\/behrami-shenon-golin-e-pare-ne-premierlige\/#breadcrumb"},"inLanguage":"en-US","potentialAction":[{"@type":"ReadAction","target":["https:\/\/www.visit-ulcinj.com\/blog\/2008\/11\/23\/behrami-shenon-golin-e-pare-ne-premierlige\/"]}]},{"@type":"BreadcrumbList","@id":"https:\/\/www.visit-ulcinj.com\/blog\/2008\/11\/23\/behrami-shenon-golin-e-pare-ne-premierlige\/#breadcrumb","itemListElement":[{"@type":"ListItem","position":1,"name":"Behrami sh\u00ebnon golin e par\u00eb n\u00eb Premierlig\u00eb"}]},{"@type":"Person","@id":"https:\/\/www.visit-ulcinj.com\/blog\/#\/schema\/person\/dcab619c614d3038751c63bc2aadc06d","name":"ulqini","sameAs":["http:\/\/www.visit-ulcinj.com"],"url":"https:\/\/www.visit-ulcinj.com\/blog\/author\/admin\/"}]}},"jetpack_featured_media_url":"","jetpack_sharing_enabled":true,"jetpack_shortlink":"https:\/\/wp.me\/pe6lTn-1HL","_links":{"self":[{"href":"https:\/\/www.visit-ulcinj.com\/blog\/wp-json\/wp\/v2\/posts\/6557"}],"collection":[{"href":"https:\/\/www.visit-ulcinj.com\/blog\/wp-json\/wp\/v2\/posts"}],"about":[{"href":"https:\/\/www.visit-ulcinj.com\/blog\/wp-json\/wp\/v2\/types\/post"}],"author":[{"embeddable":true,"href":"https:\/\/www.visit-ulcinj.com\/blog\/wp-json\/wp\/v2\/users\/1"}],"replies":[{"embeddable":true,"href":"https:\/\/www.visit-ulcinj.com\/blog\/wp-json\/wp\/v2\/comments?post=6557"}],"version-history":[{"count":0,"href":"https:\/\/www.visit-ulcinj.com\/blog\/wp-json\/wp\/v2\/posts\/6557\/revisions"}],"wp:attachment":[{"href":"https:\/\/www.visit-ulcinj.com\/blog\/wp-json\/wp\/v2\/media?parent=6557"}],"wp:term":[{"taxonomy":"category","embeddable":true,"href":"https:\/\/www.visit-ulcinj.com\/blog\/wp-json\/wp\/v2\/categories?post=6557"},{"taxonomy":"post_tag","embeddable":true,"href":"https:\/\/www.visit-ulcinj.com\/blog\/wp-json\/wp\/v2\/tags?post=6557"}],"curies":[{"name":"wp","href":"https:\/\/api.w.org\/{rel}","templated":true}]}}